{"id":3228,"date":"2020-05-22T11:29:32","date_gmt":"2020-05-22T11:29:32","guid":{"rendered":"https:\/\/www.inforesidencias.com\/blog\/?p=3228"},"modified":"2020-05-22T13:43:29","modified_gmt":"2020-05-22T13:43:29","slug":"los-datos-sobre-muertes-en-residencias-tan-dificil-es-hacer-el-calculo","status":"publish","type":"post","link":"https:\/\/www.inforesidencias.com\/blog\/index.php\/2020\/05\/22\/los-datos-sobre-muertes-en-residencias-tan-dificil-es-hacer-el-calculo\/","title":{"rendered":"LOS DATOS SOBRE MUERTES EN RESIDENCIAS. \u00bfTAN DIF\u00cdCIL ES HACER EL C\u00c1LCULO?"},"content":{"rendered":"<p>Mientras nuestros gobernantes claman al cielo por lo que ha pasado en las residencias de mayores durante la pandemia, culp\u00e1ndolas del resultado y diciendo que hay que cambiarlo\u00a0el sistema y hacer todo \u00abm\u00e1s p\u00fablico\u00bb y \u00abm\u00e1s sanitario\u00bb.\u00a0 Todav\u00eda, nadie que no est\u00e9 en la c\u00fapula donde se maneja informaci\u00f3n secreta, sabe exactamente cu\u00e1ntos ciudadanos mayores han fallecido en centros residenciales geri\u00e1tricos.<\/p>\n<p>La tragedia humana es may\u00fascula. Los \u00faltimos d\u00edas celebramos como un \u00e9xito que mueran menos de 100 \u00f3 80 personas como si olvid\u00e1semos que detr\u00e1s de cada unidad hay una persona, una vida, unas ilusiones y un proyecto roto.\u00a0 Me declaro defensor de la filosof\u00eda de la Atenci\u00f3n Centrada en la Persona por lo que creo que aunque seas muy mayor y seas muy dependiente tu vida, tu existencia y tus expectativas y deseos tienen valor.\u00a0 Por eso, el hecho de que muchos fallecimientos hayan sido de personas de m\u00e1s de 85 a\u00f1os no quita peso a la tragedia.\u00a0 Como sociedad tenemos que intentar que prepararnos para afrontar la pr\u00f3xima pandemia, y para hacerlo, necesitamos saber exactamente qu\u00e9 ha sucedido, qu\u00e9 factores han influido y cu\u00e1les no. Ver en qu\u00e9 medida lo han hecho y qu\u00e9 deber\u00eda ser diferente.<\/p>\n<p>Hay quien me dice que al decir que las residencias no han fallado estoy restando dramatismo y me convierto en conformista.\u00a0 Siento que la gente piense as\u00ed, pero es lo que creo.\u00a0 Todav\u00eda (22 de mayo de 2020) no tenemos datos fiables e, incluso dir\u00eda que los datos de que disponemos son cada vez m\u00e1s confusos.<\/p>\n<p>\u00bfC\u00f3mo vamos a plantear que hay que cambiar el modelo de las residencias y quiz\u00e1s cerrar una buena parte de las existentes si llevamos semanas pensando que se han producido en \u00e9stas el <a href=\"https:\/\/www.rtve.es\/noticias\/20200522\/radiografia-del-coronavirus-residencias-ancianos-espana\/2011609.shtml\">66% de los fallecimientos totales<\/a> y hoy aparece una informaci\u00f3n que sit\u00faa ese porcentaje en <a href=\"https:\/\/ltccovid.org\/2020\/05\/22\/number-of-deaths-of-care-home-residents-and-the-covid-19-pandemic-growing-international-evidence\/\">un punto indefinido entre el 30% y el 83%?<\/a><\/p>\n<p><a href=\"https:\/\/www.inforesidencias.com\/blog\/wp-content\/uploads\/2020\/05\/Captura-de-pantalla-2020-05-22-a-las-13.09.22.png\"><img decoding=\"async\" loading=\"lazy\" class=\"alignleft size-full wp-image-3229\" src=\"https:\/\/www.inforesidencias.com\/blog\/wp-content\/uploads\/2020\/05\/Captura-de-pantalla-2020-05-22-a-las-13.09.22.png\" alt=\"Datos fallecimientos por coronavirus covid 19 en residencias de ancianos\" width=\"1180\" height=\"1274\" \/><\/a><\/p>\n<p>&nbsp;<\/p>\n<p>Para m\u00ed estos son datos de verg\u00fcenza.\u00a0 No por los resultados en s\u00ed, sino por el hecho de que una web amparada por el prestigioso London School of Economics, durante semanas no hab\u00eda publicado datos de Espa\u00f1a porque, seg\u00fan dec\u00edan el 3 de mayo: \u201cHa habido un gran n\u00famero de muertes en hogares de cuidado en Italia, Espa\u00f1a, el Reino Unido y los Estados Unidos, pero los datos oficiales de estos pa\u00edses son incompletos o dif\u00edciles de interpretar\u201d.<\/p>\n<p>Ahora que finalmente consideran que los datos ya son m\u00e1s completos y f\u00e1ciles de interpretar nos dicen que el porcentaje de fallecimientos confirmados alcanza el 30%, o sea unos 9.642.\u00a0 Pero hay casi 17.000 que son \u00abprobables\u00bb por lo que, si se sumasen, alacanzar\u00eda el 83%.<\/p>\n<p>\u00a1Por favor!\u00a0 \u00bfPodr\u00edamos tener datos como los de los otros paises?\u00a0 As\u00ed pord\u00edamos saber qu\u00e9 narices ha pasado de verdad m\u00e1s all\u00e1 de la terrible tragedia humana.<\/p>\n","protected":false},"excerpt":{"rendered":"<p>Mientras nuestros gobernantes claman al cielo por lo que ha pasado en las residencias de mayores durante la pandemia, culp\u00e1ndolas del resultado y diciendo que hay que cambiarlo\u00a0el sistema y hacer todo \u00abm\u00e1s p\u00fablico\u00bb y \u00abm\u00e1s sanitario\u00bb.\u00a0 Todav\u00eda, nadie que no est\u00e9 en la c\u00fapula donde se maneja informaci\u00f3n secreta, sabe exactamente cu\u00e1ntos ciudadanos mayores han fallecido en centros residenciales geri\u00e1tricos. La tragedia humana es may\u00fascula. Los \u00faltimos d\u00edas celebramos como un \u00e9xito que mueran menos de 100 \u00f3 80 personas como si olvid\u00e1semos que detr\u00e1s de cada unidad hay una persona, una vida, unas ilusiones y un proyecto roto.\u00a0 Me declaro defensor de la filosof\u00eda de la Atenci\u00f3n Centrada en la Persona por lo que creo que aunque seas muy mayor y seas muy dependiente tu vida, tu existencia y tus expectativas y deseos tienen valor.\u00a0 Por eso, el hecho de que muchos fallecimientos hayan sido de personas de [&hellip;]<\/p>\n","protected":false},"author":2,"featured_media":3229,"comment_status":"open","ping_status":"open","sticky":false,"template":"","format":"standard","meta":{"footnotes":""},"categories":[91,5],"tags":[],"yoast_head":"<!-- This site is optimized with the Yoast SEO plugin v21.7 - https:\/\/yoast.com\/wordpress\/plugins\/seo\/ -->\n<title>LOS DATOS SOBRE MUERTES EN RESIDENCIAS. \u00bfTAN DIF\u00cdCIL ES HACER EL C\u00c1LCULO? - Blog Inforesidencias.com<\/title>\n<meta name=\"description\" content=\"El n\u00famero de muertes en residencias de ancianos durante la pandemia parece mantenerse en secreto. Hasta ahora nadie lo sabe exactamente. Bailan los n\u00fameros\" \/>\n<meta name=\"robots\" content=\"index, follow, max-snippet:-1, max-image-preview:large, max-video-preview:-1\" \/>\n<link rel=\"canonical\" href=\"https:\/\/www.inforesidencias.com\/blog\/index.php\/2020\/05\/22\/los-datos-sobre-muertes-en-residencias-tan-dificil-es-hacer-el-calculo\/\" \/>\n<meta property=\"og:locale\" content=\"es_ES\" \/>\n<meta property=\"og:type\" content=\"article\" \/>\n<meta property=\"og:title\" content=\"LOS DATOS SOBRE MUERTES EN RESIDENCIAS. \u00bfTAN DIF\u00cdCIL ES HACER EL C\u00c1LCULO? - Blog Inforesidencias.com\" \/>\n<meta property=\"og:description\" content=\"El n\u00famero de muertes en residencias de ancianos durante la pandemia parece mantenerse en secreto. Hasta ahora nadie lo sabe exactamente. Bailan los n\u00fameros\" \/>\n<meta property=\"og:url\" content=\"https:\/\/www.inforesidencias.com\/blog\/index.php\/2020\/05\/22\/los-datos-sobre-muertes-en-residencias-tan-dificil-es-hacer-el-calculo\/\" \/>\n<meta property=\"og:site_name\" content=\"Blog Inforesidencias.com\" \/>\n<meta property=\"article:publisher\" content=\"https:\/\/www.facebook.com\/Inforesidencias\/\" \/>\n<meta property=\"article:author\" content=\"https:\/\/www.facebook.com\/josep.demarti\" \/>\n<meta property=\"article:published_time\" content=\"2020-05-22T11:29:32+00:00\" \/>\n<meta property=\"article:modified_time\" content=\"2020-05-22T13:43:29+00:00\" \/>\n<meta property=\"og:image\" content=\"https:\/\/www.inforesidencias.com\/blog\/wp-content\/uploads\/2020\/05\/Captura-de-pantalla-2020-05-22-a-las-13.09.22.png\" \/>\n\t<meta property=\"og:image:width\" content=\"1180\" \/>\n\t<meta property=\"og:image:height\" content=\"1274\" \/>\n\t<meta property=\"og:image:type\" content=\"image\/png\" \/>\n<meta name=\"author\" content=\"Josep de Mart\u00ed\" \/>\n<meta name=\"twitter:card\" content=\"summary_large_image\" \/>\n<meta name=\"twitter:creator\" content=\"@blog-ir\" \/>\n<meta name=\"twitter:site\" content=\"@inforesidencias\" \/>\n<meta name=\"twitter:label1\" content=\"Escrito por\" \/>\n\t<meta name=\"twitter:data1\" content=\"Josep de Mart\u00ed\" \/>\n\t<meta name=\"twitter:label2\" content=\"Tiempo de lectura\" \/>\n\t<meta name=\"twitter:data2\" content=\"2 minutos\" \/>\n<script type=\"application\/ld+json\" class=\"yoast-schema-graph\">{\"@context\":\"https:\/\/schema.org\",\"@graph\":[{\"@type\":\"WebPage\",\"@id\":\"https:\/\/www.inforesidencias.com\/blog\/index.php\/2020\/05\/22\/los-datos-sobre-muertes-en-residencias-tan-dificil-es-hacer-el-calculo\/\",\"url\":\"https:\/\/www.inforesidencias.com\/blog\/index.php\/2020\/05\/22\/los-datos-sobre-muertes-en-residencias-tan-dificil-es-hacer-el-calculo\/\",\"name\":\"LOS DATOS SOBRE MUERTES EN RESIDENCIAS. \u00bfTAN DIF\u00cdCIL ES HACER EL C\u00c1LCULO? - Blog Inforesidencias.com\",\"isPartOf\":{\"@id\":\"https:\/\/www.inforesidencias.com\/blog\/#website\"},\"datePublished\":\"2020-05-22T11:29:32+00:00\",\"dateModified\":\"2020-05-22T13:43:29+00:00\",\"author\":{\"@id\":\"https:\/\/www.inforesidencias.com\/blog\/#\/schema\/person\/9e146774d1eb3bc1c0316242a3898628\"},\"description\":\"El n\u00famero de muertes en residencias de ancianos durante la pandemia parece mantenerse en secreto. Hasta ahora nadie lo sabe exactamente. Bailan los n\u00fameros\",\"breadcrumb\":{\"@id\":\"https:\/\/www.inforesidencias.com\/blog\/index.php\/2020\/05\/22\/los-datos-sobre-muertes-en-residencias-tan-dificil-es-hacer-el-calculo\/#breadcrumb\"},\"inLanguage\":\"es\",\"potentialAction\":[{\"@type\":\"ReadAction\",\"target\":[\"https:\/\/www.inforesidencias.com\/blog\/index.php\/2020\/05\/22\/los-datos-sobre-muertes-en-residencias-tan-dificil-es-hacer-el-calculo\/\"]}]},{\"@type\":\"BreadcrumbList\",\"@id\":\"https:\/\/www.inforesidencias.com\/blog\/index.php\/2020\/05\/22\/los-datos-sobre-muertes-en-residencias-tan-dificil-es-hacer-el-calculo\/#breadcrumb\",\"itemListElement\":[{\"@type\":\"ListItem\",\"position\":1,\"name\":\"Home\",\"item\":\"https:\/\/www.inforesidencias.com\/blog\/\"},{\"@type\":\"ListItem\",\"position\":2,\"name\":\"LOS DATOS SOBRE MUERTES EN RESIDENCIAS. \u00bfTAN DIF\u00cdCIL ES HACER EL C\u00c1LCULO?\"}]},{\"@type\":\"WebSite\",\"@id\":\"https:\/\/www.inforesidencias.com\/blog\/#website\",\"url\":\"https:\/\/www.inforesidencias.com\/blog\/\",\"name\":\"Blog Inforesidencias.com\",\"description\":\"El buscador de residencias de la 3\u00aa edad\",\"potentialAction\":[{\"@type\":\"SearchAction\",\"target\":{\"@type\":\"EntryPoint\",\"urlTemplate\":\"https:\/\/www.inforesidencias.com\/blog\/?s={search_term_string}\"},\"query-input\":\"required name=search_term_string\"}],\"inLanguage\":\"es\"},{\"@type\":\"Person\",\"@id\":\"https:\/\/www.inforesidencias.com\/blog\/#\/schema\/person\/9e146774d1eb3bc1c0316242a3898628\",\"name\":\"Josep de Mart\u00ed\",\"image\":{\"@type\":\"ImageObject\",\"inLanguage\":\"es\",\"@id\":\"https:\/\/www.inforesidencias.com\/blog\/#\/schema\/person\/image\/\",\"url\":\"https:\/\/secure.gravatar.com\/avatar\/de0302c4806c00c4cebff396a798c1ff?s=96&d=mm&r=g\",\"contentUrl\":\"https:\/\/secure.gravatar.com\/avatar\/de0302c4806c00c4cebff396a798c1ff?s=96&d=mm&r=g\",\"caption\":\"Josep de Mart\u00ed\"},\"sameAs\":[\"https:\/\/www.inforesidencias.com\",\"https:\/\/www.facebook.com\/josep.demarti\",\"https:\/\/twitter.com\/blog-ir\"],\"url\":\"https:\/\/www.inforesidencias.com\/blog\/index.php\/author\/josepdemarti\/\"}]}<\/script>\n<!-- \/ Yoast SEO plugin. -->","yoast_head_json":{"title":"LOS DATOS SOBRE MUERTES EN RESIDENCIAS. \u00bfTAN DIF\u00cdCIL ES HACER EL C\u00c1LCULO? - Blog Inforesidencias.com","description":"El n\u00famero de muertes en residencias de ancianos durante la pandemia parece mantenerse en secreto. Hasta ahora nadie lo sabe exactamente. Bailan los n\u00fameros","robots":{"index":"index","follow":"follow","max-snippet":"max-snippet:-1","max-image-preview":"max-image-preview:large","max-video-preview":"max-video-preview:-1"},"canonical":"https:\/\/www.inforesidencias.com\/blog\/index.php\/2020\/05\/22\/los-datos-sobre-muertes-en-residencias-tan-dificil-es-hacer-el-calculo\/","og_locale":"es_ES","og_type":"article","og_title":"LOS DATOS SOBRE MUERTES EN RESIDENCIAS. \u00bfTAN DIF\u00cdCIL ES HACER EL C\u00c1LCULO? - Blog Inforesidencias.com","og_description":"El n\u00famero de muertes en residencias de ancianos durante la pandemia parece mantenerse en secreto. Hasta ahora nadie lo sabe exactamente. Bailan los n\u00fameros","og_url":"https:\/\/www.inforesidencias.com\/blog\/index.php\/2020\/05\/22\/los-datos-sobre-muertes-en-residencias-tan-dificil-es-hacer-el-calculo\/","og_site_name":"Blog Inforesidencias.com","article_publisher":"https:\/\/www.facebook.com\/Inforesidencias\/","article_author":"https:\/\/www.facebook.com\/josep.demarti","article_published_time":"2020-05-22T11:29:32+00:00","article_modified_time":"2020-05-22T13:43:29+00:00","og_image":[{"width":1180,"height":1274,"url":"https:\/\/www.inforesidencias.com\/blog\/wp-content\/uploads\/2020\/05\/Captura-de-pantalla-2020-05-22-a-las-13.09.22.png","type":"image\/png"}],"author":"Josep de Mart\u00ed","twitter_card":"summary_large_image","twitter_creator":"@blog-ir","twitter_site":"@inforesidencias","twitter_misc":{"Escrito por":"Josep de Mart\u00ed","Tiempo de lectura":"2 minutos"},"schema":{"@context":"https:\/\/schema.org","@graph":[{"@type":"WebPage","@id":"https:\/\/www.inforesidencias.com\/blog\/index.php\/2020\/05\/22\/los-datos-sobre-muertes-en-residencias-tan-dificil-es-hacer-el-calculo\/","url":"https:\/\/www.inforesidencias.com\/blog\/index.php\/2020\/05\/22\/los-datos-sobre-muertes-en-residencias-tan-dificil-es-hacer-el-calculo\/","name":"LOS DATOS SOBRE MUERTES EN RESIDENCIAS. \u00bfTAN DIF\u00cdCIL ES HACER EL C\u00c1LCULO? - Blog Inforesidencias.com","isPartOf":{"@id":"https:\/\/www.inforesidencias.com\/blog\/#website"},"datePublished":"2020-05-22T11:29:32+00:00","dateModified":"2020-05-22T13:43:29+00:00","author":{"@id":"https:\/\/www.inforesidencias.com\/blog\/#\/schema\/person\/9e146774d1eb3bc1c0316242a3898628"},"description":"El n\u00famero de muertes en residencias de ancianos durante la pandemia parece mantenerse en secreto. Hasta ahora nadie lo sabe exactamente. Bailan los n\u00fameros","breadcrumb":{"@id":"https:\/\/www.inforesidencias.com\/blog\/index.php\/2020\/05\/22\/los-datos-sobre-muertes-en-residencias-tan-dificil-es-hacer-el-calculo\/#breadcrumb"},"inLanguage":"es","potentialAction":[{"@type":"ReadAction","target":["https:\/\/www.inforesidencias.com\/blog\/index.php\/2020\/05\/22\/los-datos-sobre-muertes-en-residencias-tan-dificil-es-hacer-el-calculo\/"]}]},{"@type":"BreadcrumbList","@id":"https:\/\/www.inforesidencias.com\/blog\/index.php\/2020\/05\/22\/los-datos-sobre-muertes-en-residencias-tan-dificil-es-hacer-el-calculo\/#breadcrumb","itemListElement":[{"@type":"ListItem","position":1,"name":"Home","item":"https:\/\/www.inforesidencias.com\/blog\/"},{"@type":"ListItem","position":2,"name":"LOS DATOS SOBRE MUERTES EN RESIDENCIAS. \u00bfTAN DIF\u00cdCIL ES HACER EL C\u00c1LCULO?"}]},{"@type":"WebSite","@id":"https:\/\/www.inforesidencias.com\/blog\/#website","url":"https:\/\/www.inforesidencias.com\/blog\/","name":"Blog Inforesidencias.com","description":"El buscador de residencias de la 3\u00aa edad","potentialAction":[{"@type":"SearchAction","target":{"@type":"EntryPoint","urlTemplate":"https:\/\/www.inforesidencias.com\/blog\/?s={search_term_string}"},"query-input":"required name=search_term_string"}],"inLanguage":"es"},{"@type":"Person","@id":"https:\/\/www.inforesidencias.com\/blog\/#\/schema\/person\/9e146774d1eb3bc1c0316242a3898628","name":"Josep de Mart\u00ed","image":{"@type":"ImageObject","inLanguage":"es","@id":"https:\/\/www.inforesidencias.com\/blog\/#\/schema\/person\/image\/","url":"https:\/\/secure.gravatar.com\/avatar\/de0302c4806c00c4cebff396a798c1ff?s=96&d=mm&r=g","contentUrl":"https:\/\/secure.gravatar.com\/avatar\/de0302c4806c00c4cebff396a798c1ff?s=96&d=mm&r=g","caption":"Josep de Mart\u00ed"},"sameAs":["https:\/\/www.inforesidencias.com","https:\/\/www.facebook.com\/josep.demarti","https:\/\/twitter.com\/blog-ir"],"url":"https:\/\/www.inforesidencias.com\/blog\/index.php\/author\/josepdemarti\/"}]}},"_links":{"self":[{"href":"https:\/\/www.inforesidencias.com\/blog\/index.php\/wp-json\/wp\/v2\/posts\/3228"}],"collection":[{"href":"https:\/\/www.inforesidencias.com\/blog\/index.php\/wp-json\/wp\/v2\/posts"}],"about":[{"href":"https:\/\/www.inforesidencias.com\/blog\/index.php\/wp-json\/wp\/v2\/types\/post"}],"author":[{"embeddable":true,"href":"https:\/\/www.inforesidencias.com\/blog\/index.php\/wp-json\/wp\/v2\/users\/2"}],"replies":[{"embeddable":true,"href":"https:\/\/www.inforesidencias.com\/blog\/index.php\/wp-json\/wp\/v2\/comments?post=3228"}],"version-history":[{"count":1,"href":"https:\/\/www.inforesidencias.com\/blog\/index.php\/wp-json\/wp\/v2\/posts\/3228\/revisions"}],"predecessor-version":[{"id":3230,"href":"https:\/\/www.inforesidencias.com\/blog\/index.php\/wp-json\/wp\/v2\/posts\/3228\/revisions\/3230"}],"wp:featuredmedia":[{"embeddable":true,"href":"https:\/\/www.inforesidencias.com\/blog\/index.php\/wp-json\/wp\/v2\/media\/3229"}],"wp:attachment":[{"href":"https:\/\/www.inforesidencias.com\/blog\/index.php\/wp-json\/wp\/v2\/media?parent=3228"}],"wp:term":[{"taxonomy":"category","embeddable":true,"href":"https:\/\/www.inforesidencias.com\/blog\/index.php\/wp-json\/wp\/v2\/categories?post=3228"},{"taxonomy":"post_tag","embeddable":true,"href":"https:\/\/www.inforesidencias.com\/blog\/index.php\/wp-json\/wp\/v2\/tags?post=3228"}],"curies":[{"name":"wp","href":"https:\/\/api.w.org\/{rel}","templated":true}]}}