{"id":3236,"date":"2020-05-24T09:33:47","date_gmt":"2020-05-24T09:33:47","guid":{"rendered":"https:\/\/www.inforesidencias.com\/blog\/?p=3236"},"modified":"2020-05-25T06:14:01","modified_gmt":"2020-05-25T06:14:01","slug":"muertes-covid19-residencias-geriatricas-espana","status":"publish","type":"post","link":"https:\/\/www.inforesidencias.com\/blog\/index.php\/2020\/05\/24\/muertes-covid19-residencias-geriatricas-espana\/","title":{"rendered":"\u00bfDatos sobre el COVID19?  Podr\u00edamos haberlo hecho mejor"},"content":{"rendered":"<p>Las competencia sobre sanidad en Espa\u00f1a es algo complicado ya que la parte b\u00e1sica corresponde al Estado pero la prestaci\u00f3n de servicios y el desarrollo, dentro de esas bases, es competencia de las comunidades aut\u00f3nomas.\u00a0 Este sistema genera una especie de \u00abequilibrio inestable\u00bb en el que los ciudadanos de cualquiera de las comunidades aut\u00f3nomas tienen esencialmente el mismo derecho\u00a0 a la sanidad aunque de verdad existan matices.<\/p>\n<p>Una de las consecuencias de la declaraci\u00f3n del Estado de Alarma fue que el Gobierno del Estado increment\u00f3 su poder frente a las comunidades aut\u00f3nomas en varios \u00e1mbitos, entre ellos el de sanidad, y concretamente, a partir de ese momento estableci\u00f3 un sistema de informaci\u00f3n mediante el cual las comunidades aut\u00f3nomas le deb\u00edan mantenerle informado sobre contagios, ingresos hospitalarios y fallecimientos (entre otros), generados por el coronavirus.<\/p>\n<p>Como durante\u00a0las primeras semanas de\u00a0pandemia los tests para saber si alguien sufr\u00eda la enfermedad eran escasos, encima exist\u00edan diferentes tipos de test que med\u00edan cosas distintas (algunos detectaban el virus, otros si se hab\u00edan generado anticuerpos), con diferente nivel de fiabilidad,\u00a0y, adem\u00e1s, para complicar las cosas, los s\u00edntomas son variados y aparecen despu\u00e9s de unos d\u00edas de estar \u00abenfermo asintom\u00e1tico\u00bb y a\u00fan as\u00ed contagioso, pues resulta que era casi imposible detectar quien mor\u00eda \u00abpor covid-19\u00bb\u00a0 o por otro motivo.<\/p>\n<p>Eso hizo que, desde el principio se pensase que hab\u00eda tres formas de determinar el n\u00famero de muertos que ocasionaba la pandemia:<\/p>\n<p>&#8211; Fallecimientos con test realizado que hubiese dado positivo.<\/p>\n<p>&#8211; Fallecimientos con s\u00edntomas compatibles con los que genera el coronavirus covid-19.<\/p>\n<p>&#8211; \u00abExceso de fallecimientos\u00bb, o sea, calculando cu\u00e1nta gente ha muerto durante esa semana o mes de muchos a\u00f1os anteriores, \u00bfcu\u00e1ntos muertos m\u00e1s se han producido ahora?.\u00a0 Ese c\u00e1lculo es menos basado en la medicina pero tiene mucha l\u00f3gica.<\/p>\n<p>A las comunidades aut\u00f3nomas se les pidi\u00f3 que informasen de una forma homog\u00e9nea pero, tal como hemos visto, cada una debi\u00f3 entender las cosas de forma ligeramente diferente, lo que ha generado que desde el Gobierno se hayan tenido que dar muchas explicaciones, como poco, sorprendentes.\u00a0 El \u00faltimo, el \u00absusto\u00bb de la aparici\u00f3n de m\u00e1s de 400 muertos no comunicados a tiempo desde Catalu\u00f1a.<\/p>\n<p>Parece que al Gobierno en principio no le interesaron demasiado los datos de fallecimientos en residencias de personas mayores\u00a0 y se concentr\u00f3 m\u00e1s en que se recogiesen los que se produc\u00edan en hospitales, donde se concentr\u00f3 la actividad diagn\u00f3stica con tests.\u00a0 \u00a0Como tardaron much\u00edsimo en llegar los tests PCR a quienes viv\u00edan y mor\u00edan en residencias de mayores, pocos fallecimientos all\u00ed se consideraron \u00abconfirmados\u00bb.\u00a0 Tampoco se llev\u00f3 una contabilidad general sobre el origen de quienes iban al hospital (\u00bfven\u00edan de residencias mientras los aceptaron?)<\/p>\n<p>Hablando con gente \u00abde dentro\u00bb, me atrevo a decir que existe un consenso en el sentido de que la comunidad que mejor ha recogido y comunicado datos ha sido \u00abCastilla Le\u00f3n\u00bb.\u00a0 De esa sabemos cu\u00e1ntos fallecidos ha habido en residencias p\u00fablicas y privadas, incluso cu\u00e1ntos llegaron a fallecer en la misma residencia o en el hospital.<\/p>\n<p>El problema es que si no se obtienen todos los datos de forma homog\u00e9nea, sirven de menos.<\/p>\n<p>Quiz\u00e1s sea por eso que, si voy a la <a href=\"https:\/\/www.mscbs.gob.es\/en\/profesionales\/saludPublica\/ccayes\/alertasActual\/nCov-China\/home.htm\">web oficial<\/a>, no encuentro menci\u00f3n de cu\u00e1ntos fallecimientos se han producido en residencias de mayores.\u00a0 Curiosamente, para ver algo parecido a informaci\u00f3n oficial sobre ese tema tengo que ir a la web de una Televisi\u00f3n P\u00fablica y mirar una p\u00e1gina que se llama\u00a0<a href=\"https:\/\/www.rtve.es\/noticias\/20200523\/radiografia-del-coronavirus-residencias-ancianos-espana\/2011609.shtml\">Radiograf\u00eda del coronavirus en residencias de ancianos<\/a>.<\/p>\n<p>Digo todo esto porque en la revista <a href=\"https:\/\/www.economist.com\/graphic-detail\/2020\/04\/16\/tracking-covid-19-excess-deaths-across-countries\">\u00abThe Economist\u00bb<\/a> de esta semana traen un gr\u00e1fico sobre fallecimientos en Espa\u00f1a durante la pandemia que, de un s\u00f3lo vistazo, me ayuda m\u00e1s que lo que me dice el Gobierno.<\/p>\n<p><a href=\"https:\/\/www.inforesidencias.com\/blog\/wp-content\/uploads\/2020\/05\/Captura-de-pantalla-2020-05-24-a-las-10.38.55.png\"><img decoding=\"async\" loading=\"lazy\" class=\"alignleft size-full wp-image-3237\" src=\"https:\/\/www.inforesidencias.com\/blog\/wp-content\/uploads\/2020\/05\/Captura-de-pantalla-2020-05-24-a-las-10.38.55.png\" alt=\"Fallecimientos corinavirus Espa\u00f1a\" width=\"1610\" height=\"1162\" \/><\/a><\/p>\n<p>&nbsp;<\/p>\n<p>La l\u00ednea de puntos representa cu\u00e1ntos muertos \u00abhubiera habido\u00bb sin pandemia, tomando como muestra lo que pas\u00f3 en a\u00f1os anteriores.\u00a0 En rojo, las muertes que las estad\u00edsticas atribuyen a la pandemia y en gris el resto de muertes.\u00a0 Parece que el sistema de medici\u00f3n mejora sustancialmente en la tercera semana de abril.<\/p>\n<p>Otro cuadro, al que hice referencia en <a href=\"https:\/\/www.inforesidencias.com\/blog\/index.php\/2020\/05\/22\/los-datos-sobre-muertes-en-residencias-tan-dificil-es-hacer-el-calculo\/\">otro post<\/a>,\u00a0trata de fallecimientos en residencias de mayores por Covid19 en diferentes pa\u00edses.<\/p>\n<p><a href=\"https:\/\/www.inforesidencias.com\/blog\/wp-content\/uploads\/2020\/05\/Captura-de-pantalla-2020-05-22-a-las-13.09.22.png\"><img decoding=\"async\" loading=\"lazy\" class=\"alignleft size-full wp-image-3229\" src=\"https:\/\/www.inforesidencias.com\/blog\/wp-content\/uploads\/2020\/05\/Captura-de-pantalla-2020-05-22-a-las-13.09.22.png\" alt=\"Datos fallecimientos por coronavirus covid 19 en residencias de ancianos\" width=\"1180\" height=\"1274\" \/><\/a><\/p>\n<p>En\u00a0 \u00e9ste parece que el 30% de los fallecimientos \u00abconfirmados\u00bb\u00a0 se han producido en residencias.\u00a0 Lo m\u00e1s seguro es que si son \u00abconfirmados\u00bb, es porque estos se refieren a personas que estuvieron en un hospital donde se les hizo el test y del que volvieron a las residencias o, fallecimientos m\u00e1s recientes cuando ya se hab\u00edan hecho PCR a los residentes.\u00a0 \u00a0 Para calcular ese 30% la base es que en Espa\u00f1a, el 10 de mayo se hab\u00edan producido 31.889 fallecimientos confirmados, pero probablemente el n\u00famero de casos reales (tal como nos muestra el gr\u00e1fico del The Economist), fuera mayor.<\/p>\n<p>Vamos a tardar algunos meses o a\u00f1os en saber exactamente lo que ha sucedido poniendo todos los n\u00fameros (espero que en ese proceso tan anal\u00edtico no olvidemos de detr\u00e1s de cada \u00abunidad\u00bb hab\u00eda una persona con una historia, ambiciones, afectos, defectos y todo lo que nos hace ser persona).\u00a0 Yo creo sinceramente, aunque quiz\u00e1s me equivoque, que tal como van las cosas, al final estaremos en una cifra del 50% de fallecimientos en residencias sobre el total.<\/p>\n<p>No voy a criticar al Gobierno sobre c\u00f3mo actu\u00f3 cuando el mundo se nos ven\u00eda encima, pero s\u00ed propongo que, de cara a la pr\u00f3xima pandemia alguien piense ya en c\u00f3mo deber\u00edan darse los datos\u00a0 desde las Comunidades Aut\u00f3nomas y c\u00f3mo deber\u00edan publicarse.\u00a0 Tal como funciona el mundo, cu\u00e1ntos m\u00e1s datos homog\u00e9neos m\u00e1s f\u00e1cil es generar un dep\u00f3sito de \u00abBig Data\u00bb en el que un sistema de inteligencia artificial pueda detectar patrones complejos y proponer medidas de prevenci\u00f3n que se nos pasar\u00edan por alto.\u00a0\u00bfNo ser\u00eda bueno plantear ya un sistema Europeo de recogida de datos?<\/p>\n<p>Tenemos que empezar a sacar lecciones de la pandemia.\u00a0 Esta puede ser una de ellas.<\/p>\n<p>&nbsp;<\/p>\n<p><a href=\"https:\/\/www.inforesidencias.com\/particulares\/buscamos-por-ti\">Encontrar una residencia de ancianos<\/a> despu\u00e9s de la pandemia<\/p>\n<p>&nbsp;<\/p>\n<p>&nbsp;<\/p>\n","protected":false},"excerpt":{"rendered":"<p>Las competencia sobre sanidad en Espa\u00f1a es algo complicado ya que la parte b\u00e1sica corresponde al Estado pero la prestaci\u00f3n de servicios y el desarrollo, dentro de esas bases, es competencia de las comunidades aut\u00f3nomas.\u00a0 Este sistema genera una especie de \u00abequilibrio inestable\u00bb en el que los ciudadanos de cualquiera de las comunidades aut\u00f3nomas tienen esencialmente el mismo derecho\u00a0 a la sanidad aunque de verdad existan matices. Una de las consecuencias de la declaraci\u00f3n del Estado de Alarma fue que el Gobierno del Estado increment\u00f3 su poder frente a las comunidades aut\u00f3nomas en varios \u00e1mbitos, entre ellos el de sanidad, y concretamente, a partir de ese momento estableci\u00f3 un sistema de informaci\u00f3n mediante el cual las comunidades aut\u00f3nomas le deb\u00edan mantenerle informado sobre contagios, ingresos hospitalarios y fallecimientos (entre otros), generados por el coronavirus. Como durante\u00a0las primeras semanas de\u00a0pandemia los tests para saber si alguien sufr\u00eda la enfermedad eran escasos, [&hellip;]<\/p>\n","protected":false},"author":2,"featured_media":3237,"comment_status":"open","ping_status":"open","sticky":false,"template":"","format":"standard","meta":{"footnotes":""},"categories":[91,3,5],"tags":[],"yoast_head":"<!-- This site is optimized with the Yoast SEO plugin v21.7 - https:\/\/yoast.com\/wordpress\/plugins\/seo\/ -->\n<title>\u00bfDatos sobre el COVID19? Podr\u00edamos haberlo hecho mejor - Blog Inforesidencias.com<\/title>\n<meta name=\"description\" content=\"Los datos sobre el Covid19 son poco homog\u00e9neos y dificultan el poder entender y aprender de lo que est\u00e1 pasando\" \/>\n<meta name=\"robots\" content=\"index, follow, max-snippet:-1, max-image-preview:large, max-video-preview:-1\" \/>\n<link rel=\"canonical\" href=\"https:\/\/www.inforesidencias.com\/blog\/index.php\/2020\/05\/24\/muertes-covid19-residencias-geriatricas-espana\/\" \/>\n<meta property=\"og:locale\" content=\"es_ES\" \/>\n<meta property=\"og:type\" content=\"article\" \/>\n<meta property=\"og:title\" content=\"\u00bfDatos sobre el COVID19? Podr\u00edamos haberlo hecho mejor - Blog Inforesidencias.com\" \/>\n<meta property=\"og:description\" content=\"Los datos sobre el Covid19 son poco homog\u00e9neos y dificultan el poder entender y aprender de lo que est\u00e1 pasando\" \/>\n<meta property=\"og:url\" content=\"https:\/\/www.inforesidencias.com\/blog\/index.php\/2020\/05\/24\/muertes-covid19-residencias-geriatricas-espana\/\" \/>\n<meta property=\"og:site_name\" content=\"Blog Inforesidencias.com\" \/>\n<meta property=\"article:publisher\" content=\"https:\/\/www.facebook.com\/Inforesidencias\/\" \/>\n<meta property=\"article:author\" content=\"https:\/\/www.facebook.com\/josep.demarti\" \/>\n<meta property=\"article:published_time\" content=\"2020-05-24T09:33:47+00:00\" \/>\n<meta property=\"article:modified_time\" content=\"2020-05-25T06:14:01+00:00\" \/>\n<meta property=\"og:image\" content=\"https:\/\/www.inforesidencias.com\/blog\/wp-content\/uploads\/2020\/05\/Captura-de-pantalla-2020-05-24-a-las-10.38.55.png\" \/>\n\t<meta property=\"og:image:width\" content=\"1610\" \/>\n\t<meta property=\"og:image:height\" content=\"1162\" \/>\n\t<meta property=\"og:image:type\" content=\"image\/png\" \/>\n<meta name=\"author\" content=\"Josep de Mart\u00ed\" \/>\n<meta name=\"twitter:card\" content=\"summary_large_image\" \/>\n<meta name=\"twitter:creator\" content=\"@blog-ir\" \/>\n<meta name=\"twitter:site\" content=\"@inforesidencias\" \/>\n<meta name=\"twitter:label1\" content=\"Escrito por\" \/>\n\t<meta name=\"twitter:data1\" content=\"Josep de Mart\u00ed\" \/>\n\t<meta name=\"twitter:label2\" content=\"Tiempo de lectura\" \/>\n\t<meta name=\"twitter:data2\" content=\"5 minutos\" \/>\n<script type=\"application\/ld+json\" class=\"yoast-schema-graph\">{\"@context\":\"https:\/\/schema.org\",\"@graph\":[{\"@type\":\"WebPage\",\"@id\":\"https:\/\/www.inforesidencias.com\/blog\/index.php\/2020\/05\/24\/muertes-covid19-residencias-geriatricas-espana\/\",\"url\":\"https:\/\/www.inforesidencias.com\/blog\/index.php\/2020\/05\/24\/muertes-covid19-residencias-geriatricas-espana\/\",\"name\":\"\u00bfDatos sobre el COVID19? Podr\u00edamos haberlo hecho mejor - Blog Inforesidencias.com\",\"isPartOf\":{\"@id\":\"https:\/\/www.inforesidencias.com\/blog\/#website\"},\"datePublished\":\"2020-05-24T09:33:47+00:00\",\"dateModified\":\"2020-05-25T06:14:01+00:00\",\"author\":{\"@id\":\"https:\/\/www.inforesidencias.com\/blog\/#\/schema\/person\/9e146774d1eb3bc1c0316242a3898628\"},\"description\":\"Los datos sobre el Covid19 son poco homog\u00e9neos y dificultan el poder entender y aprender de lo que est\u00e1 pasando\",\"breadcrumb\":{\"@id\":\"https:\/\/www.inforesidencias.com\/blog\/index.php\/2020\/05\/24\/muertes-covid19-residencias-geriatricas-espana\/#breadcrumb\"},\"inLanguage\":\"es\",\"potentialAction\":[{\"@type\":\"ReadAction\",\"target\":[\"https:\/\/www.inforesidencias.com\/blog\/index.php\/2020\/05\/24\/muertes-covid19-residencias-geriatricas-espana\/\"]}]},{\"@type\":\"BreadcrumbList\",\"@id\":\"https:\/\/www.inforesidencias.com\/blog\/index.php\/2020\/05\/24\/muertes-covid19-residencias-geriatricas-espana\/#breadcrumb\",\"itemListElement\":[{\"@type\":\"ListItem\",\"position\":1,\"name\":\"Home\",\"item\":\"https:\/\/www.inforesidencias.com\/blog\/\"},{\"@type\":\"ListItem\",\"position\":2,\"name\":\"\u00bfDatos sobre el COVID19? Podr\u00edamos haberlo hecho mejor\"}]},{\"@type\":\"WebSite\",\"@id\":\"https:\/\/www.inforesidencias.com\/blog\/#website\",\"url\":\"https:\/\/www.inforesidencias.com\/blog\/\",\"name\":\"Blog Inforesidencias.com\",\"description\":\"El buscador de residencias de la 3\u00aa edad\",\"potentialAction\":[{\"@type\":\"SearchAction\",\"target\":{\"@type\":\"EntryPoint\",\"urlTemplate\":\"https:\/\/www.inforesidencias.com\/blog\/?s={search_term_string}\"},\"query-input\":\"required name=search_term_string\"}],\"inLanguage\":\"es\"},{\"@type\":\"Person\",\"@id\":\"https:\/\/www.inforesidencias.com\/blog\/#\/schema\/person\/9e146774d1eb3bc1c0316242a3898628\",\"name\":\"Josep de Mart\u00ed\",\"image\":{\"@type\":\"ImageObject\",\"inLanguage\":\"es\",\"@id\":\"https:\/\/www.inforesidencias.com\/blog\/#\/schema\/person\/image\/\",\"url\":\"https:\/\/secure.gravatar.com\/avatar\/de0302c4806c00c4cebff396a798c1ff?s=96&d=mm&r=g\",\"contentUrl\":\"https:\/\/secure.gravatar.com\/avatar\/de0302c4806c00c4cebff396a798c1ff?s=96&d=mm&r=g\",\"caption\":\"Josep de Mart\u00ed\"},\"sameAs\":[\"https:\/\/www.inforesidencias.com\",\"https:\/\/www.facebook.com\/josep.demarti\",\"https:\/\/twitter.com\/blog-ir\"],\"url\":\"https:\/\/www.inforesidencias.com\/blog\/index.php\/author\/josepdemarti\/\"}]}<\/script>\n<!-- \/ Yoast SEO plugin. -->","yoast_head_json":{"title":"\u00bfDatos sobre el COVID19? Podr\u00edamos haberlo hecho mejor - Blog Inforesidencias.com","description":"Los datos sobre el Covid19 son poco homog\u00e9neos y dificultan el poder entender y aprender de lo que est\u00e1 pasando","robots":{"index":"index","follow":"follow","max-snippet":"max-snippet:-1","max-image-preview":"max-image-preview:large","max-video-preview":"max-video-preview:-1"},"canonical":"https:\/\/www.inforesidencias.com\/blog\/index.php\/2020\/05\/24\/muertes-covid19-residencias-geriatricas-espana\/","og_locale":"es_ES","og_type":"article","og_title":"\u00bfDatos sobre el COVID19? Podr\u00edamos haberlo hecho mejor - Blog Inforesidencias.com","og_description":"Los datos sobre el Covid19 son poco homog\u00e9neos y dificultan el poder entender y aprender de lo que est\u00e1 pasando","og_url":"https:\/\/www.inforesidencias.com\/blog\/index.php\/2020\/05\/24\/muertes-covid19-residencias-geriatricas-espana\/","og_site_name":"Blog Inforesidencias.com","article_publisher":"https:\/\/www.facebook.com\/Inforesidencias\/","article_author":"https:\/\/www.facebook.com\/josep.demarti","article_published_time":"2020-05-24T09:33:47+00:00","article_modified_time":"2020-05-25T06:14:01+00:00","og_image":[{"width":1610,"height":1162,"url":"https:\/\/www.inforesidencias.com\/blog\/wp-content\/uploads\/2020\/05\/Captura-de-pantalla-2020-05-24-a-las-10.38.55.png","type":"image\/png"}],"author":"Josep de Mart\u00ed","twitter_card":"summary_large_image","twitter_creator":"@blog-ir","twitter_site":"@inforesidencias","twitter_misc":{"Escrito por":"Josep de Mart\u00ed","Tiempo de lectura":"5 minutos"},"schema":{"@context":"https:\/\/schema.org","@graph":[{"@type":"WebPage","@id":"https:\/\/www.inforesidencias.com\/blog\/index.php\/2020\/05\/24\/muertes-covid19-residencias-geriatricas-espana\/","url":"https:\/\/www.inforesidencias.com\/blog\/index.php\/2020\/05\/24\/muertes-covid19-residencias-geriatricas-espana\/","name":"\u00bfDatos sobre el COVID19? Podr\u00edamos haberlo hecho mejor - Blog Inforesidencias.com","isPartOf":{"@id":"https:\/\/www.inforesidencias.com\/blog\/#website"},"datePublished":"2020-05-24T09:33:47+00:00","dateModified":"2020-05-25T06:14:01+00:00","author":{"@id":"https:\/\/www.inforesidencias.com\/blog\/#\/schema\/person\/9e146774d1eb3bc1c0316242a3898628"},"description":"Los datos sobre el Covid19 son poco homog\u00e9neos y dificultan el poder entender y aprender de lo que est\u00e1 pasando","breadcrumb":{"@id":"https:\/\/www.inforesidencias.com\/blog\/index.php\/2020\/05\/24\/muertes-covid19-residencias-geriatricas-espana\/#breadcrumb"},"inLanguage":"es","potentialAction":[{"@type":"ReadAction","target":["https:\/\/www.inforesidencias.com\/blog\/index.php\/2020\/05\/24\/muertes-covid19-residencias-geriatricas-espana\/"]}]},{"@type":"BreadcrumbList","@id":"https:\/\/www.inforesidencias.com\/blog\/index.php\/2020\/05\/24\/muertes-covid19-residencias-geriatricas-espana\/#breadcrumb","itemListElement":[{"@type":"ListItem","position":1,"name":"Home","item":"https:\/\/www.inforesidencias.com\/blog\/"},{"@type":"ListItem","position":2,"name":"\u00bfDatos sobre el COVID19? Podr\u00edamos haberlo hecho mejor"}]},{"@type":"WebSite","@id":"https:\/\/www.inforesidencias.com\/blog\/#website","url":"https:\/\/www.inforesidencias.com\/blog\/","name":"Blog Inforesidencias.com","description":"El buscador de residencias de la 3\u00aa edad","potentialAction":[{"@type":"SearchAction","target":{"@type":"EntryPoint","urlTemplate":"https:\/\/www.inforesidencias.com\/blog\/?s={search_term_string}"},"query-input":"required name=search_term_string"}],"inLanguage":"es"},{"@type":"Person","@id":"https:\/\/www.inforesidencias.com\/blog\/#\/schema\/person\/9e146774d1eb3bc1c0316242a3898628","name":"Josep de Mart\u00ed","image":{"@type":"ImageObject","inLanguage":"es","@id":"https:\/\/www.inforesidencias.com\/blog\/#\/schema\/person\/image\/","url":"https:\/\/secure.gravatar.com\/avatar\/de0302c4806c00c4cebff396a798c1ff?s=96&d=mm&r=g","contentUrl":"https:\/\/secure.gravatar.com\/avatar\/de0302c4806c00c4cebff396a798c1ff?s=96&d=mm&r=g","caption":"Josep de Mart\u00ed"},"sameAs":["https:\/\/www.inforesidencias.com","https:\/\/www.facebook.com\/josep.demarti","https:\/\/twitter.com\/blog-ir"],"url":"https:\/\/www.inforesidencias.com\/blog\/index.php\/author\/josepdemarti\/"}]}},"_links":{"self":[{"href":"https:\/\/www.inforesidencias.com\/blog\/index.php\/wp-json\/wp\/v2\/posts\/3236"}],"collection":[{"href":"https:\/\/www.inforesidencias.com\/blog\/index.php\/wp-json\/wp\/v2\/posts"}],"about":[{"href":"https:\/\/www.inforesidencias.com\/blog\/index.php\/wp-json\/wp\/v2\/types\/post"}],"author":[{"embeddable":true,"href":"https:\/\/www.inforesidencias.com\/blog\/index.php\/wp-json\/wp\/v2\/users\/2"}],"replies":[{"embeddable":true,"href":"https:\/\/www.inforesidencias.com\/blog\/index.php\/wp-json\/wp\/v2\/comments?post=3236"}],"version-history":[{"count":8,"href":"https:\/\/www.inforesidencias.com\/blog\/index.php\/wp-json\/wp\/v2\/posts\/3236\/revisions"}],"predecessor-version":[{"id":3245,"href":"https:\/\/www.inforesidencias.com\/blog\/index.php\/wp-json\/wp\/v2\/posts\/3236\/revisions\/3245"}],"wp:featuredmedia":[{"embeddable":true,"href":"https:\/\/www.inforesidencias.com\/blog\/index.php\/wp-json\/wp\/v2\/media\/3237"}],"wp:attachment":[{"href":"https:\/\/www.inforesidencias.com\/blog\/index.php\/wp-json\/wp\/v2\/media?parent=3236"}],"wp:term":[{"taxonomy":"category","embeddable":true,"href":"https:\/\/www.inforesidencias.com\/blog\/index.php\/wp-json\/wp\/v2\/categories?post=3236"},{"taxonomy":"post_tag","embeddable":true,"href":"https:\/\/www.inforesidencias.com\/blog\/index.php\/wp-json\/wp\/v2\/tags?post=3236"}],"curies":[{"name":"wp","href":"https:\/\/api.w.org\/{rel}","templated":true}]}}