{"id":3254,"date":"2020-05-29T09:03:20","date_gmt":"2020-05-29T09:03:20","guid":{"rendered":"https:\/\/www.inforesidencias.com\/blog\/?p=3254"},"modified":"2020-05-29T09:03:20","modified_gmt":"2020-05-29T09:03:20","slug":"marcha-nordica-y-cambio-de-modelo-en-las-residencias","status":"publish","type":"post","link":"https:\/\/www.inforesidencias.com\/blog\/index.php\/2020\/05\/29\/marcha-nordica-y-cambio-de-modelo-en-las-residencias\/","title":{"rendered":"Marcha n\u00f3rdica y cambio de modelo en las residencias"},"content":{"rendered":"<p style=\"text-align: justify\">El <a href=\"https:\/\/www.estelfitxers.com\/audio\/20200527-17_00TEMPSDEBENESTAR-ESGRANSERGRAN.MP3\">programa del mi\u00e9rcoles de \u00c9s gran ser gran\u201d<\/a> lo empezamos hablando de que hace unos pocos d\u00edas que toda Catalu\u00f1a est\u00e1 ya al menos en fase uno. Charlamos un poco de mascarillas las salidas al exterior, las visitas a familiares y hacer poco a poco lo que es la \u201cvida normal\u201d. Tambi\u00e9n dedicamos un momento a hablar de los centros de d\u00eda para mayores y como se prev\u00e9 que vayan reabriendo<\/p>\n<p style=\"text-align: justify\">En la entrevista del d\u00cda hablamos de un deporte no muy conocido quiz\u00e1, la marcha n\u00f3rdica. Para ello contamos con Xavier Ortega, instructor de marcha n\u00f3rdica y colaborador t\u00e9cnico de la <a href=\"https:\/\/walkim.es\/fundacion\/\">Fundaci\u00f3n Walkim<\/a>. Xavier nos explic\u00f3 primero, para todo aquel que no est\u00e9 muy familiarizado con el tema, que es la marcha n\u00f3rdica. Nos detall\u00f3 un conjunto de ventajas y cosas buenas que tiene practicar esta disciplina.<\/p>\n<p style=\"text-align: justify\"><a href=\"https:\/\/www.inforesidencias.com\/blog\/wp-content\/uploads\/2020\/05\/xavi-marcha-no\u0301rdica1.jpg\"><img decoding=\"async\" loading=\"lazy\" class=\"alignleft wp-image-3257\" src=\"https:\/\/www.inforesidencias.com\/blog\/wp-content\/uploads\/2020\/05\/xavi-marcha-no\u0301rdica1.jpg\" alt=\"xavi marcha no\u0301rdica\" width=\"220\" height=\"287\" \/><\/a><\/p>\n<p style=\"text-align: justify\">Una pregunta curiosa que le realizamos es si har\u00eda falta llevar mascarilla a la hora de practicarlo y dio una respuesta muy clara, Por otro lado, Xavier nos inform\u00f3 que adem\u00e1s ofrecen un curso gratuito de marcha n\u00f3rdica a todo el personal sanitario de todos los hospitales de Catalu\u00f1a para agradecer en especial su labor durante la pandemia.<\/p>\n<p style=\"text-align: justify\">Otro aspecto en el que nos centramos fue la marcha n\u00f3rdica y las personas mayores. Xavier nos dijo que este deporte tambi\u00e9n les favorece mucho a las personas mayores y que desde su fundaci\u00f3n trabajan con diferentes grupos de esta franja de edad y les ense\u00f1an marcha n\u00f3rdica<\/p>\n<p style=\"text-align: justify\">Hacia el fin del programa, recordamos que durante los peores momentos de la pandemia muchas residencias no pod\u00edan trasladar a sus residentes enfermos a los hospitales debido a que desde esos centros sanitarios no les dejaban porque ente otros argumentaban que estaban colapsados. Quiz\u00e1 los sacrificamos. Si hay pr\u00f3xima vez en que algo como esto ocurra, hay que trabajar mejor,<\/p>\n<p style=\"text-align: justify\"><a href=\"https:\/\/www.estelfitxers.com\/audio\/20200528-17_00TEMPSDEBENESTAR-ESGRANSERGRAN.MP3\">El programa del jueves<\/a> lo iniciamos comentando las instrucciones que van recibiendo las residencias geri\u00e1tricas de Catalu\u00f1a. Estas instrucciones inclu\u00edan tambi\u00e9n pautas sobre la sectorizaci\u00f3n o confinamiento de los residentes para preservar su salud. Pero somos animales sociales y necesitamos afecto, y en especial las personas mayores y privarnos de ello es muy duro.<\/p>\n<p style=\"text-align: justify\">Hablamos en la entrevista del d\u00eda con Sergio Osuna, gerente de la <a href=\"https:\/\/www.fundaciovellaterra.org\/\">Fundaci\u00f3n Vellaterra<\/a>. La fundaci\u00f3n gestiona residencias de mayores propias y otras de titularidad p\u00fablica. Aunque tampoco est\u00e1 de m\u00e1s comentar que tambi\u00e9n llevan servicios para personas con discapacidad. Sergio nos explic\u00f3 como est\u00e1n viviendo el Coronavirus en las diferentes residencias que forman parte de la Fundaci\u00f3n y como ha afectado de forma diferente en algunas de ellas seg\u00fan la zona. Nos dijo que en este caso la prevenci\u00f3n ha estado fundamental y ellos ya tomaron medidas cuando vieron como afectaba la pandemia en Italia. Tambi\u00e9n comentamos con Sergio la posibilidad de un cambio en el modelo de las residencias y que seg\u00fan su opini\u00f3n esto ya era una necesidad que el Coronavirus solo ha acelerado.<\/p>\n<p style=\"text-align: justify\">En la recta final de la entrevista con Sergio hablamos de visitas y de c\u00f3mo prev\u00e9 que se puedan ir reiniciando en fase dos de desconfinamiento y con una serie de medidas preventivas a tomar.<\/p>\n<p style=\"text-align: justify\">Descubre algunas residencias de la Fundaci\u00f3n Vellaterra:<\/p>\n<p style=\"text-align: justify\"><a href=\"https:\/\/www.inforesidencias.com\/centros\/residencia\/1342\/residencia-assistida-i-centre-de-dia-per-a-gent-gran-campdevanol\">Residencia Campdev\u00e0nol<\/a><\/p>\n<p style=\"text-align: justify\"><a href=\"https:\/\/www.inforesidencias.com\/centros\/residencia\/7577\/residencia-assistida-i-centre-de-dia-per-la-gent-gran-pare-batllori\">Residencia Pare Batllori<\/a><\/p>\n<p style=\"text-align: justify\">\n","protected":false},"excerpt":{"rendered":"<p>El programa del mi\u00e9rcoles de \u00c9s gran ser gran\u201d lo empezamos hablando de que hace unos pocos d\u00edas que toda Catalu\u00f1a est\u00e1 ya al menos en fase uno. Charlamos un poco de mascarillas las salidas al exterior, las visitas a familiares y hacer poco a poco lo que es la \u201cvida normal\u201d. Tambi\u00e9n dedicamos un momento a hablar de los centros de d\u00eda para mayores y como se prev\u00e9 que vayan reabriendo En la entrevista del d\u00cda hablamos de un deporte no muy conocido quiz\u00e1, la marcha n\u00f3rdica. Para ello contamos con Xavier Ortega, instructor de marcha n\u00f3rdica y colaborador t\u00e9cnico de la Fundaci\u00f3n Walkim. Xavier nos explic\u00f3 primero, para todo aquel que no est\u00e9 muy familiarizado con el tema, que es la marcha n\u00f3rdica. Nos detall\u00f3 un conjunto de ventajas y cosas buenas que tiene practicar esta disciplina. Una pregunta curiosa que le realizamos es si har\u00eda falta llevar [&hellip;]<\/p>\n","protected":false},"author":2,"featured_media":3100,"comment_status":"open","ping_status":"open","sticky":false,"template":"","format":"standard","meta":{"footnotes":""},"categories":[1],"tags":[],"yoast_head":"<!-- This site is optimized with the Yoast SEO plugin v21.7 - https:\/\/yoast.com\/wordpress\/plugins\/seo\/ -->\n<title>Marcha n\u00f3rdica y cambio de modelo en las residencias - Blog Inforesidencias.com<\/title>\n<meta name=\"description\" content=\"Hablamos de marcha n\u00f3rdica para personas mayores con Xavi Ortega y de prevenci\u00f3n y Coronavirus en las residencias con Sergio Osuna, de Fundaci\u00f3n Vellaterra\" \/>\n<meta name=\"robots\" content=\"index, follow, max-snippet:-1, max-image-preview:large, max-video-preview:-1\" \/>\n<link rel=\"canonical\" href=\"https:\/\/www.inforesidencias.com\/blog\/index.php\/2020\/05\/29\/marcha-nordica-y-cambio-de-modelo-en-las-residencias\/\" \/>\n<meta property=\"og:locale\" content=\"es_ES\" \/>\n<meta property=\"og:type\" content=\"article\" \/>\n<meta property=\"og:title\" content=\"Marcha n\u00f3rdica y cambio de modelo en las residencias - Blog Inforesidencias.com\" \/>\n<meta property=\"og:description\" content=\"Hablamos de marcha n\u00f3rdica para personas mayores con Xavi Ortega y de prevenci\u00f3n y Coronavirus en las residencias con Sergio Osuna, de Fundaci\u00f3n Vellaterra\" \/>\n<meta property=\"og:url\" content=\"https:\/\/www.inforesidencias.com\/blog\/index.php\/2020\/05\/29\/marcha-nordica-y-cambio-de-modelo-en-las-residencias\/\" \/>\n<meta property=\"og:site_name\" content=\"Blog Inforesidencias.com\" \/>\n<meta property=\"article:publisher\" content=\"https:\/\/www.facebook.com\/Inforesidencias\/\" \/>\n<meta property=\"article:author\" content=\"https:\/\/www.facebook.com\/josep.demarti\" \/>\n<meta property=\"article:published_time\" content=\"2020-05-29T09:03:20+00:00\" \/>\n<meta property=\"og:image\" content=\"https:\/\/www.inforesidencias.com\/blog\/wp-content\/uploads\/2020\/04\/Coronavirus-en-las-residencias-de-mayores1.png\" \/>\n\t<meta property=\"og:image:width\" content=\"400\" \/>\n\t<meta property=\"og:image:height\" content=\"322\" \/>\n\t<meta property=\"og:image:type\" content=\"image\/png\" \/>\n<meta name=\"author\" content=\"Josep de Mart\u00ed\" \/>\n<meta name=\"twitter:card\" content=\"summary_large_image\" \/>\n<meta name=\"twitter:creator\" content=\"@blog-ir\" \/>\n<meta name=\"twitter:site\" content=\"@inforesidencias\" \/>\n<meta name=\"twitter:label1\" content=\"Escrito por\" \/>\n\t<meta name=\"twitter:data1\" content=\"Josep de Mart\u00ed\" \/>\n\t<meta name=\"twitter:label2\" content=\"Tiempo de lectura\" \/>\n\t<meta name=\"twitter:data2\" content=\"3 minutos\" \/>\n<script type=\"application\/ld+json\" class=\"yoast-schema-graph\">{\"@context\":\"https:\/\/schema.org\",\"@graph\":[{\"@type\":\"WebPage\",\"@id\":\"https:\/\/www.inforesidencias.com\/blog\/index.php\/2020\/05\/29\/marcha-nordica-y-cambio-de-modelo-en-las-residencias\/\",\"url\":\"https:\/\/www.inforesidencias.com\/blog\/index.php\/2020\/05\/29\/marcha-nordica-y-cambio-de-modelo-en-las-residencias\/\",\"name\":\"Marcha n\u00f3rdica y cambio de modelo en las residencias - Blog Inforesidencias.com\",\"isPartOf\":{\"@id\":\"https:\/\/www.inforesidencias.com\/blog\/#website\"},\"datePublished\":\"2020-05-29T09:03:20+00:00\",\"dateModified\":\"2020-05-29T09:03:20+00:00\",\"author\":{\"@id\":\"https:\/\/www.inforesidencias.com\/blog\/#\/schema\/person\/9e146774d1eb3bc1c0316242a3898628\"},\"description\":\"Hablamos de marcha n\u00f3rdica para personas mayores con Xavi Ortega y de prevenci\u00f3n y Coronavirus en las residencias con Sergio Osuna, de Fundaci\u00f3n Vellaterra\",\"breadcrumb\":{\"@id\":\"https:\/\/www.inforesidencias.com\/blog\/index.php\/2020\/05\/29\/marcha-nordica-y-cambio-de-modelo-en-las-residencias\/#breadcrumb\"},\"inLanguage\":\"es\",\"potentialAction\":[{\"@type\":\"ReadAction\",\"target\":[\"https:\/\/www.inforesidencias.com\/blog\/index.php\/2020\/05\/29\/marcha-nordica-y-cambio-de-modelo-en-las-residencias\/\"]}]},{\"@type\":\"BreadcrumbList\",\"@id\":\"https:\/\/www.inforesidencias.com\/blog\/index.php\/2020\/05\/29\/marcha-nordica-y-cambio-de-modelo-en-las-residencias\/#breadcrumb\",\"itemListElement\":[{\"@type\":\"ListItem\",\"position\":1,\"name\":\"Home\",\"item\":\"https:\/\/www.inforesidencias.com\/blog\/\"},{\"@type\":\"ListItem\",\"position\":2,\"name\":\"Marcha n\u00f3rdica y cambio de modelo en las residencias\"}]},{\"@type\":\"WebSite\",\"@id\":\"https:\/\/www.inforesidencias.com\/blog\/#website\",\"url\":\"https:\/\/www.inforesidencias.com\/blog\/\",\"name\":\"Blog Inforesidencias.com\",\"description\":\"El buscador de residencias de la 3\u00aa edad\",\"potentialAction\":[{\"@type\":\"SearchAction\",\"target\":{\"@type\":\"EntryPoint\",\"urlTemplate\":\"https:\/\/www.inforesidencias.com\/blog\/?s={search_term_string}\"},\"query-input\":\"required name=search_term_string\"}],\"inLanguage\":\"es\"},{\"@type\":\"Person\",\"@id\":\"https:\/\/www.inforesidencias.com\/blog\/#\/schema\/person\/9e146774d1eb3bc1c0316242a3898628\",\"name\":\"Josep de Mart\u00ed\",\"image\":{\"@type\":\"ImageObject\",\"inLanguage\":\"es\",\"@id\":\"https:\/\/www.inforesidencias.com\/blog\/#\/schema\/person\/image\/\",\"url\":\"https:\/\/secure.gravatar.com\/avatar\/de0302c4806c00c4cebff396a798c1ff?s=96&d=mm&r=g\",\"contentUrl\":\"https:\/\/secure.gravatar.com\/avatar\/de0302c4806c00c4cebff396a798c1ff?s=96&d=mm&r=g\",\"caption\":\"Josep de Mart\u00ed\"},\"sameAs\":[\"https:\/\/www.inforesidencias.com\",\"https:\/\/www.facebook.com\/josep.demarti\",\"https:\/\/twitter.com\/blog-ir\"],\"url\":\"https:\/\/www.inforesidencias.com\/blog\/index.php\/author\/josepdemarti\/\"}]}<\/script>\n<!-- \/ Yoast SEO plugin. -->","yoast_head_json":{"title":"Marcha n\u00f3rdica y cambio de modelo en las residencias - Blog Inforesidencias.com","description":"Hablamos de marcha n\u00f3rdica para personas mayores con Xavi Ortega y de prevenci\u00f3n y Coronavirus en las residencias con Sergio Osuna, de Fundaci\u00f3n Vellaterra","robots":{"index":"index","follow":"follow","max-snippet":"max-snippet:-1","max-image-preview":"max-image-preview:large","max-video-preview":"max-video-preview:-1"},"canonical":"https:\/\/www.inforesidencias.com\/blog\/index.php\/2020\/05\/29\/marcha-nordica-y-cambio-de-modelo-en-las-residencias\/","og_locale":"es_ES","og_type":"article","og_title":"Marcha n\u00f3rdica y cambio de modelo en las residencias - Blog Inforesidencias.com","og_description":"Hablamos de marcha n\u00f3rdica para personas mayores con Xavi Ortega y de prevenci\u00f3n y Coronavirus en las residencias con Sergio Osuna, de Fundaci\u00f3n Vellaterra","og_url":"https:\/\/www.inforesidencias.com\/blog\/index.php\/2020\/05\/29\/marcha-nordica-y-cambio-de-modelo-en-las-residencias\/","og_site_name":"Blog Inforesidencias.com","article_publisher":"https:\/\/www.facebook.com\/Inforesidencias\/","article_author":"https:\/\/www.facebook.com\/josep.demarti","article_published_time":"2020-05-29T09:03:20+00:00","og_image":[{"width":400,"height":322,"url":"https:\/\/www.inforesidencias.com\/blog\/wp-content\/uploads\/2020\/04\/Coronavirus-en-las-residencias-de-mayores1.png","type":"image\/png"}],"author":"Josep de Mart\u00ed","twitter_card":"summary_large_image","twitter_creator":"@blog-ir","twitter_site":"@inforesidencias","twitter_misc":{"Escrito por":"Josep de Mart\u00ed","Tiempo de lectura":"3 minutos"},"schema":{"@context":"https:\/\/schema.org","@graph":[{"@type":"WebPage","@id":"https:\/\/www.inforesidencias.com\/blog\/index.php\/2020\/05\/29\/marcha-nordica-y-cambio-de-modelo-en-las-residencias\/","url":"https:\/\/www.inforesidencias.com\/blog\/index.php\/2020\/05\/29\/marcha-nordica-y-cambio-de-modelo-en-las-residencias\/","name":"Marcha n\u00f3rdica y cambio de modelo en las residencias - Blog Inforesidencias.com","isPartOf":{"@id":"https:\/\/www.inforesidencias.com\/blog\/#website"},"datePublished":"2020-05-29T09:03:20+00:00","dateModified":"2020-05-29T09:03:20+00:00","author":{"@id":"https:\/\/www.inforesidencias.com\/blog\/#\/schema\/person\/9e146774d1eb3bc1c0316242a3898628"},"description":"Hablamos de marcha n\u00f3rdica para personas mayores con Xavi Ortega y de prevenci\u00f3n y Coronavirus en las residencias con Sergio Osuna, de Fundaci\u00f3n Vellaterra","breadcrumb":{"@id":"https:\/\/www.inforesidencias.com\/blog\/index.php\/2020\/05\/29\/marcha-nordica-y-cambio-de-modelo-en-las-residencias\/#breadcrumb"},"inLanguage":"es","potentialAction":[{"@type":"ReadAction","target":["https:\/\/www.inforesidencias.com\/blog\/index.php\/2020\/05\/29\/marcha-nordica-y-cambio-de-modelo-en-las-residencias\/"]}]},{"@type":"BreadcrumbList","@id":"https:\/\/www.inforesidencias.com\/blog\/index.php\/2020\/05\/29\/marcha-nordica-y-cambio-de-modelo-en-las-residencias\/#breadcrumb","itemListElement":[{"@type":"ListItem","position":1,"name":"Home","item":"https:\/\/www.inforesidencias.com\/blog\/"},{"@type":"ListItem","position":2,"name":"Marcha n\u00f3rdica y cambio de modelo en las residencias"}]},{"@type":"WebSite","@id":"https:\/\/www.inforesidencias.com\/blog\/#website","url":"https:\/\/www.inforesidencias.com\/blog\/","name":"Blog Inforesidencias.com","description":"El buscador de residencias de la 3\u00aa edad","potentialAction":[{"@type":"SearchAction","target":{"@type":"EntryPoint","urlTemplate":"https:\/\/www.inforesidencias.com\/blog\/?s={search_term_string}"},"query-input":"required name=search_term_string"}],"inLanguage":"es"},{"@type":"Person","@id":"https:\/\/www.inforesidencias.com\/blog\/#\/schema\/person\/9e146774d1eb3bc1c0316242a3898628","name":"Josep de Mart\u00ed","image":{"@type":"ImageObject","inLanguage":"es","@id":"https:\/\/www.inforesidencias.com\/blog\/#\/schema\/person\/image\/","url":"https:\/\/secure.gravatar.com\/avatar\/de0302c4806c00c4cebff396a798c1ff?s=96&d=mm&r=g","contentUrl":"https:\/\/secure.gravatar.com\/avatar\/de0302c4806c00c4cebff396a798c1ff?s=96&d=mm&r=g","caption":"Josep de Mart\u00ed"},"sameAs":["https:\/\/www.inforesidencias.com","https:\/\/www.facebook.com\/josep.demarti","https:\/\/twitter.com\/blog-ir"],"url":"https:\/\/www.inforesidencias.com\/blog\/index.php\/author\/josepdemarti\/"}]}},"_links":{"self":[{"href":"https:\/\/www.inforesidencias.com\/blog\/index.php\/wp-json\/wp\/v2\/posts\/3254"}],"collection":[{"href":"https:\/\/www.inforesidencias.com\/blog\/index.php\/wp-json\/wp\/v2\/posts"}],"about":[{"href":"https:\/\/www.inforesidencias.com\/blog\/index.php\/wp-json\/wp\/v2\/types\/post"}],"author":[{"embeddable":true,"href":"https:\/\/www.inforesidencias.com\/blog\/index.php\/wp-json\/wp\/v2\/users\/2"}],"replies":[{"embeddable":true,"href":"https:\/\/www.inforesidencias.com\/blog\/index.php\/wp-json\/wp\/v2\/comments?post=3254"}],"version-history":[{"count":5,"href":"https:\/\/www.inforesidencias.com\/blog\/index.php\/wp-json\/wp\/v2\/posts\/3254\/revisions"}],"predecessor-version":[{"id":3261,"href":"https:\/\/www.inforesidencias.com\/blog\/index.php\/wp-json\/wp\/v2\/posts\/3254\/revisions\/3261"}],"wp:featuredmedia":[{"embeddable":true,"href":"https:\/\/www.inforesidencias.com\/blog\/index.php\/wp-json\/wp\/v2\/media\/3100"}],"wp:attachment":[{"href":"https:\/\/www.inforesidencias.com\/blog\/index.php\/wp-json\/wp\/v2\/media?parent=3254"}],"wp:term":[{"taxonomy":"category","embeddable":true,"href":"https:\/\/www.inforesidencias.com\/blog\/index.php\/wp-json\/wp\/v2\/categories?post=3254"},{"taxonomy":"post_tag","embeddable":true,"href":"https:\/\/www.inforesidencias.com\/blog\/index.php\/wp-json\/wp\/v2\/tags?post=3254"}],"curies":[{"name":"wp","href":"https:\/\/api.w.org\/{rel}","templated":true}]}}