{"id":3265,"date":"2020-06-05T08:44:05","date_gmt":"2020-06-05T08:44:05","guid":{"rendered":"https:\/\/www.inforesidencias.com\/blog\/?p=3265"},"modified":"2020-06-05T08:44:05","modified_gmt":"2020-06-05T08:44:05","slug":"tik-tok-en-la-sauleda-y-el-100-de-transparencia-en-las-residencias-de-fiatc","status":"publish","type":"post","link":"https:\/\/www.inforesidencias.com\/blog\/index.php\/2020\/06\/05\/tik-tok-en-la-sauleda-y-el-100-de-transparencia-en-las-residencias-de-fiatc\/","title":{"rendered":"TIK TOK en la Sauleda y el 100% de transparencia en las residencias de FIATC"},"content":{"rendered":"<p style=\"text-align: justify\">El <a href=\"https:\/\/www.estelfitxers.com\/audio\/20200603-17_00TEMPSDEBENESTAR-ESGRANSERGRAN.MP3\">programa del mi\u00e9rcoles de \u201c\u00c9s gran ser gran\u201d<\/a> lo iniciamos hablando de que cada vez esta mas cerca el hecho de que se puedan hacer ingresos en residencias. De hecho, hasta en algunas de ellas si se cumplen una serie de requisitos hasta se pueden hacer ya nuevos ingresos.<\/p>\n<p style=\"text-align: justify\">En la entrevista del dia hablamos con Mariona Rodriguez, terapeuta ocupacional de la <a href=\"https:\/\/www.inforesidencias.com\/centros\/residencia\/3087\/can-sauleda-residencia\">residencia Sauled<\/a>a en Sant Antoni de Vilamajor. Con Mariona empezamos hablando un poco de c\u00f3mo estaban en la residencia despu\u00e9s de estos meses de pandemia y como han afrontado ellos el aislamiento y la comunicaci\u00f3n con las familias.<\/p>\n<p style=\"text-align: justify\">Sobre esto hicieron llamadas y video llamadas constantes y hasta a trav\u00e9s de la app TIKTOK\u00a0<a href=\"https:\/\/vm.tiktok.com\/wYatKs\/\"> han grabado unos videos divertidos con los residentes<\/a> de m\u00e1ximo 15 segundos cada uno que es el tiempo m\u00e1ximo que permite esta plataforma. Han tenido ni m\u00e1s ni menos que \u00e1s de 175.000 visitas y les han contactado de diferentes pa\u00edses en donde han llegado sus videos<\/p>\n<p style=\"text-align: justify\">Por otro lado retomamos un tema que ya nos explicaron la \u00faltima vez que vinieron al programa y era el conseguir una bicicleta adaptada a<a href=\"https:\/\/dependencia.info\/noticia\/2203\/actualidad\/la-residencia-sauleda-organiza-el-proyecto-vejez-activa:-bici-sin-edad.html\"> trav\u00e9s de la iniciativa \u201cCyclyng withouth age\u201d<\/a> y despu\u00e9s de todo este tiempo han logrado el dinero necesario haciendo actividades de todo tipo. El problema ahora es que ahora con el COVID19 no pueden hacer el viaje que ten\u00edan pensado hacer con algunos residentes para ir a buscar la bicicleta.<\/p>\n<p style=\"text-align: justify\">En la recta final de la entrevista nos coment\u00f3\u00a0planean ellos las visitas de familiares y como siguen con el 100% de plazas ocupadas a d\u00eda de hoy<\/p>\n<p style=\"text-align: justify\">En la consulta del trabajador social, despu\u00e9s de la bolsa de empleo respondimos una pregunta sobre cuando podr\u00edan haber nuevos <img decoding=\"async\" loading=\"lazy\" class=\"alignleft wp-image-3100\" src=\"https:\/\/www.inforesidencias.com\/blog\/wp-content\/uploads\/2020\/04\/Coronavirus-en-las-residencias-de-mayores1.png\" alt=\"transparencia en inforesidencias\" width=\"280\" height=\"225\" \/>ingresos.\u00a0Como respuesta, complementamos lo que dijo Josep de Mart\u00ed al inicio del programa sobre este tema concretando alguno de los aspectos.<\/p>\n<p style=\"text-align: justify\">El <a href=\"https:\/\/www.estelfitxers.com\/audio\/20200604-17_00TEMPSDEBENESTAR-ESGRANSERGRAN.MP3\">programa del jueves<\/a> lo iniciamos hablando de\u00a0que hace pocos d\u00edas inforesidencias cumpli\u00f3 20 a\u00f1os. Josep de Mart\u00ed explic\u00f3 porque se cre\u00f3 inforesidencias y como ha ido evolucionando estos a\u00f1os. Centramos un poco nuestra atenci\u00f3n hablando del indicador de transparencia que cuantifica la cantidad de informaci\u00f3n de una residencia que se publica en su ficha de inforesidencias para que los usuarios que nos visitan lo puedan ver.<\/p>\n<p style=\"text-align: justify\">Sobre la transparencia y el hito de llegar al 100% hablamos con Cristina Santana, responsable de marketing y comunicaci\u00f3n del Grupo FIATC residencias. Son el primer grupo de Catalu\u00f1a que ha logrado el 100% de transparencia en todos sus centros. Cristina empez\u00f3 primero record\u00e1ndonos donde est\u00e1n ubicadas sus tres residencias y seguidamente nos enfocamos a que nos explicara como han adaptado los canales de comunicaci\u00f3n durante la pandemia.<\/p>\n<p style=\"text-align: justify\">En primer lugar para la comunicaci\u00f3n de familiares con residentes pusieron un tel\u00e9fono en cada habitaci\u00f3n y establecieron horarios para las llamadas para estar coordinados. Tambi\u00e9n establecieron desde el principio las videollamadas y un correo electr\u00f3nico en donde pod\u00edan enviar videos, fotos, dibujos de nietos etc.<\/p>\n<p style=\"text-align: justify\">Tambi\u00e9n como hemos pasado varias festividades confinados desde FIATC residencias pidieron que para el d\u00eda de la madre o el padre por ejemplo a los familiares de los residentes que enviaran an\u00e9cdotas de a\u00f1os pasados que han vivido con sus allegados de la residencia.<\/p>\n<p style=\"text-align: justify\">En los \u00faltimos minutos de la entrevista nos explic\u00f3 los motivos por los que han decidido llegar al 100% de transparencia y vimos que todo forma parte ya de base, de una filosof\u00eda de trabajo en donde la transparencia en todo lo que hacen es muy importante, y m\u00e1s en estos momentos. Tambi\u00e9n nos hizo que en su centro de Mollet tambi\u00e9n est\u00e1n empezando a hacer ingresos<\/p>\n<p style=\"text-align: justify\">Antes de acabar el programa en la consulta del trabajador social la pregunta que nos lleg\u00f3 era sobre como saber el estado de tramitaci\u00f3n de una prestaci\u00f3n econ\u00f3mica vinculada (PEV) de residencia. Explicamos mediante que canales el oyente pod\u00eda conseguir una respuesta a su duda de una forma r\u00e1pida.<\/p>\n<p style=\"text-align: justify\">Descubre las 3 residencias del grupo FIATC residencias que son 100% transparentes:<\/p>\n<p style=\"text-align: justify\">&#8211; <a href=\"https:\/\/www.inforesidencias.com\/centros\/residencia\/9367\/residencia-i-centre-de-dia-blau-almeda\">Residencia Blau Almeda<\/a><\/p>\n<p style=\"text-align: justify\">&#8211; <a href=\"https:\/\/www.inforesidencias.com\/centros\/residencia\/11805\/residencia-i-centre-de-dia-les-masies-de-mollet\">Residencia les Masies de Mollet<\/a><\/p>\n<p style=\"text-align: justify\">&#8211; <a href=\"https:\/\/www.inforesidencias.com\/centros\/residencia\/8592\/residencia-i-centre-de-dia-cugat-natura\">Residencia Cugat Natura<\/a><\/p>\n","protected":false},"excerpt":{"rendered":"<p>El programa del mi\u00e9rcoles de \u201c\u00c9s gran ser gran\u201d lo iniciamos hablando de que cada vez esta mas cerca el hecho de que se puedan hacer ingresos en residencias. De hecho, hasta en algunas de ellas si se cumplen una serie de requisitos hasta se pueden hacer ya nuevos ingresos. En la entrevista del dia hablamos con Mariona Rodriguez, terapeuta ocupacional de la residencia Sauleda en Sant Antoni de Vilamajor. Con Mariona empezamos hablando un poco de c\u00f3mo estaban en la residencia despu\u00e9s de estos meses de pandemia y como han afrontado ellos el aislamiento y la comunicaci\u00f3n con las familias. Sobre esto hicieron llamadas y video llamadas constantes y hasta a trav\u00e9s de la app TIKTOK\u00a0 han grabado unos videos divertidos con los residentes de m\u00e1ximo 15 segundos cada uno que es el tiempo m\u00e1ximo que permite esta plataforma. Han tenido ni m\u00e1s ni menos que \u00e1s de 175.000 [&hellip;]<\/p>\n","protected":false},"author":2,"featured_media":3100,"comment_status":"open","ping_status":"open","sticky":false,"template":"","format":"standard","meta":{"footnotes":""},"categories":[1],"tags":[],"yoast_head":"<!-- This site is optimized with the Yoast SEO plugin v21.7 - https:\/\/yoast.com\/wordpress\/plugins\/seo\/ -->\n<title>TIK TOK en la Sauleda y el 100% de transparencia en las residencias de FIATC - Blog Inforesidencias.com<\/title>\n<meta name=\"description\" content=\"Tratamos la iniciativa con la APP TIKTOK de residencia la Sauleda y tambi\u00e9n de que el Grupo FIATC ha alcanzado el 100% de transparencia en inforesidencias\" \/>\n<meta name=\"robots\" content=\"index, follow, max-snippet:-1, max-image-preview:large, max-video-preview:-1\" \/>\n<link rel=\"canonical\" href=\"https:\/\/www.inforesidencias.com\/blog\/index.php\/2020\/06\/05\/tik-tok-en-la-sauleda-y-el-100-de-transparencia-en-las-residencias-de-fiatc\/\" \/>\n<meta property=\"og:locale\" content=\"es_ES\" \/>\n<meta property=\"og:type\" content=\"article\" \/>\n<meta property=\"og:title\" content=\"TIK TOK en la Sauleda y el 100% de transparencia en las residencias de FIATC - Blog Inforesidencias.com\" \/>\n<meta property=\"og:description\" content=\"Tratamos la iniciativa con la APP TIKTOK de residencia la Sauleda y tambi\u00e9n de que el Grupo FIATC ha alcanzado el 100% de transparencia en inforesidencias\" \/>\n<meta property=\"og:url\" content=\"https:\/\/www.inforesidencias.com\/blog\/index.php\/2020\/06\/05\/tik-tok-en-la-sauleda-y-el-100-de-transparencia-en-las-residencias-de-fiatc\/\" \/>\n<meta property=\"og:site_name\" content=\"Blog Inforesidencias.com\" \/>\n<meta property=\"article:publisher\" content=\"https:\/\/www.facebook.com\/Inforesidencias\/\" \/>\n<meta property=\"article:author\" content=\"https:\/\/www.facebook.com\/josep.demarti\" \/>\n<meta property=\"article:published_time\" content=\"2020-06-05T08:44:05+00:00\" \/>\n<meta property=\"og:image\" content=\"https:\/\/www.inforesidencias.com\/blog\/wp-content\/uploads\/2020\/04\/Coronavirus-en-las-residencias-de-mayores1.png\" \/>\n\t<meta property=\"og:image:width\" content=\"400\" \/>\n\t<meta property=\"og:image:height\" content=\"322\" \/>\n\t<meta property=\"og:image:type\" content=\"image\/png\" \/>\n<meta name=\"author\" content=\"Josep de Mart\u00ed\" \/>\n<meta name=\"twitter:card\" content=\"summary_large_image\" \/>\n<meta name=\"twitter:creator\" content=\"@blog-ir\" \/>\n<meta name=\"twitter:site\" content=\"@inforesidencias\" \/>\n<meta name=\"twitter:label1\" content=\"Escrito por\" \/>\n\t<meta name=\"twitter:data1\" content=\"Josep de Mart\u00ed\" \/>\n\t<meta name=\"twitter:label2\" content=\"Tiempo de lectura\" \/>\n\t<meta name=\"twitter:data2\" content=\"4 minutos\" \/>\n<script type=\"application\/ld+json\" class=\"yoast-schema-graph\">{\"@context\":\"https:\/\/schema.org\",\"@graph\":[{\"@type\":\"WebPage\",\"@id\":\"https:\/\/www.inforesidencias.com\/blog\/index.php\/2020\/06\/05\/tik-tok-en-la-sauleda-y-el-100-de-transparencia-en-las-residencias-de-fiatc\/\",\"url\":\"https:\/\/www.inforesidencias.com\/blog\/index.php\/2020\/06\/05\/tik-tok-en-la-sauleda-y-el-100-de-transparencia-en-las-residencias-de-fiatc\/\",\"name\":\"TIK TOK en la Sauleda y el 100% de transparencia en las residencias de FIATC - Blog Inforesidencias.com\",\"isPartOf\":{\"@id\":\"https:\/\/www.inforesidencias.com\/blog\/#website\"},\"datePublished\":\"2020-06-05T08:44:05+00:00\",\"dateModified\":\"2020-06-05T08:44:05+00:00\",\"author\":{\"@id\":\"https:\/\/www.inforesidencias.com\/blog\/#\/schema\/person\/9e146774d1eb3bc1c0316242a3898628\"},\"description\":\"Tratamos la iniciativa con la APP TIKTOK de residencia la Sauleda y tambi\u00e9n de que el Grupo FIATC ha alcanzado el 100% de transparencia en inforesidencias\",\"breadcrumb\":{\"@id\":\"https:\/\/www.inforesidencias.com\/blog\/index.php\/2020\/06\/05\/tik-tok-en-la-sauleda-y-el-100-de-transparencia-en-las-residencias-de-fiatc\/#breadcrumb\"},\"inLanguage\":\"es\",\"potentialAction\":[{\"@type\":\"ReadAction\",\"target\":[\"https:\/\/www.inforesidencias.com\/blog\/index.php\/2020\/06\/05\/tik-tok-en-la-sauleda-y-el-100-de-transparencia-en-las-residencias-de-fiatc\/\"]}]},{\"@type\":\"BreadcrumbList\",\"@id\":\"https:\/\/www.inforesidencias.com\/blog\/index.php\/2020\/06\/05\/tik-tok-en-la-sauleda-y-el-100-de-transparencia-en-las-residencias-de-fiatc\/#breadcrumb\",\"itemListElement\":[{\"@type\":\"ListItem\",\"position\":1,\"name\":\"Home\",\"item\":\"https:\/\/www.inforesidencias.com\/blog\/\"},{\"@type\":\"ListItem\",\"position\":2,\"name\":\"TIK TOK en la Sauleda y el 100% de transparencia en las residencias de FIATC\"}]},{\"@type\":\"WebSite\",\"@id\":\"https:\/\/www.inforesidencias.com\/blog\/#website\",\"url\":\"https:\/\/www.inforesidencias.com\/blog\/\",\"name\":\"Blog Inforesidencias.com\",\"description\":\"El buscador de residencias de la 3\u00aa edad\",\"potentialAction\":[{\"@type\":\"SearchAction\",\"target\":{\"@type\":\"EntryPoint\",\"urlTemplate\":\"https:\/\/www.inforesidencias.com\/blog\/?s={search_term_string}\"},\"query-input\":\"required name=search_term_string\"}],\"inLanguage\":\"es\"},{\"@type\":\"Person\",\"@id\":\"https:\/\/www.inforesidencias.com\/blog\/#\/schema\/person\/9e146774d1eb3bc1c0316242a3898628\",\"name\":\"Josep de Mart\u00ed\",\"image\":{\"@type\":\"ImageObject\",\"inLanguage\":\"es\",\"@id\":\"https:\/\/www.inforesidencias.com\/blog\/#\/schema\/person\/image\/\",\"url\":\"https:\/\/secure.gravatar.com\/avatar\/de0302c4806c00c4cebff396a798c1ff?s=96&d=mm&r=g\",\"contentUrl\":\"https:\/\/secure.gravatar.com\/avatar\/de0302c4806c00c4cebff396a798c1ff?s=96&d=mm&r=g\",\"caption\":\"Josep de Mart\u00ed\"},\"sameAs\":[\"https:\/\/www.inforesidencias.com\",\"https:\/\/www.facebook.com\/josep.demarti\",\"https:\/\/twitter.com\/blog-ir\"],\"url\":\"https:\/\/www.inforesidencias.com\/blog\/index.php\/author\/josepdemarti\/\"}]}<\/script>\n<!-- \/ Yoast SEO plugin. -->","yoast_head_json":{"title":"TIK TOK en la Sauleda y el 100% de transparencia en las residencias de FIATC - Blog Inforesidencias.com","description":"Tratamos la iniciativa con la APP TIKTOK de residencia la Sauleda y tambi\u00e9n de que el Grupo FIATC ha alcanzado el 100% de transparencia en inforesidencias","robots":{"index":"index","follow":"follow","max-snippet":"max-snippet:-1","max-image-preview":"max-image-preview:large","max-video-preview":"max-video-preview:-1"},"canonical":"https:\/\/www.inforesidencias.com\/blog\/index.php\/2020\/06\/05\/tik-tok-en-la-sauleda-y-el-100-de-transparencia-en-las-residencias-de-fiatc\/","og_locale":"es_ES","og_type":"article","og_title":"TIK TOK en la Sauleda y el 100% de transparencia en las residencias de FIATC - Blog Inforesidencias.com","og_description":"Tratamos la iniciativa con la APP TIKTOK de residencia la Sauleda y tambi\u00e9n de que el Grupo FIATC ha alcanzado el 100% de transparencia en inforesidencias","og_url":"https:\/\/www.inforesidencias.com\/blog\/index.php\/2020\/06\/05\/tik-tok-en-la-sauleda-y-el-100-de-transparencia-en-las-residencias-de-fiatc\/","og_site_name":"Blog Inforesidencias.com","article_publisher":"https:\/\/www.facebook.com\/Inforesidencias\/","article_author":"https:\/\/www.facebook.com\/josep.demarti","article_published_time":"2020-06-05T08:44:05+00:00","og_image":[{"width":400,"height":322,"url":"https:\/\/www.inforesidencias.com\/blog\/wp-content\/uploads\/2020\/04\/Coronavirus-en-las-residencias-de-mayores1.png","type":"image\/png"}],"author":"Josep de Mart\u00ed","twitter_card":"summary_large_image","twitter_creator":"@blog-ir","twitter_site":"@inforesidencias","twitter_misc":{"Escrito por":"Josep de Mart\u00ed","Tiempo de lectura":"4 minutos"},"schema":{"@context":"https:\/\/schema.org","@graph":[{"@type":"WebPage","@id":"https:\/\/www.inforesidencias.com\/blog\/index.php\/2020\/06\/05\/tik-tok-en-la-sauleda-y-el-100-de-transparencia-en-las-residencias-de-fiatc\/","url":"https:\/\/www.inforesidencias.com\/blog\/index.php\/2020\/06\/05\/tik-tok-en-la-sauleda-y-el-100-de-transparencia-en-las-residencias-de-fiatc\/","name":"TIK TOK en la Sauleda y el 100% de transparencia en las residencias de FIATC - Blog Inforesidencias.com","isPartOf":{"@id":"https:\/\/www.inforesidencias.com\/blog\/#website"},"datePublished":"2020-06-05T08:44:05+00:00","dateModified":"2020-06-05T08:44:05+00:00","author":{"@id":"https:\/\/www.inforesidencias.com\/blog\/#\/schema\/person\/9e146774d1eb3bc1c0316242a3898628"},"description":"Tratamos la iniciativa con la APP TIKTOK de residencia la Sauleda y tambi\u00e9n de que el Grupo FIATC ha alcanzado el 100% de transparencia en inforesidencias","breadcrumb":{"@id":"https:\/\/www.inforesidencias.com\/blog\/index.php\/2020\/06\/05\/tik-tok-en-la-sauleda-y-el-100-de-transparencia-en-las-residencias-de-fiatc\/#breadcrumb"},"inLanguage":"es","potentialAction":[{"@type":"ReadAction","target":["https:\/\/www.inforesidencias.com\/blog\/index.php\/2020\/06\/05\/tik-tok-en-la-sauleda-y-el-100-de-transparencia-en-las-residencias-de-fiatc\/"]}]},{"@type":"BreadcrumbList","@id":"https:\/\/www.inforesidencias.com\/blog\/index.php\/2020\/06\/05\/tik-tok-en-la-sauleda-y-el-100-de-transparencia-en-las-residencias-de-fiatc\/#breadcrumb","itemListElement":[{"@type":"ListItem","position":1,"name":"Home","item":"https:\/\/www.inforesidencias.com\/blog\/"},{"@type":"ListItem","position":2,"name":"TIK TOK en la Sauleda y el 100% de transparencia en las residencias de FIATC"}]},{"@type":"WebSite","@id":"https:\/\/www.inforesidencias.com\/blog\/#website","url":"https:\/\/www.inforesidencias.com\/blog\/","name":"Blog Inforesidencias.com","description":"El buscador de residencias de la 3\u00aa edad","potentialAction":[{"@type":"SearchAction","target":{"@type":"EntryPoint","urlTemplate":"https:\/\/www.inforesidencias.com\/blog\/?s={search_term_string}"},"query-input":"required name=search_term_string"}],"inLanguage":"es"},{"@type":"Person","@id":"https:\/\/www.inforesidencias.com\/blog\/#\/schema\/person\/9e146774d1eb3bc1c0316242a3898628","name":"Josep de Mart\u00ed","image":{"@type":"ImageObject","inLanguage":"es","@id":"https:\/\/www.inforesidencias.com\/blog\/#\/schema\/person\/image\/","url":"https:\/\/secure.gravatar.com\/avatar\/de0302c4806c00c4cebff396a798c1ff?s=96&d=mm&r=g","contentUrl":"https:\/\/secure.gravatar.com\/avatar\/de0302c4806c00c4cebff396a798c1ff?s=96&d=mm&r=g","caption":"Josep de Mart\u00ed"},"sameAs":["https:\/\/www.inforesidencias.com","https:\/\/www.facebook.com\/josep.demarti","https:\/\/twitter.com\/blog-ir"],"url":"https:\/\/www.inforesidencias.com\/blog\/index.php\/author\/josepdemarti\/"}]}},"_links":{"self":[{"href":"https:\/\/www.inforesidencias.com\/blog\/index.php\/wp-json\/wp\/v2\/posts\/3265"}],"collection":[{"href":"https:\/\/www.inforesidencias.com\/blog\/index.php\/wp-json\/wp\/v2\/posts"}],"about":[{"href":"https:\/\/www.inforesidencias.com\/blog\/index.php\/wp-json\/wp\/v2\/types\/post"}],"author":[{"embeddable":true,"href":"https:\/\/www.inforesidencias.com\/blog\/index.php\/wp-json\/wp\/v2\/users\/2"}],"replies":[{"embeddable":true,"href":"https:\/\/www.inforesidencias.com\/blog\/index.php\/wp-json\/wp\/v2\/comments?post=3265"}],"version-history":[{"count":9,"href":"https:\/\/www.inforesidencias.com\/blog\/index.php\/wp-json\/wp\/v2\/posts\/3265\/revisions"}],"predecessor-version":[{"id":3288,"href":"https:\/\/www.inforesidencias.com\/blog\/index.php\/wp-json\/wp\/v2\/posts\/3265\/revisions\/3288"}],"wp:featuredmedia":[{"embeddable":true,"href":"https:\/\/www.inforesidencias.com\/blog\/index.php\/wp-json\/wp\/v2\/media\/3100"}],"wp:attachment":[{"href":"https:\/\/www.inforesidencias.com\/blog\/index.php\/wp-json\/wp\/v2\/media?parent=3265"}],"wp:term":[{"taxonomy":"category","embeddable":true,"href":"https:\/\/www.inforesidencias.com\/blog\/index.php\/wp-json\/wp\/v2\/categories?post=3265"},{"taxonomy":"post_tag","embeddable":true,"href":"https:\/\/www.inforesidencias.com\/blog\/index.php\/wp-json\/wp\/v2\/tags?post=3265"}],"curies":[{"name":"wp","href":"https:\/\/api.w.org\/{rel}","templated":true}]}}