{"id":3297,"date":"2020-06-11T10:31:24","date_gmt":"2020-06-11T10:31:24","guid":{"rendered":"https:\/\/www.inforesidencias.com\/blog\/?p=3297"},"modified":"2020-06-11T10:31:24","modified_gmt":"2020-06-11T10:31:24","slug":"sector-geriatrico-en-aragon","status":"publish","type":"post","link":"https:\/\/www.inforesidencias.com\/blog\/index.php\/2020\/06\/11\/sector-geriatrico-en-aragon\/","title":{"rendered":"Sector geri\u00e1trico en Arag\u00f3n"},"content":{"rendered":"<p>&nbsp;<\/p>\n<p><a href=\"https:\/\/www.inforesidencias.com\/blog\/wp-content\/uploads\/2020\/06\/Escudo_de_Aragon.png\"><img decoding=\"async\" loading=\"lazy\" class=\"alignleft size-full wp-image-3305\" src=\"https:\/\/www.inforesidencias.com\/blog\/wp-content\/uploads\/2020\/06\/Escudo_de_Aragon.png\" alt=\"Escudo_de_Aragon\" width=\"160\" height=\"213\" \/><\/a><\/p>\n<p>&nbsp;<\/p>\n<p>Arag\u00f3n es una de las comunidades aut\u00f3nomas con la poblaci\u00f3n m\u00e1s envejecida pero que actualmente cuenta con buenas opciones para estas personas mayores que requieren una <strong>residencia o un centro de d\u00eda<\/strong>.\u00a0\u00a0 Con 6,41 camas por cada 100 mayores de 65 a\u00f1os est\u00e1 incluso por encima de la media europea recomendada de cinco.\u00a0 Si tenemos en cuanta que la <a href=\"https:\/\/www.ign.es\/espmap\/graficos_spain_bach\/Espana_Graf_01.htm\">poblaci\u00f3n de Arag\u00f3n<\/a> representa el 3% del total del estado y entre sus tres provincias tienen una superficie del 9,4% del\u00a0estado (es decir, 6 veces la superficie de la comunidad de Madrid) el gran reto no es el envejecimiento de su poblaci\u00f3n, sino su gran dispersi\u00f3n geogr\u00e1fica.<\/p>\n<p><span style=\"font-weight: 300\"><strong>Sector geri\u00e1trico en Arag\u00f3n<\/strong>, datos b\u00e1sicos:<\/span><\/p>\n<ul>\n<li>Poblaci\u00f3n: 1.319.291.\u00a0 Representa el 3% de la poblaci\u00f3n total del Estado<\/li>\n<li>Poblaci\u00f3n &gt; 65 a\u00f1os: 285.600.\u00a0 Es el 22% de la poblaci\u00f3n de Arag\u00f3n<\/li>\n<li>Poblaci\u00f3n &gt; 80 a\u00f1os: 100.853. Es el 8% de la poblaci\u00f3n de Arag\u00f3n<\/li>\n<li>Centros geri\u00e1tricos operativos: 258<\/li>\n<li>Camas geri\u00e1tricas operativas: 18.316 camas<\/li>\n<li>Ratio de camas por cada 100 personas mayores de 65 a\u00f1os: 6,41 (la media de Espa\u00f1a es 4,08)<\/li>\n<li>Ratio de camas por cada 100 personas mayores de 80 a\u00f1os: 18,16 (la media de Espa\u00f1a es 12,09)<\/li>\n<\/ul>\n<p>Arag\u00f3n es una de las comunidades aut\u00f3nomas con m\u00e1s camas por 100 personas mayores de 65 y de 80 a\u00f1os, con una ratio de 6,41 camas por cada 100 mayores de 65 a\u00f1os y de 18,16 por cada 100 personas mayores de 80 a\u00f1os es de las comunidades con m\u00e1s plazas en residencias geri\u00e1tricas y otras opciones para personas de la tercera edad.<\/p>\n<p>En 2020 hab\u00eda 258 residencias de mayores en la comunidad, con un total de 18.300 camas disponibles, aunque existen bastantes proyectos en marcha que sumar\u00edan algo m\u00e1s de 1000 camas a las actuales, es decir un buen apoyo al sector geri\u00e1trico de la comunidad.\u00a0 El problema, como apunt\u00e1bamos antes, es la gran dispersi\u00f3n geogr\u00e1fica de la poblaci\u00f3n donde se hace complicado llenar las residencias y rentabilizarlas.<\/p>\n<p>Los cinco grupos que est\u00e1n siendo m\u00e1s activos en esta comunidad son:<\/p>\n<ul>\n<li>Fundaci\u00f3n Rey Ardid<\/li>\n<li>Grupo Vitalia<\/li>\n<li>Fundaci\u00f3n Federio Ozanam<\/li>\n<li>Grupo Ballesol<\/li>\n<li>Grupo DomusVi Espa\u00f1a<\/li>\n<\/ul>\n<p>Tal como pasaba en la comunidad de Galicia, el tercer sector es un actor importante en la gesti\u00f3n de las camas geri\u00e1tricas.\u00a0\u00a0 De hecho, el numero 1 y el n\u00famero 3 en cuanto a n\u00famero de camas geri\u00e1tricas en funcionamiento son ambas fundaciones locales.<\/p>\n<p>Curiosamente, algo m\u00e1s de un tercio de las plazas est\u00e1n gestionadas por el sector privado, otro tercio por el Sector P\u00fablico y, como peculiaridad, en esta comunidad hay mucha iniciativa de parte de los mismos ayuntamientos, y un 30% por el Tercer sector.<\/p>\n<p>Existen bastantes iniciativas conjuntas entre <a href=\"https:\/\/www.aragondigital.es\/2020\/03\/12\/alcaniz-abrira-una-nueva-residencia-de-mayores-en-2022\/\">ayuntamientos y el tercer sector<\/a>, para ayudar a la problem\u00e1tica actual de algunas provincias:\u00a0 una poblaci\u00f3n envejecida y falta de trabajo en las poblaciones para personas j\u00f3venes.\u00a0 La creaci\u00f3n de residencias para mayores apoya a la poblaci\u00f3n local creando puestos de trabajos para los j\u00f3venes y cuidados a los mayores en muchos municipios.\u00a0 Es decir, uno de los creadores de empleo m\u00e1s potentes del municipio son las propias <strong>residencias de mayores.<\/strong><\/p>\n<p>Las camas geri\u00e1tricas est\u00e1n divididas a d\u00eda de hoy en casi una tercera parte en manos de cada uno de los tres sectores:<\/p>\n<ul>\n<li>35% Promotores privados (grupos y particulares)<\/li>\n<li>30% Tercer sector<\/li>\n<li>35% P\u00fablico, dividido entre:\n<ul>\n<li>21% Publico municipal<\/li>\n<li>13% P\u00fablico auton\u00f3mico<\/li>\n<li>1% Concesiones administrativas de obra y explotaci\u00f3n<\/li>\n<\/ul>\n<\/li>\n<\/ul>\n<p>Desde la p\u00e1gina web del\u00a0 <a href=\"https:\/\/www.aragon.es\/-\/listados-de-centros-y-residencias-inscritos-en-el-registro-de-entidades-centros-y-servicios-sociales\">Gobierno de Arag\u00f3n<\/a> aporta sobre la ley de la dependencia en esta comunidad y sus recomendaciones.\u00a0 Desde el buscador y comparador inforesidencias.com puedes encontrar todas las residencias geri\u00e1tricas y centros de d\u00eda de:<\/p>\n<ul>\n<li>Residencias de 3\u00aa edad en <a href=\"https:\/\/www.inforesidencias.com\/centros\/buscador\/residencias\/aragon\/zaragoza\">Zaragoza<\/a><\/li>\n<li>Residencias de 3\u00aa edad en <a href=\"https:\/\/www.inforesidencias.com\/centros\/buscador\/residencias\/aragon\/huesca\">Huesca<\/a><\/li>\n<li>Residencias de 3\u00aa edad en <a href=\"https:\/\/www.inforesidencias.com\/centros\/buscador\/residencias\/aragon\/teruel\">Teruel<\/a><\/li>\n<\/ul>\n<p>Los datos que contiene este informe provienen de Inforesidencias.com, el <a href=\"http:\/\/envejecimiento.csic.es\/general\/index.html\">portal Mayores<\/a>, datos del <a href=\"https:\/\/www.ine.es\/\">INE<\/a> 2019,\u00a0 e informaci\u00f3n p\u00fablica difundida por prestigiosos medios como Alimarket.<\/p>\n<p>Anna Cebri\u00e1n<br \/>\nJunio 2020<\/p>\n<p>&nbsp;<\/p>\n","protected":false},"excerpt":{"rendered":"<p>&nbsp; &nbsp; Arag\u00f3n es una de las comunidades aut\u00f3nomas con la poblaci\u00f3n m\u00e1s envejecida pero que actualmente cuenta con buenas opciones para estas personas mayores que requieren una residencia o un centro de d\u00eda.\u00a0\u00a0 Con 6,41 camas por cada 100 mayores de 65 a\u00f1os est\u00e1 incluso por encima de la media europea recomendada de cinco.\u00a0 Si tenemos en cuanta que la poblaci\u00f3n de Arag\u00f3n representa el 3% del total del estado y entre sus tres provincias tienen una superficie del 9,4% del\u00a0estado (es decir, 6 veces la superficie de la comunidad de Madrid) el gran reto no es el envejecimiento de su poblaci\u00f3n, sino su gran dispersi\u00f3n geogr\u00e1fica. Sector geri\u00e1trico en Arag\u00f3n, datos b\u00e1sicos: Poblaci\u00f3n: 1.319.291.\u00a0 Representa el 3% de la poblaci\u00f3n total del Estado Poblaci\u00f3n &gt; 65 a\u00f1os: 285.600.\u00a0 Es el 22% de la poblaci\u00f3n de Arag\u00f3n Poblaci\u00f3n &gt; 80 a\u00f1os: 100.853. Es el 8% de la poblaci\u00f3n de [&hellip;]<\/p>\n","protected":false},"author":2,"featured_media":0,"comment_status":"open","ping_status":"open","sticky":false,"template":"","format":"standard","meta":{"footnotes":""},"categories":[91,3,5,89],"tags":[],"yoast_head":"<!-- This site is optimized with the Yoast SEO plugin v21.7 - https:\/\/yoast.com\/wordpress\/plugins\/seo\/ -->\n<title>Sector geri\u00e1trico en Arag\u00f3n - Blog Inforesidencias.com<\/title>\n<meta name=\"description\" content=\"Arag\u00f3n es una de las comunidades con la poblaci\u00f3n m\u00e1s envejecida pero que cuenta con buenas opciones para personas mayores que requieren una residencia.\" \/>\n<meta name=\"robots\" content=\"index, follow, max-snippet:-1, max-image-preview:large, max-video-preview:-1\" \/>\n<link rel=\"canonical\" href=\"https:\/\/www.inforesidencias.com\/blog\/index.php\/2020\/06\/11\/sector-geriatrico-en-aragon\/\" \/>\n<meta property=\"og:locale\" content=\"es_ES\" \/>\n<meta property=\"og:type\" content=\"article\" \/>\n<meta property=\"og:title\" content=\"Sector geri\u00e1trico en Arag\u00f3n - Blog Inforesidencias.com\" \/>\n<meta property=\"og:description\" content=\"Arag\u00f3n es una de las comunidades con la poblaci\u00f3n m\u00e1s envejecida pero que cuenta con buenas opciones para personas mayores que requieren una residencia.\" \/>\n<meta property=\"og:url\" content=\"https:\/\/www.inforesidencias.com\/blog\/index.php\/2020\/06\/11\/sector-geriatrico-en-aragon\/\" \/>\n<meta property=\"og:site_name\" content=\"Blog Inforesidencias.com\" \/>\n<meta property=\"article:publisher\" content=\"https:\/\/www.facebook.com\/Inforesidencias\/\" \/>\n<meta property=\"article:author\" content=\"https:\/\/www.facebook.com\/josep.demarti\" \/>\n<meta property=\"article:published_time\" content=\"2020-06-11T10:31:24+00:00\" \/>\n<meta property=\"og:image\" content=\"https:\/\/www.inforesidencias.com\/blog\/wp-content\/uploads\/2020\/06\/Escudo_de_Aragon.png\" \/>\n<meta name=\"author\" content=\"Josep de Mart\u00ed\" \/>\n<meta name=\"twitter:card\" content=\"summary_large_image\" \/>\n<meta name=\"twitter:creator\" content=\"@blog-ir\" \/>\n<meta name=\"twitter:site\" content=\"@inforesidencias\" \/>\n<meta name=\"twitter:label1\" content=\"Escrito por\" \/>\n\t<meta name=\"twitter:data1\" content=\"Josep de Mart\u00ed\" \/>\n\t<meta name=\"twitter:label2\" content=\"Tiempo de lectura\" \/>\n\t<meta name=\"twitter:data2\" content=\"3 minutos\" \/>\n<script type=\"application\/ld+json\" class=\"yoast-schema-graph\">{\"@context\":\"https:\/\/schema.org\",\"@graph\":[{\"@type\":\"WebPage\",\"@id\":\"https:\/\/www.inforesidencias.com\/blog\/index.php\/2020\/06\/11\/sector-geriatrico-en-aragon\/\",\"url\":\"https:\/\/www.inforesidencias.com\/blog\/index.php\/2020\/06\/11\/sector-geriatrico-en-aragon\/\",\"name\":\"Sector geri\u00e1trico en Arag\u00f3n - Blog Inforesidencias.com\",\"isPartOf\":{\"@id\":\"https:\/\/www.inforesidencias.com\/blog\/#website\"},\"datePublished\":\"2020-06-11T10:31:24+00:00\",\"dateModified\":\"2020-06-11T10:31:24+00:00\",\"author\":{\"@id\":\"https:\/\/www.inforesidencias.com\/blog\/#\/schema\/person\/9e146774d1eb3bc1c0316242a3898628\"},\"description\":\"Arag\u00f3n es una de las comunidades con la poblaci\u00f3n m\u00e1s envejecida pero que cuenta con buenas opciones para personas mayores que requieren una residencia.\",\"breadcrumb\":{\"@id\":\"https:\/\/www.inforesidencias.com\/blog\/index.php\/2020\/06\/11\/sector-geriatrico-en-aragon\/#breadcrumb\"},\"inLanguage\":\"es\",\"potentialAction\":[{\"@type\":\"ReadAction\",\"target\":[\"https:\/\/www.inforesidencias.com\/blog\/index.php\/2020\/06\/11\/sector-geriatrico-en-aragon\/\"]}]},{\"@type\":\"BreadcrumbList\",\"@id\":\"https:\/\/www.inforesidencias.com\/blog\/index.php\/2020\/06\/11\/sector-geriatrico-en-aragon\/#breadcrumb\",\"itemListElement\":[{\"@type\":\"ListItem\",\"position\":1,\"name\":\"Home\",\"item\":\"https:\/\/www.inforesidencias.com\/blog\/\"},{\"@type\":\"ListItem\",\"position\":2,\"name\":\"Sector geri\u00e1trico en Arag\u00f3n\"}]},{\"@type\":\"WebSite\",\"@id\":\"https:\/\/www.inforesidencias.com\/blog\/#website\",\"url\":\"https:\/\/www.inforesidencias.com\/blog\/\",\"name\":\"Blog Inforesidencias.com\",\"description\":\"El buscador de residencias de la 3\u00aa edad\",\"potentialAction\":[{\"@type\":\"SearchAction\",\"target\":{\"@type\":\"EntryPoint\",\"urlTemplate\":\"https:\/\/www.inforesidencias.com\/blog\/?s={search_term_string}\"},\"query-input\":\"required name=search_term_string\"}],\"inLanguage\":\"es\"},{\"@type\":\"Person\",\"@id\":\"https:\/\/www.inforesidencias.com\/blog\/#\/schema\/person\/9e146774d1eb3bc1c0316242a3898628\",\"name\":\"Josep de Mart\u00ed\",\"image\":{\"@type\":\"ImageObject\",\"inLanguage\":\"es\",\"@id\":\"https:\/\/www.inforesidencias.com\/blog\/#\/schema\/person\/image\/\",\"url\":\"https:\/\/secure.gravatar.com\/avatar\/de0302c4806c00c4cebff396a798c1ff?s=96&d=mm&r=g\",\"contentUrl\":\"https:\/\/secure.gravatar.com\/avatar\/de0302c4806c00c4cebff396a798c1ff?s=96&d=mm&r=g\",\"caption\":\"Josep de Mart\u00ed\"},\"sameAs\":[\"https:\/\/www.inforesidencias.com\",\"https:\/\/www.facebook.com\/josep.demarti\",\"https:\/\/twitter.com\/blog-ir\"],\"url\":\"https:\/\/www.inforesidencias.com\/blog\/index.php\/author\/josepdemarti\/\"}]}<\/script>\n<!-- \/ Yoast SEO plugin. -->","yoast_head_json":{"title":"Sector geri\u00e1trico en Arag\u00f3n - Blog Inforesidencias.com","description":"Arag\u00f3n es una de las comunidades con la poblaci\u00f3n m\u00e1s envejecida pero que cuenta con buenas opciones para personas mayores que requieren una residencia.","robots":{"index":"index","follow":"follow","max-snippet":"max-snippet:-1","max-image-preview":"max-image-preview:large","max-video-preview":"max-video-preview:-1"},"canonical":"https:\/\/www.inforesidencias.com\/blog\/index.php\/2020\/06\/11\/sector-geriatrico-en-aragon\/","og_locale":"es_ES","og_type":"article","og_title":"Sector geri\u00e1trico en Arag\u00f3n - Blog Inforesidencias.com","og_description":"Arag\u00f3n es una de las comunidades con la poblaci\u00f3n m\u00e1s envejecida pero que cuenta con buenas opciones para personas mayores que requieren una residencia.","og_url":"https:\/\/www.inforesidencias.com\/blog\/index.php\/2020\/06\/11\/sector-geriatrico-en-aragon\/","og_site_name":"Blog Inforesidencias.com","article_publisher":"https:\/\/www.facebook.com\/Inforesidencias\/","article_author":"https:\/\/www.facebook.com\/josep.demarti","article_published_time":"2020-06-11T10:31:24+00:00","og_image":[{"url":"https:\/\/www.inforesidencias.com\/blog\/wp-content\/uploads\/2020\/06\/Escudo_de_Aragon.png"}],"author":"Josep de Mart\u00ed","twitter_card":"summary_large_image","twitter_creator":"@blog-ir","twitter_site":"@inforesidencias","twitter_misc":{"Escrito por":"Josep de Mart\u00ed","Tiempo de lectura":"3 minutos"},"schema":{"@context":"https:\/\/schema.org","@graph":[{"@type":"WebPage","@id":"https:\/\/www.inforesidencias.com\/blog\/index.php\/2020\/06\/11\/sector-geriatrico-en-aragon\/","url":"https:\/\/www.inforesidencias.com\/blog\/index.php\/2020\/06\/11\/sector-geriatrico-en-aragon\/","name":"Sector geri\u00e1trico en Arag\u00f3n - Blog Inforesidencias.com","isPartOf":{"@id":"https:\/\/www.inforesidencias.com\/blog\/#website"},"datePublished":"2020-06-11T10:31:24+00:00","dateModified":"2020-06-11T10:31:24+00:00","author":{"@id":"https:\/\/www.inforesidencias.com\/blog\/#\/schema\/person\/9e146774d1eb3bc1c0316242a3898628"},"description":"Arag\u00f3n es una de las comunidades con la poblaci\u00f3n m\u00e1s envejecida pero que cuenta con buenas opciones para personas mayores que requieren una residencia.","breadcrumb":{"@id":"https:\/\/www.inforesidencias.com\/blog\/index.php\/2020\/06\/11\/sector-geriatrico-en-aragon\/#breadcrumb"},"inLanguage":"es","potentialAction":[{"@type":"ReadAction","target":["https:\/\/www.inforesidencias.com\/blog\/index.php\/2020\/06\/11\/sector-geriatrico-en-aragon\/"]}]},{"@type":"BreadcrumbList","@id":"https:\/\/www.inforesidencias.com\/blog\/index.php\/2020\/06\/11\/sector-geriatrico-en-aragon\/#breadcrumb","itemListElement":[{"@type":"ListItem","position":1,"name":"Home","item":"https:\/\/www.inforesidencias.com\/blog\/"},{"@type":"ListItem","position":2,"name":"Sector geri\u00e1trico en Arag\u00f3n"}]},{"@type":"WebSite","@id":"https:\/\/www.inforesidencias.com\/blog\/#website","url":"https:\/\/www.inforesidencias.com\/blog\/","name":"Blog Inforesidencias.com","description":"El buscador de residencias de la 3\u00aa edad","potentialAction":[{"@type":"SearchAction","target":{"@type":"EntryPoint","urlTemplate":"https:\/\/www.inforesidencias.com\/blog\/?s={search_term_string}"},"query-input":"required name=search_term_string"}],"inLanguage":"es"},{"@type":"Person","@id":"https:\/\/www.inforesidencias.com\/blog\/#\/schema\/person\/9e146774d1eb3bc1c0316242a3898628","name":"Josep de Mart\u00ed","image":{"@type":"ImageObject","inLanguage":"es","@id":"https:\/\/www.inforesidencias.com\/blog\/#\/schema\/person\/image\/","url":"https:\/\/secure.gravatar.com\/avatar\/de0302c4806c00c4cebff396a798c1ff?s=96&d=mm&r=g","contentUrl":"https:\/\/secure.gravatar.com\/avatar\/de0302c4806c00c4cebff396a798c1ff?s=96&d=mm&r=g","caption":"Josep de Mart\u00ed"},"sameAs":["https:\/\/www.inforesidencias.com","https:\/\/www.facebook.com\/josep.demarti","https:\/\/twitter.com\/blog-ir"],"url":"https:\/\/www.inforesidencias.com\/blog\/index.php\/author\/josepdemarti\/"}]}},"_links":{"self":[{"href":"https:\/\/www.inforesidencias.com\/blog\/index.php\/wp-json\/wp\/v2\/posts\/3297"}],"collection":[{"href":"https:\/\/www.inforesidencias.com\/blog\/index.php\/wp-json\/wp\/v2\/posts"}],"about":[{"href":"https:\/\/www.inforesidencias.com\/blog\/index.php\/wp-json\/wp\/v2\/types\/post"}],"author":[{"embeddable":true,"href":"https:\/\/www.inforesidencias.com\/blog\/index.php\/wp-json\/wp\/v2\/users\/2"}],"replies":[{"embeddable":true,"href":"https:\/\/www.inforesidencias.com\/blog\/index.php\/wp-json\/wp\/v2\/comments?post=3297"}],"version-history":[{"count":5,"href":"https:\/\/www.inforesidencias.com\/blog\/index.php\/wp-json\/wp\/v2\/posts\/3297\/revisions"}],"predecessor-version":[{"id":3307,"href":"https:\/\/www.inforesidencias.com\/blog\/index.php\/wp-json\/wp\/v2\/posts\/3297\/revisions\/3307"}],"wp:attachment":[{"href":"https:\/\/www.inforesidencias.com\/blog\/index.php\/wp-json\/wp\/v2\/media?parent=3297"}],"wp:term":[{"taxonomy":"category","embeddable":true,"href":"https:\/\/www.inforesidencias.com\/blog\/index.php\/wp-json\/wp\/v2\/categories?post=3297"},{"taxonomy":"post_tag","embeddable":true,"href":"https:\/\/www.inforesidencias.com\/blog\/index.php\/wp-json\/wp\/v2\/tags?post=3297"}],"curies":[{"name":"wp","href":"https:\/\/api.w.org\/{rel}","templated":true}]}}