{"id":3316,"date":"2020-06-19T06:59:04","date_gmt":"2020-06-19T06:59:04","guid":{"rendered":"https:\/\/www.inforesidencias.com\/blog\/?p=3316"},"modified":"2020-06-19T06:59:04","modified_gmt":"2020-06-19T06:59:04","slug":"herencias-donaciones-y-la-lucha-contra-el-deterioramiento-cognitivo-a-distancia","status":"publish","type":"post","link":"https:\/\/www.inforesidencias.com\/blog\/index.php\/2020\/06\/19\/herencias-donaciones-y-la-lucha-contra-el-deterioramiento-cognitivo-a-distancia\/","title":{"rendered":"Herencias, donaciones y la lucha contra el deterioramiento cognitivo a distancia"},"content":{"rendered":"<p style=\"text-align: justify\">Esta semana en <a href=\"https:\/\/www.estelfitxers.com\/audio\/20200617-17_00TEMPSDEBENESTAR-ESGRANSERGRAN.MP3\">\u201c\u00c9s gran ser gran\u201d empezamos el programa del mi\u00e9rcoles <\/a>hablando de la muerte y de curas paliativas. Esto es un tema especialmente de actualidad a la vez que delicado debido, por ejemplo, a todas las personas que han fallecido durante la pandemia.<\/p>\n<p style=\"text-align: justify\">Para hablar de como hacer una planificaci\u00f3n de nuestro legado una vez ya no estemos contamos con Alejandro Ebrat, abogado especializado con herencias, donaciones, testamentos e impuestos. Con Alejandro hablamos de la <a href=\"https:\/\/www.inforesidencias.com\/blog\/index.php\/2016\/08\/22\/los-testamentos-mal-hechos-rompen-familias\/\">importancia de hacer testamento para evitar disputas familiares.<\/a> \u00c9l mismo nos dio una explicaci\u00f3n de porque algunas personas no lo hacen y porque otras hacen varios de ellos a lo largo de su vida. Adem\u00e1s cont\u00f3 que aunque hagas muchos testamentos, el \u00faltimo que tiene validez es el \u00faltimo realizado.<\/p>\n<p style=\"text-align: justify\">Por otro lado tambi\u00e9n tratamos el tema de la subida de impuestos de sucesiones en Catalu\u00f1a que ha entrado en vigor el 1 de mayo de 2020. Este cambio puede suponer que heredar ahora mismo sea de 7 a 10 veces m\u00e1s caro que hace unos pocos meses. Esta reforma y su subida afecta <a href=\"https:\/\/www.inforesidencias.com\/blog\/wp-content\/uploads\/2020\/03\/testamentos-y-donaciones-alejandro-ebrat.jpg\"><img decoding=\"async\" loading=\"lazy\" class=\"alignleft size-full wp-image-2752\" src=\"https:\/\/www.inforesidencias.com\/blog\/wp-content\/uploads\/2020\/03\/testamentos-y-donaciones-alejandro-ebrat.jpg\" alt=\"testamentos y donaciones alejandro ebrat\" width=\"350\" height=\"263\" \/><\/a>especialmente a las herencias hechas de padres a hijos. Un ejemplo que Ebrat puso fue a la herencia de un patrimonio de 500.000\u20ac. Hasta hace muy poco se pagaba como impuesto de sucesi\u00f3n unos 3.000\u20ac y en la actualidad tras la reforma se debe pagar casi 28.000\u20ac. Asimismo, para pedir aplazamientos nos pueden cobrar intereses.<\/p>\n<p style=\"text-align: justify\">En otras comunidades aut\u00f3nomas como por ejemplo Madrid no hay que pagar nada por las sucesiones. En Catalu\u00f1a nos convertimos en una de las 3 comunidades aut\u00f3nomas donde m\u00e1s caro es heredar y tambi\u00e9n nos colocamos en las posiciones m\u00e1s altas de lo que se paga por otros impuestos.<\/p>\n<p style=\"text-align: justify\">En la consulta del trabajador social, despu\u00e9s de la bolsa de empleo, dedicamos los minutos finales a explicar como esta el tema de hacer nuevos ingresos en residencias de mayores. Explicamos cual es el plan de desescalada que tambi\u00e9n engloba un apartado para ingresos residenciales y que tipo de ingresos y bajo que condiciones se pueden realizar.<\/p>\n<p style=\"text-align: justify\">Para empezar <a href=\"https:\/\/www.estelfitxers.com\/audio\/20200618-17_00TEMPSDEBENESTAR-ESGRANSERGRAN.MP3\">el programa del jueves <\/a>recordamos un tema que alguna vez ya hemos comentado como es las \u00abtres plagas\u00bb que tienen que hacer frente las personas mayores: el aburrimiento, la soledad y el sentimiento de inutilidad. sobre ello, hablamos sobre como puede afectar esto a alguien que vive en una residencia de mayores.<\/p>\n<p style=\"text-align: justify\">La entrevista del dia se la hicimos a M\u00f2nica Duaig\u00fces, responsable del <a href=\"https:\/\/www.fundaciocatalunya-lapedrera.com\/es\/programa-rems\">programa REMS de la Fundaci\u00f3n Catalunya la Pedrera<\/a>. M\u00f2nica nos explic\u00f3 que desde el programa REMS se trabaja para reforzar y estimular la memoria y la salud. Esta dirigido a personas mayores con deterioramiento cognitivo leve y moderado y a trav\u00e9s de sus espacios sociales repartidos por toda Catalunya hacen actividades para trabajar con estos objetivos.<\/p>\n<p style=\"text-align: justify\">Tal y como nos explic\u00f3 M\u00f2nica, el reto de seguir con el programa REMS durante el confinamiento les hizo trabajar para buscar soluciones y de ello surgi\u00f3 el programa REMS a distancia. Esto tiene m\u00e1s m\u00e9rito aun si cabe teniendo en cuenta la dificultad para muchas personas mayores para trabajar con nuevas tecnolog\u00edas y tambi\u00e9n dando el soporte emocional que necesitan a sus usuarios. Aunque REMS\u00a0 distancia haya tenido muy buena acogida y buenos resultados, est\u00e1 previsto volver a abrir los espacios REMS porque tal y como comenta M\u00f2nica Duaig\u00fces, la presencialidad sigue siendo importante a la hora de lucha contra el deterioramiento cognitivo.<\/p>\n<p style=\"text-align: justify\">Para dar su visi\u00f3n desde otro lado del programa REMS, hablamos con otro lado tuvimos a Montse Garcia, la mujer de un usuario con alzheimer que participa en el programa. Ella nos explic\u00f3 lo contenta que estaba con el programa REMS cuando era presencial y alguna de las actividades que hac\u00edan y lo bien que se han adaptado durante estos meses al nuevo REMS a distancia.<\/p>\n<p style=\"text-align: justify\">En la recta final del programa, en la consulta del trabajador social, hablamos acerca de como se pueden hacer visitas a nuestros familiares que est\u00e1n en residencias de mayores. Explicamos como se pueden hacer las visitas seg\u00fan la catalogaci\u00f3n de la residencia y la fase de desescalada en la que se encuentren. Nos centramos sobretodo en hacer saber todo lo que nos pueden pedir y como puede ser todo una vez dentro de la residencia y en donde el contacto f\u00edsico aun no esta permitido por precauci\u00f3n.<\/p>\n<p style=\"text-align: justify\">Descubre que residencias hay en la <a href=\"https:\/\/www.inforesidencias.com\/centros\/buscador\/busquedas-predefinidas\/residencies-persones-grans-al-bergueda\">comarca del Bergued\u00e0<\/a> (Catalu\u00f1a) o por ejemplo <a href=\"https:\/\/www.inforesidencias.com\/centros\/buscador\/residencias\/andalucia\/cordoba\">en C\u00f3rdoba<\/a><\/p>\n","protected":false},"excerpt":{"rendered":"<p>Esta semana en \u201c\u00c9s gran ser gran\u201d empezamos el programa del mi\u00e9rcoles hablando de la muerte y de curas paliativas. Esto es un tema especialmente de actualidad a la vez que delicado debido, por ejemplo, a todas las personas que han fallecido durante la pandemia. Para hablar de como hacer una planificaci\u00f3n de nuestro legado una vez ya no estemos contamos con Alejandro Ebrat, abogado especializado con herencias, donaciones, testamentos e impuestos. Con Alejandro hablamos de la importancia de hacer testamento para evitar disputas familiares. \u00c9l mismo nos dio una explicaci\u00f3n de porque algunas personas no lo hacen y porque otras hacen varios de ellos a lo largo de su vida. Adem\u00e1s cont\u00f3 que aunque hagas muchos testamentos, el \u00faltimo que tiene validez es el \u00faltimo realizado. Por otro lado tambi\u00e9n tratamos el tema de la subida de impuestos de sucesiones en Catalu\u00f1a que ha entrado en vigor el 1 [&hellip;]<\/p>\n","protected":false},"author":2,"featured_media":3100,"comment_status":"open","ping_status":"open","sticky":false,"template":"","format":"standard","meta":{"footnotes":""},"categories":[1],"tags":[],"yoast_head":"<!-- This site is optimized with the Yoast SEO plugin v21.7 - https:\/\/yoast.com\/wordpress\/plugins\/seo\/ -->\n<title>Herencias, donaciones y la lucha contra el deterioramiento cognitivo a distancia - Blog Inforesidencias.com<\/title>\n<meta name=\"description\" content=\"Hablamos de deterioramiento cognitivo y el trabajo que hacen desde el programa REMS y con el abogado Alejandro Ebrat de herencias y sucesiones\" \/>\n<meta name=\"robots\" content=\"index, follow, max-snippet:-1, max-image-preview:large, max-video-preview:-1\" \/>\n<link rel=\"canonical\" href=\"https:\/\/www.inforesidencias.com\/blog\/index.php\/2020\/06\/19\/herencias-donaciones-y-la-lucha-contra-el-deterioramiento-cognitivo-a-distancia\/\" \/>\n<meta property=\"og:locale\" content=\"es_ES\" \/>\n<meta property=\"og:type\" content=\"article\" \/>\n<meta property=\"og:title\" content=\"Herencias, donaciones y la lucha contra el deterioramiento cognitivo a distancia - Blog Inforesidencias.com\" \/>\n<meta property=\"og:description\" content=\"Hablamos de deterioramiento cognitivo y el trabajo que hacen desde el programa REMS y con el abogado Alejandro Ebrat de herencias y sucesiones\" \/>\n<meta property=\"og:url\" content=\"https:\/\/www.inforesidencias.com\/blog\/index.php\/2020\/06\/19\/herencias-donaciones-y-la-lucha-contra-el-deterioramiento-cognitivo-a-distancia\/\" \/>\n<meta property=\"og:site_name\" content=\"Blog Inforesidencias.com\" \/>\n<meta property=\"article:publisher\" content=\"https:\/\/www.facebook.com\/Inforesidencias\/\" \/>\n<meta property=\"article:author\" content=\"https:\/\/www.facebook.com\/josep.demarti\" \/>\n<meta property=\"article:published_time\" content=\"2020-06-19T06:59:04+00:00\" \/>\n<meta property=\"og:image\" content=\"https:\/\/www.inforesidencias.com\/blog\/wp-content\/uploads\/2020\/04\/Coronavirus-en-las-residencias-de-mayores1.png\" \/>\n\t<meta property=\"og:image:width\" content=\"400\" \/>\n\t<meta property=\"og:image:height\" content=\"322\" \/>\n\t<meta property=\"og:image:type\" content=\"image\/png\" \/>\n<meta name=\"author\" content=\"Josep de Mart\u00ed\" \/>\n<meta name=\"twitter:card\" content=\"summary_large_image\" \/>\n<meta name=\"twitter:creator\" content=\"@blog-ir\" \/>\n<meta name=\"twitter:site\" content=\"@inforesidencias\" \/>\n<meta name=\"twitter:label1\" content=\"Escrito por\" \/>\n\t<meta name=\"twitter:data1\" content=\"Josep de Mart\u00ed\" \/>\n\t<meta name=\"twitter:label2\" content=\"Tiempo de lectura\" \/>\n\t<meta name=\"twitter:data2\" content=\"4 minutos\" \/>\n<script type=\"application\/ld+json\" class=\"yoast-schema-graph\">{\"@context\":\"https:\/\/schema.org\",\"@graph\":[{\"@type\":\"WebPage\",\"@id\":\"https:\/\/www.inforesidencias.com\/blog\/index.php\/2020\/06\/19\/herencias-donaciones-y-la-lucha-contra-el-deterioramiento-cognitivo-a-distancia\/\",\"url\":\"https:\/\/www.inforesidencias.com\/blog\/index.php\/2020\/06\/19\/herencias-donaciones-y-la-lucha-contra-el-deterioramiento-cognitivo-a-distancia\/\",\"name\":\"Herencias, donaciones y la lucha contra el deterioramiento cognitivo a distancia - Blog Inforesidencias.com\",\"isPartOf\":{\"@id\":\"https:\/\/www.inforesidencias.com\/blog\/#website\"},\"datePublished\":\"2020-06-19T06:59:04+00:00\",\"dateModified\":\"2020-06-19T06:59:04+00:00\",\"author\":{\"@id\":\"https:\/\/www.inforesidencias.com\/blog\/#\/schema\/person\/9e146774d1eb3bc1c0316242a3898628\"},\"description\":\"Hablamos de deterioramiento cognitivo y el trabajo que hacen desde el programa REMS y con el abogado Alejandro Ebrat de herencias y sucesiones\",\"breadcrumb\":{\"@id\":\"https:\/\/www.inforesidencias.com\/blog\/index.php\/2020\/06\/19\/herencias-donaciones-y-la-lucha-contra-el-deterioramiento-cognitivo-a-distancia\/#breadcrumb\"},\"inLanguage\":\"es\",\"potentialAction\":[{\"@type\":\"ReadAction\",\"target\":[\"https:\/\/www.inforesidencias.com\/blog\/index.php\/2020\/06\/19\/herencias-donaciones-y-la-lucha-contra-el-deterioramiento-cognitivo-a-distancia\/\"]}]},{\"@type\":\"BreadcrumbList\",\"@id\":\"https:\/\/www.inforesidencias.com\/blog\/index.php\/2020\/06\/19\/herencias-donaciones-y-la-lucha-contra-el-deterioramiento-cognitivo-a-distancia\/#breadcrumb\",\"itemListElement\":[{\"@type\":\"ListItem\",\"position\":1,\"name\":\"Home\",\"item\":\"https:\/\/www.inforesidencias.com\/blog\/\"},{\"@type\":\"ListItem\",\"position\":2,\"name\":\"Herencias, donaciones y la lucha contra el deterioramiento cognitivo a distancia\"}]},{\"@type\":\"WebSite\",\"@id\":\"https:\/\/www.inforesidencias.com\/blog\/#website\",\"url\":\"https:\/\/www.inforesidencias.com\/blog\/\",\"name\":\"Blog Inforesidencias.com\",\"description\":\"El buscador de residencias de la 3\u00aa edad\",\"potentialAction\":[{\"@type\":\"SearchAction\",\"target\":{\"@type\":\"EntryPoint\",\"urlTemplate\":\"https:\/\/www.inforesidencias.com\/blog\/?s={search_term_string}\"},\"query-input\":\"required name=search_term_string\"}],\"inLanguage\":\"es\"},{\"@type\":\"Person\",\"@id\":\"https:\/\/www.inforesidencias.com\/blog\/#\/schema\/person\/9e146774d1eb3bc1c0316242a3898628\",\"name\":\"Josep de Mart\u00ed\",\"image\":{\"@type\":\"ImageObject\",\"inLanguage\":\"es\",\"@id\":\"https:\/\/www.inforesidencias.com\/blog\/#\/schema\/person\/image\/\",\"url\":\"https:\/\/secure.gravatar.com\/avatar\/de0302c4806c00c4cebff396a798c1ff?s=96&d=mm&r=g\",\"contentUrl\":\"https:\/\/secure.gravatar.com\/avatar\/de0302c4806c00c4cebff396a798c1ff?s=96&d=mm&r=g\",\"caption\":\"Josep de Mart\u00ed\"},\"sameAs\":[\"https:\/\/www.inforesidencias.com\",\"https:\/\/www.facebook.com\/josep.demarti\",\"https:\/\/twitter.com\/blog-ir\"],\"url\":\"https:\/\/www.inforesidencias.com\/blog\/index.php\/author\/josepdemarti\/\"}]}<\/script>\n<!-- \/ Yoast SEO plugin. -->","yoast_head_json":{"title":"Herencias, donaciones y la lucha contra el deterioramiento cognitivo a distancia - Blog Inforesidencias.com","description":"Hablamos de deterioramiento cognitivo y el trabajo que hacen desde el programa REMS y con el abogado Alejandro Ebrat de herencias y sucesiones","robots":{"index":"index","follow":"follow","max-snippet":"max-snippet:-1","max-image-preview":"max-image-preview:large","max-video-preview":"max-video-preview:-1"},"canonical":"https:\/\/www.inforesidencias.com\/blog\/index.php\/2020\/06\/19\/herencias-donaciones-y-la-lucha-contra-el-deterioramiento-cognitivo-a-distancia\/","og_locale":"es_ES","og_type":"article","og_title":"Herencias, donaciones y la lucha contra el deterioramiento cognitivo a distancia - Blog Inforesidencias.com","og_description":"Hablamos de deterioramiento cognitivo y el trabajo que hacen desde el programa REMS y con el abogado Alejandro Ebrat de herencias y sucesiones","og_url":"https:\/\/www.inforesidencias.com\/blog\/index.php\/2020\/06\/19\/herencias-donaciones-y-la-lucha-contra-el-deterioramiento-cognitivo-a-distancia\/","og_site_name":"Blog Inforesidencias.com","article_publisher":"https:\/\/www.facebook.com\/Inforesidencias\/","article_author":"https:\/\/www.facebook.com\/josep.demarti","article_published_time":"2020-06-19T06:59:04+00:00","og_image":[{"width":400,"height":322,"url":"https:\/\/www.inforesidencias.com\/blog\/wp-content\/uploads\/2020\/04\/Coronavirus-en-las-residencias-de-mayores1.png","type":"image\/png"}],"author":"Josep de Mart\u00ed","twitter_card":"summary_large_image","twitter_creator":"@blog-ir","twitter_site":"@inforesidencias","twitter_misc":{"Escrito por":"Josep de Mart\u00ed","Tiempo de lectura":"4 minutos"},"schema":{"@context":"https:\/\/schema.org","@graph":[{"@type":"WebPage","@id":"https:\/\/www.inforesidencias.com\/blog\/index.php\/2020\/06\/19\/herencias-donaciones-y-la-lucha-contra-el-deterioramiento-cognitivo-a-distancia\/","url":"https:\/\/www.inforesidencias.com\/blog\/index.php\/2020\/06\/19\/herencias-donaciones-y-la-lucha-contra-el-deterioramiento-cognitivo-a-distancia\/","name":"Herencias, donaciones y la lucha contra el deterioramiento cognitivo a distancia - Blog Inforesidencias.com","isPartOf":{"@id":"https:\/\/www.inforesidencias.com\/blog\/#website"},"datePublished":"2020-06-19T06:59:04+00:00","dateModified":"2020-06-19T06:59:04+00:00","author":{"@id":"https:\/\/www.inforesidencias.com\/blog\/#\/schema\/person\/9e146774d1eb3bc1c0316242a3898628"},"description":"Hablamos de deterioramiento cognitivo y el trabajo que hacen desde el programa REMS y con el abogado Alejandro Ebrat de herencias y sucesiones","breadcrumb":{"@id":"https:\/\/www.inforesidencias.com\/blog\/index.php\/2020\/06\/19\/herencias-donaciones-y-la-lucha-contra-el-deterioramiento-cognitivo-a-distancia\/#breadcrumb"},"inLanguage":"es","potentialAction":[{"@type":"ReadAction","target":["https:\/\/www.inforesidencias.com\/blog\/index.php\/2020\/06\/19\/herencias-donaciones-y-la-lucha-contra-el-deterioramiento-cognitivo-a-distancia\/"]}]},{"@type":"BreadcrumbList","@id":"https:\/\/www.inforesidencias.com\/blog\/index.php\/2020\/06\/19\/herencias-donaciones-y-la-lucha-contra-el-deterioramiento-cognitivo-a-distancia\/#breadcrumb","itemListElement":[{"@type":"ListItem","position":1,"name":"Home","item":"https:\/\/www.inforesidencias.com\/blog\/"},{"@type":"ListItem","position":2,"name":"Herencias, donaciones y la lucha contra el deterioramiento cognitivo a distancia"}]},{"@type":"WebSite","@id":"https:\/\/www.inforesidencias.com\/blog\/#website","url":"https:\/\/www.inforesidencias.com\/blog\/","name":"Blog Inforesidencias.com","description":"El buscador de residencias de la 3\u00aa edad","potentialAction":[{"@type":"SearchAction","target":{"@type":"EntryPoint","urlTemplate":"https:\/\/www.inforesidencias.com\/blog\/?s={search_term_string}"},"query-input":"required name=search_term_string"}],"inLanguage":"es"},{"@type":"Person","@id":"https:\/\/www.inforesidencias.com\/blog\/#\/schema\/person\/9e146774d1eb3bc1c0316242a3898628","name":"Josep de Mart\u00ed","image":{"@type":"ImageObject","inLanguage":"es","@id":"https:\/\/www.inforesidencias.com\/blog\/#\/schema\/person\/image\/","url":"https:\/\/secure.gravatar.com\/avatar\/de0302c4806c00c4cebff396a798c1ff?s=96&d=mm&r=g","contentUrl":"https:\/\/secure.gravatar.com\/avatar\/de0302c4806c00c4cebff396a798c1ff?s=96&d=mm&r=g","caption":"Josep de Mart\u00ed"},"sameAs":["https:\/\/www.inforesidencias.com","https:\/\/www.facebook.com\/josep.demarti","https:\/\/twitter.com\/blog-ir"],"url":"https:\/\/www.inforesidencias.com\/blog\/index.php\/author\/josepdemarti\/"}]}},"_links":{"self":[{"href":"https:\/\/www.inforesidencias.com\/blog\/index.php\/wp-json\/wp\/v2\/posts\/3316"}],"collection":[{"href":"https:\/\/www.inforesidencias.com\/blog\/index.php\/wp-json\/wp\/v2\/posts"}],"about":[{"href":"https:\/\/www.inforesidencias.com\/blog\/index.php\/wp-json\/wp\/v2\/types\/post"}],"author":[{"embeddable":true,"href":"https:\/\/www.inforesidencias.com\/blog\/index.php\/wp-json\/wp\/v2\/users\/2"}],"replies":[{"embeddable":true,"href":"https:\/\/www.inforesidencias.com\/blog\/index.php\/wp-json\/wp\/v2\/comments?post=3316"}],"version-history":[{"count":7,"href":"https:\/\/www.inforesidencias.com\/blog\/index.php\/wp-json\/wp\/v2\/posts\/3316\/revisions"}],"predecessor-version":[{"id":3328,"href":"https:\/\/www.inforesidencias.com\/blog\/index.php\/wp-json\/wp\/v2\/posts\/3316\/revisions\/3328"}],"wp:featuredmedia":[{"embeddable":true,"href":"https:\/\/www.inforesidencias.com\/blog\/index.php\/wp-json\/wp\/v2\/media\/3100"}],"wp:attachment":[{"href":"https:\/\/www.inforesidencias.com\/blog\/index.php\/wp-json\/wp\/v2\/media?parent=3316"}],"wp:term":[{"taxonomy":"category","embeddable":true,"href":"https:\/\/www.inforesidencias.com\/blog\/index.php\/wp-json\/wp\/v2\/categories?post=3316"},{"taxonomy":"post_tag","embeddable":true,"href":"https:\/\/www.inforesidencias.com\/blog\/index.php\/wp-json\/wp\/v2\/tags?post=3316"}],"curies":[{"name":"wp","href":"https:\/\/api.w.org\/{rel}","templated":true}]}}