{"id":3338,"date":"2020-06-26T13:14:23","date_gmt":"2020-06-26T13:14:23","guid":{"rendered":"https:\/\/www.inforesidencias.com\/blog\/?p=3338"},"modified":"2020-06-26T13:14:23","modified_gmt":"2020-06-26T13:14:23","slug":"la-vida-en-dos-residencias-despues-de-la-pandemia","status":"publish","type":"post","link":"https:\/\/www.inforesidencias.com\/blog\/index.php\/2020\/06\/26\/la-vida-en-dos-residencias-despues-de-la-pandemia\/","title":{"rendered":"La vida en dos residencias despu\u00e9s de la pandemia"},"content":{"rendered":"<p style=\"text-align: justify\">Esta semana <a href=\"https:\/\/www.estelfitxers.com\/audio\/20200624-17_00TEMPSDEBENESTAR-ESGRANSERGRAN.MP3\">en el programa del mi\u00e9rcoles de \u201c\u00c9s gran ser gran<\/a>\u201d empezamos hablando sobre la nueva normalidad en la que estamos hace unos d\u00edas y que en teor\u00eda da mucha m\u00e1s libertad a las autonom\u00edas para decidir por ejemplo como llevar a cabo la desescalada en residencias. Explicamos que ahora las residencias no saben muy bien que hacer ya que ahora cada regi\u00f3n sanitaria hace sus propios protocoles y o que pueden pedir en el Maresme o en Barcelona para hacer un ingreso o par hacer visitas o salidas no ser\u00e1 lo mismo para todos. Hay que ir viendo como evoluciona y se va dirigiendo este tema.<\/p>\n<p style=\"text-align: justify\">En la entrevista del d\u00eda contamos con Laura Rabassa, directora de la residencia <a href=\"https:\/\/www.inforesidencias.com\/centros\/residencia\/1255\/la-vostra-llar-blanes\">Vostrallar de Blanes<\/a>. Esta residencia que forma parte del <a href=\"https:\/\/lavostrallar.com\/\">grupo Vostrallar.<\/a> Laura primero nos detall\u00f3 un poco donde est\u00e1 situada la residencia, sus plazas etc. Seguimos conversando acerca de c\u00f3mo se ha llevado a cabo la comunicaci\u00f3n con las familias en su residencia durante la pandemia y como han llevado a cabo las actividades l\u00fadicas y terap\u00e9uticas habituales en el d\u00eda a d\u00eda. Adem\u00e1s sobre este aspecto en concreto descubrimos que tienen una gran terraza y que suelen hacer salidas a menudo con algunos residentes a la playa aprovechando que la tienen muy muy cerca.<\/p>\n<p style=\"text-align: justify\">Por \u00faltimo no pod\u00edamos acabar la entrevista sin hablar unos minutos sobre el impacto a nivel emocional de sus residentes del Covid19 y tambi\u00e9n de los profesionales del centro<\/p>\n<p style=\"text-align: justify\">Hac\u00eda el final del programa, despu\u00e9s de la bolsa de trabajo, en la consulta del trabajador social atendimos una pregunta de una se\u00f1ora que vive en una residencia de Barcelona y que preguntaba sobre si ya pod\u00eda salir a pasear por la calle ya que est\u00e1bamos en esta nueva normalidad. Le pedimos un poco de cautela y paciencia pero seguro que dentr<img decoding=\"async\" loading=\"lazy\" class=\"alignleft size-full wp-image-3100\" src=\"https:\/\/www.inforesidencias.com\/blog\/wp-content\/uploads\/2020\/04\/Coronavirus-en-las-residencias-de-mayores1.png\" alt=\"la vida despu\u00e9s de la pandemia\" width=\"400\" height=\"322\" \/>o de poco podr\u00e1 hacerlo sin miedo.<\/p>\n<p style=\"text-align: justify\">El <a href=\"https:\/\/www.estelfitxers.com\/audio\/20200625-17_00TEMPSDEBENESTAR-ESGRANSERGRAN.MP3\">programa del jueves<\/a>, empez\u00f3 con muchas cosas de las que hablar y por eso iniciamos enseguida la entrevista del d\u00eda. Entrevistamos a Jose Luis Montserrat, director de la residencial Palau en la poblaci\u00f3n de Palau Solit\u00e0 i Plegamans. \u00c9l mismo nos dio su visi\u00f3n de la descordinaci\u00f3n entre departamentos y administracines. Opin\u00f3 sobre el sinsentido de que esta suponiendo que se puedan hacer salidas fuera de la residencia donde nadie controla si se lleva mascarilla o la distancia de seguridad pero en cambio dentro de la residencia las medidas sean tan estrictas. Tambi\u00e9n tratamos el hecho de tener que proporcionar <a href=\"https:\/\/www.inforesidencias.com\/blog\/index.php\/2020\/03\/31\/ventanilla-unica-para-el-covid19-en-residencias-por-favor\/\">informaci\u00f3n sobre el estado de los residentes por cuadruplicado y quintuplicado<\/a> y aunque dice que este tema se esta \u00absuavizando\u00bb.<\/p>\n<p style=\"text-align: justify\">Siguiendo con el tema de las salidas, tambi\u00e9n han empezando hace pocos d\u00edas con las salidas al exterior y ya llevas unas cuantas semanas con las visitas en la residencia. Unas visitas que como nos explic\u00f3 se hacen con muchas medidas de prevenci\u00f3n.<\/p>\n<p style=\"text-align: justify\">Tambi\u00e9n dedicamos unos minutos a hablar de lo que ha supuesto para los residentes el estar aislados y \u00absectorizados\u00bb a nivel emocional. El problema m\u00e1s visible fue limitarles el contacto humano con los otros residentes, con los familiares y los profesionales. La sensaci\u00f3n de soledad y desamparo era extrema.<\/p>\n<p style=\"text-align: justify\">En la recta final del programa pusimos un audio de un cuento escrito por Josep de Marti que sirve de ejemplo para entender como una persona mayor con un deterioro cognitivo ha podido vivir estos meses de pandemia. Se llama: \u00abDo\u00f1a Beatriz no entiende nada\u00bb<\/p>\n<p><iframe loading=\"lazy\" width=\"500\" height=\"281\" src=\"https:\/\/www.youtube.com\/embed\/pzZSmZd9mKY?feature=oembed\" frameborder=\"0\" allow=\"accelerometer; autoplay; encrypted-media; gyroscope; picture-in-picture\" allowfullscreen><\/iframe><\/p>\n<p>&nbsp;<\/p>\n<p>Buscas residencias en el <a href=\"https:\/\/www.inforesidencias.com\/centros\/buscador\/busquedas-predefinidas\/residencies-d-ancians-al-baix-ebre\">Baix Ebre<\/a> o en <a href=\"https:\/\/www.inforesidencias.com\/centros\/buscador\/residencias\/andalucia\/cadiz\">Cadiz<\/a>?<\/p>\n","protected":false},"excerpt":{"rendered":"<p>Esta semana en el programa del mi\u00e9rcoles de \u201c\u00c9s gran ser gran\u201d empezamos hablando sobre la nueva normalidad en la que estamos hace unos d\u00edas y que en teor\u00eda da mucha m\u00e1s libertad a las autonom\u00edas para decidir por ejemplo como llevar a cabo la desescalada en residencias. Explicamos que ahora las residencias no saben muy bien que hacer ya que ahora cada regi\u00f3n sanitaria hace sus propios protocoles y o que pueden pedir en el Maresme o en Barcelona para hacer un ingreso o par hacer visitas o salidas no ser\u00e1 lo mismo para todos. Hay que ir viendo como evoluciona y se va dirigiendo este tema. En la entrevista del d\u00eda contamos con Laura Rabassa, directora de la residencia Vostrallar de Blanes. Esta residencia que forma parte del grupo Vostrallar. Laura primero nos detall\u00f3 un poco donde est\u00e1 situada la residencia, sus plazas etc. Seguimos conversando acerca de [&hellip;]<\/p>\n","protected":false},"author":2,"featured_media":3100,"comment_status":"open","ping_status":"open","sticky":false,"template":"","format":"standard","meta":{"footnotes":""},"categories":[1],"tags":[],"yoast_head":"<!-- This site is optimized with the Yoast SEO plugin v21.7 - https:\/\/yoast.com\/wordpress\/plugins\/seo\/ -->\n<title>La vida en dos residencias despu\u00e9s de la pandemia - Blog Inforesidencias.com<\/title>\n<meta name=\"description\" content=\"Hablamos con profesionales de la residencia Vostrallar de Blanes y Residencial Palau sobre su situaci\u00f3n actual y como han vivido la pandemia sus residentes\" \/>\n<meta name=\"robots\" content=\"index, follow, max-snippet:-1, max-image-preview:large, max-video-preview:-1\" \/>\n<link rel=\"canonical\" href=\"https:\/\/www.inforesidencias.com\/blog\/index.php\/2020\/06\/26\/la-vida-en-dos-residencias-despues-de-la-pandemia\/\" \/>\n<meta property=\"og:locale\" content=\"es_ES\" \/>\n<meta property=\"og:type\" content=\"article\" \/>\n<meta property=\"og:title\" content=\"La vida en dos residencias despu\u00e9s de la pandemia - Blog Inforesidencias.com\" \/>\n<meta property=\"og:description\" content=\"Hablamos con profesionales de la residencia Vostrallar de Blanes y Residencial Palau sobre su situaci\u00f3n actual y como han vivido la pandemia sus residentes\" \/>\n<meta property=\"og:url\" content=\"https:\/\/www.inforesidencias.com\/blog\/index.php\/2020\/06\/26\/la-vida-en-dos-residencias-despues-de-la-pandemia\/\" \/>\n<meta property=\"og:site_name\" content=\"Blog Inforesidencias.com\" \/>\n<meta property=\"article:publisher\" content=\"https:\/\/www.facebook.com\/Inforesidencias\/\" \/>\n<meta property=\"article:author\" content=\"https:\/\/www.facebook.com\/josep.demarti\" \/>\n<meta property=\"article:published_time\" content=\"2020-06-26T13:14:23+00:00\" \/>\n<meta property=\"og:image\" content=\"https:\/\/www.inforesidencias.com\/blog\/wp-content\/uploads\/2020\/04\/Coronavirus-en-las-residencias-de-mayores1.png\" \/>\n\t<meta property=\"og:image:width\" content=\"400\" \/>\n\t<meta property=\"og:image:height\" content=\"322\" \/>\n\t<meta property=\"og:image:type\" content=\"image\/png\" \/>\n<meta name=\"author\" content=\"Josep de Mart\u00ed\" \/>\n<meta name=\"twitter:card\" content=\"summary_large_image\" \/>\n<meta name=\"twitter:creator\" content=\"@blog-ir\" \/>\n<meta name=\"twitter:site\" content=\"@inforesidencias\" \/>\n<meta name=\"twitter:label1\" content=\"Escrito por\" \/>\n\t<meta name=\"twitter:data1\" content=\"Josep de Mart\u00ed\" \/>\n\t<meta name=\"twitter:label2\" content=\"Tiempo de lectura\" \/>\n\t<meta name=\"twitter:data2\" content=\"3 minutos\" \/>\n<script type=\"application\/ld+json\" class=\"yoast-schema-graph\">{\"@context\":\"https:\/\/schema.org\",\"@graph\":[{\"@type\":\"WebPage\",\"@id\":\"https:\/\/www.inforesidencias.com\/blog\/index.php\/2020\/06\/26\/la-vida-en-dos-residencias-despues-de-la-pandemia\/\",\"url\":\"https:\/\/www.inforesidencias.com\/blog\/index.php\/2020\/06\/26\/la-vida-en-dos-residencias-despues-de-la-pandemia\/\",\"name\":\"La vida en dos residencias despu\u00e9s de la pandemia - Blog Inforesidencias.com\",\"isPartOf\":{\"@id\":\"https:\/\/www.inforesidencias.com\/blog\/#website\"},\"datePublished\":\"2020-06-26T13:14:23+00:00\",\"dateModified\":\"2020-06-26T13:14:23+00:00\",\"author\":{\"@id\":\"https:\/\/www.inforesidencias.com\/blog\/#\/schema\/person\/9e146774d1eb3bc1c0316242a3898628\"},\"description\":\"Hablamos con profesionales de la residencia Vostrallar de Blanes y Residencial Palau sobre su situaci\u00f3n actual y como han vivido la pandemia sus residentes\",\"breadcrumb\":{\"@id\":\"https:\/\/www.inforesidencias.com\/blog\/index.php\/2020\/06\/26\/la-vida-en-dos-residencias-despues-de-la-pandemia\/#breadcrumb\"},\"inLanguage\":\"es\",\"potentialAction\":[{\"@type\":\"ReadAction\",\"target\":[\"https:\/\/www.inforesidencias.com\/blog\/index.php\/2020\/06\/26\/la-vida-en-dos-residencias-despues-de-la-pandemia\/\"]}]},{\"@type\":\"BreadcrumbList\",\"@id\":\"https:\/\/www.inforesidencias.com\/blog\/index.php\/2020\/06\/26\/la-vida-en-dos-residencias-despues-de-la-pandemia\/#breadcrumb\",\"itemListElement\":[{\"@type\":\"ListItem\",\"position\":1,\"name\":\"Home\",\"item\":\"https:\/\/www.inforesidencias.com\/blog\/\"},{\"@type\":\"ListItem\",\"position\":2,\"name\":\"La vida en dos residencias despu\u00e9s de la pandemia\"}]},{\"@type\":\"WebSite\",\"@id\":\"https:\/\/www.inforesidencias.com\/blog\/#website\",\"url\":\"https:\/\/www.inforesidencias.com\/blog\/\",\"name\":\"Blog Inforesidencias.com\",\"description\":\"El buscador de residencias de la 3\u00aa edad\",\"potentialAction\":[{\"@type\":\"SearchAction\",\"target\":{\"@type\":\"EntryPoint\",\"urlTemplate\":\"https:\/\/www.inforesidencias.com\/blog\/?s={search_term_string}\"},\"query-input\":\"required name=search_term_string\"}],\"inLanguage\":\"es\"},{\"@type\":\"Person\",\"@id\":\"https:\/\/www.inforesidencias.com\/blog\/#\/schema\/person\/9e146774d1eb3bc1c0316242a3898628\",\"name\":\"Josep de Mart\u00ed\",\"image\":{\"@type\":\"ImageObject\",\"inLanguage\":\"es\",\"@id\":\"https:\/\/www.inforesidencias.com\/blog\/#\/schema\/person\/image\/\",\"url\":\"https:\/\/secure.gravatar.com\/avatar\/de0302c4806c00c4cebff396a798c1ff?s=96&d=mm&r=g\",\"contentUrl\":\"https:\/\/secure.gravatar.com\/avatar\/de0302c4806c00c4cebff396a798c1ff?s=96&d=mm&r=g\",\"caption\":\"Josep de Mart\u00ed\"},\"sameAs\":[\"https:\/\/www.inforesidencias.com\",\"https:\/\/www.facebook.com\/josep.demarti\",\"https:\/\/twitter.com\/blog-ir\"],\"url\":\"https:\/\/www.inforesidencias.com\/blog\/index.php\/author\/josepdemarti\/\"}]}<\/script>\n<!-- \/ Yoast SEO plugin. -->","yoast_head_json":{"title":"La vida en dos residencias despu\u00e9s de la pandemia - Blog Inforesidencias.com","description":"Hablamos con profesionales de la residencia Vostrallar de Blanes y Residencial Palau sobre su situaci\u00f3n actual y como han vivido la pandemia sus residentes","robots":{"index":"index","follow":"follow","max-snippet":"max-snippet:-1","max-image-preview":"max-image-preview:large","max-video-preview":"max-video-preview:-1"},"canonical":"https:\/\/www.inforesidencias.com\/blog\/index.php\/2020\/06\/26\/la-vida-en-dos-residencias-despues-de-la-pandemia\/","og_locale":"es_ES","og_type":"article","og_title":"La vida en dos residencias despu\u00e9s de la pandemia - Blog Inforesidencias.com","og_description":"Hablamos con profesionales de la residencia Vostrallar de Blanes y Residencial Palau sobre su situaci\u00f3n actual y como han vivido la pandemia sus residentes","og_url":"https:\/\/www.inforesidencias.com\/blog\/index.php\/2020\/06\/26\/la-vida-en-dos-residencias-despues-de-la-pandemia\/","og_site_name":"Blog Inforesidencias.com","article_publisher":"https:\/\/www.facebook.com\/Inforesidencias\/","article_author":"https:\/\/www.facebook.com\/josep.demarti","article_published_time":"2020-06-26T13:14:23+00:00","og_image":[{"width":400,"height":322,"url":"https:\/\/www.inforesidencias.com\/blog\/wp-content\/uploads\/2020\/04\/Coronavirus-en-las-residencias-de-mayores1.png","type":"image\/png"}],"author":"Josep de Mart\u00ed","twitter_card":"summary_large_image","twitter_creator":"@blog-ir","twitter_site":"@inforesidencias","twitter_misc":{"Escrito por":"Josep de Mart\u00ed","Tiempo de lectura":"3 minutos"},"schema":{"@context":"https:\/\/schema.org","@graph":[{"@type":"WebPage","@id":"https:\/\/www.inforesidencias.com\/blog\/index.php\/2020\/06\/26\/la-vida-en-dos-residencias-despues-de-la-pandemia\/","url":"https:\/\/www.inforesidencias.com\/blog\/index.php\/2020\/06\/26\/la-vida-en-dos-residencias-despues-de-la-pandemia\/","name":"La vida en dos residencias despu\u00e9s de la pandemia - Blog Inforesidencias.com","isPartOf":{"@id":"https:\/\/www.inforesidencias.com\/blog\/#website"},"datePublished":"2020-06-26T13:14:23+00:00","dateModified":"2020-06-26T13:14:23+00:00","author":{"@id":"https:\/\/www.inforesidencias.com\/blog\/#\/schema\/person\/9e146774d1eb3bc1c0316242a3898628"},"description":"Hablamos con profesionales de la residencia Vostrallar de Blanes y Residencial Palau sobre su situaci\u00f3n actual y como han vivido la pandemia sus residentes","breadcrumb":{"@id":"https:\/\/www.inforesidencias.com\/blog\/index.php\/2020\/06\/26\/la-vida-en-dos-residencias-despues-de-la-pandemia\/#breadcrumb"},"inLanguage":"es","potentialAction":[{"@type":"ReadAction","target":["https:\/\/www.inforesidencias.com\/blog\/index.php\/2020\/06\/26\/la-vida-en-dos-residencias-despues-de-la-pandemia\/"]}]},{"@type":"BreadcrumbList","@id":"https:\/\/www.inforesidencias.com\/blog\/index.php\/2020\/06\/26\/la-vida-en-dos-residencias-despues-de-la-pandemia\/#breadcrumb","itemListElement":[{"@type":"ListItem","position":1,"name":"Home","item":"https:\/\/www.inforesidencias.com\/blog\/"},{"@type":"ListItem","position":2,"name":"La vida en dos residencias despu\u00e9s de la pandemia"}]},{"@type":"WebSite","@id":"https:\/\/www.inforesidencias.com\/blog\/#website","url":"https:\/\/www.inforesidencias.com\/blog\/","name":"Blog Inforesidencias.com","description":"El buscador de residencias de la 3\u00aa edad","potentialAction":[{"@type":"SearchAction","target":{"@type":"EntryPoint","urlTemplate":"https:\/\/www.inforesidencias.com\/blog\/?s={search_term_string}"},"query-input":"required name=search_term_string"}],"inLanguage":"es"},{"@type":"Person","@id":"https:\/\/www.inforesidencias.com\/blog\/#\/schema\/person\/9e146774d1eb3bc1c0316242a3898628","name":"Josep de Mart\u00ed","image":{"@type":"ImageObject","inLanguage":"es","@id":"https:\/\/www.inforesidencias.com\/blog\/#\/schema\/person\/image\/","url":"https:\/\/secure.gravatar.com\/avatar\/de0302c4806c00c4cebff396a798c1ff?s=96&d=mm&r=g","contentUrl":"https:\/\/secure.gravatar.com\/avatar\/de0302c4806c00c4cebff396a798c1ff?s=96&d=mm&r=g","caption":"Josep de Mart\u00ed"},"sameAs":["https:\/\/www.inforesidencias.com","https:\/\/www.facebook.com\/josep.demarti","https:\/\/twitter.com\/blog-ir"],"url":"https:\/\/www.inforesidencias.com\/blog\/index.php\/author\/josepdemarti\/"}]}},"_links":{"self":[{"href":"https:\/\/www.inforesidencias.com\/blog\/index.php\/wp-json\/wp\/v2\/posts\/3338"}],"collection":[{"href":"https:\/\/www.inforesidencias.com\/blog\/index.php\/wp-json\/wp\/v2\/posts"}],"about":[{"href":"https:\/\/www.inforesidencias.com\/blog\/index.php\/wp-json\/wp\/v2\/types\/post"}],"author":[{"embeddable":true,"href":"https:\/\/www.inforesidencias.com\/blog\/index.php\/wp-json\/wp\/v2\/users\/2"}],"replies":[{"embeddable":true,"href":"https:\/\/www.inforesidencias.com\/blog\/index.php\/wp-json\/wp\/v2\/comments?post=3338"}],"version-history":[{"count":8,"href":"https:\/\/www.inforesidencias.com\/blog\/index.php\/wp-json\/wp\/v2\/posts\/3338\/revisions"}],"predecessor-version":[{"id":3347,"href":"https:\/\/www.inforesidencias.com\/blog\/index.php\/wp-json\/wp\/v2\/posts\/3338\/revisions\/3347"}],"wp:featuredmedia":[{"embeddable":true,"href":"https:\/\/www.inforesidencias.com\/blog\/index.php\/wp-json\/wp\/v2\/media\/3100"}],"wp:attachment":[{"href":"https:\/\/www.inforesidencias.com\/blog\/index.php\/wp-json\/wp\/v2\/media?parent=3338"}],"wp:term":[{"taxonomy":"category","embeddable":true,"href":"https:\/\/www.inforesidencias.com\/blog\/index.php\/wp-json\/wp\/v2\/categories?post=3338"},{"taxonomy":"post_tag","embeddable":true,"href":"https:\/\/www.inforesidencias.com\/blog\/index.php\/wp-json\/wp\/v2\/tags?post=3338"}],"curies":[{"name":"wp","href":"https:\/\/api.w.org\/{rel}","templated":true}]}}