{"id":3348,"date":"2020-06-29T10:52:50","date_gmt":"2020-06-29T10:52:50","guid":{"rendered":"https:\/\/www.inforesidencias.com\/blog\/?p=3348"},"modified":"2020-06-29T10:53:49","modified_gmt":"2020-06-29T10:53:49","slug":"sector-geriatrico-en-cataluna","status":"publish","type":"post","link":"https:\/\/www.inforesidencias.com\/blog\/index.php\/2020\/06\/29\/sector-geriatrico-en-cataluna\/","title":{"rendered":"Sector geri\u00e1trico en Catalu\u00f1a"},"content":{"rendered":"<p>Catalu\u00f1a tiene una larga tradici\u00f3n en el <strong>cuidado de mayores<\/strong> y dispone de un sector geri\u00e1trico bien desarrollado, est\u00e1 en la media espa\u00f1ola a nivel de plazas geri\u00e1tricas pero algo por debajo de lo que recomienda la Organizaci\u00f3n Mundial de la Salud (OMS).<\/p>\n<p><a href=\"https:\/\/www.inforesidencias.com\/blog\/wp-content\/uploads\/2020\/06\/Escut-de-Catalunya-pequen\u0303o.png\"><img decoding=\"async\" loading=\"lazy\" class=\"alignleft size-full wp-image-3350\" src=\"https:\/\/www.inforesidencias.com\/blog\/wp-content\/uploads\/2020\/06\/Escut-de-Catalunya-pequen\u0303o.png\" alt=\"Escut de Catalunya pequen\u0303o\" width=\"222\" height=\"300\" \/><\/a><\/p>\n<p><u>Datos b\u00e1sicos:<\/u><\/p>\n<ul>\n<li>Poblaci\u00f3n: 7.675.217.\u00a0 Representa el 16% de la poblaci\u00f3n total del Estado<\/li>\n<li>Poblaci\u00f3n &gt; 65 a\u00f1os: 1.442.754.\u00a0 Es el 19% de la poblaci\u00f3n de Catalu\u00f1a<\/li>\n<li>Poblaci\u00f3n &gt; 80 a\u00f1os: 456.287. Es el 6% de la poblaci\u00f3n de Catalu\u00f1a<\/li>\n<li>Centros geri\u00e1tricos operativos: 931<\/li>\n<li>Camas geri\u00e1tricas operativas: 58.138 camas<\/li>\n<li>Ratio de camas por cada 100 personas mayores de 65 a\u00f1os: 4,03 (la media de Espa\u00f1a es 4,08)<\/li>\n<li>Ratio de camas por cada 100 personas mayores de 80 a\u00f1os: 12,74 (la media de Espa\u00f1a es 12,09)<\/li>\n<\/ul>\n<p>Catalu\u00f1a es una de las comunidades aut\u00f3nomas que est\u00e1 en la media del estado en cuanto a edad de la poblaci\u00f3n, es decir, todav\u00eda no es de las m\u00e1s envejecidas, sin embargo, <strong>la demanda de plazas sigue en aumento<\/strong> y la inversi\u00f3n en nuevas plazas sigue siendo importante. Con una ratio de 4 camas por cada 100 mayores de 65 a\u00f1os se encuentra en la media del estado pero ligeramente por debajo de las cinco camas que recomienda la Organizaci\u00f3n Mundial de la Salud.<\/p>\n<p>Con un total de 931 residencias de mayores y m\u00e1s de 58.000 camas geri\u00e1tricas en la comunidad en 2020, se ha dado un<strong> gran movimiento de compra y venta de residencias en los \u00faltimos a\u00f1os<\/strong>, con la consolidaci\u00f3n de varios grupos extranjeros sobre todo franceses, invirtiendo en Catalu\u00f1a.\u00a0 Debido a que existe una creciente demanda de camas\u00a0geri\u00e1tricas para el cuidado de mayores por parte de la poblaci\u00f3n, en sus diferentes versiones tanto en <strong>residencias de mayores<\/strong>, como centros de d\u00eda, SADs o viviendas tuteladas, existen bastantes proyectos en marcha que sumar\u00edan algo m\u00e1s de 4.500 camas a las actuales.<\/p>\n<p>En el sector privado, en Catalu\u00f1a se da el caso de tener a los grandes grupos nacionales adem\u00e1s de existir una <strong>importante inversi\u00f3n local<\/strong>.\u00a0 Por ejemplo, el l\u00edder en cuanto a titularidad de camas geri\u00e1tricas en Catalu\u00f1a es el grupo franc\u00e9s DomusVi, sobretodo por la compra e integraci\u00f3n de SARquavitae que ten\u00eda 10 centros en esta comunidad, adem\u00e1s de la compra de otros centros en la provincia de Barcelona, L\u00e9rida y un complejo de viviendas en Girona. En Tarragona este grupo ha ganado un concurso p\u00fablico municipal para levantar y gestionar una residencia de mayores durante 50 a\u00f1os. \u00a0\u00a0Otro de los grandes grupos nacionales, Sanitas mayores, tambi\u00e9n tiene una buena presencia en la comunidad.\u00a0 Les siguen los grupos Amavir, Ballesol y Orpea con un buen n\u00famero de residencias de mayores en esta comunidad.<\/p>\n<p>Los grupos de origen local tambi\u00e9n est\u00e1n jugando un importante papel inversor dentro y fuera de su \u00e1rea de influencia en los \u00faltimos a\u00f1os.\u00a0 Por ejemplo, el Grupo L\u2019Onada con sede en Tarragona, con una gran tradici\u00f3n en su propia provincia donde combina la explotaci\u00f3n de sus propias residencias con la de gesti\u00f3n de recursos p\u00fablicos, ha empezado tambi\u00e9n la expansi\u00f3n fuera de su comunidad, tanto en Barcelona, como en Castell\u00f3n, Alicante y Madrid.\u00a0 Otro grupo local, el Bast\u00f3n de Oro, tambi\u00e9n ha empezado a promover residencias fuera de Catalu\u00f1a, con centros en Madrid y en M\u00e1laga.\u00a0\u00a0 Otro operador de origen catal\u00e1n, Fiatc Residencias, tiene bastantes planes de inversi\u00f3n futura tanto en Catalu\u00f1a como en la Comunidad Valenciana en los pr\u00f3ximos a\u00f1os. Adem\u00e1s de peque\u00f1os inversores locales con una gran tradici\u00f3n de cuidado de mayores en esta comunidad.\u00a0 Se da la peculiaridad de que en Catalu\u00f1a hay 931 centros operativos con 58.138 camas, si lo comparamos con Madrid que tiene 471 centros y 51.635 camas operativas, vemos que Madrid tiene un 50% menos de centros pero solo 12% menos de camas,\u00a0es decir, Catalu\u00f1a tiene una gran cantidad de residencias peque\u00f1as, muchas de ellas gestionados por peque\u00f1os empresarios.<\/p>\n<p>El Tercer Sector, tanto de origen religioso como laico, administra el 25% de las plazas geri\u00e1tricas de la comunidad, combinan la gesti\u00f3n de sus propias plazas con las de recursos p\u00fablicos tanto auton\u00f3micos como municipales.\u00a0 Cabe destacar aqu\u00ed el Grup Mutuam, la Fundaci\u00f3n Vallparad\u00eds, el Grupo Pere Mata Mayores y la cooperativa Suara. Entre los especialistas del Tercer Sector en la gesti\u00f3n de recursos p\u00fablicos, como son residencias de mayores p\u00fablicas y viviendas municipales para mayores, est\u00e1n la Asociaci\u00f3n Bienestar y Desarrollo, la Fundaci\u00f3n Salud y Comunidad, y la Edad Dorada-Mensajeros de la Paz.<\/p>\n<p><span style=\"text-decoration: underline\">Los cinco grupos que est\u00e1n siendo m\u00e1s activos en esta comunidad son:<\/span><\/p>\n<ul>\n<li>Grupo DomusVi Espa\u00f1a<\/li>\n<li>Sanitas Mayores<\/li>\n<li>Grupo L\u2019Onada<\/li>\n<li>Grup Mutuam<\/li>\n<li>Grupo Bast\u00f3n de Oro<\/li>\n<\/ul>\n<p>Es una comunidad donde las camas geri\u00e1tricas est\u00e1n divididas de la siguiente forma:<\/p>\n<ul>\n<li>46% Promotores privados (grupos y particulares)<\/li>\n<li>25% Tercer sector<\/li>\n<li>29% P\u00fablico, dividido entre:\n<ul>\n<li>13% Publico municipal<\/li>\n<li>11% P\u00fablico auton\u00f3mico<\/li>\n<li>1% P\u00fablico diputaciones<\/li>\n<li>4% Concesiones administrativas de obra y explotaci\u00f3n<\/li>\n<\/ul>\n<\/li>\n<\/ul>\n<p>En la p\u00e1gina web de la <a href=\"https:\/\/web.gencat.cat\/es\/tramits\/tramits-temes\/Reconeixement-de-la-situacio-de-dependencia\">Generalitat de Catalunya<\/a> aportan informaci\u00f3n sobre el reconocimiento de la situaci\u00f3n de dependencia. \u00a0\u00a0Desde el buscador y comparador inforesidencias.com puedes encontrar todas las:<\/p>\n<ul>\n<li>Residencias geri\u00e1tricas en <a href=\"https:\/\/www.inforesidencias.com\/centros\/buscador\/residencias\/catalunya\/barcelona\">Barcelona<\/a><\/li>\n<li>Residencias geri\u00e1tricas en <a href=\"https:\/\/www.inforesidencias.com\/centros\/buscador\/residencias\/catalunya\/girona\">Girona<\/a><\/li>\n<li>Residencias geri\u00e1tricas en <a href=\"https:\/\/www.inforesidencias.com\/centros\/buscador\/residencias\/catalunya\/tarragona\">Tarragona<\/a><\/li>\n<li>Residencias geri\u00e1tricas en <a href=\"https:\/\/www.inforesidencias.com\/centros\/buscador\/residencias\/catalunya\/lleida\">Lleida<\/a><\/li>\n<\/ul>\n<p>Los datos que contiene este informe provienen de Inforesidencias.com, el <a href=\"http:\/\/envejecimiento.csic.es\/general\/index.html\">portal Mayores<\/a>, datos del <a href=\"https:\/\/www.ine.es\/\">INE<\/a> 2019,\u00a0 e informaci\u00f3n p\u00fablica difundida por prestigiosos medios como Alimarket.<\/p>\n<p>Anna Cebri\u00e1n<br \/>\nJunio 2020<\/p>\n","protected":false},"excerpt":{"rendered":"<p>Catalu\u00f1a tiene una larga tradici\u00f3n en el cuidado de mayores y dispone de un sector geri\u00e1trico bien desarrollado, est\u00e1 en la media espa\u00f1ola a nivel de plazas geri\u00e1tricas pero algo por debajo de lo que recomienda la Organizaci\u00f3n Mundial de la Salud (OMS). Datos b\u00e1sicos: Poblaci\u00f3n: 7.675.217.\u00a0 Representa el 16% de la poblaci\u00f3n total del Estado Poblaci\u00f3n &gt; 65 a\u00f1os: 1.442.754.\u00a0 Es el 19% de la poblaci\u00f3n de Catalu\u00f1a Poblaci\u00f3n &gt; 80 a\u00f1os: 456.287. Es el 6% de la poblaci\u00f3n de Catalu\u00f1a Centros geri\u00e1tricos operativos: 931 Camas geri\u00e1tricas operativas: 58.138 camas Ratio de camas por cada 100 personas mayores de 65 a\u00f1os: 4,03 (la media de Espa\u00f1a es 4,08) Ratio de camas por cada 100 personas mayores de 80 a\u00f1os: 12,74 (la media de Espa\u00f1a es 12,09) Catalu\u00f1a es una de las comunidades aut\u00f3nomas que est\u00e1 en la media del estado en cuanto a edad de la poblaci\u00f3n, es decir, [&hellip;]<\/p>\n","protected":false},"author":2,"featured_media":0,"comment_status":"open","ping_status":"open","sticky":false,"template":"","format":"standard","meta":{"footnotes":""},"categories":[14,3,5,89],"tags":[],"yoast_head":"<!-- This site is optimized with the Yoast SEO plugin v21.7 - https:\/\/yoast.com\/wordpress\/plugins\/seo\/ -->\n<title>Sector geri\u00e1trico en Catalu\u00f1a - Blog Inforesidencias.com<\/title>\n<meta name=\"description\" content=\"Catalu\u00f1a tiene una larga tradici\u00f3n en el cuidado de mayores y dispone de un sector geri\u00e1trico bien desarrollado.\" \/>\n<meta name=\"robots\" content=\"index, follow, max-snippet:-1, max-image-preview:large, max-video-preview:-1\" \/>\n<link rel=\"canonical\" href=\"https:\/\/www.inforesidencias.com\/blog\/index.php\/2020\/06\/29\/sector-geriatrico-en-cataluna\/\" \/>\n<meta property=\"og:locale\" content=\"es_ES\" \/>\n<meta property=\"og:type\" content=\"article\" \/>\n<meta property=\"og:title\" content=\"Sector geri\u00e1trico en Catalu\u00f1a - Blog Inforesidencias.com\" \/>\n<meta property=\"og:description\" content=\"Catalu\u00f1a tiene una larga tradici\u00f3n en el cuidado de mayores y dispone de un sector geri\u00e1trico bien desarrollado.\" \/>\n<meta property=\"og:url\" content=\"https:\/\/www.inforesidencias.com\/blog\/index.php\/2020\/06\/29\/sector-geriatrico-en-cataluna\/\" \/>\n<meta property=\"og:site_name\" content=\"Blog Inforesidencias.com\" \/>\n<meta property=\"article:publisher\" content=\"https:\/\/www.facebook.com\/Inforesidencias\/\" \/>\n<meta property=\"article:author\" content=\"https:\/\/www.facebook.com\/josep.demarti\" \/>\n<meta property=\"article:published_time\" content=\"2020-06-29T10:52:50+00:00\" \/>\n<meta property=\"article:modified_time\" content=\"2020-06-29T10:53:49+00:00\" \/>\n<meta name=\"author\" content=\"Josep de Mart\u00ed\" \/>\n<meta name=\"twitter:card\" content=\"summary_large_image\" \/>\n<meta name=\"twitter:creator\" content=\"@blog-ir\" \/>\n<meta name=\"twitter:site\" content=\"@inforesidencias\" \/>\n<meta name=\"twitter:label1\" content=\"Escrito por\" \/>\n\t<meta name=\"twitter:data1\" content=\"Josep de Mart\u00ed\" \/>\n\t<meta name=\"twitter:label2\" content=\"Tiempo de lectura\" \/>\n\t<meta name=\"twitter:data2\" content=\"5 minutos\" \/>\n<script type=\"application\/ld+json\" class=\"yoast-schema-graph\">{\"@context\":\"https:\/\/schema.org\",\"@graph\":[{\"@type\":\"WebPage\",\"@id\":\"https:\/\/www.inforesidencias.com\/blog\/index.php\/2020\/06\/29\/sector-geriatrico-en-cataluna\/\",\"url\":\"https:\/\/www.inforesidencias.com\/blog\/index.php\/2020\/06\/29\/sector-geriatrico-en-cataluna\/\",\"name\":\"Sector geri\u00e1trico en Catalu\u00f1a - Blog Inforesidencias.com\",\"isPartOf\":{\"@id\":\"https:\/\/www.inforesidencias.com\/blog\/#website\"},\"datePublished\":\"2020-06-29T10:52:50+00:00\",\"dateModified\":\"2020-06-29T10:53:49+00:00\",\"author\":{\"@id\":\"https:\/\/www.inforesidencias.com\/blog\/#\/schema\/person\/9e146774d1eb3bc1c0316242a3898628\"},\"description\":\"Catalu\u00f1a tiene una larga tradici\u00f3n en el cuidado de mayores y dispone de un sector geri\u00e1trico bien desarrollado.\",\"breadcrumb\":{\"@id\":\"https:\/\/www.inforesidencias.com\/blog\/index.php\/2020\/06\/29\/sector-geriatrico-en-cataluna\/#breadcrumb\"},\"inLanguage\":\"es\",\"potentialAction\":[{\"@type\":\"ReadAction\",\"target\":[\"https:\/\/www.inforesidencias.com\/blog\/index.php\/2020\/06\/29\/sector-geriatrico-en-cataluna\/\"]}]},{\"@type\":\"BreadcrumbList\",\"@id\":\"https:\/\/www.inforesidencias.com\/blog\/index.php\/2020\/06\/29\/sector-geriatrico-en-cataluna\/#breadcrumb\",\"itemListElement\":[{\"@type\":\"ListItem\",\"position\":1,\"name\":\"Home\",\"item\":\"https:\/\/www.inforesidencias.com\/blog\/\"},{\"@type\":\"ListItem\",\"position\":2,\"name\":\"Sector geri\u00e1trico en Catalu\u00f1a\"}]},{\"@type\":\"WebSite\",\"@id\":\"https:\/\/www.inforesidencias.com\/blog\/#website\",\"url\":\"https:\/\/www.inforesidencias.com\/blog\/\",\"name\":\"Blog Inforesidencias.com\",\"description\":\"El buscador de residencias de la 3\u00aa edad\",\"potentialAction\":[{\"@type\":\"SearchAction\",\"target\":{\"@type\":\"EntryPoint\",\"urlTemplate\":\"https:\/\/www.inforesidencias.com\/blog\/?s={search_term_string}\"},\"query-input\":\"required name=search_term_string\"}],\"inLanguage\":\"es\"},{\"@type\":\"Person\",\"@id\":\"https:\/\/www.inforesidencias.com\/blog\/#\/schema\/person\/9e146774d1eb3bc1c0316242a3898628\",\"name\":\"Josep de Mart\u00ed\",\"image\":{\"@type\":\"ImageObject\",\"inLanguage\":\"es\",\"@id\":\"https:\/\/www.inforesidencias.com\/blog\/#\/schema\/person\/image\/\",\"url\":\"https:\/\/secure.gravatar.com\/avatar\/de0302c4806c00c4cebff396a798c1ff?s=96&d=mm&r=g\",\"contentUrl\":\"https:\/\/secure.gravatar.com\/avatar\/de0302c4806c00c4cebff396a798c1ff?s=96&d=mm&r=g\",\"caption\":\"Josep de Mart\u00ed\"},\"sameAs\":[\"https:\/\/www.inforesidencias.com\",\"https:\/\/www.facebook.com\/josep.demarti\",\"https:\/\/twitter.com\/blog-ir\"],\"url\":\"https:\/\/www.inforesidencias.com\/blog\/index.php\/author\/josepdemarti\/\"}]}<\/script>\n<!-- \/ Yoast SEO plugin. -->","yoast_head_json":{"title":"Sector geri\u00e1trico en Catalu\u00f1a - Blog Inforesidencias.com","description":"Catalu\u00f1a tiene una larga tradici\u00f3n en el cuidado de mayores y dispone de un sector geri\u00e1trico bien desarrollado.","robots":{"index":"index","follow":"follow","max-snippet":"max-snippet:-1","max-image-preview":"max-image-preview:large","max-video-preview":"max-video-preview:-1"},"canonical":"https:\/\/www.inforesidencias.com\/blog\/index.php\/2020\/06\/29\/sector-geriatrico-en-cataluna\/","og_locale":"es_ES","og_type":"article","og_title":"Sector geri\u00e1trico en Catalu\u00f1a - Blog Inforesidencias.com","og_description":"Catalu\u00f1a tiene una larga tradici\u00f3n en el cuidado de mayores y dispone de un sector geri\u00e1trico bien desarrollado.","og_url":"https:\/\/www.inforesidencias.com\/blog\/index.php\/2020\/06\/29\/sector-geriatrico-en-cataluna\/","og_site_name":"Blog Inforesidencias.com","article_publisher":"https:\/\/www.facebook.com\/Inforesidencias\/","article_author":"https:\/\/www.facebook.com\/josep.demarti","article_published_time":"2020-06-29T10:52:50+00:00","article_modified_time":"2020-06-29T10:53:49+00:00","author":"Josep de Mart\u00ed","twitter_card":"summary_large_image","twitter_creator":"@blog-ir","twitter_site":"@inforesidencias","twitter_misc":{"Escrito por":"Josep de Mart\u00ed","Tiempo de lectura":"5 minutos"},"schema":{"@context":"https:\/\/schema.org","@graph":[{"@type":"WebPage","@id":"https:\/\/www.inforesidencias.com\/blog\/index.php\/2020\/06\/29\/sector-geriatrico-en-cataluna\/","url":"https:\/\/www.inforesidencias.com\/blog\/index.php\/2020\/06\/29\/sector-geriatrico-en-cataluna\/","name":"Sector geri\u00e1trico en Catalu\u00f1a - Blog Inforesidencias.com","isPartOf":{"@id":"https:\/\/www.inforesidencias.com\/blog\/#website"},"datePublished":"2020-06-29T10:52:50+00:00","dateModified":"2020-06-29T10:53:49+00:00","author":{"@id":"https:\/\/www.inforesidencias.com\/blog\/#\/schema\/person\/9e146774d1eb3bc1c0316242a3898628"},"description":"Catalu\u00f1a tiene una larga tradici\u00f3n en el cuidado de mayores y dispone de un sector geri\u00e1trico bien desarrollado.","breadcrumb":{"@id":"https:\/\/www.inforesidencias.com\/blog\/index.php\/2020\/06\/29\/sector-geriatrico-en-cataluna\/#breadcrumb"},"inLanguage":"es","potentialAction":[{"@type":"ReadAction","target":["https:\/\/www.inforesidencias.com\/blog\/index.php\/2020\/06\/29\/sector-geriatrico-en-cataluna\/"]}]},{"@type":"BreadcrumbList","@id":"https:\/\/www.inforesidencias.com\/blog\/index.php\/2020\/06\/29\/sector-geriatrico-en-cataluna\/#breadcrumb","itemListElement":[{"@type":"ListItem","position":1,"name":"Home","item":"https:\/\/www.inforesidencias.com\/blog\/"},{"@type":"ListItem","position":2,"name":"Sector geri\u00e1trico en Catalu\u00f1a"}]},{"@type":"WebSite","@id":"https:\/\/www.inforesidencias.com\/blog\/#website","url":"https:\/\/www.inforesidencias.com\/blog\/","name":"Blog Inforesidencias.com","description":"El buscador de residencias de la 3\u00aa edad","potentialAction":[{"@type":"SearchAction","target":{"@type":"EntryPoint","urlTemplate":"https:\/\/www.inforesidencias.com\/blog\/?s={search_term_string}"},"query-input":"required name=search_term_string"}],"inLanguage":"es"},{"@type":"Person","@id":"https:\/\/www.inforesidencias.com\/blog\/#\/schema\/person\/9e146774d1eb3bc1c0316242a3898628","name":"Josep de Mart\u00ed","image":{"@type":"ImageObject","inLanguage":"es","@id":"https:\/\/www.inforesidencias.com\/blog\/#\/schema\/person\/image\/","url":"https:\/\/secure.gravatar.com\/avatar\/de0302c4806c00c4cebff396a798c1ff?s=96&d=mm&r=g","contentUrl":"https:\/\/secure.gravatar.com\/avatar\/de0302c4806c00c4cebff396a798c1ff?s=96&d=mm&r=g","caption":"Josep de Mart\u00ed"},"sameAs":["https:\/\/www.inforesidencias.com","https:\/\/www.facebook.com\/josep.demarti","https:\/\/twitter.com\/blog-ir"],"url":"https:\/\/www.inforesidencias.com\/blog\/index.php\/author\/josepdemarti\/"}]}},"_links":{"self":[{"href":"https:\/\/www.inforesidencias.com\/blog\/index.php\/wp-json\/wp\/v2\/posts\/3348"}],"collection":[{"href":"https:\/\/www.inforesidencias.com\/blog\/index.php\/wp-json\/wp\/v2\/posts"}],"about":[{"href":"https:\/\/www.inforesidencias.com\/blog\/index.php\/wp-json\/wp\/v2\/types\/post"}],"author":[{"embeddable":true,"href":"https:\/\/www.inforesidencias.com\/blog\/index.php\/wp-json\/wp\/v2\/users\/2"}],"replies":[{"embeddable":true,"href":"https:\/\/www.inforesidencias.com\/blog\/index.php\/wp-json\/wp\/v2\/comments?post=3348"}],"version-history":[{"count":4,"href":"https:\/\/www.inforesidencias.com\/blog\/index.php\/wp-json\/wp\/v2\/posts\/3348\/revisions"}],"predecessor-version":[{"id":3353,"href":"https:\/\/www.inforesidencias.com\/blog\/index.php\/wp-json\/wp\/v2\/posts\/3348\/revisions\/3353"}],"wp:attachment":[{"href":"https:\/\/www.inforesidencias.com\/blog\/index.php\/wp-json\/wp\/v2\/media?parent=3348"}],"wp:term":[{"taxonomy":"category","embeddable":true,"href":"https:\/\/www.inforesidencias.com\/blog\/index.php\/wp-json\/wp\/v2\/categories?post=3348"},{"taxonomy":"post_tag","embeddable":true,"href":"https:\/\/www.inforesidencias.com\/blog\/index.php\/wp-json\/wp\/v2\/tags?post=3348"}],"curies":[{"name":"wp","href":"https:\/\/api.w.org\/{rel}","templated":true}]}}