{"id":3355,"date":"2020-07-06T16:36:18","date_gmt":"2020-07-06T16:36:18","guid":{"rendered":"https:\/\/www.inforesidencias.com\/blog\/?p=3355"},"modified":"2020-07-06T22:50:21","modified_gmt":"2020-07-06T22:50:21","slug":"muertos-en-residencias-por-covid-cuando-sabremos-los-numeros-de-verdad","status":"publish","type":"post","link":"https:\/\/www.inforesidencias.com\/blog\/index.php\/2020\/07\/06\/muertos-en-residencias-por-covid-cuando-sabremos-los-numeros-de-verdad\/","title":{"rendered":"Muertos en residencias por COVID. \u00bfCu\u00e1ndo sabremos los n\u00fameros de verdad?"},"content":{"rendered":"<p>Durante la pandemia, sobre todo desde que la infame Ministra de Defensa\u00a0dio a entender que en las residencias\u00a0 hab\u00eda <a href=\"https:\/\/www.inforesidencias.com\/blog\/index.php\/2020\/03\/24\/ancianos-que-conviven-con-cadaveres-no-me-lo-creo\/\">cad\u00e1veres conviviendo con los residentes<\/a>\u00a0y que la<a href=\"https:\/\/www.inforesidencias.com\/blog\/index.php\/2020\/03\/29\/la-fiscalia-coronavirus-menudo-papelon\/\"> Fiscal\u00eda deb\u00eda intervenir<\/a>, algunos medios de comunicaci\u00f3n concentraron su esfuerzo informativo en transmitir la sensaci\u00f3n de que la gente estaba muriendo en las residencias porque \u00e9stas funcionaban mal y que esto era as\u00ed porque, como muchas de ellas son empresas privadas,\u00a0su inter\u00e9s por obtener beneficios pasaba por encima de la vida de los residentes.<\/p>\n<div id=\"attachment_3359\" style=\"width: 499px\" class=\"wp-caption alignleft\"><a href=\"https:\/\/www.inforesidencias.com\/blog\/wp-content\/uploads\/2020\/07\/abrazo-covid.jpg\"><img aria-describedby=\"caption-attachment-3359\" decoding=\"async\" loading=\"lazy\" class=\"size-full wp-image-3359\" src=\"https:\/\/www.inforesidencias.com\/blog\/wp-content\/uploads\/2020\/07\/abrazo-covid.jpg\" alt=\"Un abrazo durante una visita en una residencia de ancianos\" width=\"489\" height=\"305\" \/><\/a><p id=\"caption-attachment-3359\" class=\"wp-caption-text\">Un abrazo durante una visita en una residencia de ancianos<\/p><\/div>\n<p>Llevo tiempo diciendo que esa imagen, apoyada fervientemente por algunos pol\u00edticos, era falsa y que,\u00a0por lo menos, era aventurado dar a entender eso cu\u00e1ndo no ten\u00edamos datos fiables sobre contagios y fallecimientos.<\/p>\n<p>Ahora, una historia interesante empieza a poner las cosas en su sitio.\u00a0 El peri\u00f3dico digital <a href=\"https:\/\/www.infolibre.es\">Infolibre<\/a> es de los que se ha esforzado durante la pandemia en proyectar la imagen de un sector <a href=\"https:\/\/www.infolibre.es\/noticias\/politica\/2020\/04\/27\/los_verdaderos_duenos_las_residencias_espana_106217_1012.html\">tomado por fondos sin escr\u00fapulos y empresarios corruptos<\/a>.\u00a0 Pablo Iglesias debe ser lector del medio ya que, tres d\u00edas despu\u00e9s de publicar\u00a0Infolibre un extenso art\u00edculo sobre los due\u00f1os de residencias, el vicepresidente <a href=\"https:\/\/www.infolibre.es\/noticias\/politica\/2020\/04\/29\/ustedes_no_son_fascistas_son_parasitos_iglesias_contesta_vox_tras_acusarle_convertir_residencias_mayores_casas_los_horrores_106332_1012.html\">incorpor\u00f3 en su discurso el titular del mismo<\/a>: <a href=\"https:\/\/www.infolibre.es\/noticias\/politica\/2020\/04\/29\/ustedes_no_son_fascistas_son_parasitos_iglesias_contesta_vox_tras_acusarle_convertir_residencias_mayores_casas_los_horrores_106332_1012.html\">\u00ablos fondos de inversi\u00f3n, multimillonarios y empresarios corruptos\u00bb<\/a>.\u00a0 De ah\u00ed a que alguien de su partido pidiese la nacionalizaci\u00f3n de las residencias hay solo un paso.: \u00ab<a href=\"https:\/\/www.eleconomista.es\/politica\/noticias\/10591872\/06\/20\/Echenique-apuesta-por-avanzar-en-la-desprivatizacion-de-las-residencias-de-mayores-tras-la-lacra-del-covid19.html\">Lo p\u00fablico es m\u00e1s fuerte que el negocio privado a la hora de cuidar\u00bb<\/a><\/p>\n<p>No coincido con la l\u00ednea editorial de Infolibre pero respeto y admiro su perseverancia.\u00a0 La verdad es que, aunque con alg\u00fan error, dedicaron mucho tiempo a investigar qui\u00e9n es el due\u00f1o de las residencias en Espa\u00f1a.\u00a0 Supongo que convencidos de que las residencias p\u00fablicas habr\u00edan tenido muchos menos muertos que las privadas, exigieron a la Generalitat de Catalu\u00f1a (y a otras administraciones),\u00a0la informaci\u00f3n de fallecimientos por COVID.\u00a0 Seg\u00fan explican ahora, la administraci\u00f3n catalana se neg\u00f3 a facilitarla por lo que recurrieron a la oficina de transparencia que s\u00ed consigui\u00f3 que la Generalitat les enviase los datos, <a href=\"https:\/\/www.infolibre.es\/noticias\/politica\/2020\/07\/06\/la_catastrofe_cuatro_grandes_grupos_residencias_cataluna_521_fallecidos_sus_centros_108501_1012.html?utm_source=twitter.com&amp;utm_medium=smmshare&amp;utm_campaign=noticias&amp;rnot=1078940\">que han publicado hoy<\/a>.<\/p>\n<p>Viendo lo publicado no cuesta\u00a0deducir\u00a0que la administraci\u00f3n no quer\u00eda compartir lo que sab\u00eda por lo que lo que ha enviado debe haber sido una lista con el nombre de la residencia, fallecidos confirmados Covid-19 y fallecidos con sospecha de covid-19.\u00a0 Parece que se lo han arrancado ya que no han dado m\u00e1s que eso (hubiera ayudado conocer el n\u00famero de plazas de la residencia o la poblaci\u00f3n en la que est\u00e1).\u00a0 Cabe la posibilidad de que la Generalitat s\u00ed haya enviado muchos m\u00e1s datos y que Infolibre sea quien los ha filtrado. Si un d\u00eda lo s\u00e9, completar\u00e9 este post.<\/p>\n<p>La informaci\u00f3n ahora disponible\u00a0bien claro que el supuesto \u00abaf\u00e1n lucrativo\u00bb de las empresas no ha sido lo que ha causado la muerte de los residentes.\u00a0 De hecho, el art\u00edculo dice textualmente: \u00abTambi\u00e9n son muy malos los datos de los 16 geri\u00e1tricos que gestiona la Generalitat\u00bb.<\/p>\n<p>El titular elegido es tendencioso \u00abLa cat\u00e1strofe de cuatro grandes grupos de residencias en Catalu\u00f1a. 521 fallecidos en sus 31 centros\u00bb refiri\u00e9ndose a Amavir, Ballesol, DomusVi y Sanitas (que concentran el 13% de fallecimientos) y lo es porque no dice qu\u00e9 porcentaje del total de plazas representan estos grupos ni que entre sus residencias tambi\u00e9n ha habido algunas en las que el virus no ha entrado.<\/p>\n<p>Para hacer las cosas un poco m\u00e1s claras he tomado\u00a0la tabla ofrecida por Infolibre y me he permitido completarla poniendo una columna m\u00e1s en la que aparece el n\u00famero de plazas totales que tiene las primeras 50 residencias de una lista en la que hay unas 500.\u00a0 \u00a0 S\u00f3lo haciendo eso vemos que Sanitas Residencial Les Corts, donde seg\u00fan los datos facilitados habr\u00edan muerto 58 residentes por covid-19 o con sospecha de padecerla, tiene 308 plazas por lo que, si se tiene en\u00a0 cuenta el n\u00famero total es la primera del r\u00e1nking, pero si se considera el porcentaje de fallecimientos sobre las plazas pasa a ser la treinta y pico.<\/p>\n<p>Tambi\u00e9n he \u00abmejorado\u00bb un poco la informaci\u00f3n convirti\u00e9ndola en dos tablas: en la primera s\u00f3lo he a\u00f1adido el n\u00famero de plazas.\u00a0 En la segunda las he ordenado por porcentaje.<\/p>\n<p>Al hacer eso caen algunas concepciones que se han ido creando durante la pandemia.\u00a0 No s\u00f3lo \u00ablos grupos\u00bb no est\u00e1n entre las primeras (una entre las\u00a0 10 con mayor porcentaje) sino que vemos mezcladas residencias p\u00fablicas, privadas sin \u00e1nimo de lucro (fundaciones, asociaciones) y privadas mercantiles.\u00a0 El tama\u00f1o tampoco parece ser un predictor ya que, entre las 10 primeras ordenadas por porcentaje de fallecimientos s\u00f3lo hay una de m\u00e1s de 100 plazas teniendo las dos primeras menos de 50.<\/p>\n<p>\u00bfQuiere esto decir que las residencias pertenecientes a fondos son mejores o peores de lo que nos hac\u00edan creer? \u00bfQu\u00e9 lo p\u00fablico no es tan bueno? \u00bfQue la iniciativa mercantil es tan buena como la \u00absin \u00e1nimo de lucro\u00bb?\u00a0 No, o quiz\u00e1s s\u00ed.\u00a0 Sencillamente quiere decir que todav\u00eda no sabemos lo suficiente como para hacer las acusaciones que algunos han\u00a0lanzado\u00a0durante la pandemia\u00a0aprovech\u00e1ndose del dolor de los mayores y sus familias.<\/p>\n<p>Al final est\u00e1n las dos tablas a que me refiero.\u00a0 <a href=\"https:\/\/www.infolibre.es\/noticias\/politica\/2020\/07\/06\/la_catastrofe_cuatro_grandes_grupos_residencias_cataluna_521_fallecidos_sus_centros_108501_1012.html?utm_source=twitter.com&amp;utm_medium=smmshare&amp;utm_campaign=noticias&amp;rnot=1078940\">Para obtener la tabla completa con 500 residencias hay que ir a la noticia original y registrarse\u00a0<\/a><\/p>\n<p>Lo he repetido muchas veces y lo volver\u00e9 a hacer.\u00a0 Si el relato generado desde los medios y redes\u00a0 sobre lo sucedido en residencias hubiese sido similar al que se cre\u00f3 sobre los hospitales habr\u00edamos heredado menos amargura y dolor a\u00f1adida a la que justamente ocasiona la muerte de un familiar.<\/p>\n<p>En los pr\u00f3ximos meses vamos a ir viendo como la Fiscal\u00eda abandona muchos de los casos que ahora investiga y c\u00f3mo los jueces archivan otros m\u00e1s.\u00a0 Al final quedar\u00e1 que entre las m\u00e1s de 5.000 residencias que hay en Espa\u00f1a un n\u00famero casi insignificante lo hizo muy mal y otro tambi\u00e9n peque\u00f1o, extraordinariamente bien, mientras que la gran mayor\u00eda prest\u00f3 un servicio correcto, ajustado a las extraordinarias circunstancias del momento (con muy pocos o sin EPIs, con muchas bajas laborales, sin tests y con muchas dificultades para derivar a residentes al hospital).\u00a0 \u00a0Cuando todo eso se dilucide habr\u00e1 que revisar los medios y las redes y quiz\u00e1s alguien deber\u00e1 decir: \u00abNo lo entend\u00ed bien\u00bb, \u00abMe precipit\u00e9 en mi juicio\u00bb, o sencillamente \u00abPerd\u00f3n\u00bb.<\/p>\n<p>Nota final:\u00a0 Lo he dejado para el final.\u00a0 No me creo los datos que ha entregado la Generalitat gracias a la oficina de Transparencia a Infolibre.\u00a0 Para m\u00ed que todav\u00eda no sabemos cu\u00e1nta gente ha muerto por Covid19 en las residencias catalanas.<\/p>\n<p>&nbsp;<\/p>\n<table style=\"height: 2904px\" width=\"465\">\n<tbody>\n<tr>\n<td width=\"437\">Residencia<\/td>\n<td width=\"173\">N\u00famero de plazas<\/td>\n<td width=\"221\">Residentes fallecidos confirmados covid-19<\/td>\n<td width=\"196\">Residentes fallecidos sospecha covid-19<\/td>\n<td width=\"85\">Total<\/td>\n<td width=\"203\">Porcentaje de fallecimientos sobre plazas<\/td>\n<\/tr>\n<tr>\n<td style=\"font-weight: 400\" width=\"437\">Sanitas Residencial Les Corts<\/td>\n<td style=\"font-weight: 400\" width=\"173\">308<\/td>\n<td style=\"font-weight: 400\" width=\"221\">13<\/td>\n<td style=\"font-weight: 400\" width=\"196\">45<\/td>\n<td style=\"font-weight: 400\" width=\"85\">58<\/td>\n<td style=\"font-weight: 400\">19%<\/td>\n<\/tr>\n<tr>\n<td style=\"font-weight: 400\" width=\"437\">Resid\u00e8ncia Assistida DomusVi Ca n&#8217;Amell<\/td>\n<td style=\"font-weight: 400\" width=\"173\">216<\/td>\n<td style=\"font-weight: 400\" width=\"221\">25<\/td>\n<td style=\"font-weight: 400\" width=\"196\">29<\/td>\n<td style=\"font-weight: 400\" width=\"85\">54<\/td>\n<td style=\"font-weight: 400\">25%<\/td>\n<\/tr>\n<tr>\n<td style=\"font-weight: 400\" width=\"437\">Resid\u00e8ncia Amavir Vilanova<\/td>\n<td style=\"font-weight: 400\" width=\"173\">180<\/td>\n<td style=\"font-weight: 400\" width=\"221\">4<\/td>\n<td style=\"font-weight: 400\" width=\"196\">46<\/td>\n<td style=\"font-weight: 400\" width=\"85\">50<\/td>\n<td style=\"font-weight: 400\">28%<\/td>\n<\/tr>\n<tr>\n<td style=\"font-weight: 400\" width=\"437\">Resid\u00e8ncia Pare Josep M. Vilaseca<\/td>\n<td style=\"font-weight: 400\" width=\"173\">152<\/td>\n<td style=\"font-weight: 400\" width=\"221\">5<\/td>\n<td style=\"font-weight: 400\" width=\"196\">44<\/td>\n<td style=\"font-weight: 400\" width=\"85\">49<\/td>\n<td style=\"font-weight: 400\">32%<\/td>\n<\/tr>\n<tr>\n<td style=\"font-weight: 400\" width=\"437\">Residencia las Acacias<\/td>\n<td style=\"font-weight: 400\" width=\"173\">213<\/td>\n<td style=\"font-weight: 400\" width=\"221\">11<\/td>\n<td style=\"font-weight: 400\" width=\"196\">34<\/td>\n<td style=\"font-weight: 400\" width=\"85\">45<\/td>\n<td style=\"font-weight: 400\">21%<\/td>\n<\/tr>\n<tr>\n<td style=\"font-weight: 400\" width=\"437\">Casa Asil de Sant Andreu de Palomar<\/td>\n<td style=\"font-weight: 400\" width=\"173\">150<\/td>\n<td style=\"font-weight: 400\" width=\"221\">9<\/td>\n<td style=\"font-weight: 400\" width=\"196\">32<\/td>\n<td style=\"font-weight: 400\" width=\"85\">41<\/td>\n<td style=\"font-weight: 400\">27%<\/td>\n<\/tr>\n<tr>\n<td style=\"font-weight: 400\" width=\"437\">Resid\u00e8ncia Nostrallar<\/td>\n<td style=\"font-weight: 400\" width=\"173\">220<\/td>\n<td style=\"font-weight: 400\" width=\"221\">26<\/td>\n<td style=\"font-weight: 400\" width=\"196\">11<\/td>\n<td style=\"font-weight: 400\" width=\"85\">37<\/td>\n<td style=\"font-weight: 400\">17%<\/td>\n<\/tr>\n<tr>\n<td style=\"font-weight: 400\" width=\"437\">Residencia Matac\u00e1s<\/td>\n<td style=\"font-weight: 400\" width=\"173\">176<\/td>\n<td style=\"font-weight: 400\" width=\"221\">17<\/td>\n<td style=\"font-weight: 400\" width=\"196\">20<\/td>\n<td style=\"font-weight: 400\" width=\"85\">37<\/td>\n<td style=\"font-weight: 400\">21%<\/td>\n<\/tr>\n<tr>\n<td style=\"font-weight: 400\" width=\"437\">Resid\u00e8ncia de Gent Gran de Sant Lloren\u00e7 Savall<\/td>\n<td style=\"font-weight: 400\" width=\"173\">180<\/td>\n<td style=\"font-weight: 400\" width=\"221\">24<\/td>\n<td style=\"font-weight: 400\" width=\"196\">12<\/td>\n<td style=\"font-weight: 400\" width=\"85\">36<\/td>\n<td style=\"font-weight: 400\">20%<\/td>\n<\/tr>\n<tr>\n<td style=\"font-weight: 400\" width=\"437\">Centre assistencial geri\u00e0tric Benviure<\/td>\n<td style=\"font-weight: 400\" width=\"173\">176<\/td>\n<td style=\"font-weight: 400\" width=\"221\">20<\/td>\n<td style=\"font-weight: 400\" width=\"196\">16<\/td>\n<td style=\"font-weight: 400\" width=\"85\">36<\/td>\n<td style=\"font-weight: 400\">20%<\/td>\n<\/tr>\n<tr>\n<td style=\"font-weight: 400\" width=\"437\">Resid\u00e8ncia Ballesol &#8211; Almog\u00e0vers<\/td>\n<td style=\"font-weight: 400\" width=\"173\">194<\/td>\n<td style=\"font-weight: 400\" width=\"221\">4<\/td>\n<td style=\"font-weight: 400\" width=\"196\">29<\/td>\n<td style=\"font-weight: 400\" width=\"85\">33<\/td>\n<td style=\"font-weight: 400\">17%<\/td>\n<\/tr>\n<tr>\n<td style=\"font-weight: 400\" width=\"437\">Resid\u00e8ncia de Gent Gran de Santa Coloma de Gramenet<\/td>\n<td style=\"font-weight: 400\" width=\"173\">91<\/td>\n<td style=\"font-weight: 400\" width=\"221\">9<\/td>\n<td style=\"font-weight: 400\" width=\"196\">23<\/td>\n<td style=\"font-weight: 400\" width=\"85\">32<\/td>\n<td style=\"font-weight: 400\">35%<\/td>\n<\/tr>\n<tr>\n<td style=\"font-weight: 400\" width=\"437\">Resid\u00e8ncia Amavir Horta<\/td>\n<td style=\"font-weight: 400\" width=\"173\">181<\/td>\n<td style=\"font-weight: 400\" width=\"221\">16<\/td>\n<td style=\"font-weight: 400\" width=\"196\">15<\/td>\n<td style=\"font-weight: 400\" width=\"85\">31<\/td>\n<td style=\"font-weight: 400\">17%<\/td>\n<\/tr>\n<tr>\n<td style=\"font-weight: 400\" width=\"437\">Resid\u00e8ncia geri\u00e0trica assistida Residencial Palau<\/td>\n<td style=\"font-weight: 400\" width=\"173\">166<\/td>\n<td style=\"font-weight: 400\" width=\"221\">8<\/td>\n<td style=\"font-weight: 400\" width=\"196\">23<\/td>\n<td style=\"font-weight: 400\" width=\"85\">31<\/td>\n<td style=\"font-weight: 400\">19%<\/td>\n<\/tr>\n<tr>\n<td style=\"font-weight: 400\" width=\"437\">Centre residencial Blau Almeda<\/td>\n<td style=\"font-weight: 400\" width=\"173\">142<\/td>\n<td style=\"font-weight: 400\" width=\"221\">11<\/td>\n<td style=\"font-weight: 400\" width=\"196\">19<\/td>\n<td style=\"font-weight: 400\" width=\"85\">30<\/td>\n<td style=\"font-weight: 400\">21%<\/td>\n<\/tr>\n<tr>\n<td style=\"font-weight: 400\" width=\"437\">Asil Hospital de la Garriga<\/td>\n<td style=\"font-weight: 400\" width=\"173\">123<\/td>\n<td style=\"font-weight: 400\" width=\"221\">2<\/td>\n<td style=\"font-weight: 400\" width=\"196\">28<\/td>\n<td style=\"font-weight: 400\" width=\"85\">30<\/td>\n<td style=\"font-weight: 400\">24%<\/td>\n<\/tr>\n<tr>\n<td style=\"font-weight: 400\" width=\"437\">Resid\u00e8ncia Assistida DomusVi Can Buxeres<\/td>\n<td style=\"font-weight: 400\" width=\"173\">178<\/td>\n<td style=\"font-weight: 400\" width=\"221\">12<\/td>\n<td style=\"font-weight: 400\" width=\"196\">17<\/td>\n<td style=\"font-weight: 400\" width=\"85\">29<\/td>\n<td style=\"font-weight: 400\">16%<\/td>\n<\/tr>\n<tr>\n<td style=\"font-weight: 400\" width=\"437\">Sanitas Residencial Proven\u00e7a<\/td>\n<td style=\"font-weight: 400\" width=\"173\">124<\/td>\n<td style=\"font-weight: 400\" width=\"221\">2<\/td>\n<td style=\"font-weight: 400\" width=\"196\">27<\/td>\n<td style=\"font-weight: 400\" width=\"85\">29<\/td>\n<td style=\"font-weight: 400\">23%<\/td>\n<\/tr>\n<tr>\n<td style=\"font-weight: 400\" width=\"437\">Centre per a la gent gran Vitalia Sants<\/td>\n<td style=\"font-weight: 400\" width=\"173\">180<\/td>\n<td style=\"font-weight: 400\" width=\"221\">6<\/td>\n<td style=\"font-weight: 400\" width=\"196\">23<\/td>\n<td style=\"font-weight: 400\" width=\"85\">29<\/td>\n<td style=\"font-weight: 400\">16%<\/td>\n<\/tr>\n<tr>\n<td style=\"font-weight: 400\" width=\"437\">Resid\u00e8ncia Red\u00f3s de Sant Josep<\/td>\n<td style=\"font-weight: 400\" width=\"173\">49<\/td>\n<td style=\"font-weight: 400\" width=\"221\">23<\/td>\n<td style=\"font-weight: 400\" width=\"196\">5<\/td>\n<td style=\"font-weight: 400\" width=\"85\">28<\/td>\n<td style=\"font-weight: 400\">57%<\/td>\n<\/tr>\n<tr>\n<td style=\"font-weight: 400\" width=\"437\">Resid\u00e8ncia d&#8217;Avis de Capellades Fundaci\u00f3 Consorts Guasc<\/td>\n<td style=\"font-weight: 400\" width=\"173\">83<\/td>\n<td style=\"font-weight: 400\" width=\"221\">14<\/td>\n<td style=\"font-weight: 400\" width=\"196\">13<\/td>\n<td style=\"font-weight: 400\" width=\"85\">27<\/td>\n<td style=\"font-weight: 400\">33%<\/td>\n<\/tr>\n<tr>\n<td style=\"font-weight: 400\" width=\"437\">Resid\u00e8ncia d&#8217;avis la Torrassa<\/td>\n<td style=\"font-weight: 400\" width=\"173\">71<\/td>\n<td style=\"font-weight: 400\" width=\"221\">14<\/td>\n<td style=\"font-weight: 400\" width=\"196\">13<\/td>\n<td style=\"font-weight: 400\" width=\"85\">27<\/td>\n<td style=\"font-weight: 400\">38%<\/td>\n<\/tr>\n<tr>\n<td style=\"font-weight: 400\" width=\"437\">Instituci\u00f3 Ben\u00e8fica Amics dels Avis<\/td>\n<td style=\"font-weight: 400\" width=\"173\">103<\/td>\n<td style=\"font-weight: 400\" width=\"221\">15<\/td>\n<td style=\"font-weight: 400\" width=\"196\">12<\/td>\n<td style=\"font-weight: 400\" width=\"85\">27<\/td>\n<td style=\"font-weight: 400\">26%<\/td>\n<\/tr>\n<tr>\n<td style=\"font-weight: 400\" width=\"437\">Vitalia Sant Just Centre per la Gent Gran de Sant Just<\/td>\n<td style=\"font-weight: 400\" width=\"173\">190<\/td>\n<td style=\"font-weight: 400\" width=\"221\">12<\/td>\n<td style=\"font-weight: 400\" width=\"196\">15<\/td>\n<td style=\"font-weight: 400\" width=\"85\">27<\/td>\n<td style=\"font-weight: 400\">14%<\/td>\n<\/tr>\n<tr>\n<td style=\"font-weight: 400\" width=\"437\">Los Olivos. Residencia tercera edad<\/td>\n<td style=\"font-weight: 400\" width=\"173\">90<\/td>\n<td style=\"font-weight: 400\" width=\"221\">6<\/td>\n<td style=\"font-weight: 400\" width=\"196\">20<\/td>\n<td style=\"font-weight: 400\" width=\"85\">26<\/td>\n<td style=\"font-weight: 400\">29%<\/td>\n<\/tr>\n<tr>\n<td style=\"font-weight: 400\" width=\"437\">Residencia Centre Parc<\/td>\n<td style=\"font-weight: 400\" width=\"173\">162<\/td>\n<td style=\"font-weight: 400\" width=\"221\">4<\/td>\n<td style=\"font-weight: 400\" width=\"196\">22<\/td>\n<td style=\"font-weight: 400\" width=\"85\">26<\/td>\n<td style=\"font-weight: 400\">16%<\/td>\n<\/tr>\n<tr>\n<td style=\"font-weight: 400\" width=\"437\">Resid\u00e8ncia Santa Maria del Tura<\/td>\n<td style=\"font-weight: 400\" width=\"173\">133<\/td>\n<td style=\"font-weight: 400\" width=\"221\">4<\/td>\n<td style=\"font-weight: 400\" width=\"196\">22<\/td>\n<td style=\"font-weight: 400\" width=\"85\">26<\/td>\n<td style=\"font-weight: 400\">20%<\/td>\n<\/tr>\n<tr>\n<td style=\"font-weight: 400\" width=\"437\">Ballesol &#8211; Fabra i Puig<\/td>\n<td style=\"font-weight: 400\" width=\"173\">136<\/td>\n<td style=\"font-weight: 400\" width=\"221\">9<\/td>\n<td style=\"font-weight: 400\" width=\"196\">16<\/td>\n<td style=\"font-weight: 400\" width=\"85\">25<\/td>\n<td style=\"font-weight: 400\">18%<\/td>\n<\/tr>\n<tr>\n<td style=\"font-weight: 400\" width=\"437\">Resid\u00e8ncia 3a edat Sant Jaume<\/td>\n<td style=\"font-weight: 400\" width=\"173\">38<\/td>\n<td style=\"font-weight: 400\" width=\"221\">13<\/td>\n<td style=\"font-weight: 400\" width=\"196\">12<\/td>\n<td style=\"font-weight: 400\" width=\"85\">25<\/td>\n<td style=\"font-weight: 400\">66%<\/td>\n<\/tr>\n<tr>\n<td style=\"font-weight: 400\" width=\"437\">Resid\u00e8ncia assistida gent gran Barcelona &#8211; Font Florida<\/td>\n<td style=\"font-weight: 400\" width=\"173\">88<\/td>\n<td style=\"font-weight: 400\" width=\"221\">4<\/td>\n<td style=\"font-weight: 400\" width=\"196\">21<\/td>\n<td style=\"font-weight: 400\" width=\"85\">25<\/td>\n<td style=\"font-weight: 400\">28%<\/td>\n<\/tr>\n<tr>\n<td style=\"font-weight: 400\" width=\"437\">Resid\u00e8ncia Amavir Diagonal<\/td>\n<td style=\"font-weight: 400\" width=\"173\">80<\/td>\n<td style=\"font-weight: 400\" width=\"221\">7<\/td>\n<td style=\"font-weight: 400\" width=\"196\">17<\/td>\n<td style=\"font-weight: 400\" width=\"85\">24<\/td>\n<td style=\"font-weight: 400\">30%<\/td>\n<\/tr>\n<tr>\n<td style=\"font-weight: 400\" width=\"437\">Centre Collserola<\/td>\n<td style=\"font-weight: 400\" width=\"173\">120<\/td>\n<td style=\"font-weight: 400\" width=\"221\">5<\/td>\n<td style=\"font-weight: 400\" width=\"196\">19<\/td>\n<td style=\"font-weight: 400\" width=\"85\">24<\/td>\n<td style=\"font-weight: 400\">20%<\/td>\n<\/tr>\n<tr>\n<td style=\"font-weight: 400\" width=\"437\">Resid\u00e8ncia Sophos Barbera<\/td>\n<td style=\"font-weight: 400\" width=\"173\">103<\/td>\n<td style=\"font-weight: 400\" width=\"221\">15<\/td>\n<td style=\"font-weight: 400\" width=\"196\">8<\/td>\n<td style=\"font-weight: 400\" width=\"85\">23<\/td>\n<td style=\"font-weight: 400\">22%<\/td>\n<\/tr>\n<tr>\n<td style=\"font-weight: 400\" width=\"437\">Resid\u00e8ncia Ball\u00fas<\/td>\n<td style=\"font-weight: 400\" width=\"173\">62<\/td>\n<td style=\"font-weight: 400\" width=\"221\">17<\/td>\n<td style=\"font-weight: 400\" width=\"196\">6<\/td>\n<td style=\"font-weight: 400\" width=\"85\">23<\/td>\n<td style=\"font-weight: 400\">37%<\/td>\n<\/tr>\n<tr>\n<td style=\"font-weight: 400\" width=\"437\">Residencial Cornell\u00e0<\/td>\n<td style=\"font-weight: 400\" width=\"173\">140<\/td>\n<td style=\"font-weight: 400\" width=\"221\">4<\/td>\n<td style=\"font-weight: 400\" width=\"196\">19<\/td>\n<td style=\"font-weight: 400\" width=\"85\">23<\/td>\n<td style=\"font-weight: 400\">16%<\/td>\n<\/tr>\n<tr>\n<td style=\"font-weight: 400\" width=\"437\">Centre residencial Els Josepets<\/td>\n<td style=\"font-weight: 400\" width=\"173\">139<\/td>\n<td style=\"font-weight: 400\" width=\"221\">12<\/td>\n<td style=\"font-weight: 400\" width=\"196\">10<\/td>\n<td style=\"font-weight: 400\" width=\"85\">22<\/td>\n<td style=\"font-weight: 400\">16%<\/td>\n<\/tr>\n<tr>\n<td style=\"font-weight: 400\" width=\"437\">Resid\u00e8ncia de Gent Gran de Matar\u00f2<\/td>\n<td style=\"font-weight: 400\" width=\"173\">222<\/td>\n<td style=\"font-weight: 400\" width=\"221\">5<\/td>\n<td style=\"font-weight: 400\" width=\"196\">17<\/td>\n<td style=\"font-weight: 400\" width=\"85\">22<\/td>\n<td style=\"font-weight: 400\">10%<\/td>\n<\/tr>\n<tr>\n<td style=\"font-weight: 400\" width=\"437\">Resid\u00e8ncia Ballesol Barber\u00e0<\/td>\n<td style=\"font-weight: 400\" width=\"173\">164<\/td>\n<td style=\"font-weight: 400\" width=\"221\">9<\/td>\n<td style=\"font-weight: 400\" width=\"196\">13<\/td>\n<td style=\"font-weight: 400\" width=\"85\">22<\/td>\n<td style=\"font-weight: 400\">13%<\/td>\n<\/tr>\n<tr>\n<td style=\"font-weight: 400\" width=\"437\">Resid\u00e8ncia Santa Susanna<\/td>\n<td style=\"font-weight: 400\" width=\"173\">82<\/td>\n<td style=\"font-weight: 400\" width=\"221\">4<\/td>\n<td style=\"font-weight: 400\" width=\"196\">18<\/td>\n<td style=\"font-weight: 400\" width=\"85\">22<\/td>\n<td style=\"font-weight: 400\">27%<\/td>\n<\/tr>\n<tr>\n<td style=\"font-weight: 400\" width=\"437\">Residencia Venero<\/td>\n<td style=\"font-weight: 400\" width=\"173\">98<\/td>\n<td style=\"font-weight: 400\" width=\"221\">98<\/td>\n<td style=\"font-weight: 400\" width=\"196\">17<\/td>\n<td style=\"font-weight: 400\" width=\"85\">22<\/td>\n<td style=\"font-weight: 400\">22%<\/td>\n<\/tr>\n<tr>\n<td style=\"font-weight: 400\" width=\"437\">Centre Residencial Lantus Olimpo<\/td>\n<td style=\"font-weight: 400\" width=\"173\">145<\/td>\n<td style=\"font-weight: 400\" width=\"221\">11<\/td>\n<td style=\"font-weight: 400\" width=\"196\">11<\/td>\n<td style=\"font-weight: 400\" width=\"85\">22<\/td>\n<td style=\"font-weight: 400\">15%<\/td>\n<\/tr>\n<tr>\n<td style=\"font-weight: 400\" width=\"437\">Resid\u00e8ncia assistida Novallar de Mediona<\/td>\n<td style=\"font-weight: 400\" width=\"173\">140<\/td>\n<td style=\"font-weight: 400\" width=\"221\">13<\/td>\n<td style=\"font-weight: 400\" width=\"196\">9<\/td>\n<td style=\"font-weight: 400\" width=\"85\">22<\/td>\n<td style=\"font-weight: 400\">16%<\/td>\n<\/tr>\n<tr>\n<td style=\"font-weight: 400\" width=\"437\">Las Magnolias<\/td>\n<td style=\"font-weight: 400\" width=\"173\">85<\/td>\n<td style=\"font-weight: 400\" width=\"221\">12<\/td>\n<td style=\"font-weight: 400\" width=\"196\">10<\/td>\n<td style=\"font-weight: 400\" width=\"85\">22<\/td>\n<td style=\"font-weight: 400\">26%<\/td>\n<\/tr>\n<tr>\n<td style=\"font-weight: 400\" width=\"437\">Resid\u00e8ncia Geri\u00e0trica Mar\u00eda de la Salud<\/td>\n<td style=\"font-weight: 400\" width=\"173\">91<\/td>\n<td style=\"font-weight: 400\" width=\"221\">16<\/td>\n<td style=\"font-weight: 400\" width=\"196\">6<\/td>\n<td style=\"font-weight: 400\" width=\"85\">22<\/td>\n<td style=\"font-weight: 400\">24%<\/td>\n<\/tr>\n<tr>\n<td style=\"font-weight: 400\" width=\"437\">Resid\u00e8ncia de Gent Gran Llar Sant Josep (Lleida)<\/td>\n<td style=\"font-weight: 400\" width=\"173\">90<\/td>\n<td style=\"font-weight: 400\" width=\"221\">19<\/td>\n<td style=\"font-weight: 400\" width=\"196\">2<\/td>\n<td style=\"font-weight: 400\" width=\"85\">21<\/td>\n<td style=\"font-weight: 400\">23%<\/td>\n<\/tr>\n<tr>\n<td style=\"font-weight: 400\" width=\"437\">Resid\u00e8ncia Municipal per a Gent Gran Sant Cebri\u00e0<\/td>\n<td style=\"font-weight: 400\" width=\"173\">96<\/td>\n<td style=\"font-weight: 400\" width=\"221\">9<\/td>\n<td style=\"font-weight: 400\" width=\"196\">12<\/td>\n<td style=\"font-weight: 400\" width=\"85\">21<\/td>\n<td style=\"font-weight: 400\">22%<\/td>\n<\/tr>\n<tr>\n<td style=\"font-weight: 400\" width=\"437\">Resid\u00e8ncia El Nadal<\/td>\n<td style=\"font-weight: 400\" width=\"173\">144<\/td>\n<td style=\"font-weight: 400\" width=\"221\">8<\/td>\n<td style=\"font-weight: 400\" width=\"196\">13<\/td>\n<td style=\"font-weight: 400\" width=\"85\">21<\/td>\n<td style=\"font-weight: 400\">15%<\/td>\n<\/tr>\n<tr>\n<td style=\"font-weight: 400\" width=\"437\">Resid\u00e8ncia Sant Andreu<\/td>\n<td style=\"font-weight: 400\" width=\"173\">73<\/td>\n<td style=\"font-weight: 400\" width=\"221\">7<\/td>\n<td style=\"font-weight: 400\" width=\"196\">14<\/td>\n<td style=\"font-weight: 400\" width=\"85\">21<\/td>\n<td style=\"font-weight: 400\">29%<\/td>\n<\/tr>\n<tr>\n<td style=\"font-weight: 400\" width=\"437\">Resid\u00e8ncia Salarich-Calderer<\/td>\n<td style=\"font-weight: 400\" width=\"173\">82<\/td>\n<td style=\"font-weight: 400\" width=\"221\">9<\/td>\n<td style=\"font-weight: 400\" width=\"196\">12<\/td>\n<td style=\"font-weight: 400\" width=\"85\">21<\/td>\n<td style=\"font-weight: 400\">26%<\/td>\n<\/tr>\n<tr>\n<td style=\"font-weight: 400\" width=\"437\">Resid\u00e8ncia assistida Jaume Batlle<\/td>\n<td style=\"font-weight: 400\" width=\"173\">73<\/td>\n<td style=\"font-weight: 400\" width=\"221\">14<\/td>\n<td style=\"font-weight: 400\" width=\"196\">7<\/td>\n<td style=\"font-weight: 400\" width=\"85\">21<\/td>\n<td style=\"font-weight: 400\">29%<\/td>\n<\/tr>\n<tr>\n<td style=\"font-weight: 400\" width=\"437\">Resid\u00e8ncia Barcelona<\/td>\n<td style=\"font-weight: 400\" width=\"173\">130<\/td>\n<td style=\"font-weight: 400\" width=\"221\">3<\/td>\n<td style=\"font-weight: 400\" width=\"196\">18<\/td>\n<td style=\"font-weight: 400\" width=\"85\">21<\/td>\n<td style=\"font-weight: 400\">16%<\/td>\n<\/tr>\n<tr>\n<td width=\"437\"><\/td>\n<td width=\"173\">6852<\/td>\n<td width=\"221\">639<\/td>\n<td width=\"196\">922<\/td>\n<td width=\"85\">1468<\/td>\n<td>21%<\/td>\n<\/tr>\n<\/tbody>\n<\/table>\n<p>&nbsp;<\/p>\n<p>&nbsp;<\/p>\n<p>&nbsp;<\/p>\n<table style=\"height: 2915px\" width=\"480\">\n<tbody>\n<tr>\n<td width=\"437\">Residencia<\/td>\n<td width=\"173\">N\u00famero de plazas<\/td>\n<td width=\"221\">Residentes fallecidos confirmados covid-19<\/td>\n<td width=\"196\">Residentes fallecidos sospecha covid-19<\/td>\n<td width=\"85\">Total<\/td>\n<td width=\"203\">Porcentaje de fallecimientos sobre plazas<\/td>\n<\/tr>\n<tr>\n<td style=\"font-weight: 400\" width=\"437\">Resid\u00e8ncia 3a edat Sant Jaume<\/td>\n<td style=\"font-weight: 400\" width=\"173\">38<\/td>\n<td style=\"font-weight: 400\" width=\"221\">13<\/td>\n<td style=\"font-weight: 400\" width=\"196\">12<\/td>\n<td style=\"font-weight: 400\" width=\"85\">25<\/td>\n<td style=\"font-weight: 400\">66%<\/td>\n<\/tr>\n<tr>\n<td style=\"font-weight: 400\" width=\"437\">Resid\u00e8ncia Red\u00f3s de Sant Josep<\/td>\n<td style=\"font-weight: 400\" width=\"173\">49<\/td>\n<td style=\"font-weight: 400\" width=\"221\">23<\/td>\n<td style=\"font-weight: 400\" width=\"196\">5<\/td>\n<td style=\"font-weight: 400\" width=\"85\">28<\/td>\n<td style=\"font-weight: 400\">57%<\/td>\n<\/tr>\n<tr>\n<td style=\"font-weight: 400\" width=\"437\">Resid\u00e8ncia d&#8217;avis la Torrassa<\/td>\n<td style=\"font-weight: 400\" width=\"173\">71<\/td>\n<td style=\"font-weight: 400\" width=\"221\">14<\/td>\n<td style=\"font-weight: 400\" width=\"196\">13<\/td>\n<td style=\"font-weight: 400\" width=\"85\">27<\/td>\n<td style=\"font-weight: 400\">38%<\/td>\n<\/tr>\n<tr>\n<td style=\"font-weight: 400\" width=\"437\">Resid\u00e8ncia Ball\u00fas<\/td>\n<td style=\"font-weight: 400\" width=\"173\">62<\/td>\n<td style=\"font-weight: 400\" width=\"221\">17<\/td>\n<td style=\"font-weight: 400\" width=\"196\">6<\/td>\n<td style=\"font-weight: 400\" width=\"85\">23<\/td>\n<td style=\"font-weight: 400\">37%<\/td>\n<\/tr>\n<tr>\n<td style=\"font-weight: 400\" width=\"437\">Resid\u00e8ncia de Gent Gran de Santa Coloma de Gramenet<\/td>\n<td style=\"font-weight: 400\" width=\"173\">91<\/td>\n<td style=\"font-weight: 400\" width=\"221\">9<\/td>\n<td style=\"font-weight: 400\" width=\"196\">23<\/td>\n<td style=\"font-weight: 400\" width=\"85\">32<\/td>\n<td style=\"font-weight: 400\">35%<\/td>\n<\/tr>\n<tr>\n<td style=\"font-weight: 400\" width=\"437\">Resid\u00e8ncia d&#8217;Avis de Capellades Fundaci\u00f3 Consorts Guasc<\/td>\n<td style=\"font-weight: 400\" width=\"173\">83<\/td>\n<td style=\"font-weight: 400\" width=\"221\">14<\/td>\n<td style=\"font-weight: 400\" width=\"196\">13<\/td>\n<td style=\"font-weight: 400\" width=\"85\">27<\/td>\n<td style=\"font-weight: 400\">33%<\/td>\n<\/tr>\n<tr>\n<td style=\"font-weight: 400\" width=\"437\">Resid\u00e8ncia Pare Josep M. Vilaseca<\/td>\n<td style=\"font-weight: 400\" width=\"173\">152<\/td>\n<td style=\"font-weight: 400\" width=\"221\">5<\/td>\n<td style=\"font-weight: 400\" width=\"196\">44<\/td>\n<td style=\"font-weight: 400\" width=\"85\">49<\/td>\n<td style=\"font-weight: 400\">32%<\/td>\n<\/tr>\n<tr>\n<td style=\"font-weight: 400\" width=\"437\">Resid\u00e8ncia Amavir Diagonal<\/td>\n<td style=\"font-weight: 400\" width=\"173\">80<\/td>\n<td style=\"font-weight: 400\" width=\"221\">7<\/td>\n<td style=\"font-weight: 400\" width=\"196\">17<\/td>\n<td style=\"font-weight: 400\" width=\"85\">24<\/td>\n<td style=\"font-weight: 400\">30%<\/td>\n<\/tr>\n<tr>\n<td style=\"font-weight: 400\" width=\"437\">Los Olivos. Residencia tercera edad<\/td>\n<td style=\"font-weight: 400\" width=\"173\">90<\/td>\n<td style=\"font-weight: 400\" width=\"221\">6<\/td>\n<td style=\"font-weight: 400\" width=\"196\">20<\/td>\n<td style=\"font-weight: 400\" width=\"85\">26<\/td>\n<td style=\"font-weight: 400\">29%<\/td>\n<\/tr>\n<tr>\n<td style=\"font-weight: 400\" width=\"437\">Resid\u00e8ncia Sant Andreu<\/td>\n<td style=\"font-weight: 400\" width=\"173\">73<\/td>\n<td style=\"font-weight: 400\" width=\"221\">7<\/td>\n<td style=\"font-weight: 400\" width=\"196\">14<\/td>\n<td style=\"font-weight: 400\" width=\"85\">21<\/td>\n<td style=\"font-weight: 400\">29%<\/td>\n<\/tr>\n<tr>\n<td style=\"font-weight: 400\" width=\"437\">Resid\u00e8ncia assistida Jaume Batlle<\/td>\n<td style=\"font-weight: 400\" width=\"173\">73<\/td>\n<td style=\"font-weight: 400\" width=\"221\">14<\/td>\n<td style=\"font-weight: 400\" width=\"196\">7<\/td>\n<td style=\"font-weight: 400\" width=\"85\">21<\/td>\n<td style=\"font-weight: 400\">29%<\/td>\n<\/tr>\n<tr>\n<td style=\"font-weight: 400\" width=\"437\">Resid\u00e8ncia assistida gent gran Barcelona &#8211; Font Florida<\/td>\n<td style=\"font-weight: 400\" width=\"173\">88<\/td>\n<td style=\"font-weight: 400\" width=\"221\">4<\/td>\n<td style=\"font-weight: 400\" width=\"196\">21<\/td>\n<td style=\"font-weight: 400\" width=\"85\">25<\/td>\n<td style=\"font-weight: 400\">28%<\/td>\n<\/tr>\n<tr>\n<td style=\"font-weight: 400\" width=\"437\">Resid\u00e8ncia Amavir Vilanova<\/td>\n<td style=\"font-weight: 400\" width=\"173\">180<\/td>\n<td style=\"font-weight: 400\" width=\"221\">4<\/td>\n<td style=\"font-weight: 400\" width=\"196\">46<\/td>\n<td style=\"font-weight: 400\" width=\"85\">50<\/td>\n<td style=\"font-weight: 400\">28%<\/td>\n<\/tr>\n<tr>\n<td style=\"font-weight: 400\" width=\"437\">Casa Asil de Sant Andreu de Palomar<\/td>\n<td style=\"font-weight: 400\" width=\"173\">150<\/td>\n<td style=\"font-weight: 400\" width=\"221\">9<\/td>\n<td style=\"font-weight: 400\" width=\"196\">32<\/td>\n<td style=\"font-weight: 400\" width=\"85\">41<\/td>\n<td style=\"font-weight: 400\">27%<\/td>\n<\/tr>\n<tr>\n<td style=\"font-weight: 400\" width=\"437\">Resid\u00e8ncia Santa Susanna<\/td>\n<td style=\"font-weight: 400\" width=\"173\">82<\/td>\n<td style=\"font-weight: 400\" width=\"221\">4<\/td>\n<td style=\"font-weight: 400\" width=\"196\">18<\/td>\n<td style=\"font-weight: 400\" width=\"85\">22<\/td>\n<td style=\"font-weight: 400\">27%<\/td>\n<\/tr>\n<tr>\n<td style=\"font-weight: 400\" width=\"437\">Instituci\u00f3 Ben\u00e8fica Amics dels Avis<\/td>\n<td style=\"font-weight: 400\" width=\"173\">103<\/td>\n<td style=\"font-weight: 400\" width=\"221\">15<\/td>\n<td style=\"font-weight: 400\" width=\"196\">12<\/td>\n<td style=\"font-weight: 400\" width=\"85\">27<\/td>\n<td style=\"font-weight: 400\">26%<\/td>\n<\/tr>\n<tr>\n<td style=\"font-weight: 400\" width=\"437\">Las Magnolias<\/td>\n<td style=\"font-weight: 400\" width=\"173\">85<\/td>\n<td style=\"font-weight: 400\" width=\"221\">12<\/td>\n<td style=\"font-weight: 400\" width=\"196\">10<\/td>\n<td style=\"font-weight: 400\" width=\"85\">22<\/td>\n<td style=\"font-weight: 400\">26%<\/td>\n<\/tr>\n<tr>\n<td style=\"font-weight: 400\" width=\"437\">Resid\u00e8ncia Salarich-Calderer<\/td>\n<td style=\"font-weight: 400\" width=\"173\">82<\/td>\n<td style=\"font-weight: 400\" width=\"221\">9<\/td>\n<td style=\"font-weight: 400\" width=\"196\">12<\/td>\n<td style=\"font-weight: 400\" width=\"85\">21<\/td>\n<td style=\"font-weight: 400\">26%<\/td>\n<\/tr>\n<tr>\n<td style=\"font-weight: 400\" width=\"437\">Resid\u00e8ncia Assistida DomusVi Ca n&#8217;Amell<\/td>\n<td style=\"font-weight: 400\" width=\"173\">216<\/td>\n<td style=\"font-weight: 400\" width=\"221\">25<\/td>\n<td style=\"font-weight: 400\" width=\"196\">29<\/td>\n<td style=\"font-weight: 400\" width=\"85\">54<\/td>\n<td style=\"font-weight: 400\">25%<\/td>\n<\/tr>\n<tr>\n<td style=\"font-weight: 400\" width=\"437\">Asil Hospital de la Garriga<\/td>\n<td style=\"font-weight: 400\" width=\"173\">123<\/td>\n<td style=\"font-weight: 400\" width=\"221\">2<\/td>\n<td style=\"font-weight: 400\" width=\"196\">28<\/td>\n<td style=\"font-weight: 400\" width=\"85\">30<\/td>\n<td style=\"font-weight: 400\">24%<\/td>\n<\/tr>\n<tr>\n<td style=\"font-weight: 400\" width=\"437\">Resid\u00e8ncia Geri\u00e0trica Mar\u00eda de la Salud<\/td>\n<td style=\"font-weight: 400\" width=\"173\">91<\/td>\n<td style=\"font-weight: 400\" width=\"221\">16<\/td>\n<td style=\"font-weight: 400\" width=\"196\">6<\/td>\n<td style=\"font-weight: 400\" width=\"85\">22<\/td>\n<td style=\"font-weight: 400\">24%<\/td>\n<\/tr>\n<tr>\n<td style=\"font-weight: 400\" width=\"437\">Sanitas Residencial Proven\u00e7a<\/td>\n<td style=\"font-weight: 400\" width=\"173\">124<\/td>\n<td style=\"font-weight: 400\" width=\"221\">2<\/td>\n<td style=\"font-weight: 400\" width=\"196\">27<\/td>\n<td style=\"font-weight: 400\" width=\"85\">29<\/td>\n<td style=\"font-weight: 400\">23%<\/td>\n<\/tr>\n<tr>\n<td style=\"font-weight: 400\" width=\"437\">Resid\u00e8ncia de Gent Gran Llar Sant Josep (Lleida)<\/td>\n<td style=\"font-weight: 400\" width=\"173\">90<\/td>\n<td style=\"font-weight: 400\" width=\"221\">19<\/td>\n<td style=\"font-weight: 400\" width=\"196\">2<\/td>\n<td style=\"font-weight: 400\" width=\"85\">21<\/td>\n<td style=\"font-weight: 400\">23%<\/td>\n<\/tr>\n<tr>\n<td style=\"font-weight: 400\" width=\"437\">Residencia Venero<\/td>\n<td style=\"font-weight: 400\" width=\"173\">98<\/td>\n<td style=\"font-weight: 400\" width=\"221\">98<\/td>\n<td style=\"font-weight: 400\" width=\"196\">17<\/td>\n<td style=\"font-weight: 400\" width=\"85\">22<\/td>\n<td style=\"font-weight: 400\">22%<\/td>\n<\/tr>\n<tr>\n<td style=\"font-weight: 400\" width=\"437\">Resid\u00e8ncia Sophos Barbera<\/td>\n<td style=\"font-weight: 400\" width=\"173\">103<\/td>\n<td style=\"font-weight: 400\" width=\"221\">15<\/td>\n<td style=\"font-weight: 400\" width=\"196\">8<\/td>\n<td style=\"font-weight: 400\" width=\"85\">23<\/td>\n<td style=\"font-weight: 400\">22%<\/td>\n<\/tr>\n<tr>\n<td style=\"font-weight: 400\" width=\"437\">Resid\u00e8ncia Municipal per a Gent Gran Sant Cebri\u00e0<\/td>\n<td style=\"font-weight: 400\" width=\"173\">96<\/td>\n<td style=\"font-weight: 400\" width=\"221\">9<\/td>\n<td style=\"font-weight: 400\" width=\"196\">12<\/td>\n<td style=\"font-weight: 400\" width=\"85\">21<\/td>\n<td style=\"font-weight: 400\">22%<\/td>\n<\/tr>\n<tr>\n<td style=\"font-weight: 400\" width=\"437\">Residencia las Acacias<\/td>\n<td style=\"font-weight: 400\" width=\"173\">213<\/td>\n<td style=\"font-weight: 400\" width=\"221\">11<\/td>\n<td style=\"font-weight: 400\" width=\"196\">34<\/td>\n<td style=\"font-weight: 400\" width=\"85\">45<\/td>\n<td style=\"font-weight: 400\">21%<\/td>\n<\/tr>\n<tr>\n<td style=\"font-weight: 400\" width=\"437\">Centre residencial Blau Almeda<\/td>\n<td style=\"font-weight: 400\" width=\"173\">142<\/td>\n<td style=\"font-weight: 400\" width=\"221\">11<\/td>\n<td style=\"font-weight: 400\" width=\"196\">19<\/td>\n<td style=\"font-weight: 400\" width=\"85\">30<\/td>\n<td style=\"font-weight: 400\">21%<\/td>\n<\/tr>\n<tr>\n<td style=\"font-weight: 400\" width=\"437\">Residencia Matac\u00e1s<\/td>\n<td style=\"font-weight: 400\" width=\"173\">176<\/td>\n<td style=\"font-weight: 400\" width=\"221\">17<\/td>\n<td style=\"font-weight: 400\" width=\"196\">20<\/td>\n<td style=\"font-weight: 400\" width=\"85\">37<\/td>\n<td style=\"font-weight: 400\">21%<\/td>\n<\/tr>\n<tr>\n<td style=\"font-weight: 400\" width=\"437\">Centre assistencial geri\u00e0tric Benviure<\/td>\n<td style=\"font-weight: 400\" width=\"173\">176<\/td>\n<td style=\"font-weight: 400\" width=\"221\">20<\/td>\n<td style=\"font-weight: 400\" width=\"196\">16<\/td>\n<td style=\"font-weight: 400\" width=\"85\">36<\/td>\n<td style=\"font-weight: 400\">20%<\/td>\n<\/tr>\n<tr>\n<td style=\"font-weight: 400\" width=\"437\">Resid\u00e8ncia de Gent Gran de Sant Lloren\u00e7 Savall<\/td>\n<td style=\"font-weight: 400\" width=\"173\">180<\/td>\n<td style=\"font-weight: 400\" width=\"221\">24<\/td>\n<td style=\"font-weight: 400\" width=\"196\">12<\/td>\n<td style=\"font-weight: 400\" width=\"85\">36<\/td>\n<td style=\"font-weight: 400\">20%<\/td>\n<\/tr>\n<tr>\n<td style=\"font-weight: 400\" width=\"437\">Centre Collserola<\/td>\n<td style=\"font-weight: 400\" width=\"173\">120<\/td>\n<td style=\"font-weight: 400\" width=\"221\">5<\/td>\n<td style=\"font-weight: 400\" width=\"196\">19<\/td>\n<td style=\"font-weight: 400\" width=\"85\">24<\/td>\n<td style=\"font-weight: 400\">20%<\/td>\n<\/tr>\n<tr>\n<td style=\"font-weight: 400\" width=\"437\">Resid\u00e8ncia Santa Maria del Tura<\/td>\n<td style=\"font-weight: 400\" width=\"173\">133<\/td>\n<td style=\"font-weight: 400\" width=\"221\">4<\/td>\n<td style=\"font-weight: 400\" width=\"196\">22<\/td>\n<td style=\"font-weight: 400\" width=\"85\">26<\/td>\n<td style=\"font-weight: 400\">20%<\/td>\n<\/tr>\n<tr>\n<td style=\"font-weight: 400\" width=\"437\">Sanitas Residencial Les Corts<\/td>\n<td style=\"font-weight: 400\" width=\"173\">308<\/td>\n<td style=\"font-weight: 400\" width=\"221\">13<\/td>\n<td style=\"font-weight: 400\" width=\"196\">45<\/td>\n<td style=\"font-weight: 400\" width=\"85\">58<\/td>\n<td style=\"font-weight: 400\">19%<\/td>\n<\/tr>\n<tr>\n<td style=\"font-weight: 400\" width=\"437\">Resid\u00e8ncia geri\u00e0trica assistida Residencial Palau<\/td>\n<td style=\"font-weight: 400\" width=\"173\">166<\/td>\n<td style=\"font-weight: 400\" width=\"221\">8<\/td>\n<td style=\"font-weight: 400\" width=\"196\">23<\/td>\n<td style=\"font-weight: 400\" width=\"85\">31<\/td>\n<td style=\"font-weight: 400\">19%<\/td>\n<\/tr>\n<tr>\n<td style=\"font-weight: 400\" width=\"437\">Ballesol &#8211; Fabra i Puig<\/td>\n<td style=\"font-weight: 400\" width=\"173\">136<\/td>\n<td style=\"font-weight: 400\" width=\"221\">9<\/td>\n<td style=\"font-weight: 400\" width=\"196\">16<\/td>\n<td style=\"font-weight: 400\" width=\"85\">25<\/td>\n<td style=\"font-weight: 400\">18%<\/td>\n<\/tr>\n<tr>\n<td style=\"font-weight: 400\" width=\"437\">Resid\u00e8ncia Amavir Horta<\/td>\n<td style=\"font-weight: 400\" width=\"173\">181<\/td>\n<td style=\"font-weight: 400\" width=\"221\">16<\/td>\n<td style=\"font-weight: 400\" width=\"196\">15<\/td>\n<td style=\"font-weight: 400\" width=\"85\">31<\/td>\n<td style=\"font-weight: 400\">17%<\/td>\n<\/tr>\n<tr>\n<td style=\"font-weight: 400\" width=\"437\">Resid\u00e8ncia Ballesol &#8211; Almog\u00e0vers<\/td>\n<td style=\"font-weight: 400\" width=\"173\">194<\/td>\n<td style=\"font-weight: 400\" width=\"221\">4<\/td>\n<td style=\"font-weight: 400\" width=\"196\">29<\/td>\n<td style=\"font-weight: 400\" width=\"85\">33<\/td>\n<td style=\"font-weight: 400\">17%<\/td>\n<\/tr>\n<tr>\n<td style=\"font-weight: 400\" width=\"437\">Resid\u00e8ncia Nostrallar<\/td>\n<td style=\"font-weight: 400\" width=\"173\">220<\/td>\n<td style=\"font-weight: 400\" width=\"221\">26<\/td>\n<td style=\"font-weight: 400\" width=\"196\">11<\/td>\n<td style=\"font-weight: 400\" width=\"85\">37<\/td>\n<td style=\"font-weight: 400\">17%<\/td>\n<\/tr>\n<tr>\n<td style=\"font-weight: 400\" width=\"437\">Residencial Cornell\u00e0<\/td>\n<td style=\"font-weight: 400\" width=\"173\">140<\/td>\n<td style=\"font-weight: 400\" width=\"221\">4<\/td>\n<td style=\"font-weight: 400\" width=\"196\">19<\/td>\n<td style=\"font-weight: 400\" width=\"85\">23<\/td>\n<td style=\"font-weight: 400\">16%<\/td>\n<\/tr>\n<tr>\n<td style=\"font-weight: 400\" width=\"437\">Resid\u00e8ncia Assistida DomusVi Can Buxeres<\/td>\n<td style=\"font-weight: 400\" width=\"173\">178<\/td>\n<td style=\"font-weight: 400\" width=\"221\">12<\/td>\n<td style=\"font-weight: 400\" width=\"196\">17<\/td>\n<td style=\"font-weight: 400\" width=\"85\">29<\/td>\n<td style=\"font-weight: 400\">16%<\/td>\n<\/tr>\n<tr>\n<td style=\"font-weight: 400\" width=\"437\">Resid\u00e8ncia Barcelona<\/td>\n<td style=\"font-weight: 400\" width=\"173\">130<\/td>\n<td style=\"font-weight: 400\" width=\"221\">3<\/td>\n<td style=\"font-weight: 400\" width=\"196\">18<\/td>\n<td style=\"font-weight: 400\" width=\"85\">21<\/td>\n<td style=\"font-weight: 400\">16%<\/td>\n<\/tr>\n<tr>\n<td style=\"font-weight: 400\" width=\"437\">Centre per a la gent gran Vitalia Sants<\/td>\n<td style=\"font-weight: 400\" width=\"173\">180<\/td>\n<td style=\"font-weight: 400\" width=\"221\">6<\/td>\n<td style=\"font-weight: 400\" width=\"196\">23<\/td>\n<td style=\"font-weight: 400\" width=\"85\">29<\/td>\n<td style=\"font-weight: 400\">16%<\/td>\n<\/tr>\n<tr>\n<td style=\"font-weight: 400\" width=\"437\">Residencia Centre Parc<\/td>\n<td style=\"font-weight: 400\" width=\"173\">162<\/td>\n<td style=\"font-weight: 400\" width=\"221\">4<\/td>\n<td style=\"font-weight: 400\" width=\"196\">22<\/td>\n<td style=\"font-weight: 400\" width=\"85\">26<\/td>\n<td style=\"font-weight: 400\">16%<\/td>\n<\/tr>\n<tr>\n<td style=\"font-weight: 400\" width=\"437\">Centre residencial Els Josepets<\/td>\n<td style=\"font-weight: 400\" width=\"173\">139<\/td>\n<td style=\"font-weight: 400\" width=\"221\">12<\/td>\n<td style=\"font-weight: 400\" width=\"196\">10<\/td>\n<td style=\"font-weight: 400\" width=\"85\">22<\/td>\n<td style=\"font-weight: 400\">16%<\/td>\n<\/tr>\n<tr>\n<td style=\"font-weight: 400\" width=\"437\">Resid\u00e8ncia assistida Novallar de Mediona<\/td>\n<td style=\"font-weight: 400\" width=\"173\">140<\/td>\n<td style=\"font-weight: 400\" width=\"221\">13<\/td>\n<td style=\"font-weight: 400\" width=\"196\">9<\/td>\n<td style=\"font-weight: 400\" width=\"85\">22<\/td>\n<td style=\"font-weight: 400\">16%<\/td>\n<\/tr>\n<tr>\n<td style=\"font-weight: 400\" width=\"437\">Centre Residencial Lantus Olimpo<\/td>\n<td style=\"font-weight: 400\" width=\"173\">145<\/td>\n<td style=\"font-weight: 400\" width=\"221\">11<\/td>\n<td style=\"font-weight: 400\" width=\"196\">11<\/td>\n<td style=\"font-weight: 400\" width=\"85\">22<\/td>\n<td style=\"font-weight: 400\">15%<\/td>\n<\/tr>\n<tr>\n<td style=\"font-weight: 400\" width=\"437\">Resid\u00e8ncia El Nadal<\/td>\n<td style=\"font-weight: 400\" width=\"173\">144<\/td>\n<td style=\"font-weight: 400\" width=\"221\">8<\/td>\n<td style=\"font-weight: 400\" width=\"196\">13<\/td>\n<td style=\"font-weight: 400\" width=\"85\">21<\/td>\n<td style=\"font-weight: 400\">15%<\/td>\n<\/tr>\n<tr>\n<td style=\"font-weight: 400\" width=\"437\">Vitalia Sant Just Centre per la Gent Gran de Sant Just<\/td>\n<td style=\"font-weight: 400\" width=\"173\">190<\/td>\n<td style=\"font-weight: 400\" width=\"221\">12<\/td>\n<td style=\"font-weight: 400\" width=\"196\">15<\/td>\n<td style=\"font-weight: 400\" width=\"85\">27<\/td>\n<td style=\"font-weight: 400\">14%<\/td>\n<\/tr>\n<tr>\n<td style=\"font-weight: 400\" width=\"437\">Resid\u00e8ncia Ballesol Barber\u00e0<\/td>\n<td style=\"font-weight: 400\" width=\"173\">164<\/td>\n<td style=\"font-weight: 400\" width=\"221\">9<\/td>\n<td style=\"font-weight: 400\" width=\"196\">13<\/td>\n<td style=\"font-weight: 400\" width=\"85\">22<\/td>\n<td style=\"font-weight: 400\">13%<\/td>\n<\/tr>\n<tr>\n<td style=\"font-weight: 400\" width=\"437\">Resid\u00e8ncia de Gent Gran de Matar\u00f2<\/td>\n<td style=\"font-weight: 400\" width=\"173\">222<\/td>\n<td style=\"font-weight: 400\" width=\"221\">5<\/td>\n<td style=\"font-weight: 400\" width=\"196\">17<\/td>\n<td style=\"font-weight: 400\" width=\"85\">22<\/td>\n<td style=\"font-weight: 400\">10%<\/td>\n<\/tr>\n<tr>\n<td width=\"437\"><\/td>\n<td width=\"173\">6852<\/td>\n<td width=\"221\">639<\/td>\n<td width=\"196\">922<\/td>\n<td width=\"85\">1468<\/td>\n<td>21%<\/td>\n<\/tr>\n<\/tbody>\n<\/table>\n","protected":false},"excerpt":{"rendered":"<p>Durante la pandemia, sobre todo desde que la infame Ministra de Defensa\u00a0dio a entender que en las residencias\u00a0 hab\u00eda cad\u00e1veres conviviendo con los residentes\u00a0y que la Fiscal\u00eda deb\u00eda intervenir, algunos medios de comunicaci\u00f3n concentraron su esfuerzo informativo en transmitir la sensaci\u00f3n de que la gente estaba muriendo en las residencias porque \u00e9stas funcionaban mal y que esto era as\u00ed porque, como muchas de ellas son empresas privadas,\u00a0su inter\u00e9s por obtener beneficios pasaba por encima de la vida de los residentes. Llevo tiempo diciendo que esa imagen, apoyada fervientemente por algunos pol\u00edticos, era falsa y que,\u00a0por lo menos, era aventurado dar a entender eso cu\u00e1ndo no ten\u00edamos datos fiables sobre contagios y fallecimientos. Ahora, una historia interesante empieza a poner las cosas en su sitio.\u00a0 El peri\u00f3dico digital Infolibre es de los que se ha esforzado durante la pandemia en proyectar la imagen de un sector tomado por fondos sin escr\u00fapulos [&hellip;]<\/p>\n","protected":false},"author":2,"featured_media":0,"comment_status":"open","ping_status":"open","sticky":false,"template":"","format":"standard","meta":{"footnotes":""},"categories":[91,3,5,89],"tags":[],"yoast_head":"<!-- This site is optimized with the Yoast SEO plugin v21.7 - https:\/\/yoast.com\/wordpress\/plugins\/seo\/ -->\n<title>Muertos en residencias por COVID. \u00bfCu\u00e1ndo sabremos los n\u00fameros de verdad? - Blog Inforesidencias.com<\/title>\n<meta name=\"robots\" content=\"index, follow, max-snippet:-1, max-image-preview:large, max-video-preview:-1\" \/>\n<link rel=\"canonical\" href=\"https:\/\/www.inforesidencias.com\/blog\/index.php\/2020\/07\/06\/muertos-en-residencias-por-covid-cuando-sabremos-los-numeros-de-verdad\/\" \/>\n<meta property=\"og:locale\" content=\"es_ES\" \/>\n<meta property=\"og:type\" content=\"article\" \/>\n<meta property=\"og:title\" content=\"Muertos en residencias por COVID. \u00bfCu\u00e1ndo sabremos los n\u00fameros de verdad? - Blog Inforesidencias.com\" \/>\n<meta property=\"og:description\" content=\"Durante la pandemia, sobre todo desde que la infame Ministra de Defensa\u00a0dio a entender que en las residencias\u00a0 hab\u00eda cad\u00e1veres conviviendo con los residentes\u00a0y que la Fiscal\u00eda deb\u00eda intervenir, algunos medios de comunicaci\u00f3n concentraron su esfuerzo informativo en transmitir la sensaci\u00f3n de que la gente estaba muriendo en las residencias porque \u00e9stas funcionaban mal y que esto era as\u00ed porque, como muchas de ellas son empresas privadas,\u00a0su inter\u00e9s por obtener beneficios pasaba por encima de la vida de los residentes. Llevo tiempo diciendo que esa imagen, apoyada fervientemente por algunos pol\u00edticos, era falsa y que,\u00a0por lo menos, era aventurado dar a entender eso cu\u00e1ndo no ten\u00edamos datos fiables sobre contagios y fallecimientos. Ahora, una historia interesante empieza a poner las cosas en su sitio.\u00a0 El peri\u00f3dico digital Infolibre es de los que se ha esforzado durante la pandemia en proyectar la imagen de un sector tomado por fondos sin escr\u00fapulos [&hellip;]\" \/>\n<meta property=\"og:url\" content=\"https:\/\/www.inforesidencias.com\/blog\/index.php\/2020\/07\/06\/muertos-en-residencias-por-covid-cuando-sabremos-los-numeros-de-verdad\/\" \/>\n<meta property=\"og:site_name\" content=\"Blog Inforesidencias.com\" \/>\n<meta property=\"article:publisher\" content=\"https:\/\/www.facebook.com\/Inforesidencias\/\" \/>\n<meta property=\"article:author\" content=\"https:\/\/www.facebook.com\/josep.demarti\" \/>\n<meta property=\"article:published_time\" content=\"2020-07-06T16:36:18+00:00\" \/>\n<meta property=\"article:modified_time\" content=\"2020-07-06T22:50:21+00:00\" \/>\n<meta property=\"og:image\" content=\"https:\/\/www.inforesidencias.com\/blog\/wp-content\/uploads\/2020\/07\/abrazo-covid.jpg\" \/>\n<meta name=\"author\" content=\"Josep de Mart\u00ed\" \/>\n<meta name=\"twitter:card\" content=\"summary_large_image\" \/>\n<meta name=\"twitter:creator\" content=\"@blog-ir\" \/>\n<meta name=\"twitter:site\" content=\"@inforesidencias\" \/>\n<meta name=\"twitter:label1\" content=\"Escrito por\" \/>\n\t<meta name=\"twitter:data1\" content=\"Josep de Mart\u00ed\" \/>\n\t<meta name=\"twitter:label2\" content=\"Tiempo de lectura\" \/>\n\t<meta name=\"twitter:data2\" content=\"9 minutos\" \/>\n<script type=\"application\/ld+json\" class=\"yoast-schema-graph\">{\"@context\":\"https:\/\/schema.org\",\"@graph\":[{\"@type\":\"WebPage\",\"@id\":\"https:\/\/www.inforesidencias.com\/blog\/index.php\/2020\/07\/06\/muertos-en-residencias-por-covid-cuando-sabremos-los-numeros-de-verdad\/\",\"url\":\"https:\/\/www.inforesidencias.com\/blog\/index.php\/2020\/07\/06\/muertos-en-residencias-por-covid-cuando-sabremos-los-numeros-de-verdad\/\",\"name\":\"Muertos en residencias por COVID. \u00bfCu\u00e1ndo sabremos los n\u00fameros de verdad? - Blog Inforesidencias.com\",\"isPartOf\":{\"@id\":\"https:\/\/www.inforesidencias.com\/blog\/#website\"},\"datePublished\":\"2020-07-06T16:36:18+00:00\",\"dateModified\":\"2020-07-06T22:50:21+00:00\",\"author\":{\"@id\":\"https:\/\/www.inforesidencias.com\/blog\/#\/schema\/person\/9e146774d1eb3bc1c0316242a3898628\"},\"breadcrumb\":{\"@id\":\"https:\/\/www.inforesidencias.com\/blog\/index.php\/2020\/07\/06\/muertos-en-residencias-por-covid-cuando-sabremos-los-numeros-de-verdad\/#breadcrumb\"},\"inLanguage\":\"es\",\"potentialAction\":[{\"@type\":\"ReadAction\",\"target\":[\"https:\/\/www.inforesidencias.com\/blog\/index.php\/2020\/07\/06\/muertos-en-residencias-por-covid-cuando-sabremos-los-numeros-de-verdad\/\"]}]},{\"@type\":\"BreadcrumbList\",\"@id\":\"https:\/\/www.inforesidencias.com\/blog\/index.php\/2020\/07\/06\/muertos-en-residencias-por-covid-cuando-sabremos-los-numeros-de-verdad\/#breadcrumb\",\"itemListElement\":[{\"@type\":\"ListItem\",\"position\":1,\"name\":\"Home\",\"item\":\"https:\/\/www.inforesidencias.com\/blog\/\"},{\"@type\":\"ListItem\",\"position\":2,\"name\":\"Muertos en residencias por COVID. \u00bfCu\u00e1ndo sabremos los n\u00fameros de verdad?\"}]},{\"@type\":\"WebSite\",\"@id\":\"https:\/\/www.inforesidencias.com\/blog\/#website\",\"url\":\"https:\/\/www.inforesidencias.com\/blog\/\",\"name\":\"Blog Inforesidencias.com\",\"description\":\"El buscador de residencias de la 3\u00aa edad\",\"potentialAction\":[{\"@type\":\"SearchAction\",\"target\":{\"@type\":\"EntryPoint\",\"urlTemplate\":\"https:\/\/www.inforesidencias.com\/blog\/?s={search_term_string}\"},\"query-input\":\"required name=search_term_string\"}],\"inLanguage\":\"es\"},{\"@type\":\"Person\",\"@id\":\"https:\/\/www.inforesidencias.com\/blog\/#\/schema\/person\/9e146774d1eb3bc1c0316242a3898628\",\"name\":\"Josep de Mart\u00ed\",\"image\":{\"@type\":\"ImageObject\",\"inLanguage\":\"es\",\"@id\":\"https:\/\/www.inforesidencias.com\/blog\/#\/schema\/person\/image\/\",\"url\":\"https:\/\/secure.gravatar.com\/avatar\/de0302c4806c00c4cebff396a798c1ff?s=96&d=mm&r=g\",\"contentUrl\":\"https:\/\/secure.gravatar.com\/avatar\/de0302c4806c00c4cebff396a798c1ff?s=96&d=mm&r=g\",\"caption\":\"Josep de Mart\u00ed\"},\"sameAs\":[\"https:\/\/www.inforesidencias.com\",\"https:\/\/www.facebook.com\/josep.demarti\",\"https:\/\/twitter.com\/blog-ir\"],\"url\":\"https:\/\/www.inforesidencias.com\/blog\/index.php\/author\/josepdemarti\/\"}]}<\/script>\n<!-- \/ Yoast SEO plugin. -->","yoast_head_json":{"title":"Muertos en residencias por COVID. \u00bfCu\u00e1ndo sabremos los n\u00fameros de verdad? - Blog Inforesidencias.com","robots":{"index":"index","follow":"follow","max-snippet":"max-snippet:-1","max-image-preview":"max-image-preview:large","max-video-preview":"max-video-preview:-1"},"canonical":"https:\/\/www.inforesidencias.com\/blog\/index.php\/2020\/07\/06\/muertos-en-residencias-por-covid-cuando-sabremos-los-numeros-de-verdad\/","og_locale":"es_ES","og_type":"article","og_title":"Muertos en residencias por COVID. \u00bfCu\u00e1ndo sabremos los n\u00fameros de verdad? - Blog Inforesidencias.com","og_description":"Durante la pandemia, sobre todo desde que la infame Ministra de Defensa\u00a0dio a entender que en las residencias\u00a0 hab\u00eda cad\u00e1veres conviviendo con los residentes\u00a0y que la Fiscal\u00eda deb\u00eda intervenir, algunos medios de comunicaci\u00f3n concentraron su esfuerzo informativo en transmitir la sensaci\u00f3n de que la gente estaba muriendo en las residencias porque \u00e9stas funcionaban mal y que esto era as\u00ed porque, como muchas de ellas son empresas privadas,\u00a0su inter\u00e9s por obtener beneficios pasaba por encima de la vida de los residentes. Llevo tiempo diciendo que esa imagen, apoyada fervientemente por algunos pol\u00edticos, era falsa y que,\u00a0por lo menos, era aventurado dar a entender eso cu\u00e1ndo no ten\u00edamos datos fiables sobre contagios y fallecimientos. Ahora, una historia interesante empieza a poner las cosas en su sitio.\u00a0 El peri\u00f3dico digital Infolibre es de los que se ha esforzado durante la pandemia en proyectar la imagen de un sector tomado por fondos sin escr\u00fapulos [&hellip;]","og_url":"https:\/\/www.inforesidencias.com\/blog\/index.php\/2020\/07\/06\/muertos-en-residencias-por-covid-cuando-sabremos-los-numeros-de-verdad\/","og_site_name":"Blog Inforesidencias.com","article_publisher":"https:\/\/www.facebook.com\/Inforesidencias\/","article_author":"https:\/\/www.facebook.com\/josep.demarti","article_published_time":"2020-07-06T16:36:18+00:00","article_modified_time":"2020-07-06T22:50:21+00:00","og_image":[{"url":"https:\/\/www.inforesidencias.com\/blog\/wp-content\/uploads\/2020\/07\/abrazo-covid.jpg"}],"author":"Josep de Mart\u00ed","twitter_card":"summary_large_image","twitter_creator":"@blog-ir","twitter_site":"@inforesidencias","twitter_misc":{"Escrito por":"Josep de Mart\u00ed","Tiempo de lectura":"9 minutos"},"schema":{"@context":"https:\/\/schema.org","@graph":[{"@type":"WebPage","@id":"https:\/\/www.inforesidencias.com\/blog\/index.php\/2020\/07\/06\/muertos-en-residencias-por-covid-cuando-sabremos-los-numeros-de-verdad\/","url":"https:\/\/www.inforesidencias.com\/blog\/index.php\/2020\/07\/06\/muertos-en-residencias-por-covid-cuando-sabremos-los-numeros-de-verdad\/","name":"Muertos en residencias por COVID. \u00bfCu\u00e1ndo sabremos los n\u00fameros de verdad? - Blog Inforesidencias.com","isPartOf":{"@id":"https:\/\/www.inforesidencias.com\/blog\/#website"},"datePublished":"2020-07-06T16:36:18+00:00","dateModified":"2020-07-06T22:50:21+00:00","author":{"@id":"https:\/\/www.inforesidencias.com\/blog\/#\/schema\/person\/9e146774d1eb3bc1c0316242a3898628"},"breadcrumb":{"@id":"https:\/\/www.inforesidencias.com\/blog\/index.php\/2020\/07\/06\/muertos-en-residencias-por-covid-cuando-sabremos-los-numeros-de-verdad\/#breadcrumb"},"inLanguage":"es","potentialAction":[{"@type":"ReadAction","target":["https:\/\/www.inforesidencias.com\/blog\/index.php\/2020\/07\/06\/muertos-en-residencias-por-covid-cuando-sabremos-los-numeros-de-verdad\/"]}]},{"@type":"BreadcrumbList","@id":"https:\/\/www.inforesidencias.com\/blog\/index.php\/2020\/07\/06\/muertos-en-residencias-por-covid-cuando-sabremos-los-numeros-de-verdad\/#breadcrumb","itemListElement":[{"@type":"ListItem","position":1,"name":"Home","item":"https:\/\/www.inforesidencias.com\/blog\/"},{"@type":"ListItem","position":2,"name":"Muertos en residencias por COVID. \u00bfCu\u00e1ndo sabremos los n\u00fameros de verdad?"}]},{"@type":"WebSite","@id":"https:\/\/www.inforesidencias.com\/blog\/#website","url":"https:\/\/www.inforesidencias.com\/blog\/","name":"Blog Inforesidencias.com","description":"El buscador de residencias de la 3\u00aa edad","potentialAction":[{"@type":"SearchAction","target":{"@type":"EntryPoint","urlTemplate":"https:\/\/www.inforesidencias.com\/blog\/?s={search_term_string}"},"query-input":"required name=search_term_string"}],"inLanguage":"es"},{"@type":"Person","@id":"https:\/\/www.inforesidencias.com\/blog\/#\/schema\/person\/9e146774d1eb3bc1c0316242a3898628","name":"Josep de Mart\u00ed","image":{"@type":"ImageObject","inLanguage":"es","@id":"https:\/\/www.inforesidencias.com\/blog\/#\/schema\/person\/image\/","url":"https:\/\/secure.gravatar.com\/avatar\/de0302c4806c00c4cebff396a798c1ff?s=96&d=mm&r=g","contentUrl":"https:\/\/secure.gravatar.com\/avatar\/de0302c4806c00c4cebff396a798c1ff?s=96&d=mm&r=g","caption":"Josep de Mart\u00ed"},"sameAs":["https:\/\/www.inforesidencias.com","https:\/\/www.facebook.com\/josep.demarti","https:\/\/twitter.com\/blog-ir"],"url":"https:\/\/www.inforesidencias.com\/blog\/index.php\/author\/josepdemarti\/"}]}},"_links":{"self":[{"href":"https:\/\/www.inforesidencias.com\/blog\/index.php\/wp-json\/wp\/v2\/posts\/3355"}],"collection":[{"href":"https:\/\/www.inforesidencias.com\/blog\/index.php\/wp-json\/wp\/v2\/posts"}],"about":[{"href":"https:\/\/www.inforesidencias.com\/blog\/index.php\/wp-json\/wp\/v2\/types\/post"}],"author":[{"embeddable":true,"href":"https:\/\/www.inforesidencias.com\/blog\/index.php\/wp-json\/wp\/v2\/users\/2"}],"replies":[{"embeddable":true,"href":"https:\/\/www.inforesidencias.com\/blog\/index.php\/wp-json\/wp\/v2\/comments?post=3355"}],"version-history":[{"count":12,"href":"https:\/\/www.inforesidencias.com\/blog\/index.php\/wp-json\/wp\/v2\/posts\/3355\/revisions"}],"predecessor-version":[{"id":3368,"href":"https:\/\/www.inforesidencias.com\/blog\/index.php\/wp-json\/wp\/v2\/posts\/3355\/revisions\/3368"}],"wp:attachment":[{"href":"https:\/\/www.inforesidencias.com\/blog\/index.php\/wp-json\/wp\/v2\/media?parent=3355"}],"wp:term":[{"taxonomy":"category","embeddable":true,"href":"https:\/\/www.inforesidencias.com\/blog\/index.php\/wp-json\/wp\/v2\/categories?post=3355"},{"taxonomy":"post_tag","embeddable":true,"href":"https:\/\/www.inforesidencias.com\/blog\/index.php\/wp-json\/wp\/v2\/tags?post=3355"}],"curies":[{"name":"wp","href":"https:\/\/api.w.org\/{rel}","templated":true}]}}