{"id":3377,"date":"2020-07-14T09:39:17","date_gmt":"2020-07-14T09:39:17","guid":{"rendered":"https:\/\/www.inforesidencias.com\/blog\/?p=3377"},"modified":"2020-07-14T10:55:52","modified_gmt":"2020-07-14T10:55:52","slug":"algo-pasa-con-el-personal-de-la-residencia","status":"publish","type":"post","link":"https:\/\/www.inforesidencias.com\/blog\/index.php\/2020\/07\/14\/algo-pasa-con-el-personal-de-la-residencia\/","title":{"rendered":"Algo pasa con el personal de la residencia"},"content":{"rendered":"<p style=\"text-align: justify\">Hoy nos escriben nuestros amigos de <a href=\"https:\/\/www.inforesidencias.com\/infoclasificados\/anuncio\/1141700061\">Auren<\/a>, una empresa que ofrece soluciones innovadoras a residencias de personas mayores y que gestiona y estudia el personal de los centros para lograr la mayor calidad posible en la atenci\u00f3n a los residentes. En esta ocasi\u00f3n nos han escrito un caso pr\u00e1ctico bastante claro:<\/p>\n<p style=\"text-align: justify\">Mar\u00eda, la hija que m\u00e1s visita a do\u00f1a Pura, antigua profesora de colegio y hoy residente de \u201cMare Nostrum\u201d, lleva observando desde hace un tiempo que su madre no irradia esa sensaci\u00f3n de bienestar que acostumbraba. Mar\u00eda percibe que lo que identifica el buen hacer de la residencia sigue igual. El centro est\u00e1 limp\u00edsimo y promueve el contacto con la vida social del pueblo para que sus residentes se sientan parte de la sociedad. Tampoco las conversaciones que ha mantenido con otros familiares le han dado pistas para saber interpretar qu\u00e9 le pasa a su madre. Cuando se pone en contacto con el servicio p\u00fablico de inspecci\u00f3n solo recibe buenas impresiones de la imagen que ofrece el centro, a tenor de lo recogido en las \u00faltimas actas de inspecci\u00f3n. Pero ella sabe que algo le ocurre a su madre y pide una reuni\u00f3n con Amalia, directora de \u201cMare Nostrum\u201d.<\/p>\n<p style=\"text-align: justify\"><img decoding=\"async\" loading=\"lazy\" class=\"alignright wp-image-3382\" src=\"https:\/\/www.inforesidencias.com\/blog\/wp-content\/uploads\/2020\/07\/personal-en-residencias.jpg\" alt=\"personal en residencias\" width=\"321\" height=\"214\" \/><\/p>\n<p style=\"text-align: justify\">Previamente a la reuni\u00f3n con Mar\u00eda, Amalia revisa el expediente de la residente para dotarse de argumentos para defender el buen hacer de su centro. Pero, sobre todo, quiere saber si efectivamente hay causas objetivas que demuestren la certeza de las sensaciones de Mar\u00eda y, as\u00ed, poder mejorar la situaci\u00f3n de do\u00f1a Pura. Cree que la labor de registro que llevan a\u00f1os haciendo desde herramientas como \u201cHabitus\u201d le podr\u00eda ayudar en el empe\u00f1o. Accede al software del m\u00e9todo de supervisi\u00f3n para analizar los datos de Mar\u00eda. El centro revisa trimestralmente los resultados de su modelo de evaluaci\u00f3n de la calidad desde la sensibilidad de las personas residentes \/o su entorno familiar. Estamos a finales de septiembre y, en consecuencia, se disponen de datos revisados a 30 de junio. Cuando acceden a la ficha de do\u00f1a Pura, comprueban que hay un pico de incidencias en las \u00faltimas supervisiones de la residente. Curiosamente, las incidencias se corresponden con la valoraci\u00f3n de aspectos relacionados con el \u201cdesempe\u00f1o\u201d, \u201crespeto\u201d y \u201ctrato c\u00e1lido\u201d y no con la \u201ccalidad t\u00e9cnica del servicio prestado\u201d, hecho que, sin llegar a calmar la preocupaci\u00f3n de Amalia, s\u00ed la tranquilizan porque no parece haber negligencias en el cuidado de la salud. Advierte, adem\u00e1s, que la detecci\u00f3n de no conformidades durante los \u00faltimos meses se corresponde con personal gerocultor de la ETT con la que cubre las vacaciones veraniegas de su personal de plantilla.<\/p>\n<p style=\"text-align: justify\"><a href=\"https:\/\/www.inforesidencias.com\/blog\/wp-content\/uploads\/2020\/07\/denadat.png\"><img decoding=\"async\" loading=\"lazy\" class=\"alignleft size-full wp-image-3380\" src=\"https:\/\/www.inforesidencias.com\/blog\/wp-content\/uploads\/2020\/07\/denadat.png\" alt=\"denadat\" width=\"201\" height=\"65\" \/><\/a><\/p>\n<p style=\"text-align: justify\">Del an\u00e1lisis de los datos llega a dos conclusiones de relevancia futura: en primer lugar, probablemente no hayan sabido trasmitir al personal de sustituci\u00f3n la misi\u00f3n, visi\u00f3n y valores de la organizaci\u00f3n; en segundo t\u00e9rmino, los datos deben ser analizados tambi\u00e9n para adoptar medidas proactivas (adelantarse a los acontecimientos) y no solo reactivas (como consecuencia de hechos ocurridos). As\u00ed mismo, detecta que si bien las supervisiones al personal de contrata han sido satisfactorias en t\u00e9rminos generales hay determinadas personas con resultados negativos en la evaluaci\u00f3n de sus tareas. A\u00fan cuando los indicadores grupales cumplen los objetivos marcados, Amalia tiene inter\u00e9s por conocer la composici\u00f3n de aquellos valores fuera de tolerancia. \u00a0Pero antes de reunirse con Mar\u00eda quiere verificar personalmente si efectivamente el estilo \u201cMare Nostrum\u201d no es el propio de la subcontrata. Y el primer d\u00eda es testigo de que la auxiliar de turno se dirige a do\u00f1a Pura como Purita, una falta de respeto para la historia de vida de la residente. A partir de ah\u00ed asiste a una secuencia de actitudes que no se corresponden con el ideario asistencial de la residencia, si bien advierte que la calidad t\u00e9cnica en la atenci\u00f3n es exquisita.<\/p>\n<p style=\"text-align: justify\">Amalia se re\u00fane con Mar\u00eda. Le ense\u00f1a el evolutivo de los resultados que do\u00f1a Pura presenta en los \u00faltimos tres a\u00f1os y el pico registrado en el \u00faltimo trimestre. Le comunica que el equipo interdisciplinar ya ha aplicado las medidas correctoras oportunas para reconducir el bienestar emocional de su madre. Mar\u00eda se queda m\u00e1s tranquila porque constata la preocupaci\u00f3n del centro por supervisar permanentemente la atenci\u00f3n que se le presta a su madre desde diferentes perspectivas. Ese mismo d\u00eda, paseando junto a do\u00f1a Pura por los jardines del centro, observa que su madre tiene otra manera de mirar.<\/p>\n<p style=\"text-align: justify\">Adem\u00e1s, des de Auren han creado un video muy bien explicado sobre como funciona su sistema Denadat y Habitus\u00a0 (con el que trabaja Amalia) .<\/p>\n<p><iframe loading=\"lazy\" width=\"500\" height=\"281\" src=\"https:\/\/www.youtube.com\/embed\/iiIU8oV9ZwE?feature=oembed\" frameborder=\"0\" allow=\"accelerometer; autoplay; encrypted-media; gyroscope; picture-in-picture\" allowfullscreen><\/iframe><\/p>\n","protected":false},"excerpt":{"rendered":"<p>Hoy nos escriben nuestros amigos de Auren, una empresa que ofrece soluciones innovadoras a residencias de personas mayores y que gestiona y estudia el personal de los centros para lograr la mayor calidad posible en la atenci\u00f3n a los residentes. En esta ocasi\u00f3n nos han escrito un caso pr\u00e1ctico bastante claro: Mar\u00eda, la hija que m\u00e1s visita a do\u00f1a Pura, antigua profesora de colegio y hoy residente de \u201cMare Nostrum\u201d, lleva observando desde hace un tiempo que su madre no irradia esa sensaci\u00f3n de bienestar que acostumbraba. Mar\u00eda percibe que lo que identifica el buen hacer de la residencia sigue igual. El centro est\u00e1 limp\u00edsimo y promueve el contacto con la vida social del pueblo para que sus residentes se sientan parte de la sociedad. Tampoco las conversaciones que ha mantenido con otros familiares le han dado pistas para saber interpretar qu\u00e9 le pasa a su madre. Cuando se pone [&hellip;]<\/p>\n","protected":false},"author":2,"featured_media":3382,"comment_status":"open","ping_status":"open","sticky":false,"template":"","format":"standard","meta":{"footnotes":""},"categories":[1],"tags":[],"yoast_head":"<!-- This site is optimized with the Yoast SEO plugin v21.7 - https:\/\/yoast.com\/wordpress\/plugins\/seo\/ -->\n<title>Algo pasa con el personal de la residencia - Blog Inforesidencias.com<\/title>\n<meta name=\"description\" content=\"Caso pr\u00e1ctico donde a trav\u00e9s de su herramienta Denadat y Habitus se intenta descubrir el motivo del malestar de un residente y la relaci\u00f3n con el personal\" \/>\n<meta name=\"robots\" content=\"index, follow, max-snippet:-1, max-image-preview:large, max-video-preview:-1\" \/>\n<link rel=\"canonical\" href=\"https:\/\/www.inforesidencias.com\/blog\/index.php\/2020\/07\/14\/algo-pasa-con-el-personal-de-la-residencia\/\" \/>\n<meta property=\"og:locale\" content=\"es_ES\" \/>\n<meta property=\"og:type\" content=\"article\" \/>\n<meta property=\"og:title\" content=\"Algo pasa con el personal de la residencia - Blog Inforesidencias.com\" \/>\n<meta property=\"og:description\" content=\"Caso pr\u00e1ctico donde a trav\u00e9s de su herramienta Denadat y Habitus se intenta descubrir el motivo del malestar de un residente y la relaci\u00f3n con el personal\" \/>\n<meta property=\"og:url\" content=\"https:\/\/www.inforesidencias.com\/blog\/index.php\/2020\/07\/14\/algo-pasa-con-el-personal-de-la-residencia\/\" \/>\n<meta property=\"og:site_name\" content=\"Blog Inforesidencias.com\" \/>\n<meta property=\"article:publisher\" content=\"https:\/\/www.facebook.com\/Inforesidencias\/\" \/>\n<meta property=\"article:author\" content=\"https:\/\/www.facebook.com\/josep.demarti\" \/>\n<meta property=\"article:published_time\" content=\"2020-07-14T09:39:17+00:00\" \/>\n<meta property=\"article:modified_time\" content=\"2020-07-14T10:55:52+00:00\" \/>\n<meta property=\"og:image\" content=\"https:\/\/www.inforesidencias.com\/blog\/wp-content\/uploads\/2020\/07\/personal-en-residencias.jpg\" \/>\n\t<meta property=\"og:image:width\" content=\"400\" \/>\n\t<meta property=\"og:image:height\" content=\"267\" \/>\n\t<meta property=\"og:image:type\" content=\"image\/jpeg\" \/>\n<meta name=\"author\" content=\"Josep de Mart\u00ed\" \/>\n<meta name=\"twitter:card\" content=\"summary_large_image\" \/>\n<meta name=\"twitter:creator\" content=\"@blog-ir\" \/>\n<meta name=\"twitter:site\" content=\"@inforesidencias\" \/>\n<meta name=\"twitter:label1\" content=\"Escrito por\" \/>\n\t<meta name=\"twitter:data1\" content=\"Josep de Mart\u00ed\" \/>\n\t<meta name=\"twitter:label2\" content=\"Tiempo de lectura\" \/>\n\t<meta name=\"twitter:data2\" content=\"4 minutos\" \/>\n<script type=\"application\/ld+json\" class=\"yoast-schema-graph\">{\"@context\":\"https:\/\/schema.org\",\"@graph\":[{\"@type\":\"WebPage\",\"@id\":\"https:\/\/www.inforesidencias.com\/blog\/index.php\/2020\/07\/14\/algo-pasa-con-el-personal-de-la-residencia\/\",\"url\":\"https:\/\/www.inforesidencias.com\/blog\/index.php\/2020\/07\/14\/algo-pasa-con-el-personal-de-la-residencia\/\",\"name\":\"Algo pasa con el personal de la residencia - Blog Inforesidencias.com\",\"isPartOf\":{\"@id\":\"https:\/\/www.inforesidencias.com\/blog\/#website\"},\"datePublished\":\"2020-07-14T09:39:17+00:00\",\"dateModified\":\"2020-07-14T10:55:52+00:00\",\"author\":{\"@id\":\"https:\/\/www.inforesidencias.com\/blog\/#\/schema\/person\/9e146774d1eb3bc1c0316242a3898628\"},\"description\":\"Caso pr\u00e1ctico donde a trav\u00e9s de su herramienta Denadat y Habitus se intenta descubrir el motivo del malestar de un residente y la relaci\u00f3n con el personal\",\"breadcrumb\":{\"@id\":\"https:\/\/www.inforesidencias.com\/blog\/index.php\/2020\/07\/14\/algo-pasa-con-el-personal-de-la-residencia\/#breadcrumb\"},\"inLanguage\":\"es\",\"potentialAction\":[{\"@type\":\"ReadAction\",\"target\":[\"https:\/\/www.inforesidencias.com\/blog\/index.php\/2020\/07\/14\/algo-pasa-con-el-personal-de-la-residencia\/\"]}]},{\"@type\":\"BreadcrumbList\",\"@id\":\"https:\/\/www.inforesidencias.com\/blog\/index.php\/2020\/07\/14\/algo-pasa-con-el-personal-de-la-residencia\/#breadcrumb\",\"itemListElement\":[{\"@type\":\"ListItem\",\"position\":1,\"name\":\"Home\",\"item\":\"https:\/\/www.inforesidencias.com\/blog\/\"},{\"@type\":\"ListItem\",\"position\":2,\"name\":\"Algo pasa con el personal de la residencia\"}]},{\"@type\":\"WebSite\",\"@id\":\"https:\/\/www.inforesidencias.com\/blog\/#website\",\"url\":\"https:\/\/www.inforesidencias.com\/blog\/\",\"name\":\"Blog Inforesidencias.com\",\"description\":\"El buscador de residencias de la 3\u00aa edad\",\"potentialAction\":[{\"@type\":\"SearchAction\",\"target\":{\"@type\":\"EntryPoint\",\"urlTemplate\":\"https:\/\/www.inforesidencias.com\/blog\/?s={search_term_string}\"},\"query-input\":\"required name=search_term_string\"}],\"inLanguage\":\"es\"},{\"@type\":\"Person\",\"@id\":\"https:\/\/www.inforesidencias.com\/blog\/#\/schema\/person\/9e146774d1eb3bc1c0316242a3898628\",\"name\":\"Josep de Mart\u00ed\",\"image\":{\"@type\":\"ImageObject\",\"inLanguage\":\"es\",\"@id\":\"https:\/\/www.inforesidencias.com\/blog\/#\/schema\/person\/image\/\",\"url\":\"https:\/\/secure.gravatar.com\/avatar\/de0302c4806c00c4cebff396a798c1ff?s=96&d=mm&r=g\",\"contentUrl\":\"https:\/\/secure.gravatar.com\/avatar\/de0302c4806c00c4cebff396a798c1ff?s=96&d=mm&r=g\",\"caption\":\"Josep de Mart\u00ed\"},\"sameAs\":[\"https:\/\/www.inforesidencias.com\",\"https:\/\/www.facebook.com\/josep.demarti\",\"https:\/\/twitter.com\/blog-ir\"],\"url\":\"https:\/\/www.inforesidencias.com\/blog\/index.php\/author\/josepdemarti\/\"}]}<\/script>\n<!-- \/ Yoast SEO plugin. -->","yoast_head_json":{"title":"Algo pasa con el personal de la residencia - Blog Inforesidencias.com","description":"Caso pr\u00e1ctico donde a trav\u00e9s de su herramienta Denadat y Habitus se intenta descubrir el motivo del malestar de un residente y la relaci\u00f3n con el personal","robots":{"index":"index","follow":"follow","max-snippet":"max-snippet:-1","max-image-preview":"max-image-preview:large","max-video-preview":"max-video-preview:-1"},"canonical":"https:\/\/www.inforesidencias.com\/blog\/index.php\/2020\/07\/14\/algo-pasa-con-el-personal-de-la-residencia\/","og_locale":"es_ES","og_type":"article","og_title":"Algo pasa con el personal de la residencia - Blog Inforesidencias.com","og_description":"Caso pr\u00e1ctico donde a trav\u00e9s de su herramienta Denadat y Habitus se intenta descubrir el motivo del malestar de un residente y la relaci\u00f3n con el personal","og_url":"https:\/\/www.inforesidencias.com\/blog\/index.php\/2020\/07\/14\/algo-pasa-con-el-personal-de-la-residencia\/","og_site_name":"Blog Inforesidencias.com","article_publisher":"https:\/\/www.facebook.com\/Inforesidencias\/","article_author":"https:\/\/www.facebook.com\/josep.demarti","article_published_time":"2020-07-14T09:39:17+00:00","article_modified_time":"2020-07-14T10:55:52+00:00","og_image":[{"width":400,"height":267,"url":"https:\/\/www.inforesidencias.com\/blog\/wp-content\/uploads\/2020\/07\/personal-en-residencias.jpg","type":"image\/jpeg"}],"author":"Josep de Mart\u00ed","twitter_card":"summary_large_image","twitter_creator":"@blog-ir","twitter_site":"@inforesidencias","twitter_misc":{"Escrito por":"Josep de Mart\u00ed","Tiempo de lectura":"4 minutos"},"schema":{"@context":"https:\/\/schema.org","@graph":[{"@type":"WebPage","@id":"https:\/\/www.inforesidencias.com\/blog\/index.php\/2020\/07\/14\/algo-pasa-con-el-personal-de-la-residencia\/","url":"https:\/\/www.inforesidencias.com\/blog\/index.php\/2020\/07\/14\/algo-pasa-con-el-personal-de-la-residencia\/","name":"Algo pasa con el personal de la residencia - Blog Inforesidencias.com","isPartOf":{"@id":"https:\/\/www.inforesidencias.com\/blog\/#website"},"datePublished":"2020-07-14T09:39:17+00:00","dateModified":"2020-07-14T10:55:52+00:00","author":{"@id":"https:\/\/www.inforesidencias.com\/blog\/#\/schema\/person\/9e146774d1eb3bc1c0316242a3898628"},"description":"Caso pr\u00e1ctico donde a trav\u00e9s de su herramienta Denadat y Habitus se intenta descubrir el motivo del malestar de un residente y la relaci\u00f3n con el personal","breadcrumb":{"@id":"https:\/\/www.inforesidencias.com\/blog\/index.php\/2020\/07\/14\/algo-pasa-con-el-personal-de-la-residencia\/#breadcrumb"},"inLanguage":"es","potentialAction":[{"@type":"ReadAction","target":["https:\/\/www.inforesidencias.com\/blog\/index.php\/2020\/07\/14\/algo-pasa-con-el-personal-de-la-residencia\/"]}]},{"@type":"BreadcrumbList","@id":"https:\/\/www.inforesidencias.com\/blog\/index.php\/2020\/07\/14\/algo-pasa-con-el-personal-de-la-residencia\/#breadcrumb","itemListElement":[{"@type":"ListItem","position":1,"name":"Home","item":"https:\/\/www.inforesidencias.com\/blog\/"},{"@type":"ListItem","position":2,"name":"Algo pasa con el personal de la residencia"}]},{"@type":"WebSite","@id":"https:\/\/www.inforesidencias.com\/blog\/#website","url":"https:\/\/www.inforesidencias.com\/blog\/","name":"Blog Inforesidencias.com","description":"El buscador de residencias de la 3\u00aa edad","potentialAction":[{"@type":"SearchAction","target":{"@type":"EntryPoint","urlTemplate":"https:\/\/www.inforesidencias.com\/blog\/?s={search_term_string}"},"query-input":"required name=search_term_string"}],"inLanguage":"es"},{"@type":"Person","@id":"https:\/\/www.inforesidencias.com\/blog\/#\/schema\/person\/9e146774d1eb3bc1c0316242a3898628","name":"Josep de Mart\u00ed","image":{"@type":"ImageObject","inLanguage":"es","@id":"https:\/\/www.inforesidencias.com\/blog\/#\/schema\/person\/image\/","url":"https:\/\/secure.gravatar.com\/avatar\/de0302c4806c00c4cebff396a798c1ff?s=96&d=mm&r=g","contentUrl":"https:\/\/secure.gravatar.com\/avatar\/de0302c4806c00c4cebff396a798c1ff?s=96&d=mm&r=g","caption":"Josep de Mart\u00ed"},"sameAs":["https:\/\/www.inforesidencias.com","https:\/\/www.facebook.com\/josep.demarti","https:\/\/twitter.com\/blog-ir"],"url":"https:\/\/www.inforesidencias.com\/blog\/index.php\/author\/josepdemarti\/"}]}},"_links":{"self":[{"href":"https:\/\/www.inforesidencias.com\/blog\/index.php\/wp-json\/wp\/v2\/posts\/3377"}],"collection":[{"href":"https:\/\/www.inforesidencias.com\/blog\/index.php\/wp-json\/wp\/v2\/posts"}],"about":[{"href":"https:\/\/www.inforesidencias.com\/blog\/index.php\/wp-json\/wp\/v2\/types\/post"}],"author":[{"embeddable":true,"href":"https:\/\/www.inforesidencias.com\/blog\/index.php\/wp-json\/wp\/v2\/users\/2"}],"replies":[{"embeddable":true,"href":"https:\/\/www.inforesidencias.com\/blog\/index.php\/wp-json\/wp\/v2\/comments?post=3377"}],"version-history":[{"count":6,"href":"https:\/\/www.inforesidencias.com\/blog\/index.php\/wp-json\/wp\/v2\/posts\/3377\/revisions"}],"predecessor-version":[{"id":3385,"href":"https:\/\/www.inforesidencias.com\/blog\/index.php\/wp-json\/wp\/v2\/posts\/3377\/revisions\/3385"}],"wp:featuredmedia":[{"embeddable":true,"href":"https:\/\/www.inforesidencias.com\/blog\/index.php\/wp-json\/wp\/v2\/media\/3382"}],"wp:attachment":[{"href":"https:\/\/www.inforesidencias.com\/blog\/index.php\/wp-json\/wp\/v2\/media?parent=3377"}],"wp:term":[{"taxonomy":"category","embeddable":true,"href":"https:\/\/www.inforesidencias.com\/blog\/index.php\/wp-json\/wp\/v2\/categories?post=3377"},{"taxonomy":"post_tag","embeddable":true,"href":"https:\/\/www.inforesidencias.com\/blog\/index.php\/wp-json\/wp\/v2\/tags?post=3377"}],"curies":[{"name":"wp","href":"https:\/\/api.w.org\/{rel}","templated":true}]}}