{"id":3386,"date":"2020-07-14T15:40:21","date_gmt":"2020-07-14T15:40:21","guid":{"rendered":"https:\/\/www.inforesidencias.com\/blog\/?p=3386"},"modified":"2020-07-14T15:40:21","modified_gmt":"2020-07-14T15:40:21","slug":"sector-geriatrico-en-el-pais-vascoeuskadi","status":"publish","type":"post","link":"https:\/\/www.inforesidencias.com\/blog\/index.php\/2020\/07\/14\/sector-geriatrico-en-el-pais-vascoeuskadi\/","title":{"rendered":"Sector geri\u00e1trico en el Pa\u00eds Vasco\/Euskadi"},"content":{"rendered":"<p><a href=\"https:\/\/www.inforesidencias.com\/blog\/wp-content\/uploads\/2020\/07\/248px-Coat_of_Arms_of_the_Basque_Country_Autonomous_Government_1936-1937.svg_.png\"><img decoding=\"async\" loading=\"lazy\" class=\"alignleft size-full wp-image-3391\" src=\"https:\/\/www.inforesidencias.com\/blog\/wp-content\/uploads\/2020\/07\/248px-Coat_of_Arms_of_the_Basque_Country_Autonomous_Government_1936-1937.svg_.png\" alt=\"248px-Coat_of_Arms_of_the_Basque_Country_Autonomous_Government_(1936-1937).svg\" width=\"248\" height=\"257\" \/><\/a>El sector geri\u00e1trico en el Pa\u00eds Vasco puede decirse que actualmente cuenta con suficientes opciones para su poblaci\u00f3n de personas mayores que requieren una <strong>residencia<\/strong> o un <strong>centro de d\u00eda<\/strong>.\u00a0\u00a0 Con casi 4 camas por cada 100 mayores de 65 a\u00f1os est\u00e1 ligeramente por debajo de la media del estado y tambi\u00e9n por debajo de la recomendaci\u00f3n de la OMS que es de 5 camas por cada 100 mayores de 65 a\u00f1os<\/p>\n<p>Si tenemos en cuenta que la <a href=\"https:\/\/www.ign.es\/espmap\/graficos_spain_bach\/Espana_Graf_01.htm\">poblaci\u00f3n de Euskadi<\/a> representa el 5% del total del estado pero solo representa el 1% de la superficie del mismo significa que tiene poca dispersi\u00f3n geogr\u00e1fica y su reto est\u00e1 en seguir invirtiendo en el sector geri\u00e1trico para acomodarse al envejecimiento de la poblaci\u00f3n en los pr\u00f3ximos a\u00f1os.<\/p>\n<p><strong class=\"alignleft\" title=\"Pais Vasco:  Sector geri\u00e1trico\">Sector geri\u00e1trico en Euskadi, sus datos b\u00e1sicos:<\/strong><\/p>\n<p>&nbsp;<\/p>\n<p>&nbsp;<\/p>\n<ul>\n<li>Poblaci\u00f3n: 2.207.776.\u00a0 Representa el 5% de la poblaci\u00f3n total del Estado<\/li>\n<li>Poblaci\u00f3n &gt; 65 a\u00f1os: 491.745.\u00a0 Es el 22% de la poblaci\u00f3n de Pa\u00eds Vasco<\/li>\n<li>Poblaci\u00f3n &gt; 80 a\u00f1os: 159.211. Es el 7% de la poblaci\u00f3n de Pa\u00eds Vasco<\/li>\n<li>Centros geri\u00e1tricos operativos: 340<\/li>\n<li>Camas geri\u00e1tricas operativas: 19.448 camas<\/li>\n<li>Ratio de camas por cada 100 personas mayores de 65 a\u00f1os: 3,95 (la media de Espa\u00f1a es 4,08)<\/li>\n<li>Ratio de camas por cada 100 personas mayores de 80 a\u00f1os: 12,22 (la media de Espa\u00f1a es 12,09)<\/li>\n<\/ul>\n<p>En 2020 hab\u00eda 340 centros para mayores en la comunidad, con un total de 19.448 plazas disponibles incluyendo residencias y viviendas, esto representa 3,95 camas por cada 100 mayores de 65 a\u00f1os, en la media del estado pero por debajo de la recomendaci\u00f3n de la OMS que est\u00e1 en 5 camas.<\/p>\n<p>Los <strong>cinco grupos<\/strong> que est\u00e1n siendo m\u00e1s activos en esta comunidad son:<\/p>\n<ul>\n<li>Grupo DomusVi Espa\u00f1a<\/li>\n<li>IMQ Igurco<\/li>\n<li>Gesti\u00f3n de servicios residenciales, sociedad cooperativa<\/li>\n<li>Sanitas Mayores SL<\/li>\n<li>Caser Residencial SA<\/li>\n<\/ul>\n<p>Las nuevas iniciativas que se necesitan para el futuro est\u00e1n siendo gestadas tanto por la iniciativa p\u00fablica, sobre todo por la Diputaci\u00f3n Foral, como por la iniciativa privada.<\/p>\n<p>Por ejemplo, a principio del 2020 se ha creado <a href=\"http:\/\/www.kabia.eus\/es\">KABIA<\/a> un nuevo organismo aut\u00f3nomo adscrito a Departamento de Pol\u00edticas Sociales de la Diputaci\u00f3n Foral de Gipuzkoa con el fin de desarrollar un modelo de gesti\u00f3n com\u00fan para todos los geri\u00e1tricos de esta provincia vasca, firmando acuerdos con los ayuntamientos para integrarlos en una red de residencias com\u00fan aunque la explotaci\u00f3n de los mismos se externalice a un gestor privado.<\/p>\n<p>Tambi\u00e9n la Diputaci\u00f3n Foral de Guipuzkoa lleva a\u00f1os desarrollando el plan <a href=\"http:\/\/www.behagi.eus\/files\/informes\/mapa_de_servicios_sociales_gipuzkoa_2018_2021.pdf\">\u201cMapa de Servicios Sociales\u201d<\/a> el \u00faltimo va de 2018 a 2021 con el objetivo de coordinar los territorios y las plazas geri\u00e1tricas disponibles e invertir en la creaci\u00f3n de nuevas residencias para mayores para cumplir con las necesidades de su poblaci\u00f3n mayor de 65 a\u00f1os.<\/p>\n<p>En el Pais Vasco el mercado geri\u00e1trico est\u00e1 dominado por empresas locales, sin embargo a\u00f1o tras a\u00f1o los operadores de \u00e1mbito nacional est\u00e1n incrementando su presencia en esta comunidad. \u00a0De hecho, DomusVI ya es el n\u00famero 1, con 1200 camas disponibles, pero el segundo y tercero siguen siendo operadores locales.<\/p>\n<p>Las camas geri\u00e1tricas est\u00e1n divididas a d\u00eda de hoy de la siguiente manera:<\/p>\n<ul>\n<li>39% Promotores privados (grupos y particulares)<\/li>\n<li>23% Tercer sector<\/li>\n<li>38% P\u00fablico, dividido entre:\n<ul>\n<li>14% Publico municipal<\/li>\n<li>12% P\u00fablico auton\u00f3mico<\/li>\n<li>12% Concesiones administrativas de obra y explotaci\u00f3n<\/li>\n<\/ul>\n<\/li>\n<\/ul>\n<p>Desde la p\u00e1gina web del\u00a0 <a href=\"https:\/\/www.euskadi.eus\/ley-dependencia\/web01-a2gizar\/es\/\">Gobierno de Euskadi<\/a> aporta informaci\u00f3n la ley de dependencia aplicable en la comunidad.\u00a0 Desde el buscador y comparador inforesidencias.com puedes encontrar todas las:<\/p>\n<ul>\n<li>Residencias de 3\u00aa edad en <a href=\"https:\/\/www.inforesidencias.com\/centros\/buscador\/residencias\/pais-vasco\/alava\">\u00c1lava<\/a><\/li>\n<li>Residencias de 3\u00aa edad en <a href=\"https:\/\/www.inforesidencias.com\/centros\/buscador\/residencias\/pais-vasco\/guipuzcoa\">Guip\u00fazcoa<\/a><\/li>\n<li>Residencias de 3\u00aa edad en <a href=\"https:\/\/www.inforesidencias.com\/centros\/buscador\/residencias\/pais-vasco\/vizcaya\">Vizcaya<\/a><\/li>\n<\/ul>\n<p>Los datos que contiene este informe provienen de Inforesidencias.com, el <a href=\"http:\/\/envejecimiento.csic.es\/general\/index.html\">portal Mayores<\/a>, datos del <a href=\"https:\/\/www.ine.es\/\">INE<\/a> 2019,\u00a0 e informaci\u00f3n p\u00fablica difundida por prestigiosos medios como Alimarket.<\/p>\n<p>Anna Cebri\u00e1n<br \/>\nJunio 2020<\/p>\n","protected":false},"excerpt":{"rendered":"<p>El sector geri\u00e1trico en el Pa\u00eds Vasco puede decirse que actualmente cuenta con suficientes opciones para su poblaci\u00f3n de personas mayores que requieren una residencia o un centro de d\u00eda.\u00a0\u00a0 Con casi 4 camas por cada 100 mayores de 65 a\u00f1os est\u00e1 ligeramente por debajo de la media del estado y tambi\u00e9n por debajo de la recomendaci\u00f3n de la OMS que es de 5 camas por cada 100 mayores de 65 a\u00f1os Si tenemos en cuenta que la poblaci\u00f3n de Euskadi representa el 5% del total del estado pero solo representa el 1% de la superficie del mismo significa que tiene poca dispersi\u00f3n geogr\u00e1fica y su reto est\u00e1 en seguir invirtiendo en el sector geri\u00e1trico para acomodarse al envejecimiento de la poblaci\u00f3n en los pr\u00f3ximos a\u00f1os. Sector geri\u00e1trico en Euskadi, sus datos b\u00e1sicos: &nbsp; &nbsp; Poblaci\u00f3n: 2.207.776.\u00a0 Representa el 5% de la poblaci\u00f3n total del Estado Poblaci\u00f3n &gt; 65 a\u00f1os: [&hellip;]<\/p>\n","protected":false},"author":2,"featured_media":0,"comment_status":"open","ping_status":"open","sticky":false,"template":"","format":"standard","meta":{"footnotes":""},"categories":[14,3,5,89],"tags":[],"yoast_head":"<!-- This site is optimized with the Yoast SEO plugin v21.7 - https:\/\/yoast.com\/wordpress\/plugins\/seo\/ -->\n<title>Sector geri\u00e1trico en el Pa\u00eds Vasco\/Euskadi - Blog Inforesidencias.com<\/title>\n<meta name=\"description\" content=\"El sector geri\u00e1trico en el Pa\u00eds Vasco puede decirse que cuenta con suficientes opciones para su poblaci\u00f3n de personas mayores que requieren una residencia.\" \/>\n<meta name=\"robots\" content=\"index, follow, max-snippet:-1, max-image-preview:large, max-video-preview:-1\" \/>\n<link rel=\"canonical\" href=\"https:\/\/www.inforesidencias.com\/blog\/index.php\/2020\/07\/14\/sector-geriatrico-en-el-pais-vascoeuskadi\/\" \/>\n<meta property=\"og:locale\" content=\"es_ES\" \/>\n<meta property=\"og:type\" content=\"article\" \/>\n<meta property=\"og:title\" content=\"Sector geri\u00e1trico en el Pa\u00eds Vasco\/Euskadi - Blog Inforesidencias.com\" \/>\n<meta property=\"og:description\" content=\"El sector geri\u00e1trico en el Pa\u00eds Vasco puede decirse que cuenta con suficientes opciones para su poblaci\u00f3n de personas mayores que requieren una residencia.\" \/>\n<meta property=\"og:url\" content=\"https:\/\/www.inforesidencias.com\/blog\/index.php\/2020\/07\/14\/sector-geriatrico-en-el-pais-vascoeuskadi\/\" \/>\n<meta property=\"og:site_name\" content=\"Blog Inforesidencias.com\" \/>\n<meta property=\"article:publisher\" content=\"https:\/\/www.facebook.com\/Inforesidencias\/\" \/>\n<meta property=\"article:author\" content=\"https:\/\/www.facebook.com\/josep.demarti\" \/>\n<meta property=\"article:published_time\" content=\"2020-07-14T15:40:21+00:00\" \/>\n<meta property=\"og:image\" content=\"https:\/\/www.inforesidencias.com\/blog\/wp-content\/uploads\/2020\/07\/248px-Coat_of_Arms_of_the_Basque_Country_Autonomous_Government_1936-1937.svg_.png\" \/>\n<meta name=\"author\" content=\"Josep de Mart\u00ed\" \/>\n<meta name=\"twitter:card\" content=\"summary_large_image\" \/>\n<meta name=\"twitter:creator\" content=\"@blog-ir\" \/>\n<meta name=\"twitter:site\" content=\"@inforesidencias\" \/>\n<meta name=\"twitter:label1\" content=\"Escrito por\" \/>\n\t<meta name=\"twitter:data1\" content=\"Josep de Mart\u00ed\" \/>\n\t<meta name=\"twitter:label2\" content=\"Tiempo de lectura\" \/>\n\t<meta name=\"twitter:data2\" content=\"3 minutos\" \/>\n<script type=\"application\/ld+json\" class=\"yoast-schema-graph\">{\"@context\":\"https:\/\/schema.org\",\"@graph\":[{\"@type\":\"WebPage\",\"@id\":\"https:\/\/www.inforesidencias.com\/blog\/index.php\/2020\/07\/14\/sector-geriatrico-en-el-pais-vascoeuskadi\/\",\"url\":\"https:\/\/www.inforesidencias.com\/blog\/index.php\/2020\/07\/14\/sector-geriatrico-en-el-pais-vascoeuskadi\/\",\"name\":\"Sector geri\u00e1trico en el Pa\u00eds Vasco\/Euskadi - Blog Inforesidencias.com\",\"isPartOf\":{\"@id\":\"https:\/\/www.inforesidencias.com\/blog\/#website\"},\"datePublished\":\"2020-07-14T15:40:21+00:00\",\"dateModified\":\"2020-07-14T15:40:21+00:00\",\"author\":{\"@id\":\"https:\/\/www.inforesidencias.com\/blog\/#\/schema\/person\/9e146774d1eb3bc1c0316242a3898628\"},\"description\":\"El sector geri\u00e1trico en el Pa\u00eds Vasco puede decirse que cuenta con suficientes opciones para su poblaci\u00f3n de personas mayores que requieren una residencia.\",\"breadcrumb\":{\"@id\":\"https:\/\/www.inforesidencias.com\/blog\/index.php\/2020\/07\/14\/sector-geriatrico-en-el-pais-vascoeuskadi\/#breadcrumb\"},\"inLanguage\":\"es\",\"potentialAction\":[{\"@type\":\"ReadAction\",\"target\":[\"https:\/\/www.inforesidencias.com\/blog\/index.php\/2020\/07\/14\/sector-geriatrico-en-el-pais-vascoeuskadi\/\"]}]},{\"@type\":\"BreadcrumbList\",\"@id\":\"https:\/\/www.inforesidencias.com\/blog\/index.php\/2020\/07\/14\/sector-geriatrico-en-el-pais-vascoeuskadi\/#breadcrumb\",\"itemListElement\":[{\"@type\":\"ListItem\",\"position\":1,\"name\":\"Home\",\"item\":\"https:\/\/www.inforesidencias.com\/blog\/\"},{\"@type\":\"ListItem\",\"position\":2,\"name\":\"Sector geri\u00e1trico en el Pa\u00eds Vasco\/Euskadi\"}]},{\"@type\":\"WebSite\",\"@id\":\"https:\/\/www.inforesidencias.com\/blog\/#website\",\"url\":\"https:\/\/www.inforesidencias.com\/blog\/\",\"name\":\"Blog Inforesidencias.com\",\"description\":\"El buscador de residencias de la 3\u00aa edad\",\"potentialAction\":[{\"@type\":\"SearchAction\",\"target\":{\"@type\":\"EntryPoint\",\"urlTemplate\":\"https:\/\/www.inforesidencias.com\/blog\/?s={search_term_string}\"},\"query-input\":\"required name=search_term_string\"}],\"inLanguage\":\"es\"},{\"@type\":\"Person\",\"@id\":\"https:\/\/www.inforesidencias.com\/blog\/#\/schema\/person\/9e146774d1eb3bc1c0316242a3898628\",\"name\":\"Josep de Mart\u00ed\",\"image\":{\"@type\":\"ImageObject\",\"inLanguage\":\"es\",\"@id\":\"https:\/\/www.inforesidencias.com\/blog\/#\/schema\/person\/image\/\",\"url\":\"https:\/\/secure.gravatar.com\/avatar\/de0302c4806c00c4cebff396a798c1ff?s=96&d=mm&r=g\",\"contentUrl\":\"https:\/\/secure.gravatar.com\/avatar\/de0302c4806c00c4cebff396a798c1ff?s=96&d=mm&r=g\",\"caption\":\"Josep de Mart\u00ed\"},\"sameAs\":[\"https:\/\/www.inforesidencias.com\",\"https:\/\/www.facebook.com\/josep.demarti\",\"https:\/\/twitter.com\/blog-ir\"],\"url\":\"https:\/\/www.inforesidencias.com\/blog\/index.php\/author\/josepdemarti\/\"}]}<\/script>\n<!-- \/ Yoast SEO plugin. -->","yoast_head_json":{"title":"Sector geri\u00e1trico en el Pa\u00eds Vasco\/Euskadi - Blog Inforesidencias.com","description":"El sector geri\u00e1trico en el Pa\u00eds Vasco puede decirse que cuenta con suficientes opciones para su poblaci\u00f3n de personas mayores que requieren una residencia.","robots":{"index":"index","follow":"follow","max-snippet":"max-snippet:-1","max-image-preview":"max-image-preview:large","max-video-preview":"max-video-preview:-1"},"canonical":"https:\/\/www.inforesidencias.com\/blog\/index.php\/2020\/07\/14\/sector-geriatrico-en-el-pais-vascoeuskadi\/","og_locale":"es_ES","og_type":"article","og_title":"Sector geri\u00e1trico en el Pa\u00eds Vasco\/Euskadi - Blog Inforesidencias.com","og_description":"El sector geri\u00e1trico en el Pa\u00eds Vasco puede decirse que cuenta con suficientes opciones para su poblaci\u00f3n de personas mayores que requieren una residencia.","og_url":"https:\/\/www.inforesidencias.com\/blog\/index.php\/2020\/07\/14\/sector-geriatrico-en-el-pais-vascoeuskadi\/","og_site_name":"Blog Inforesidencias.com","article_publisher":"https:\/\/www.facebook.com\/Inforesidencias\/","article_author":"https:\/\/www.facebook.com\/josep.demarti","article_published_time":"2020-07-14T15:40:21+00:00","og_image":[{"url":"https:\/\/www.inforesidencias.com\/blog\/wp-content\/uploads\/2020\/07\/248px-Coat_of_Arms_of_the_Basque_Country_Autonomous_Government_1936-1937.svg_.png"}],"author":"Josep de Mart\u00ed","twitter_card":"summary_large_image","twitter_creator":"@blog-ir","twitter_site":"@inforesidencias","twitter_misc":{"Escrito por":"Josep de Mart\u00ed","Tiempo de lectura":"3 minutos"},"schema":{"@context":"https:\/\/schema.org","@graph":[{"@type":"WebPage","@id":"https:\/\/www.inforesidencias.com\/blog\/index.php\/2020\/07\/14\/sector-geriatrico-en-el-pais-vascoeuskadi\/","url":"https:\/\/www.inforesidencias.com\/blog\/index.php\/2020\/07\/14\/sector-geriatrico-en-el-pais-vascoeuskadi\/","name":"Sector geri\u00e1trico en el Pa\u00eds Vasco\/Euskadi - Blog Inforesidencias.com","isPartOf":{"@id":"https:\/\/www.inforesidencias.com\/blog\/#website"},"datePublished":"2020-07-14T15:40:21+00:00","dateModified":"2020-07-14T15:40:21+00:00","author":{"@id":"https:\/\/www.inforesidencias.com\/blog\/#\/schema\/person\/9e146774d1eb3bc1c0316242a3898628"},"description":"El sector geri\u00e1trico en el Pa\u00eds Vasco puede decirse que cuenta con suficientes opciones para su poblaci\u00f3n de personas mayores que requieren una residencia.","breadcrumb":{"@id":"https:\/\/www.inforesidencias.com\/blog\/index.php\/2020\/07\/14\/sector-geriatrico-en-el-pais-vascoeuskadi\/#breadcrumb"},"inLanguage":"es","potentialAction":[{"@type":"ReadAction","target":["https:\/\/www.inforesidencias.com\/blog\/index.php\/2020\/07\/14\/sector-geriatrico-en-el-pais-vascoeuskadi\/"]}]},{"@type":"BreadcrumbList","@id":"https:\/\/www.inforesidencias.com\/blog\/index.php\/2020\/07\/14\/sector-geriatrico-en-el-pais-vascoeuskadi\/#breadcrumb","itemListElement":[{"@type":"ListItem","position":1,"name":"Home","item":"https:\/\/www.inforesidencias.com\/blog\/"},{"@type":"ListItem","position":2,"name":"Sector geri\u00e1trico en el Pa\u00eds Vasco\/Euskadi"}]},{"@type":"WebSite","@id":"https:\/\/www.inforesidencias.com\/blog\/#website","url":"https:\/\/www.inforesidencias.com\/blog\/","name":"Blog Inforesidencias.com","description":"El buscador de residencias de la 3\u00aa edad","potentialAction":[{"@type":"SearchAction","target":{"@type":"EntryPoint","urlTemplate":"https:\/\/www.inforesidencias.com\/blog\/?s={search_term_string}"},"query-input":"required name=search_term_string"}],"inLanguage":"es"},{"@type":"Person","@id":"https:\/\/www.inforesidencias.com\/blog\/#\/schema\/person\/9e146774d1eb3bc1c0316242a3898628","name":"Josep de Mart\u00ed","image":{"@type":"ImageObject","inLanguage":"es","@id":"https:\/\/www.inforesidencias.com\/blog\/#\/schema\/person\/image\/","url":"https:\/\/secure.gravatar.com\/avatar\/de0302c4806c00c4cebff396a798c1ff?s=96&d=mm&r=g","contentUrl":"https:\/\/secure.gravatar.com\/avatar\/de0302c4806c00c4cebff396a798c1ff?s=96&d=mm&r=g","caption":"Josep de Mart\u00ed"},"sameAs":["https:\/\/www.inforesidencias.com","https:\/\/www.facebook.com\/josep.demarti","https:\/\/twitter.com\/blog-ir"],"url":"https:\/\/www.inforesidencias.com\/blog\/index.php\/author\/josepdemarti\/"}]}},"_links":{"self":[{"href":"https:\/\/www.inforesidencias.com\/blog\/index.php\/wp-json\/wp\/v2\/posts\/3386"}],"collection":[{"href":"https:\/\/www.inforesidencias.com\/blog\/index.php\/wp-json\/wp\/v2\/posts"}],"about":[{"href":"https:\/\/www.inforesidencias.com\/blog\/index.php\/wp-json\/wp\/v2\/types\/post"}],"author":[{"embeddable":true,"href":"https:\/\/www.inforesidencias.com\/blog\/index.php\/wp-json\/wp\/v2\/users\/2"}],"replies":[{"embeddable":true,"href":"https:\/\/www.inforesidencias.com\/blog\/index.php\/wp-json\/wp\/v2\/comments?post=3386"}],"version-history":[{"count":6,"href":"https:\/\/www.inforesidencias.com\/blog\/index.php\/wp-json\/wp\/v2\/posts\/3386\/revisions"}],"predecessor-version":[{"id":3394,"href":"https:\/\/www.inforesidencias.com\/blog\/index.php\/wp-json\/wp\/v2\/posts\/3386\/revisions\/3394"}],"wp:attachment":[{"href":"https:\/\/www.inforesidencias.com\/blog\/index.php\/wp-json\/wp\/v2\/media?parent=3386"}],"wp:term":[{"taxonomy":"category","embeddable":true,"href":"https:\/\/www.inforesidencias.com\/blog\/index.php\/wp-json\/wp\/v2\/categories?post=3386"},{"taxonomy":"post_tag","embeddable":true,"href":"https:\/\/www.inforesidencias.com\/blog\/index.php\/wp-json\/wp\/v2\/tags?post=3386"}],"curies":[{"name":"wp","href":"https:\/\/api.w.org\/{rel}","templated":true}]}}