{"id":3395,"date":"2020-07-17T08:03:48","date_gmt":"2020-07-17T08:03:48","guid":{"rendered":"https:\/\/www.inforesidencias.com\/blog\/?p=3395"},"modified":"2020-07-17T08:03:48","modified_gmt":"2020-07-17T08:03:48","slug":"residencia-vostra-llar-reig-y-unos-apartamentos-premium-en-barcelona","status":"publish","type":"post","link":"https:\/\/www.inforesidencias.com\/blog\/index.php\/2020\/07\/17\/residencia-vostra-llar-reig-y-unos-apartamentos-premium-en-barcelona\/","title":{"rendered":"Residencia Vostra Llar Reig y unos apartamentos premium en Barcelona"},"content":{"rendered":"<p style=\"text-align: justify\">En el <a href=\"https:\/\/www.estelfitxers.com\/audio\/20200715-17_00TEMPSDEBENESTAR-ESGRANSERGRAN.MP3\">programa del mi\u00e9rcoles<\/a> de \u201c\u00c9s gran ser gran\u00bb empezamos explicando la situaci\u00f3n de las residencias y pusimos el foco en las salidas de los residentes a fuera de la residencia y en las visitas de familiares. Unos temas que preocupan mucho a los directores de este tipo de centros.<\/p>\n<p style=\"text-align: justify\">Para hablar de su experiencia durante estos meses donde la pandemia ha estado tan presente contamos con Teresa Bosch, directora de la <a href=\"https:\/\/www.inforesidencias.com\/centros\/residencia\/2070\/la-vostra-llar-reig\">residencia Vostra Llar Reig<\/a>, de la Garriga. Teresa coment\u00f3 que no han tenido casos de COVID19 aunque siguen muy alerta ante la m\u00ednima sospecha. Tambi\u00e9n nos coment\u00f3 como llevan los familiares de los residentes el hecho de no poder hacer visitas a sus seres queridos dentro del centro, aunque desde la Vostra Llar Reig han ideado un plan y ya hace semanas que las hacen todas en el jard\u00edn para preservar la salud de quienes est\u00e1n dentro del edificio. En cuanto a las salidas, coment\u00f3 que al tener un jard\u00edn grande no se echa tanto en falta las salidas por el pueblo.<\/p>\n<p style=\"text-align: justify\">Seguidamente nos situ\u00f3 un poco la residencia y el car\u00e1cter hist\u00f3rico de su edificio, cercano a la estaci\u00f3n de tren, y nos explic\u00f3 que en este mismo momento las plazas que tienen vac\u00edas son las que les pide la Generalitat que tengan vac\u00edas por seguridad para realizar aislamientos cuando sea necesario<\/p>\n<p style=\"text-align: justify\"><a href=\"https:\/\/www.inforesidencias.com\/blog\/wp-content\/uploads\/2020\/04\/Coronavirus-en-las-residencias-de-mayores1.png\"><img decoding=\"async\" loading=\"lazy\" class=\"alignleft wp-image-3100\" src=\"https:\/\/www.inforesidencias.com\/blog\/wp-content\/uploads\/2020\/04\/Coronavirus-en-las-residencias-de-mayores1.png\" alt=\"Vostra Llar Reig\" width=\"280\" height=\"225\" \/><\/a><\/p>\n<p style=\"text-align: justify\">Finalmente Teresa nos hablo de algunos departamentos del Grupo La Vostra lLar como el de comunicaci\u00f3n que hizo una gran labor durante la pandemia para garantizar el contacto de los residentes y sus familias y tambi\u00e9n el departamento de actividades que crea y piensa nuevas actividades para todas las residencias del grupo.<\/p>\n<p style=\"text-align: justify\">En la consulta del trabajador social, despu\u00e9s de la bolsa de empleo abordamos el tema de la situaci\u00f3n actual de las residencias de las zonas de Lleida, el Segri\u00e0, Alt Pirineu y Aran. Explicamos que desde estos rebrotes producidos durante estas \u00faltimas semanas se han optado por una serie de medidas tomadas desde la Generalitat. Estas medidas suponen la prohibici\u00f3n e las salidas, las visitas y los nuevos ingresos de residentes.<\/p>\n<p style=\"text-align: justify\">Iniciamos<a href=\"https:\/\/www.estelfitxers.com\/audio\/20200716-17_00TEMPSDEBENESTAR-ESGRANSERGRAN.MP3\"> el programa del jueves <\/a>hablando de otras alternativas a residencias como son los centros de d\u00eda el servicio de ayuda a domicilio etc. Pero en esta ocasi\u00f3n nos quisimos centrar en los pisos con servicios para personas mayores. Un servicio que tambi\u00e9n puede ser p\u00fablico o privado. Adem\u00e1s introdujimos la opci\u00f3n que no solo fuera usado por personas mayores necesariamente.<\/p>\n<p style=\"text-align: justify\">Para hablar de este tipo de servicio contamos con Eloisa Aragon\u00e9s, directora de los <a href=\"https:\/\/www.inforesidencias.com\/centros\/residencia\/12847\/the-onsider-apartamentos-con-servicios#\">apartamentos con servicios The Onsider<\/a>, en el barrio de Sant Gervasi de Barcelona. Eloisa nos explic\u00f3 que los 12 apartamentos son de lujo y tienen tama\u00f1o de unos 140 metros cuadrados y que aunque est\u00e1n completamente amueblados y que adem\u00e1s lo adaptan a lo que pida el cliente lo Tambi\u00e9n nos explic\u00f3 a qu\u00e9 tipo de personas encajar\u00edan mejor estos apartamentos. La estancia m\u00ednima es de un mes pero tienen muchos clientes que vinieron para pocos meses pero ah\u00ed siguen.<\/p>\n<p style=\"text-align: justify\">Despu\u00e9s de la bolsa de trabajo, en la consulta del trabajador social respondimos la duda de una oyente que nos pregunt\u00f3 si era seguro ante estos nuevos rebrotes ingresar a una familiar en una residencia de mayores. Por nuestra parte la respuesta fue de total normalidad y les aconsejamos que lo hicieran si de verdad les hac\u00eda falta ya que las residencias son un entorno seguro y controlado, ahora disponen de muchos m\u00e1s EPIS y parece que hay una comunicaci\u00f3n m\u00e1s fluida con la Generalitat.<\/p>\n<p style=\"text-align: justify\">Descubre residencias de mayores en la <a href=\"https:\/\/www.inforesidencias.com\/centros\/buscador\/busquedas-predefinidas\/residencias-de-mayores-en-el-tarragones\">comarca del Tarragon\u00e8s<\/a>.<\/p>\n<p style=\"text-align: justify\">\n","protected":false},"excerpt":{"rendered":"<p>En el programa del mi\u00e9rcoles de \u201c\u00c9s gran ser gran\u00bb empezamos explicando la situaci\u00f3n de las residencias y pusimos el foco en las salidas de los residentes a fuera de la residencia y en las visitas de familiares. Unos temas que preocupan mucho a los directores de este tipo de centros. Para hablar de su experiencia durante estos meses donde la pandemia ha estado tan presente contamos con Teresa Bosch, directora de la residencia Vostra Llar Reig, de la Garriga. Teresa coment\u00f3 que no han tenido casos de COVID19 aunque siguen muy alerta ante la m\u00ednima sospecha. Tambi\u00e9n nos coment\u00f3 como llevan los familiares de los residentes el hecho de no poder hacer visitas a sus seres queridos dentro del centro, aunque desde la Vostra Llar Reig han ideado un plan y ya hace semanas que las hacen todas en el jard\u00edn para preservar la salud de quienes est\u00e1n dentro [&hellip;]<\/p>\n","protected":false},"author":2,"featured_media":3100,"comment_status":"open","ping_status":"open","sticky":false,"template":"","format":"standard","meta":{"footnotes":""},"categories":[1],"tags":[],"yoast_head":"<!-- This site is optimized with the Yoast SEO plugin v21.7 - https:\/\/yoast.com\/wordpress\/plugins\/seo\/ -->\n<title>Residencia Vostra Llar Reig y unos apartamentos premium en Barcelona - Blog Inforesidencias.com<\/title>\n<meta name=\"description\" content=\"Esta semana hemos hablado con la directora de Vostra Llar Reig, en la Garriga y con la directora de los apartamentos con servicios de OnSider en Barcelona\" \/>\n<meta name=\"robots\" content=\"index, follow, max-snippet:-1, max-image-preview:large, max-video-preview:-1\" \/>\n<link rel=\"canonical\" href=\"https:\/\/www.inforesidencias.com\/blog\/index.php\/2020\/07\/17\/residencia-vostra-llar-reig-y-unos-apartamentos-premium-en-barcelona\/\" \/>\n<meta property=\"og:locale\" content=\"es_ES\" \/>\n<meta property=\"og:type\" content=\"article\" \/>\n<meta property=\"og:title\" content=\"Residencia Vostra Llar Reig y unos apartamentos premium en Barcelona - Blog Inforesidencias.com\" \/>\n<meta property=\"og:description\" content=\"Esta semana hemos hablado con la directora de Vostra Llar Reig, en la Garriga y con la directora de los apartamentos con servicios de OnSider en Barcelona\" \/>\n<meta property=\"og:url\" content=\"https:\/\/www.inforesidencias.com\/blog\/index.php\/2020\/07\/17\/residencia-vostra-llar-reig-y-unos-apartamentos-premium-en-barcelona\/\" \/>\n<meta property=\"og:site_name\" content=\"Blog Inforesidencias.com\" \/>\n<meta property=\"article:publisher\" content=\"https:\/\/www.facebook.com\/Inforesidencias\/\" \/>\n<meta property=\"article:author\" content=\"https:\/\/www.facebook.com\/josep.demarti\" \/>\n<meta property=\"article:published_time\" content=\"2020-07-17T08:03:48+00:00\" \/>\n<meta property=\"og:image\" content=\"https:\/\/www.inforesidencias.com\/blog\/wp-content\/uploads\/2020\/04\/Coronavirus-en-las-residencias-de-mayores1.png\" \/>\n\t<meta property=\"og:image:width\" content=\"400\" \/>\n\t<meta property=\"og:image:height\" content=\"322\" \/>\n\t<meta property=\"og:image:type\" content=\"image\/png\" \/>\n<meta name=\"author\" content=\"Josep de Mart\u00ed\" \/>\n<meta name=\"twitter:card\" content=\"summary_large_image\" \/>\n<meta name=\"twitter:creator\" content=\"@blog-ir\" \/>\n<meta name=\"twitter:site\" content=\"@inforesidencias\" \/>\n<meta name=\"twitter:label1\" content=\"Escrito por\" \/>\n\t<meta name=\"twitter:data1\" content=\"Josep de Mart\u00ed\" \/>\n\t<meta name=\"twitter:label2\" content=\"Tiempo de lectura\" \/>\n\t<meta name=\"twitter:data2\" content=\"3 minutos\" \/>\n<script type=\"application\/ld+json\" class=\"yoast-schema-graph\">{\"@context\":\"https:\/\/schema.org\",\"@graph\":[{\"@type\":\"WebPage\",\"@id\":\"https:\/\/www.inforesidencias.com\/blog\/index.php\/2020\/07\/17\/residencia-vostra-llar-reig-y-unos-apartamentos-premium-en-barcelona\/\",\"url\":\"https:\/\/www.inforesidencias.com\/blog\/index.php\/2020\/07\/17\/residencia-vostra-llar-reig-y-unos-apartamentos-premium-en-barcelona\/\",\"name\":\"Residencia Vostra Llar Reig y unos apartamentos premium en Barcelona - Blog Inforesidencias.com\",\"isPartOf\":{\"@id\":\"https:\/\/www.inforesidencias.com\/blog\/#website\"},\"datePublished\":\"2020-07-17T08:03:48+00:00\",\"dateModified\":\"2020-07-17T08:03:48+00:00\",\"author\":{\"@id\":\"https:\/\/www.inforesidencias.com\/blog\/#\/schema\/person\/9e146774d1eb3bc1c0316242a3898628\"},\"description\":\"Esta semana hemos hablado con la directora de Vostra Llar Reig, en la Garriga y con la directora de los apartamentos con servicios de OnSider en Barcelona\",\"breadcrumb\":{\"@id\":\"https:\/\/www.inforesidencias.com\/blog\/index.php\/2020\/07\/17\/residencia-vostra-llar-reig-y-unos-apartamentos-premium-en-barcelona\/#breadcrumb\"},\"inLanguage\":\"es\",\"potentialAction\":[{\"@type\":\"ReadAction\",\"target\":[\"https:\/\/www.inforesidencias.com\/blog\/index.php\/2020\/07\/17\/residencia-vostra-llar-reig-y-unos-apartamentos-premium-en-barcelona\/\"]}]},{\"@type\":\"BreadcrumbList\",\"@id\":\"https:\/\/www.inforesidencias.com\/blog\/index.php\/2020\/07\/17\/residencia-vostra-llar-reig-y-unos-apartamentos-premium-en-barcelona\/#breadcrumb\",\"itemListElement\":[{\"@type\":\"ListItem\",\"position\":1,\"name\":\"Home\",\"item\":\"https:\/\/www.inforesidencias.com\/blog\/\"},{\"@type\":\"ListItem\",\"position\":2,\"name\":\"Residencia Vostra Llar Reig y unos apartamentos premium en Barcelona\"}]},{\"@type\":\"WebSite\",\"@id\":\"https:\/\/www.inforesidencias.com\/blog\/#website\",\"url\":\"https:\/\/www.inforesidencias.com\/blog\/\",\"name\":\"Blog Inforesidencias.com\",\"description\":\"El buscador de residencias de la 3\u00aa edad\",\"potentialAction\":[{\"@type\":\"SearchAction\",\"target\":{\"@type\":\"EntryPoint\",\"urlTemplate\":\"https:\/\/www.inforesidencias.com\/blog\/?s={search_term_string}\"},\"query-input\":\"required name=search_term_string\"}],\"inLanguage\":\"es\"},{\"@type\":\"Person\",\"@id\":\"https:\/\/www.inforesidencias.com\/blog\/#\/schema\/person\/9e146774d1eb3bc1c0316242a3898628\",\"name\":\"Josep de Mart\u00ed\",\"image\":{\"@type\":\"ImageObject\",\"inLanguage\":\"es\",\"@id\":\"https:\/\/www.inforesidencias.com\/blog\/#\/schema\/person\/image\/\",\"url\":\"https:\/\/secure.gravatar.com\/avatar\/de0302c4806c00c4cebff396a798c1ff?s=96&d=mm&r=g\",\"contentUrl\":\"https:\/\/secure.gravatar.com\/avatar\/de0302c4806c00c4cebff396a798c1ff?s=96&d=mm&r=g\",\"caption\":\"Josep de Mart\u00ed\"},\"sameAs\":[\"https:\/\/www.inforesidencias.com\",\"https:\/\/www.facebook.com\/josep.demarti\",\"https:\/\/twitter.com\/blog-ir\"],\"url\":\"https:\/\/www.inforesidencias.com\/blog\/index.php\/author\/josepdemarti\/\"}]}<\/script>\n<!-- \/ Yoast SEO plugin. -->","yoast_head_json":{"title":"Residencia Vostra Llar Reig y unos apartamentos premium en Barcelona - Blog Inforesidencias.com","description":"Esta semana hemos hablado con la directora de Vostra Llar Reig, en la Garriga y con la directora de los apartamentos con servicios de OnSider en Barcelona","robots":{"index":"index","follow":"follow","max-snippet":"max-snippet:-1","max-image-preview":"max-image-preview:large","max-video-preview":"max-video-preview:-1"},"canonical":"https:\/\/www.inforesidencias.com\/blog\/index.php\/2020\/07\/17\/residencia-vostra-llar-reig-y-unos-apartamentos-premium-en-barcelona\/","og_locale":"es_ES","og_type":"article","og_title":"Residencia Vostra Llar Reig y unos apartamentos premium en Barcelona - Blog Inforesidencias.com","og_description":"Esta semana hemos hablado con la directora de Vostra Llar Reig, en la Garriga y con la directora de los apartamentos con servicios de OnSider en Barcelona","og_url":"https:\/\/www.inforesidencias.com\/blog\/index.php\/2020\/07\/17\/residencia-vostra-llar-reig-y-unos-apartamentos-premium-en-barcelona\/","og_site_name":"Blog Inforesidencias.com","article_publisher":"https:\/\/www.facebook.com\/Inforesidencias\/","article_author":"https:\/\/www.facebook.com\/josep.demarti","article_published_time":"2020-07-17T08:03:48+00:00","og_image":[{"width":400,"height":322,"url":"https:\/\/www.inforesidencias.com\/blog\/wp-content\/uploads\/2020\/04\/Coronavirus-en-las-residencias-de-mayores1.png","type":"image\/png"}],"author":"Josep de Mart\u00ed","twitter_card":"summary_large_image","twitter_creator":"@blog-ir","twitter_site":"@inforesidencias","twitter_misc":{"Escrito por":"Josep de Mart\u00ed","Tiempo de lectura":"3 minutos"},"schema":{"@context":"https:\/\/schema.org","@graph":[{"@type":"WebPage","@id":"https:\/\/www.inforesidencias.com\/blog\/index.php\/2020\/07\/17\/residencia-vostra-llar-reig-y-unos-apartamentos-premium-en-barcelona\/","url":"https:\/\/www.inforesidencias.com\/blog\/index.php\/2020\/07\/17\/residencia-vostra-llar-reig-y-unos-apartamentos-premium-en-barcelona\/","name":"Residencia Vostra Llar Reig y unos apartamentos premium en Barcelona - Blog Inforesidencias.com","isPartOf":{"@id":"https:\/\/www.inforesidencias.com\/blog\/#website"},"datePublished":"2020-07-17T08:03:48+00:00","dateModified":"2020-07-17T08:03:48+00:00","author":{"@id":"https:\/\/www.inforesidencias.com\/blog\/#\/schema\/person\/9e146774d1eb3bc1c0316242a3898628"},"description":"Esta semana hemos hablado con la directora de Vostra Llar Reig, en la Garriga y con la directora de los apartamentos con servicios de OnSider en Barcelona","breadcrumb":{"@id":"https:\/\/www.inforesidencias.com\/blog\/index.php\/2020\/07\/17\/residencia-vostra-llar-reig-y-unos-apartamentos-premium-en-barcelona\/#breadcrumb"},"inLanguage":"es","potentialAction":[{"@type":"ReadAction","target":["https:\/\/www.inforesidencias.com\/blog\/index.php\/2020\/07\/17\/residencia-vostra-llar-reig-y-unos-apartamentos-premium-en-barcelona\/"]}]},{"@type":"BreadcrumbList","@id":"https:\/\/www.inforesidencias.com\/blog\/index.php\/2020\/07\/17\/residencia-vostra-llar-reig-y-unos-apartamentos-premium-en-barcelona\/#breadcrumb","itemListElement":[{"@type":"ListItem","position":1,"name":"Home","item":"https:\/\/www.inforesidencias.com\/blog\/"},{"@type":"ListItem","position":2,"name":"Residencia Vostra Llar Reig y unos apartamentos premium en Barcelona"}]},{"@type":"WebSite","@id":"https:\/\/www.inforesidencias.com\/blog\/#website","url":"https:\/\/www.inforesidencias.com\/blog\/","name":"Blog Inforesidencias.com","description":"El buscador de residencias de la 3\u00aa edad","potentialAction":[{"@type":"SearchAction","target":{"@type":"EntryPoint","urlTemplate":"https:\/\/www.inforesidencias.com\/blog\/?s={search_term_string}"},"query-input":"required name=search_term_string"}],"inLanguage":"es"},{"@type":"Person","@id":"https:\/\/www.inforesidencias.com\/blog\/#\/schema\/person\/9e146774d1eb3bc1c0316242a3898628","name":"Josep de Mart\u00ed","image":{"@type":"ImageObject","inLanguage":"es","@id":"https:\/\/www.inforesidencias.com\/blog\/#\/schema\/person\/image\/","url":"https:\/\/secure.gravatar.com\/avatar\/de0302c4806c00c4cebff396a798c1ff?s=96&d=mm&r=g","contentUrl":"https:\/\/secure.gravatar.com\/avatar\/de0302c4806c00c4cebff396a798c1ff?s=96&d=mm&r=g","caption":"Josep de Mart\u00ed"},"sameAs":["https:\/\/www.inforesidencias.com","https:\/\/www.facebook.com\/josep.demarti","https:\/\/twitter.com\/blog-ir"],"url":"https:\/\/www.inforesidencias.com\/blog\/index.php\/author\/josepdemarti\/"}]}},"_links":{"self":[{"href":"https:\/\/www.inforesidencias.com\/blog\/index.php\/wp-json\/wp\/v2\/posts\/3395"}],"collection":[{"href":"https:\/\/www.inforesidencias.com\/blog\/index.php\/wp-json\/wp\/v2\/posts"}],"about":[{"href":"https:\/\/www.inforesidencias.com\/blog\/index.php\/wp-json\/wp\/v2\/types\/post"}],"author":[{"embeddable":true,"href":"https:\/\/www.inforesidencias.com\/blog\/index.php\/wp-json\/wp\/v2\/users\/2"}],"replies":[{"embeddable":true,"href":"https:\/\/www.inforesidencias.com\/blog\/index.php\/wp-json\/wp\/v2\/comments?post=3395"}],"version-history":[{"count":6,"href":"https:\/\/www.inforesidencias.com\/blog\/index.php\/wp-json\/wp\/v2\/posts\/3395\/revisions"}],"predecessor-version":[{"id":3401,"href":"https:\/\/www.inforesidencias.com\/blog\/index.php\/wp-json\/wp\/v2\/posts\/3395\/revisions\/3401"}],"wp:featuredmedia":[{"embeddable":true,"href":"https:\/\/www.inforesidencias.com\/blog\/index.php\/wp-json\/wp\/v2\/media\/3100"}],"wp:attachment":[{"href":"https:\/\/www.inforesidencias.com\/blog\/index.php\/wp-json\/wp\/v2\/media?parent=3395"}],"wp:term":[{"taxonomy":"category","embeddable":true,"href":"https:\/\/www.inforesidencias.com\/blog\/index.php\/wp-json\/wp\/v2\/categories?post=3395"},{"taxonomy":"post_tag","embeddable":true,"href":"https:\/\/www.inforesidencias.com\/blog\/index.php\/wp-json\/wp\/v2\/tags?post=3395"}],"curies":[{"name":"wp","href":"https:\/\/api.w.org\/{rel}","templated":true}]}}