{"id":3416,"date":"2020-07-28T08:39:07","date_gmt":"2020-07-28T08:39:07","guid":{"rendered":"https:\/\/www.inforesidencias.com\/blog\/?p=3416"},"modified":"2020-07-27T07:08:07","modified_gmt":"2020-07-27T07:08:07","slug":"musicoterapia-en-personas-con-demencia","status":"publish","type":"post","link":"https:\/\/www.inforesidencias.com\/blog\/index.php\/2020\/07\/28\/musicoterapia-en-personas-con-demencia\/","title":{"rendered":"Musicoterapia en personas con demencia"},"content":{"rendered":"<p style=\"text-align: justify\">Hoy nos escribe una musicoterapeuta amiga de inforesidencias. Ella es Marta Casellas y forma parte de la <a href=\"https:\/\/www.associaciomusicadifusio.com\/copia-de-qui-som\">\u00abAsociaci\u00f3n M\u00fasica Difusi\u00f3n\u00bb<\/a>. Marta ya <a href=\"https:\/\/www.inforesidencias.com\/blog\/index.php\/2020\/01\/24\/una-gran-residencia-en-calella-y-musicoterapia-en-demencias\/\">particip\u00f3 una vez en el programa \u00ab\u00c9s gran ser gran\u00bb <\/a>que desde inforesidencias.com tenemos en radio Estel. En esta ocasi\u00f3n nos ha escrito un articulo sobre la musicoterapia en personas con demencia:<\/p>\n<p style=\"text-align: justify\">Actualmente es conocida la importancia de un envejecimiento activo en las personas mayores que favorece el mantenimiento de la autonom\u00eda personal. Pero cuando esta autonom\u00eda se va perdiendo de manera progresiva en una situaci\u00f3n de dependencia cognitiva, f\u00edsica y ps\u00edquica, sean cuales sean las causas, es necesario velar por la conservaci\u00f3n y estabilidad de las capacidades mantenidas, especialmente emocionales y sociales como fuente de bienestar y calidad de vida.<\/p>\n<p style=\"text-align: justify\">Est\u00e1 claro que el crecimiento anual de cerca de 10 millones de casos nuevos de personas con demencia en todo el mundo y que seg\u00fan la Organizaci\u00f3n Mundial de la Salud (OMS, 2019) en 2050 triplicar\u00e1 hasta los 152 millones, provocar\u00e1 un gran impacto generalizado, sanitario, asistencial, social y econ\u00f3mico. Una situaci\u00f3n que hace evidente no solo la necesidad constante en investigaci\u00f3n sobre las causas y pruebas de medicamentos que puedan frenar o incluso prevenir las diversas formas de la enfermedad, sino tambi\u00e9n nos muestra una necesidad urgente de proporcionar servicios que den apoyo emocional y social a las personas afectadas.<\/p>\n<p style=\"text-align: justify\">Ante esta perspectiva, \u00bfqu\u00e9 funci\u00f3n puede tener la m\u00fasica? \u00bfQu\u00e9 beneficios puede aportar la terapia musical en personas con demencia?<\/p>\n<h1><strong>Efectos de la m\u00fasica <\/strong><\/h1>\n<p style=\"text-align: justify\">En pleno siglo XXI sigue sorprendiendo que la capacidad de crear m\u00fasica y disfrutar con ella parece que es universal en todas las culturas y hasta cierto punto en todos los seres humanos y efectivamente estudios han revelado que las persones valoramos la m\u00fasica en gran manera por las emociones que evoca. Lo que s\u00ed parece, y estudios en neurociencia as\u00ed lo avalan, es que la m\u00fasica puede cambiar la actividad en todas las estructuras cerebrales asociadas a las emociones lo cual tiene implicaciones importantes sobre c\u00f3mo entendemos las emociones humanas y sus trastornos, y c\u00f3mo podemos aprovechar mejor los efectos beneficiosos en la terapia. Este enfoque conceptual ha tenido consecuencias fundamentales en su aplicaci\u00f3n en la terapia y en la medicina. La m\u00fasica puede estimular procesos sensoriales, cognitivos y afectivos en el cerebro y en el comportamiento, y podemos trasladar sus beneficios como instrumento terap\u00e9utico en diferentes \u00e1mbitos de la salud.<\/p>\n<h2><strong>Musicoterapia en personas con demencia y tipo de m\u00fasicas que utilizamos<\/strong><\/h2>\n<p style=\"text-align: justify\">Por todo ello cada vez es m\u00e1s habitual la presencia de programas de musicoterapia en personas con demencia como tratamiento no farmacol\u00f3gico en \u00e1mbitos de salud, cl\u00ednico, hospitalario o asistencial. Y es que el uso de la m\u00fasica con finalidad terap\u00e9utica nos permite intervenir en algunos de los problemas que la demencia comporta no solo los relacionados con la capacidad cognitiva (memoria, atenci\u00f3n) sino tambi\u00e9n los relacionados con las manifestaciones conductuales y de estado de \u00e1nimo (ansiedad, irritabilidad, tristeza). Es a trav\u00e9s de ella que podemos actuar y proporcionar apoyo emocional y social en las personas afectadas y tambi\u00e9n a sus familiares en una musicoterapia grupal o bien incorporando al cuidador familiar a las sesiones y reducir los niveles de ansiedad y estr\u00e9s y mejorar su calidad de vida.<\/p>\n<div id=\"attachment_3425\" style=\"width: 360px\" class=\"wp-caption aligncenter\"><a href=\"https:\/\/www.inforesidencias.com\/blog\/wp-content\/uploads\/2020\/07\/Sessio\u0301-MT_Marta-Casellas-Font_Ajudam-Predegent.jpg\"><img aria-describedby=\"caption-attachment-3425\" decoding=\"async\" loading=\"lazy\" class=\"wp-image-3425\" src=\"https:\/\/www.inforesidencias.com\/blog\/wp-content\/uploads\/2020\/07\/Sessio\u0301-MT_Marta-Casellas-Font_Ajudam-Predegent.jpg\" alt=\"Sesio\u0301n MT_Marta Casellas-Font_Ajudam Predegent\" width=\"350\" height=\"197\" \/><\/a><p id=\"caption-attachment-3425\" class=\"wp-caption-text\">Una sesi\u00f3n de musicoterapia incluye diferentes actividades, con la voz, de movimiento, de respiraci\u00f3n y relajaci\u00f3n. Fuente: Ajudam Predegent<\/p><\/div>\n<p>Llegado a este punto es importante se\u00f1alar que la musicoterapia en intervenci\u00f3n en el \u00e1mbito de la salud ha de ser un trabajo conjunto con el equipo terap\u00e9utico para atender las necesidades de las personas y la mejor manera de afrontar la demencia.<\/p>\n<p style=\"text-align: justify\">Generalmente en musicoterapia trabajamos con m\u00fasicas de diferente car\u00e1cter y estilo ajustadas a las necesidades de los pacientes y seg\u00fan el \u00e1mbito y finalidad de la intervenci\u00f3n.[ Lee una noticia sobre <a href=\"https:\/\/www.inforesidencias.com\/contenidos\/noticias\/extremadura_badajoz\/musica-terapeutica-en-las-residencias-de-mayores-extreme%C3%B1as\">musicoterapia en las residencias de mayores extreme\u00f1a<\/a>s]<\/p>\n<p style=\"text-align: justify\">En personas con demencia utilizamos aquellas m\u00fasicas y canciones m\u00e1s significativas de cada paciente y puedan evocar emociones positivas de satisfacci\u00f3n y de alegr\u00eda, acercar recuerdos, sugerir im\u00e1genes, y a trav\u00e9s de la creatividad e improvisaci\u00f3n, con instrumentos musicales, con la voz, con el movimiento, la respiraci\u00f3n, reducir la ansiedad y cambiar el estado de \u00e1nimo.<\/p>\n<p style=\"text-align: justify\">Una intervenci\u00f3n a ser posible en grupos diferenciados que permita a los pacientes compartir y expresar emociones muy parecidas y lograr activar la memoria, favorecer la motricidad, promover la relajaci\u00f3n, en beneficio del funcionamiento global y social.<\/p>\n<p style=\"text-align: justify\">Finalmente me gustar\u00eda mencionar, aunque sea brevemente el impacto emocional que ha provocado las medidas de prevenci\u00f3n contra la COVID-19 de la restricci\u00f3n de las visitas de familiares y de actividades grupales, en especial en las personas mayores y con demencia que ha llevado algunos estados de confusi\u00f3n y estr\u00e9s. Unas medidas de contenci\u00f3n necesarias y es nuestro deseo poder retornar a la normalidad lo m\u00e1s pronto posible en beneficio del bienestar y calidad de vida.<\/p>\n<p><em>\u00a0\u00a0\u00a0\u00a0 \u201c<\/em><em>son las relaciones con las personas lo que da sentido a la vida.\u00bb<\/em><\/p>\n<p>(von Humboldt KW)<\/p>\n<p><strong>Marta Casellas<\/strong><\/p>\n<p><a href=\"http:\/\/www.associaciomusicadifusio.com\"><strong>www.associaciomusicadifusio.com<\/strong><\/a><\/p>\n","protected":false},"excerpt":{"rendered":"<p>Hoy nos escribe una musicoterapeuta amiga de inforesidencias. Ella es Marta Casellas y forma parte de la \u00abAsociaci\u00f3n M\u00fasica Difusi\u00f3n\u00bb. Marta ya particip\u00f3 una vez en el programa \u00ab\u00c9s gran ser gran\u00bb que desde inforesidencias.com tenemos en radio Estel. En esta ocasi\u00f3n nos ha escrito un articulo sobre la musicoterapia en personas con demencia: Actualmente es conocida la importancia de un envejecimiento activo en las personas mayores que favorece el mantenimiento de la autonom\u00eda personal. Pero cuando esta autonom\u00eda se va perdiendo de manera progresiva en una situaci\u00f3n de dependencia cognitiva, f\u00edsica y ps\u00edquica, sean cuales sean las causas, es necesario velar por la conservaci\u00f3n y estabilidad de las capacidades mantenidas, especialmente emocionales y sociales como fuente de bienestar y calidad de vida. Est\u00e1 claro que el crecimiento anual de cerca de 10 millones de casos nuevos de personas con demencia en todo el mundo y que seg\u00fan la Organizaci\u00f3n [&hellip;]<\/p>\n","protected":false},"author":2,"featured_media":2680,"comment_status":"open","ping_status":"open","sticky":false,"template":"","format":"standard","meta":{"footnotes":""},"categories":[1],"tags":[],"yoast_head":"<!-- This site is optimized with the Yoast SEO plugin v21.7 - https:\/\/yoast.com\/wordpress\/plugins\/seo\/ -->\n<title>Musicoterapia en personas con demencia - Blog Inforesidencias.com<\/title>\n<meta name=\"description\" content=\"Articulo sobre la musicoterapia en personas con demencia en donde se mencionan objetivos y beneficios y t\u00e9cnicas.\" \/>\n<meta name=\"robots\" content=\"index, follow, max-snippet:-1, max-image-preview:large, max-video-preview:-1\" \/>\n<link rel=\"canonical\" href=\"https:\/\/www.inforesidencias.com\/blog\/index.php\/2020\/07\/28\/musicoterapia-en-personas-con-demencia\/\" \/>\n<meta property=\"og:locale\" content=\"es_ES\" \/>\n<meta property=\"og:type\" content=\"article\" \/>\n<meta property=\"og:title\" content=\"Musicoterapia en personas con demencia - Blog Inforesidencias.com\" \/>\n<meta property=\"og:description\" content=\"Articulo sobre la musicoterapia en personas con demencia en donde se mencionan objetivos y beneficios y t\u00e9cnicas.\" \/>\n<meta property=\"og:url\" content=\"https:\/\/www.inforesidencias.com\/blog\/index.php\/2020\/07\/28\/musicoterapia-en-personas-con-demencia\/\" \/>\n<meta property=\"og:site_name\" content=\"Blog Inforesidencias.com\" \/>\n<meta property=\"article:publisher\" content=\"https:\/\/www.facebook.com\/Inforesidencias\/\" \/>\n<meta property=\"article:author\" content=\"https:\/\/www.facebook.com\/josep.demarti\" \/>\n<meta property=\"article:published_time\" content=\"2020-07-28T08:39:07+00:00\" \/>\n<meta property=\"article:modified_time\" content=\"2020-07-27T07:08:07+00:00\" \/>\n<meta property=\"og:image\" content=\"https:\/\/www.inforesidencias.com\/blog\/wp-content\/uploads\/2020\/01\/musicoterapia-en-demencias.jpg\" \/>\n\t<meta property=\"og:image:width\" content=\"640\" \/>\n\t<meta property=\"og:image:height\" content=\"480\" \/>\n\t<meta property=\"og:image:type\" content=\"image\/jpeg\" \/>\n<meta name=\"author\" content=\"Josep de Mart\u00ed\" \/>\n<meta name=\"twitter:card\" content=\"summary_large_image\" \/>\n<meta name=\"twitter:creator\" content=\"@blog-ir\" \/>\n<meta name=\"twitter:site\" content=\"@inforesidencias\" \/>\n<meta name=\"twitter:label1\" content=\"Escrito por\" \/>\n\t<meta name=\"twitter:data1\" content=\"Josep de Mart\u00ed\" \/>\n\t<meta name=\"twitter:label2\" content=\"Tiempo de lectura\" \/>\n\t<meta name=\"twitter:data2\" content=\"5 minutos\" \/>\n<script type=\"application\/ld+json\" class=\"yoast-schema-graph\">{\"@context\":\"https:\/\/schema.org\",\"@graph\":[{\"@type\":\"WebPage\",\"@id\":\"https:\/\/www.inforesidencias.com\/blog\/index.php\/2020\/07\/28\/musicoterapia-en-personas-con-demencia\/\",\"url\":\"https:\/\/www.inforesidencias.com\/blog\/index.php\/2020\/07\/28\/musicoterapia-en-personas-con-demencia\/\",\"name\":\"Musicoterapia en personas con demencia - Blog Inforesidencias.com\",\"isPartOf\":{\"@id\":\"https:\/\/www.inforesidencias.com\/blog\/#website\"},\"datePublished\":\"2020-07-28T08:39:07+00:00\",\"dateModified\":\"2020-07-27T07:08:07+00:00\",\"author\":{\"@id\":\"https:\/\/www.inforesidencias.com\/blog\/#\/schema\/person\/9e146774d1eb3bc1c0316242a3898628\"},\"description\":\"Articulo sobre la musicoterapia en personas con demencia en donde se mencionan objetivos y beneficios y t\u00e9cnicas.\",\"breadcrumb\":{\"@id\":\"https:\/\/www.inforesidencias.com\/blog\/index.php\/2020\/07\/28\/musicoterapia-en-personas-con-demencia\/#breadcrumb\"},\"inLanguage\":\"es\",\"potentialAction\":[{\"@type\":\"ReadAction\",\"target\":[\"https:\/\/www.inforesidencias.com\/blog\/index.php\/2020\/07\/28\/musicoterapia-en-personas-con-demencia\/\"]}]},{\"@type\":\"BreadcrumbList\",\"@id\":\"https:\/\/www.inforesidencias.com\/blog\/index.php\/2020\/07\/28\/musicoterapia-en-personas-con-demencia\/#breadcrumb\",\"itemListElement\":[{\"@type\":\"ListItem\",\"position\":1,\"name\":\"Home\",\"item\":\"https:\/\/www.inforesidencias.com\/blog\/\"},{\"@type\":\"ListItem\",\"position\":2,\"name\":\"Musicoterapia en personas con demencia\"}]},{\"@type\":\"WebSite\",\"@id\":\"https:\/\/www.inforesidencias.com\/blog\/#website\",\"url\":\"https:\/\/www.inforesidencias.com\/blog\/\",\"name\":\"Blog Inforesidencias.com\",\"description\":\"El buscador de residencias de la 3\u00aa edad\",\"potentialAction\":[{\"@type\":\"SearchAction\",\"target\":{\"@type\":\"EntryPoint\",\"urlTemplate\":\"https:\/\/www.inforesidencias.com\/blog\/?s={search_term_string}\"},\"query-input\":\"required name=search_term_string\"}],\"inLanguage\":\"es\"},{\"@type\":\"Person\",\"@id\":\"https:\/\/www.inforesidencias.com\/blog\/#\/schema\/person\/9e146774d1eb3bc1c0316242a3898628\",\"name\":\"Josep de Mart\u00ed\",\"image\":{\"@type\":\"ImageObject\",\"inLanguage\":\"es\",\"@id\":\"https:\/\/www.inforesidencias.com\/blog\/#\/schema\/person\/image\/\",\"url\":\"https:\/\/secure.gravatar.com\/avatar\/de0302c4806c00c4cebff396a798c1ff?s=96&d=mm&r=g\",\"contentUrl\":\"https:\/\/secure.gravatar.com\/avatar\/de0302c4806c00c4cebff396a798c1ff?s=96&d=mm&r=g\",\"caption\":\"Josep de Mart\u00ed\"},\"sameAs\":[\"https:\/\/www.inforesidencias.com\",\"https:\/\/www.facebook.com\/josep.demarti\",\"https:\/\/twitter.com\/blog-ir\"],\"url\":\"https:\/\/www.inforesidencias.com\/blog\/index.php\/author\/josepdemarti\/\"}]}<\/script>\n<!-- \/ Yoast SEO plugin. -->","yoast_head_json":{"title":"Musicoterapia en personas con demencia - Blog Inforesidencias.com","description":"Articulo sobre la musicoterapia en personas con demencia en donde se mencionan objetivos y beneficios y t\u00e9cnicas.","robots":{"index":"index","follow":"follow","max-snippet":"max-snippet:-1","max-image-preview":"max-image-preview:large","max-video-preview":"max-video-preview:-1"},"canonical":"https:\/\/www.inforesidencias.com\/blog\/index.php\/2020\/07\/28\/musicoterapia-en-personas-con-demencia\/","og_locale":"es_ES","og_type":"article","og_title":"Musicoterapia en personas con demencia - Blog Inforesidencias.com","og_description":"Articulo sobre la musicoterapia en personas con demencia en donde se mencionan objetivos y beneficios y t\u00e9cnicas.","og_url":"https:\/\/www.inforesidencias.com\/blog\/index.php\/2020\/07\/28\/musicoterapia-en-personas-con-demencia\/","og_site_name":"Blog Inforesidencias.com","article_publisher":"https:\/\/www.facebook.com\/Inforesidencias\/","article_author":"https:\/\/www.facebook.com\/josep.demarti","article_published_time":"2020-07-28T08:39:07+00:00","article_modified_time":"2020-07-27T07:08:07+00:00","og_image":[{"width":640,"height":480,"url":"https:\/\/www.inforesidencias.com\/blog\/wp-content\/uploads\/2020\/01\/musicoterapia-en-demencias.jpg","type":"image\/jpeg"}],"author":"Josep de Mart\u00ed","twitter_card":"summary_large_image","twitter_creator":"@blog-ir","twitter_site":"@inforesidencias","twitter_misc":{"Escrito por":"Josep de Mart\u00ed","Tiempo de lectura":"5 minutos"},"schema":{"@context":"https:\/\/schema.org","@graph":[{"@type":"WebPage","@id":"https:\/\/www.inforesidencias.com\/blog\/index.php\/2020\/07\/28\/musicoterapia-en-personas-con-demencia\/","url":"https:\/\/www.inforesidencias.com\/blog\/index.php\/2020\/07\/28\/musicoterapia-en-personas-con-demencia\/","name":"Musicoterapia en personas con demencia - Blog Inforesidencias.com","isPartOf":{"@id":"https:\/\/www.inforesidencias.com\/blog\/#website"},"datePublished":"2020-07-28T08:39:07+00:00","dateModified":"2020-07-27T07:08:07+00:00","author":{"@id":"https:\/\/www.inforesidencias.com\/blog\/#\/schema\/person\/9e146774d1eb3bc1c0316242a3898628"},"description":"Articulo sobre la musicoterapia en personas con demencia en donde se mencionan objetivos y beneficios y t\u00e9cnicas.","breadcrumb":{"@id":"https:\/\/www.inforesidencias.com\/blog\/index.php\/2020\/07\/28\/musicoterapia-en-personas-con-demencia\/#breadcrumb"},"inLanguage":"es","potentialAction":[{"@type":"ReadAction","target":["https:\/\/www.inforesidencias.com\/blog\/index.php\/2020\/07\/28\/musicoterapia-en-personas-con-demencia\/"]}]},{"@type":"BreadcrumbList","@id":"https:\/\/www.inforesidencias.com\/blog\/index.php\/2020\/07\/28\/musicoterapia-en-personas-con-demencia\/#breadcrumb","itemListElement":[{"@type":"ListItem","position":1,"name":"Home","item":"https:\/\/www.inforesidencias.com\/blog\/"},{"@type":"ListItem","position":2,"name":"Musicoterapia en personas con demencia"}]},{"@type":"WebSite","@id":"https:\/\/www.inforesidencias.com\/blog\/#website","url":"https:\/\/www.inforesidencias.com\/blog\/","name":"Blog Inforesidencias.com","description":"El buscador de residencias de la 3\u00aa edad","potentialAction":[{"@type":"SearchAction","target":{"@type":"EntryPoint","urlTemplate":"https:\/\/www.inforesidencias.com\/blog\/?s={search_term_string}"},"query-input":"required name=search_term_string"}],"inLanguage":"es"},{"@type":"Person","@id":"https:\/\/www.inforesidencias.com\/blog\/#\/schema\/person\/9e146774d1eb3bc1c0316242a3898628","name":"Josep de Mart\u00ed","image":{"@type":"ImageObject","inLanguage":"es","@id":"https:\/\/www.inforesidencias.com\/blog\/#\/schema\/person\/image\/","url":"https:\/\/secure.gravatar.com\/avatar\/de0302c4806c00c4cebff396a798c1ff?s=96&d=mm&r=g","contentUrl":"https:\/\/secure.gravatar.com\/avatar\/de0302c4806c00c4cebff396a798c1ff?s=96&d=mm&r=g","caption":"Josep de Mart\u00ed"},"sameAs":["https:\/\/www.inforesidencias.com","https:\/\/www.facebook.com\/josep.demarti","https:\/\/twitter.com\/blog-ir"],"url":"https:\/\/www.inforesidencias.com\/blog\/index.php\/author\/josepdemarti\/"}]}},"_links":{"self":[{"href":"https:\/\/www.inforesidencias.com\/blog\/index.php\/wp-json\/wp\/v2\/posts\/3416"}],"collection":[{"href":"https:\/\/www.inforesidencias.com\/blog\/index.php\/wp-json\/wp\/v2\/posts"}],"about":[{"href":"https:\/\/www.inforesidencias.com\/blog\/index.php\/wp-json\/wp\/v2\/types\/post"}],"author":[{"embeddable":true,"href":"https:\/\/www.inforesidencias.com\/blog\/index.php\/wp-json\/wp\/v2\/users\/2"}],"replies":[{"embeddable":true,"href":"https:\/\/www.inforesidencias.com\/blog\/index.php\/wp-json\/wp\/v2\/comments?post=3416"}],"version-history":[{"count":12,"href":"https:\/\/www.inforesidencias.com\/blog\/index.php\/wp-json\/wp\/v2\/posts\/3416\/revisions"}],"predecessor-version":[{"id":3426,"href":"https:\/\/www.inforesidencias.com\/blog\/index.php\/wp-json\/wp\/v2\/posts\/3416\/revisions\/3426"}],"wp:featuredmedia":[{"embeddable":true,"href":"https:\/\/www.inforesidencias.com\/blog\/index.php\/wp-json\/wp\/v2\/media\/2680"}],"wp:attachment":[{"href":"https:\/\/www.inforesidencias.com\/blog\/index.php\/wp-json\/wp\/v2\/media?parent=3416"}],"wp:term":[{"taxonomy":"category","embeddable":true,"href":"https:\/\/www.inforesidencias.com\/blog\/index.php\/wp-json\/wp\/v2\/categories?post=3416"},{"taxonomy":"post_tag","embeddable":true,"href":"https:\/\/www.inforesidencias.com\/blog\/index.php\/wp-json\/wp\/v2\/tags?post=3416"}],"curies":[{"name":"wp","href":"https:\/\/api.w.org\/{rel}","templated":true}]}}