{"id":3445,"date":"2020-08-07T08:11:27","date_gmt":"2020-08-07T08:11:27","guid":{"rendered":"https:\/\/www.inforesidencias.com\/blog\/?p=3445"},"modified":"2020-07-29T14:05:27","modified_gmt":"2020-07-29T14:05:27","slug":"dona-beatriz-no-entiende-nada","status":"publish","type":"post","link":"https:\/\/www.inforesidencias.com\/blog\/index.php\/2020\/08\/07\/dona-beatriz-no-entiende-nada\/","title":{"rendered":"Do\u00f1a Beatriz no entiende nada"},"content":{"rendered":"<p style=\"text-align: justify\">Hace unas semanas desde inforesidencias.com publicamos un video muy especial en youtube. Se trata de un video que narra la historia de Do\u00f1a Beatriz, una residente de una residencia que bien podr\u00eda ser la que vive nuestro familiar.<\/p>\n<p style=\"text-align: justify\">El video explica la historia de Beatriz, una historia que explica como una residente normal en una residencia normal le ha afectado la pandemia del Covid19. Una persona que vive en una residencia y que como muchas otras, sufr\u00eda un leve deterioro cognitivo. Do\u00f1a Beatriz no entend\u00eda muchas cosas de las que pasaban en unos meses uy dif\u00edciles en los que todo parec\u00eda estar \u00abpatas arriba\u00bb. Al no entender muchas cosas de las que pasaban ella estaba m\u00e1s agitada y por eso se le tuvo que aumentar la medicaci\u00f3n y prescribirle una contenci\u00f3n (algo que ya no se usaba hac\u00eda mucho).<\/p>\n<p><iframe loading=\"lazy\" width=\"500\" height=\"281\" src=\"https:\/\/www.youtube.com\/embed\/pzZSmZd9mKY?feature=oembed\" frameborder=\"0\" allow=\"accelerometer; autoplay; encrypted-media; gyroscope; picture-in-picture\" allowfullscreen><\/iframe><\/p>\n<p style=\"text-align: justify\">En \u00abdo\u00f1a beatriz no entiende nada\u00bb se refleja tambi\u00e9n todo lo que han tenido que hacer las residencias de mayores de nuestro pa\u00eds para afrontar la pandemia y atender a sus residentes de la mejor manera posible.<\/p>\n<p style=\"text-align: justify\">El deterioro general de do\u00f1a Beatriz es evidente y se refleja en muchos aspectos. Es necesario ponerse en su piel y en la de las residencias para entender como lo han vivido desde dentro. No sabemos el final de do\u00f1a Beatriz pero imaginamos que aunque las aguas volvieron a su cauce el estado de la residente tampoco habr\u00e1 mejorado mucho.<\/p>\n<p>&nbsp;<\/p>\n","protected":false},"excerpt":{"rendered":"<p>Hace unas semanas desde inforesidencias.com publicamos un video muy especial en youtube. Se trata de un video que narra la historia de Do\u00f1a Beatriz, una residente de una residencia que bien podr\u00eda ser la que vive nuestro familiar. El video explica la historia de Beatriz, una historia que explica como una residente normal en una residencia normal le ha afectado la pandemia del Covid19. Una persona que vive en una residencia y que como muchas otras, sufr\u00eda un leve deterioro cognitivo. Do\u00f1a Beatriz no entend\u00eda muchas cosas de las que pasaban en unos meses uy dif\u00edciles en los que todo parec\u00eda estar \u00abpatas arriba\u00bb. Al no entender muchas cosas de las que pasaban ella estaba m\u00e1s agitada y por eso se le tuvo que aumentar la medicaci\u00f3n y prescribirle una contenci\u00f3n (algo que ya no se usaba hac\u00eda mucho). En \u00abdo\u00f1a beatriz no entiende nada\u00bb se refleja tambi\u00e9n todo lo [&hellip;]<\/p>\n","protected":false},"author":2,"featured_media":3447,"comment_status":"open","ping_status":"open","sticky":false,"template":"","format":"standard","meta":{"footnotes":""},"categories":[1],"tags":[],"yoast_head":"<!-- This site is optimized with the Yoast SEO plugin v21.7 - https:\/\/yoast.com\/wordpress\/plugins\/seo\/ -->\n<title>Do\u00f1a Beatriz no entiende nada - Blog Inforesidencias.com<\/title>\n<meta name=\"description\" content=\"En el video de Do\u00f1a Beatriz no entiende nada, explicamos una historia com\u00fan de una persona que vive en una residencia de mayores durante la pandemia\" \/>\n<meta name=\"robots\" content=\"index, follow, max-snippet:-1, max-image-preview:large, max-video-preview:-1\" \/>\n<link rel=\"canonical\" href=\"https:\/\/www.inforesidencias.com\/blog\/index.php\/2020\/08\/07\/dona-beatriz-no-entiende-nada\/\" \/>\n<meta property=\"og:locale\" content=\"es_ES\" \/>\n<meta property=\"og:type\" content=\"article\" \/>\n<meta property=\"og:title\" content=\"Do\u00f1a Beatriz no entiende nada - Blog Inforesidencias.com\" \/>\n<meta property=\"og:description\" content=\"En el video de Do\u00f1a Beatriz no entiende nada, explicamos una historia com\u00fan de una persona que vive en una residencia de mayores durante la pandemia\" \/>\n<meta property=\"og:url\" content=\"https:\/\/www.inforesidencias.com\/blog\/index.php\/2020\/08\/07\/dona-beatriz-no-entiende-nada\/\" \/>\n<meta property=\"og:site_name\" content=\"Blog Inforesidencias.com\" \/>\n<meta property=\"article:publisher\" content=\"https:\/\/www.facebook.com\/Inforesidencias\/\" \/>\n<meta property=\"article:author\" content=\"https:\/\/www.facebook.com\/josep.demarti\" \/>\n<meta property=\"article:published_time\" content=\"2020-08-07T08:11:27+00:00\" \/>\n<meta property=\"article:modified_time\" content=\"2020-07-29T14:05:27+00:00\" \/>\n<meta property=\"og:image\" content=\"https:\/\/www.inforesidencias.com\/blog\/wp-content\/uploads\/2020\/07\/don\u0303a-beatriz.png\" \/>\n\t<meta property=\"og:image:width\" content=\"718\" \/>\n\t<meta property=\"og:image:height\" content=\"406\" \/>\n\t<meta property=\"og:image:type\" content=\"image\/png\" \/>\n<meta name=\"author\" content=\"Josep de Mart\u00ed\" \/>\n<meta name=\"twitter:card\" content=\"summary_large_image\" \/>\n<meta name=\"twitter:creator\" content=\"@blog-ir\" \/>\n<meta name=\"twitter:site\" content=\"@inforesidencias\" \/>\n<meta name=\"twitter:label1\" content=\"Escrito por\" \/>\n\t<meta name=\"twitter:data1\" content=\"Josep de Mart\u00ed\" \/>\n\t<meta name=\"twitter:label2\" content=\"Tiempo de lectura\" \/>\n\t<meta name=\"twitter:data2\" content=\"1 minuto\" \/>\n<script type=\"application\/ld+json\" class=\"yoast-schema-graph\">{\"@context\":\"https:\/\/schema.org\",\"@graph\":[{\"@type\":\"WebPage\",\"@id\":\"https:\/\/www.inforesidencias.com\/blog\/index.php\/2020\/08\/07\/dona-beatriz-no-entiende-nada\/\",\"url\":\"https:\/\/www.inforesidencias.com\/blog\/index.php\/2020\/08\/07\/dona-beatriz-no-entiende-nada\/\",\"name\":\"Do\u00f1a Beatriz no entiende nada - Blog Inforesidencias.com\",\"isPartOf\":{\"@id\":\"https:\/\/www.inforesidencias.com\/blog\/#website\"},\"datePublished\":\"2020-08-07T08:11:27+00:00\",\"dateModified\":\"2020-07-29T14:05:27+00:00\",\"author\":{\"@id\":\"https:\/\/www.inforesidencias.com\/blog\/#\/schema\/person\/9e146774d1eb3bc1c0316242a3898628\"},\"description\":\"En el video de Do\u00f1a Beatriz no entiende nada, explicamos una historia com\u00fan de una persona que vive en una residencia de mayores durante la pandemia\",\"breadcrumb\":{\"@id\":\"https:\/\/www.inforesidencias.com\/blog\/index.php\/2020\/08\/07\/dona-beatriz-no-entiende-nada\/#breadcrumb\"},\"inLanguage\":\"es\",\"potentialAction\":[{\"@type\":\"ReadAction\",\"target\":[\"https:\/\/www.inforesidencias.com\/blog\/index.php\/2020\/08\/07\/dona-beatriz-no-entiende-nada\/\"]}]},{\"@type\":\"BreadcrumbList\",\"@id\":\"https:\/\/www.inforesidencias.com\/blog\/index.php\/2020\/08\/07\/dona-beatriz-no-entiende-nada\/#breadcrumb\",\"itemListElement\":[{\"@type\":\"ListItem\",\"position\":1,\"name\":\"Home\",\"item\":\"https:\/\/www.inforesidencias.com\/blog\/\"},{\"@type\":\"ListItem\",\"position\":2,\"name\":\"Do\u00f1a Beatriz no entiende nada\"}]},{\"@type\":\"WebSite\",\"@id\":\"https:\/\/www.inforesidencias.com\/blog\/#website\",\"url\":\"https:\/\/www.inforesidencias.com\/blog\/\",\"name\":\"Blog Inforesidencias.com\",\"description\":\"El buscador de residencias de la 3\u00aa edad\",\"potentialAction\":[{\"@type\":\"SearchAction\",\"target\":{\"@type\":\"EntryPoint\",\"urlTemplate\":\"https:\/\/www.inforesidencias.com\/blog\/?s={search_term_string}\"},\"query-input\":\"required name=search_term_string\"}],\"inLanguage\":\"es\"},{\"@type\":\"Person\",\"@id\":\"https:\/\/www.inforesidencias.com\/blog\/#\/schema\/person\/9e146774d1eb3bc1c0316242a3898628\",\"name\":\"Josep de Mart\u00ed\",\"image\":{\"@type\":\"ImageObject\",\"inLanguage\":\"es\",\"@id\":\"https:\/\/www.inforesidencias.com\/blog\/#\/schema\/person\/image\/\",\"url\":\"https:\/\/secure.gravatar.com\/avatar\/de0302c4806c00c4cebff396a798c1ff?s=96&d=mm&r=g\",\"contentUrl\":\"https:\/\/secure.gravatar.com\/avatar\/de0302c4806c00c4cebff396a798c1ff?s=96&d=mm&r=g\",\"caption\":\"Josep de Mart\u00ed\"},\"sameAs\":[\"https:\/\/www.inforesidencias.com\",\"https:\/\/www.facebook.com\/josep.demarti\",\"https:\/\/twitter.com\/blog-ir\"],\"url\":\"https:\/\/www.inforesidencias.com\/blog\/index.php\/author\/josepdemarti\/\"}]}<\/script>\n<!-- \/ Yoast SEO plugin. -->","yoast_head_json":{"title":"Do\u00f1a Beatriz no entiende nada - Blog Inforesidencias.com","description":"En el video de Do\u00f1a Beatriz no entiende nada, explicamos una historia com\u00fan de una persona que vive en una residencia de mayores durante la pandemia","robots":{"index":"index","follow":"follow","max-snippet":"max-snippet:-1","max-image-preview":"max-image-preview:large","max-video-preview":"max-video-preview:-1"},"canonical":"https:\/\/www.inforesidencias.com\/blog\/index.php\/2020\/08\/07\/dona-beatriz-no-entiende-nada\/","og_locale":"es_ES","og_type":"article","og_title":"Do\u00f1a Beatriz no entiende nada - Blog Inforesidencias.com","og_description":"En el video de Do\u00f1a Beatriz no entiende nada, explicamos una historia com\u00fan de una persona que vive en una residencia de mayores durante la pandemia","og_url":"https:\/\/www.inforesidencias.com\/blog\/index.php\/2020\/08\/07\/dona-beatriz-no-entiende-nada\/","og_site_name":"Blog Inforesidencias.com","article_publisher":"https:\/\/www.facebook.com\/Inforesidencias\/","article_author":"https:\/\/www.facebook.com\/josep.demarti","article_published_time":"2020-08-07T08:11:27+00:00","article_modified_time":"2020-07-29T14:05:27+00:00","og_image":[{"width":718,"height":406,"url":"https:\/\/www.inforesidencias.com\/blog\/wp-content\/uploads\/2020\/07\/don\u0303a-beatriz.png","type":"image\/png"}],"author":"Josep de Mart\u00ed","twitter_card":"summary_large_image","twitter_creator":"@blog-ir","twitter_site":"@inforesidencias","twitter_misc":{"Escrito por":"Josep de Mart\u00ed","Tiempo de lectura":"1 minuto"},"schema":{"@context":"https:\/\/schema.org","@graph":[{"@type":"WebPage","@id":"https:\/\/www.inforesidencias.com\/blog\/index.php\/2020\/08\/07\/dona-beatriz-no-entiende-nada\/","url":"https:\/\/www.inforesidencias.com\/blog\/index.php\/2020\/08\/07\/dona-beatriz-no-entiende-nada\/","name":"Do\u00f1a Beatriz no entiende nada - Blog Inforesidencias.com","isPartOf":{"@id":"https:\/\/www.inforesidencias.com\/blog\/#website"},"datePublished":"2020-08-07T08:11:27+00:00","dateModified":"2020-07-29T14:05:27+00:00","author":{"@id":"https:\/\/www.inforesidencias.com\/blog\/#\/schema\/person\/9e146774d1eb3bc1c0316242a3898628"},"description":"En el video de Do\u00f1a Beatriz no entiende nada, explicamos una historia com\u00fan de una persona que vive en una residencia de mayores durante la pandemia","breadcrumb":{"@id":"https:\/\/www.inforesidencias.com\/blog\/index.php\/2020\/08\/07\/dona-beatriz-no-entiende-nada\/#breadcrumb"},"inLanguage":"es","potentialAction":[{"@type":"ReadAction","target":["https:\/\/www.inforesidencias.com\/blog\/index.php\/2020\/08\/07\/dona-beatriz-no-entiende-nada\/"]}]},{"@type":"BreadcrumbList","@id":"https:\/\/www.inforesidencias.com\/blog\/index.php\/2020\/08\/07\/dona-beatriz-no-entiende-nada\/#breadcrumb","itemListElement":[{"@type":"ListItem","position":1,"name":"Home","item":"https:\/\/www.inforesidencias.com\/blog\/"},{"@type":"ListItem","position":2,"name":"Do\u00f1a Beatriz no entiende nada"}]},{"@type":"WebSite","@id":"https:\/\/www.inforesidencias.com\/blog\/#website","url":"https:\/\/www.inforesidencias.com\/blog\/","name":"Blog Inforesidencias.com","description":"El buscador de residencias de la 3\u00aa edad","potentialAction":[{"@type":"SearchAction","target":{"@type":"EntryPoint","urlTemplate":"https:\/\/www.inforesidencias.com\/blog\/?s={search_term_string}"},"query-input":"required name=search_term_string"}],"inLanguage":"es"},{"@type":"Person","@id":"https:\/\/www.inforesidencias.com\/blog\/#\/schema\/person\/9e146774d1eb3bc1c0316242a3898628","name":"Josep de Mart\u00ed","image":{"@type":"ImageObject","inLanguage":"es","@id":"https:\/\/www.inforesidencias.com\/blog\/#\/schema\/person\/image\/","url":"https:\/\/secure.gravatar.com\/avatar\/de0302c4806c00c4cebff396a798c1ff?s=96&d=mm&r=g","contentUrl":"https:\/\/secure.gravatar.com\/avatar\/de0302c4806c00c4cebff396a798c1ff?s=96&d=mm&r=g","caption":"Josep de Mart\u00ed"},"sameAs":["https:\/\/www.inforesidencias.com","https:\/\/www.facebook.com\/josep.demarti","https:\/\/twitter.com\/blog-ir"],"url":"https:\/\/www.inforesidencias.com\/blog\/index.php\/author\/josepdemarti\/"}]}},"_links":{"self":[{"href":"https:\/\/www.inforesidencias.com\/blog\/index.php\/wp-json\/wp\/v2\/posts\/3445"}],"collection":[{"href":"https:\/\/www.inforesidencias.com\/blog\/index.php\/wp-json\/wp\/v2\/posts"}],"about":[{"href":"https:\/\/www.inforesidencias.com\/blog\/index.php\/wp-json\/wp\/v2\/types\/post"}],"author":[{"embeddable":true,"href":"https:\/\/www.inforesidencias.com\/blog\/index.php\/wp-json\/wp\/v2\/users\/2"}],"replies":[{"embeddable":true,"href":"https:\/\/www.inforesidencias.com\/blog\/index.php\/wp-json\/wp\/v2\/comments?post=3445"}],"version-history":[{"count":1,"href":"https:\/\/www.inforesidencias.com\/blog\/index.php\/wp-json\/wp\/v2\/posts\/3445\/revisions"}],"predecessor-version":[{"id":3446,"href":"https:\/\/www.inforesidencias.com\/blog\/index.php\/wp-json\/wp\/v2\/posts\/3445\/revisions\/3446"}],"wp:featuredmedia":[{"embeddable":true,"href":"https:\/\/www.inforesidencias.com\/blog\/index.php\/wp-json\/wp\/v2\/media\/3447"}],"wp:attachment":[{"href":"https:\/\/www.inforesidencias.com\/blog\/index.php\/wp-json\/wp\/v2\/media?parent=3445"}],"wp:term":[{"taxonomy":"category","embeddable":true,"href":"https:\/\/www.inforesidencias.com\/blog\/index.php\/wp-json\/wp\/v2\/categories?post=3445"},{"taxonomy":"post_tag","embeddable":true,"href":"https:\/\/www.inforesidencias.com\/blog\/index.php\/wp-json\/wp\/v2\/tags?post=3445"}],"curies":[{"name":"wp","href":"https:\/\/api.w.org\/{rel}","templated":true}]}}