{"id":3474,"date":"2020-08-02T12:51:51","date_gmt":"2020-08-02T12:51:51","guid":{"rendered":"https:\/\/www.inforesidencias.com\/blog\/?p=3474"},"modified":"2020-07-31T12:52:16","modified_gmt":"2020-07-31T12:52:16","slug":"inconcreciones-y-cantos-de-sibila-de-la-administracion-por-andres-rueda","status":"publish","type":"post","link":"https:\/\/www.inforesidencias.com\/blog\/index.php\/2020\/08\/02\/inconcreciones-y-cantos-de-sibila-de-la-administracion-por-andres-rueda\/","title":{"rendered":"Inconcreciones y cantos de Sibila de la administraci\u00f3n. Por Andr\u00e9s Rueda"},"content":{"rendered":"<p style=\"text-align: justify\">Hoy nos escribe Andr\u00e9s Rueda, director de residencia y presidente de ASCAD, una asociaci\u00f3n para directores de residencias.<\/p>\n<p style=\"text-align: justify\">Ha escrito esta reflexi\u00f3n una vez la Generalitat ha publicado el decreto Ley 29\/2020 del 28 de julio por el cual se establecen las medidas presupuestarias para el refuerzo de las residencias que preve\u00eda el plan de contingencia y que tienen como objetivo hacer frente a la pandemia. La \u00faltima noticia que publicamos sobre informaci\u00f3n de la Generalitat, <a href=\"https:\/\/www.inforesidencias.com\/blog\/index.php\/2020\/07\/29\/la-generalitat-no-pagara-las-plazas-desocupadas-desde-el-18-de-junio-pero-si-900-euros-al-personal-asistencial-a-partir-de-septiembre\/\">era que no pagar\u00edan las plazas vac\u00edas desde el 18 de junio<\/a>. El articulo de Andr\u00e9s Rueda empieza as\u00ed:<\/p>\n<p style=\"text-align: justify\">Si el \u201cDepartament\u201d (de Afers Socials, Treball i Familia) publicit\u00f3 un plan de contingencia para el oto\u00f1o en el que se contemplaba refuerzos de personal no se acaba de entender que ahora parte de ese refuerzo econ\u00f3mico diga que es precisamente para refuerzo de personal que adem\u00e1s no concreta en que porcentaje de ratio debe ser.<\/p>\n<p style=\"text-align: justify\">\u00bfAbandonan el caballo de su operaci\u00f3n publicitaria? \u00bfSe est\u00e1 incrementando personal de forma an\u00e1rquica y arbitraria?<\/p>\n<p style=\"text-align: justify\">Con tanto anuncio de dinero (este acuerdo el plan de del oto\u00f1o y el plus) llevan haciendo publicidad y lavado de imagen desde hace un mes pero de concreto todav\u00eda nada. Todo son futuribles&#8230; que en precampa\u00f1a virtual es poco fiable.<\/p>\n<p style=\"text-align: justify\"><a href=\"https:\/\/www.inforesidencias.com\/blog\/wp-content\/uploads\/2020\/07\/andre\u0301s-rueda.jpg\"><img decoding=\"async\" loading=\"lazy\" class=\"alignleft size-full wp-image-3476\" src=\"https:\/\/www.inforesidencias.com\/blog\/wp-content\/uploads\/2020\/07\/andre\u0301s-rueda.jpg\" alt=\"andre\u0301s rueda\" width=\"330\" height=\"339\" \/><\/a><\/p>\n<p style=\"text-align: justify\">Este \u201cplan Marshall\u201d con contraprestaciones inconcretas y sin haberlas dise\u00f1ado ni con profesionales ni con patronales suena a estribillo de canci\u00f3n pegadiza del verano pero que no lleva tampoco a nada m\u00e1s.<\/p>\n<p style=\"text-align: justify\">Por otra parte, ya sabemos que la Generalitat es especialista en juntar letras pero que luego quien viene con el jarabe de palo es inspecci\u00f3n, quien vendr\u00e1 con sus propias interpretaciones levantando actas \u00abpreventivas\u00bb para trasladar \u201cmarrones\u201d a los centros.<\/p>\n<p style=\"text-align: justify\">El verdadero poder todos sabemos que es la polic\u00eda social&#8230;. Pues parece que esto es darle a\u00fan m\u00e1s munici\u00f3n. Todo lo que no sean dise\u00f1os compartidos con el sector para que haya verdadero compromiso y coordinaci\u00f3n de las partes da aut\u00e9ntico miedo.<\/p>\n<p style=\"text-align: justify\">Son tiempos de cantos de la sibila para el sector&#8230;<\/p>\n<p style=\"text-align: justify\">La realidad es que con el decreto de concertaci\u00f3n y estas actuaciones YA se est\u00e1 dibujando un nuevo modelo residencial de arriba a abajo (modus operandi a lo sindicato vertical franquista) que luego es esculpido d\u00e1ndole la forma que conviene a su estrategia defensiva a base de actas de inspecci\u00f3n. Visto en conjunto todo esto despierta un cierto olor a podrido.<\/p>\n<p style=\"text-align: justify\">El resumen ser\u00eda que no hay nada que de las miedo a los profesionales del sector que la inconcreci\u00f3n y la vista panor\u00e1mica de todo esto, aunque adornada con euros, no es m\u00e1s que una inconcreci\u00f3n tras otra. M\u00e1s de lo mismo. Pero con las ganas de colaboraci\u00f3n que tiene todo el mundo tras el cicl\u00f3n de la pandemia primera fase es qu\u00e9, o que no saben o que no quieren.<\/p>\n<p style=\"text-align: justify\">Lamentable.<\/p>\n<p style=\"text-align: justify\">Lee otro <a href=\"https:\/\/dependencia.info\/noticia\/3310\/opinion\/ascad-una-modificacion-sin-fundamento.html\">art\u00edculo recuente<\/a> de Andr\u00e9s Rueda<\/p>\n","protected":false},"excerpt":{"rendered":"<p>Hoy nos escribe Andr\u00e9s Rueda, director de residencia y presidente de ASCAD, una asociaci\u00f3n para directores de residencias. Ha escrito esta reflexi\u00f3n una vez la Generalitat ha publicado el decreto Ley 29\/2020 del 28 de julio por el cual se establecen las medidas presupuestarias para el refuerzo de las residencias que preve\u00eda el plan de contingencia y que tienen como objetivo hacer frente a la pandemia. La \u00faltima noticia que publicamos sobre informaci\u00f3n de la Generalitat, era que no pagar\u00edan las plazas vac\u00edas desde el 18 de junio. El articulo de Andr\u00e9s Rueda empieza as\u00ed: Si el \u201cDepartament\u201d (de Afers Socials, Treball i Familia) publicit\u00f3 un plan de contingencia para el oto\u00f1o en el que se contemplaba refuerzos de personal no se acaba de entender que ahora parte de ese refuerzo econ\u00f3mico diga que es precisamente para refuerzo de personal que adem\u00e1s no concreta en que porcentaje de ratio debe [&hellip;]<\/p>\n","protected":false},"author":2,"featured_media":3476,"comment_status":"open","ping_status":"open","sticky":false,"template":"","format":"standard","meta":{"footnotes":""},"categories":[1],"tags":[],"yoast_head":"<!-- This site is optimized with the Yoast SEO plugin v21.7 - https:\/\/yoast.com\/wordpress\/plugins\/seo\/ -->\n<title>Inconcreciones y cantos de Sibila de la administraci\u00f3n. Por Andr\u00e9s Rueda - Blog Inforesidencias.com<\/title>\n<meta name=\"description\" content=\"Andr\u00e9s Rueda escribe su reflexi\u00f3n sobre la \u00faltima ley publicado por la Generalitat en materia presupuestaria para ayudar a las residencias en la pandemia\" \/>\n<meta name=\"robots\" content=\"index, follow, max-snippet:-1, max-image-preview:large, max-video-preview:-1\" \/>\n<link rel=\"canonical\" href=\"https:\/\/www.inforesidencias.com\/blog\/index.php\/2020\/08\/02\/inconcreciones-y-cantos-de-sibila-de-la-administracion-por-andres-rueda\/\" \/>\n<meta property=\"og:locale\" content=\"es_ES\" \/>\n<meta property=\"og:type\" content=\"article\" \/>\n<meta property=\"og:title\" content=\"Inconcreciones y cantos de Sibila de la administraci\u00f3n. Por Andr\u00e9s Rueda - Blog Inforesidencias.com\" \/>\n<meta property=\"og:description\" content=\"Andr\u00e9s Rueda escribe su reflexi\u00f3n sobre la \u00faltima ley publicado por la Generalitat en materia presupuestaria para ayudar a las residencias en la pandemia\" \/>\n<meta property=\"og:url\" content=\"https:\/\/www.inforesidencias.com\/blog\/index.php\/2020\/08\/02\/inconcreciones-y-cantos-de-sibila-de-la-administracion-por-andres-rueda\/\" \/>\n<meta property=\"og:site_name\" content=\"Blog Inforesidencias.com\" \/>\n<meta property=\"article:publisher\" content=\"https:\/\/www.facebook.com\/Inforesidencias\/\" \/>\n<meta property=\"article:author\" content=\"https:\/\/www.facebook.com\/josep.demarti\" \/>\n<meta property=\"article:published_time\" content=\"2020-08-02T12:51:51+00:00\" \/>\n<meta property=\"article:modified_time\" content=\"2020-07-31T12:52:16+00:00\" \/>\n<meta property=\"og:image\" content=\"https:\/\/www.inforesidencias.com\/blog\/wp-content\/uploads\/2020\/07\/andre\u0301s-rueda.jpg\" \/>\n\t<meta property=\"og:image:width\" content=\"330\" \/>\n\t<meta property=\"og:image:height\" content=\"339\" \/>\n\t<meta property=\"og:image:type\" content=\"image\/jpeg\" \/>\n<meta name=\"author\" content=\"Josep de Mart\u00ed\" \/>\n<meta name=\"twitter:card\" content=\"summary_large_image\" \/>\n<meta name=\"twitter:creator\" content=\"@blog-ir\" \/>\n<meta name=\"twitter:site\" content=\"@inforesidencias\" \/>\n<meta name=\"twitter:label1\" content=\"Escrito por\" \/>\n\t<meta name=\"twitter:data1\" content=\"Josep de Mart\u00ed\" \/>\n\t<meta name=\"twitter:label2\" content=\"Tiempo de lectura\" \/>\n\t<meta name=\"twitter:data2\" content=\"3 minutos\" \/>\n<script type=\"application\/ld+json\" class=\"yoast-schema-graph\">{\"@context\":\"https:\/\/schema.org\",\"@graph\":[{\"@type\":\"WebPage\",\"@id\":\"https:\/\/www.inforesidencias.com\/blog\/index.php\/2020\/08\/02\/inconcreciones-y-cantos-de-sibila-de-la-administracion-por-andres-rueda\/\",\"url\":\"https:\/\/www.inforesidencias.com\/blog\/index.php\/2020\/08\/02\/inconcreciones-y-cantos-de-sibila-de-la-administracion-por-andres-rueda\/\",\"name\":\"Inconcreciones y cantos de Sibila de la administraci\u00f3n. Por Andr\u00e9s Rueda - Blog Inforesidencias.com\",\"isPartOf\":{\"@id\":\"https:\/\/www.inforesidencias.com\/blog\/#website\"},\"datePublished\":\"2020-08-02T12:51:51+00:00\",\"dateModified\":\"2020-07-31T12:52:16+00:00\",\"author\":{\"@id\":\"https:\/\/www.inforesidencias.com\/blog\/#\/schema\/person\/9e146774d1eb3bc1c0316242a3898628\"},\"description\":\"Andr\u00e9s Rueda escribe su reflexi\u00f3n sobre la \u00faltima ley publicado por la Generalitat en materia presupuestaria para ayudar a las residencias en la pandemia\",\"breadcrumb\":{\"@id\":\"https:\/\/www.inforesidencias.com\/blog\/index.php\/2020\/08\/02\/inconcreciones-y-cantos-de-sibila-de-la-administracion-por-andres-rueda\/#breadcrumb\"},\"inLanguage\":\"es\",\"potentialAction\":[{\"@type\":\"ReadAction\",\"target\":[\"https:\/\/www.inforesidencias.com\/blog\/index.php\/2020\/08\/02\/inconcreciones-y-cantos-de-sibila-de-la-administracion-por-andres-rueda\/\"]}]},{\"@type\":\"BreadcrumbList\",\"@id\":\"https:\/\/www.inforesidencias.com\/blog\/index.php\/2020\/08\/02\/inconcreciones-y-cantos-de-sibila-de-la-administracion-por-andres-rueda\/#breadcrumb\",\"itemListElement\":[{\"@type\":\"ListItem\",\"position\":1,\"name\":\"Home\",\"item\":\"https:\/\/www.inforesidencias.com\/blog\/\"},{\"@type\":\"ListItem\",\"position\":2,\"name\":\"Inconcreciones y cantos de Sibila de la administraci\u00f3n. Por Andr\u00e9s Rueda\"}]},{\"@type\":\"WebSite\",\"@id\":\"https:\/\/www.inforesidencias.com\/blog\/#website\",\"url\":\"https:\/\/www.inforesidencias.com\/blog\/\",\"name\":\"Blog Inforesidencias.com\",\"description\":\"El buscador de residencias de la 3\u00aa edad\",\"potentialAction\":[{\"@type\":\"SearchAction\",\"target\":{\"@type\":\"EntryPoint\",\"urlTemplate\":\"https:\/\/www.inforesidencias.com\/blog\/?s={search_term_string}\"},\"query-input\":\"required name=search_term_string\"}],\"inLanguage\":\"es\"},{\"@type\":\"Person\",\"@id\":\"https:\/\/www.inforesidencias.com\/blog\/#\/schema\/person\/9e146774d1eb3bc1c0316242a3898628\",\"name\":\"Josep de Mart\u00ed\",\"image\":{\"@type\":\"ImageObject\",\"inLanguage\":\"es\",\"@id\":\"https:\/\/www.inforesidencias.com\/blog\/#\/schema\/person\/image\/\",\"url\":\"https:\/\/secure.gravatar.com\/avatar\/de0302c4806c00c4cebff396a798c1ff?s=96&d=mm&r=g\",\"contentUrl\":\"https:\/\/secure.gravatar.com\/avatar\/de0302c4806c00c4cebff396a798c1ff?s=96&d=mm&r=g\",\"caption\":\"Josep de Mart\u00ed\"},\"sameAs\":[\"https:\/\/www.inforesidencias.com\",\"https:\/\/www.facebook.com\/josep.demarti\",\"https:\/\/twitter.com\/blog-ir\"],\"url\":\"https:\/\/www.inforesidencias.com\/blog\/index.php\/author\/josepdemarti\/\"}]}<\/script>\n<!-- \/ Yoast SEO plugin. -->","yoast_head_json":{"title":"Inconcreciones y cantos de Sibila de la administraci\u00f3n. Por Andr\u00e9s Rueda - Blog Inforesidencias.com","description":"Andr\u00e9s Rueda escribe su reflexi\u00f3n sobre la \u00faltima ley publicado por la Generalitat en materia presupuestaria para ayudar a las residencias en la pandemia","robots":{"index":"index","follow":"follow","max-snippet":"max-snippet:-1","max-image-preview":"max-image-preview:large","max-video-preview":"max-video-preview:-1"},"canonical":"https:\/\/www.inforesidencias.com\/blog\/index.php\/2020\/08\/02\/inconcreciones-y-cantos-de-sibila-de-la-administracion-por-andres-rueda\/","og_locale":"es_ES","og_type":"article","og_title":"Inconcreciones y cantos de Sibila de la administraci\u00f3n. Por Andr\u00e9s Rueda - Blog Inforesidencias.com","og_description":"Andr\u00e9s Rueda escribe su reflexi\u00f3n sobre la \u00faltima ley publicado por la Generalitat en materia presupuestaria para ayudar a las residencias en la pandemia","og_url":"https:\/\/www.inforesidencias.com\/blog\/index.php\/2020\/08\/02\/inconcreciones-y-cantos-de-sibila-de-la-administracion-por-andres-rueda\/","og_site_name":"Blog Inforesidencias.com","article_publisher":"https:\/\/www.facebook.com\/Inforesidencias\/","article_author":"https:\/\/www.facebook.com\/josep.demarti","article_published_time":"2020-08-02T12:51:51+00:00","article_modified_time":"2020-07-31T12:52:16+00:00","og_image":[{"width":330,"height":339,"url":"https:\/\/www.inforesidencias.com\/blog\/wp-content\/uploads\/2020\/07\/andre\u0301s-rueda.jpg","type":"image\/jpeg"}],"author":"Josep de Mart\u00ed","twitter_card":"summary_large_image","twitter_creator":"@blog-ir","twitter_site":"@inforesidencias","twitter_misc":{"Escrito por":"Josep de Mart\u00ed","Tiempo de lectura":"3 minutos"},"schema":{"@context":"https:\/\/schema.org","@graph":[{"@type":"WebPage","@id":"https:\/\/www.inforesidencias.com\/blog\/index.php\/2020\/08\/02\/inconcreciones-y-cantos-de-sibila-de-la-administracion-por-andres-rueda\/","url":"https:\/\/www.inforesidencias.com\/blog\/index.php\/2020\/08\/02\/inconcreciones-y-cantos-de-sibila-de-la-administracion-por-andres-rueda\/","name":"Inconcreciones y cantos de Sibila de la administraci\u00f3n. Por Andr\u00e9s Rueda - Blog Inforesidencias.com","isPartOf":{"@id":"https:\/\/www.inforesidencias.com\/blog\/#website"},"datePublished":"2020-08-02T12:51:51+00:00","dateModified":"2020-07-31T12:52:16+00:00","author":{"@id":"https:\/\/www.inforesidencias.com\/blog\/#\/schema\/person\/9e146774d1eb3bc1c0316242a3898628"},"description":"Andr\u00e9s Rueda escribe su reflexi\u00f3n sobre la \u00faltima ley publicado por la Generalitat en materia presupuestaria para ayudar a las residencias en la pandemia","breadcrumb":{"@id":"https:\/\/www.inforesidencias.com\/blog\/index.php\/2020\/08\/02\/inconcreciones-y-cantos-de-sibila-de-la-administracion-por-andres-rueda\/#breadcrumb"},"inLanguage":"es","potentialAction":[{"@type":"ReadAction","target":["https:\/\/www.inforesidencias.com\/blog\/index.php\/2020\/08\/02\/inconcreciones-y-cantos-de-sibila-de-la-administracion-por-andres-rueda\/"]}]},{"@type":"BreadcrumbList","@id":"https:\/\/www.inforesidencias.com\/blog\/index.php\/2020\/08\/02\/inconcreciones-y-cantos-de-sibila-de-la-administracion-por-andres-rueda\/#breadcrumb","itemListElement":[{"@type":"ListItem","position":1,"name":"Home","item":"https:\/\/www.inforesidencias.com\/blog\/"},{"@type":"ListItem","position":2,"name":"Inconcreciones y cantos de Sibila de la administraci\u00f3n. Por Andr\u00e9s Rueda"}]},{"@type":"WebSite","@id":"https:\/\/www.inforesidencias.com\/blog\/#website","url":"https:\/\/www.inforesidencias.com\/blog\/","name":"Blog Inforesidencias.com","description":"El buscador de residencias de la 3\u00aa edad","potentialAction":[{"@type":"SearchAction","target":{"@type":"EntryPoint","urlTemplate":"https:\/\/www.inforesidencias.com\/blog\/?s={search_term_string}"},"query-input":"required name=search_term_string"}],"inLanguage":"es"},{"@type":"Person","@id":"https:\/\/www.inforesidencias.com\/blog\/#\/schema\/person\/9e146774d1eb3bc1c0316242a3898628","name":"Josep de Mart\u00ed","image":{"@type":"ImageObject","inLanguage":"es","@id":"https:\/\/www.inforesidencias.com\/blog\/#\/schema\/person\/image\/","url":"https:\/\/secure.gravatar.com\/avatar\/de0302c4806c00c4cebff396a798c1ff?s=96&d=mm&r=g","contentUrl":"https:\/\/secure.gravatar.com\/avatar\/de0302c4806c00c4cebff396a798c1ff?s=96&d=mm&r=g","caption":"Josep de Mart\u00ed"},"sameAs":["https:\/\/www.inforesidencias.com","https:\/\/www.facebook.com\/josep.demarti","https:\/\/twitter.com\/blog-ir"],"url":"https:\/\/www.inforesidencias.com\/blog\/index.php\/author\/josepdemarti\/"}]}},"_links":{"self":[{"href":"https:\/\/www.inforesidencias.com\/blog\/index.php\/wp-json\/wp\/v2\/posts\/3474"}],"collection":[{"href":"https:\/\/www.inforesidencias.com\/blog\/index.php\/wp-json\/wp\/v2\/posts"}],"about":[{"href":"https:\/\/www.inforesidencias.com\/blog\/index.php\/wp-json\/wp\/v2\/types\/post"}],"author":[{"embeddable":true,"href":"https:\/\/www.inforesidencias.com\/blog\/index.php\/wp-json\/wp\/v2\/users\/2"}],"replies":[{"embeddable":true,"href":"https:\/\/www.inforesidencias.com\/blog\/index.php\/wp-json\/wp\/v2\/comments?post=3474"}],"version-history":[{"count":4,"href":"https:\/\/www.inforesidencias.com\/blog\/index.php\/wp-json\/wp\/v2\/posts\/3474\/revisions"}],"predecessor-version":[{"id":3479,"href":"https:\/\/www.inforesidencias.com\/blog\/index.php\/wp-json\/wp\/v2\/posts\/3474\/revisions\/3479"}],"wp:featuredmedia":[{"embeddable":true,"href":"https:\/\/www.inforesidencias.com\/blog\/index.php\/wp-json\/wp\/v2\/media\/3476"}],"wp:attachment":[{"href":"https:\/\/www.inforesidencias.com\/blog\/index.php\/wp-json\/wp\/v2\/media?parent=3474"}],"wp:term":[{"taxonomy":"category","embeddable":true,"href":"https:\/\/www.inforesidencias.com\/blog\/index.php\/wp-json\/wp\/v2\/categories?post=3474"},{"taxonomy":"post_tag","embeddable":true,"href":"https:\/\/www.inforesidencias.com\/blog\/index.php\/wp-json\/wp\/v2\/tags?post=3474"}],"curies":[{"name":"wp","href":"https:\/\/api.w.org\/{rel}","templated":true}]}}