{"id":3486,"date":"2020-08-15T09:52:39","date_gmt":"2020-08-15T09:52:39","guid":{"rendered":"https:\/\/www.inforesidencias.com\/blog\/?p=3486"},"modified":"2020-08-15T09:52:39","modified_gmt":"2020-08-15T09:52:39","slug":"planes-de-contingencia-alguien-esta-pensando","status":"publish","type":"post","link":"https:\/\/www.inforesidencias.com\/blog\/index.php\/2020\/08\/15\/planes-de-contingencia-alguien-esta-pensando\/","title":{"rendered":"Planes de contingencia \u00bfAlguien est\u00e1 pensando?"},"content":{"rendered":"<p>Estoy pasando una semana de vacaciones, aunque sigo en contacto con muchos directores y gerentes de residencias que no han sido tan afortunados como yo y siguen trabajando en este mes de agosto.<\/p>\n<p>En cada comunidad est\u00e1n pasando cosas diferentes, aunque ahora el gobierno, de acuerdo con todas ellas ha adoptado <a href=\"https:\/\/www.infosalus.com\/actualidad\/noticia-sanidad-prohibe-fumar-calle-cierra-discotecas-avance-covid-19-20200814133653.html\">unas medidas que ser\u00e1n comunes<\/a> y que, esperemos, ayuden a evitar que el rebrote entre con virulencia en las residencias.<\/p>\n<p>Hacer PCRs obligatorios y sistem\u00e1ticos a nuevos ingresos y a empleados que empiezan a trabajar o se reincorporan eran cosas tan l\u00f3gicas que sorprende que hasta ahora no se hayan generalizado de forma obligatoria en todas las residencias, aunque muchas ya lo estaban haciendo por iniciativa propia. \u00a0Establecer unas limitaciones a las visitas y salidas de la residencia, a pesar de que supone una grave carga sobre la calidad de vida de los residentes, parece un sacrificio que vale la pena tomar cuando la enfermedad vuelve a arremolinarse a las puertas de las residencias. \u00a0Aunque lo ideal ser\u00eda consultar con cada residente y familiar entiendo que el inter\u00e9s com\u00fan se impone.<\/p>\n<div id=\"attachment_3488\" style=\"width: 460px\" class=\"wp-caption aligncenter\"><a href=\"https:\/\/www.inforesidencias.com\/blog\/wp-content\/uploads\/2020\/08\/contingencia.jpg\"><img aria-describedby=\"caption-attachment-3488\" decoding=\"async\" loading=\"lazy\" class=\"size-full wp-image-3488\" src=\"https:\/\/www.inforesidencias.com\/blog\/wp-content\/uploads\/2020\/08\/contingencia.jpg\" alt=\"Cada residencia de ancianos est\u00e1 generando su plan de contingencia\" width=\"450\" height=\"253\" \/><\/a><p id=\"caption-attachment-3488\" class=\"wp-caption-text\">Cada residencia de ancianos est\u00e1 generando su plan de contingencia<\/p><\/div>\n<p>El coronavirus no se genera de forma espont\u00e1nea, un d\u00eda lleg\u00f3 en el organismo de uno o varios \u201cpacientes cero\u201d y a partir de ah\u00ed se fue expandiendo.\u00a0 La perversa fase \u201casintom\u00e1tica\u201d en la que el paciente es contagioso, aunque no sepa que est\u00e1 enfermo ha sido el caballo de Troya en el que el virus ha entrado en nuestros hogares y residencias. Si nadie lo hubiese metido sin querer en las residencias no hubiese entrado.\u00a0\u00a0 Antes no lo sab\u00edamos o no ten\u00edamos recursos para detectar a los \u201casintom\u00e1ticos\u201d.\u00a0 Ahora s\u00ed, por lo que hay que saludar la generalizaci\u00f3n de los tests de diagn\u00f3stico.<\/p>\n<p>En ese aspecto estoy contento porque alguien \u201cha pensado\u201d en aplicar algo que se sabe funcionar\u00e1.<\/p>\n<p>Otro aspecto importante en el que creo habr\u00eda que dar \u201cm\u00e1s pensamiento\u201d es el de los planes de contingencia.\u00a0 Aqu\u00ed tambi\u00e9n me gustar\u00eda que hubiese un acuerdo entre todas las comunidades y un texto estatal con unas pautas comunes.\u00a0 Tan importante es el aspecto de las visitas, las salidas y los tests como el determinar la forma en que las residencias deben prepararse para la eventual escalada del rebrote.<\/p>\n<p>Cada comunidad est\u00e1 dando sus pautas y, aunque est\u00e1n haciendo diecisiete grandes esfuerzos, uno por Comunidad, no s\u00e9 si de nuevo valdr\u00eda la pena que pusiesen a las mentes m\u00e1s brillantes de todas las administraciones a trabajar juntas o de forma coordinada para que creasen el esqueleto de un plan de contingencia que sea bueno y realista.\u00a0 No un plan \u201cexcelente\/inaplicable\u201d que cubra a las administraciones si finalmente llega el temido rebrote letal, sino uno \u201csuficientemente bueno y razonablemente aplicable\u201d.<\/p>\n<p>Estos d\u00edas estoy hablando con gente de diferentes comunidades que me explican que seg\u00fan las pautas recibidas deben dejar libres unas cuantas plazas (un 5%, un 10% u otra cifra) y preparar la sectorizaci\u00f3n de la residencia.\u00a0 Todas est\u00e1n haciendo un esfuerzo imaginativo mientras en el fondo sienten el rumor de la preocupaci\u00f3n por la viabilidad econ\u00f3mica del centro. \u00a0\u00a0Algunas residencias, que durante la pandemia tuvieron que cambiar varias veces a personas de habitaci\u00f3n saben que eso cambios y confinamientos generaron mucha desorientaci\u00f3n y angustia resultando en muchas ocasiones in\u00fatiles.\u00a0\u00a0 Otra cuesti\u00f3n que preocupa sobremanera es la de la obligaci\u00f3n de disponer de una bolsa de trabajo para cubrir bajas en caso de un repunte.\u00a0\u00a0 Poner en un documento que se dispone de una bolsa de trabajo no es dif\u00edcil, que, llegado el momento la gente que est\u00e1 en la misma vaya a trabajar y pueda sustituir a un profesional de baja de forma r\u00e1pida y \u00e1gil es otra cosa.<\/p>\n<p>Los planes de contingencia deben contener un plan de formaci\u00f3n y unos protocolos que cubren las necesidades especiales generadas por la pandemia.\u00a0 \u00bfPodr\u00e1n las residencias sustituir a personal de baja si los casos vuelven a aumentar con trabajadores lo suficientemente preparados? \u00bfPodr\u00e1 ese personal ponerse a trabajar r\u00e1pidamente o deber\u00e1 pasar un proceso de integraci\u00f3n y de formaci\u00f3n espec\u00edfico?<\/p>\n<p>\u00bfAlguien est\u00e1 pensando en eso?<\/p>\n<p>Tener un almac\u00e9n de EPIs s\u00f3lo requiere un espacio y poder conseguir esos equipos.\u00a0 Conseguir a personal que sepan utilizarlos correctamente es otra cosa.<\/p>\n<p>Conseguir buenos profesionales con preparaci\u00f3n y disposici\u00f3n era dif\u00edcil antes de la pandemia.\u00a0 El sector de las residencias no remunera a sus empleados como se merecen, y no lo hace porque los precios a los que se venden las plazas (tanto a las administraciones como en el mercado privado) no lo permite.\u00a0\u00a0 \u00bfC\u00f3mo vamos a conseguir, si llega el rebrote, \u00a0que el suficiente n\u00famero de personas quiera ir a trabajar en residencias cuando el salario de una auxiliar apenas llega a los 1.000 Euros?<\/p>\n<p>Parece mentira, pero, aunque muchas cosas han ido cambiando, las peticiones que se hac\u00eda desde el sector de las residencias en marzo siguen vigentes:<\/p>\n<ul>\n<li>Disponer de suficientes equipos de protecci\u00f3n para el personal.<\/li>\n<li>Ayuda para cubrir las bajas laborales durante la pandemia.<\/li>\n<li>Agilizar el testeo.<\/li>\n<li>Tener una relaci\u00f3n coherente con la administraci\u00f3n: un lugar al que informar, un lugar desde el que recibir pautas, un interlocutor con el que comunicarse.<\/li>\n<li>Agilizar la atenci\u00f3n sanitaria de los residentes, lo que supone la intervenci\u00f3n constante de atenci\u00f3n primaria en todas las residencias y que quien lo necesite, sea trasladado a un establecimiento sanitario especializado para recibir la atenci\u00f3n que precisa.<\/li>\n<\/ul>\n<p>La idea del plan de contingencia parece pensada para que los residentes, sanos o enfermos, se queden en la residencia.\u00a0 Si es as\u00ed, estar\u00eda bien que desde las administraciones hiciesen todo lo posible para que desde los poderes p\u00fablicos se diese respuesta a los cinco requerimientos que ha mencionado.\u00a0 Sobre todo en lo que a bolsa de trabajo se refiere, las oficinas de empleo auton\u00f3mica tienen mucha m\u00e1s capacidad de crearlas y que puedan funcionar que cada residencia por su lado.\u00a0 Alguien deber\u00eda pensar c\u00f3mo hacerlo.<\/p>\n<p>Si alguien piensa en eso, seguro que podemos afrontar mejor el eventual rebrote.<\/p>\n<p><a href=\"https:\/\/www.linkedin.com\/in\/josep-de-mart%C3%AD-vall%C3%A9s-84062836\/\">Josep de Mart\u00ed<\/a><\/p>\n","protected":false},"excerpt":{"rendered":"<p>Estoy pasando una semana de vacaciones, aunque sigo en contacto con muchos directores y gerentes de residencias que no han sido tan afortunados como yo y siguen trabajando en este mes de agosto. En cada comunidad est\u00e1n pasando cosas diferentes, aunque ahora el gobierno, de acuerdo con todas ellas ha adoptado unas medidas que ser\u00e1n comunes y que, esperemos, ayuden a evitar que el rebrote entre con virulencia en las residencias. Hacer PCRs obligatorios y sistem\u00e1ticos a nuevos ingresos y a empleados que empiezan a trabajar o se reincorporan eran cosas tan l\u00f3gicas que sorprende que hasta ahora no se hayan generalizado de forma obligatoria en todas las residencias, aunque muchas ya lo estaban haciendo por iniciativa propia. \u00a0Establecer unas limitaciones a las visitas y salidas de la residencia, a pesar de que supone una grave carga sobre la calidad de vida de los residentes, parece un sacrificio que vale [&hellip;]<\/p>\n","protected":false},"author":2,"featured_media":3488,"comment_status":"open","ping_status":"open","sticky":false,"template":"","format":"standard","meta":{"footnotes":""},"categories":[91,5,89],"tags":[74,11],"yoast_head":"<!-- This site is optimized with the Yoast SEO plugin v21.7 - https:\/\/yoast.com\/wordpress\/plugins\/seo\/ -->\n<title>Planes de contingencia \u00bfAlguien est\u00e1 pensando? - Blog Inforesidencias.com<\/title>\n<meta name=\"description\" content=\"Los planes de contingencia para las residencia se plantean como requisito para frenar el rebrote de covid 19 en residencias\" \/>\n<meta name=\"robots\" content=\"index, follow, max-snippet:-1, max-image-preview:large, max-video-preview:-1\" \/>\n<link rel=\"canonical\" href=\"https:\/\/www.inforesidencias.com\/blog\/index.php\/2020\/08\/15\/planes-de-contingencia-alguien-esta-pensando\/\" \/>\n<meta property=\"og:locale\" content=\"es_ES\" \/>\n<meta property=\"og:type\" content=\"article\" \/>\n<meta property=\"og:title\" content=\"Planes de contingencia \u00bfAlguien est\u00e1 pensando? - Blog Inforesidencias.com\" \/>\n<meta property=\"og:description\" content=\"Los planes de contingencia para las residencia se plantean como requisito para frenar el rebrote de covid 19 en residencias\" \/>\n<meta property=\"og:url\" content=\"https:\/\/www.inforesidencias.com\/blog\/index.php\/2020\/08\/15\/planes-de-contingencia-alguien-esta-pensando\/\" \/>\n<meta property=\"og:site_name\" content=\"Blog Inforesidencias.com\" \/>\n<meta property=\"article:publisher\" content=\"https:\/\/www.facebook.com\/Inforesidencias\/\" \/>\n<meta property=\"article:author\" content=\"https:\/\/www.facebook.com\/josep.demarti\" \/>\n<meta property=\"article:published_time\" content=\"2020-08-15T09:52:39+00:00\" \/>\n<meta property=\"og:image\" content=\"https:\/\/www.inforesidencias.com\/blog\/wp-content\/uploads\/2020\/08\/contingencia.jpg\" \/>\n\t<meta property=\"og:image:width\" content=\"450\" \/>\n\t<meta property=\"og:image:height\" content=\"253\" \/>\n\t<meta property=\"og:image:type\" content=\"image\/jpeg\" \/>\n<meta name=\"author\" content=\"Josep de Mart\u00ed\" \/>\n<meta name=\"twitter:card\" content=\"summary_large_image\" \/>\n<meta name=\"twitter:creator\" content=\"@blog-ir\" \/>\n<meta name=\"twitter:site\" content=\"@inforesidencias\" \/>\n<meta name=\"twitter:label1\" content=\"Escrito por\" \/>\n\t<meta name=\"twitter:data1\" content=\"Josep de Mart\u00ed\" \/>\n\t<meta name=\"twitter:label2\" content=\"Tiempo de lectura\" \/>\n\t<meta name=\"twitter:data2\" content=\"5 minutos\" \/>\n<script type=\"application\/ld+json\" class=\"yoast-schema-graph\">{\"@context\":\"https:\/\/schema.org\",\"@graph\":[{\"@type\":\"WebPage\",\"@id\":\"https:\/\/www.inforesidencias.com\/blog\/index.php\/2020\/08\/15\/planes-de-contingencia-alguien-esta-pensando\/\",\"url\":\"https:\/\/www.inforesidencias.com\/blog\/index.php\/2020\/08\/15\/planes-de-contingencia-alguien-esta-pensando\/\",\"name\":\"Planes de contingencia \u00bfAlguien est\u00e1 pensando? - Blog Inforesidencias.com\",\"isPartOf\":{\"@id\":\"https:\/\/www.inforesidencias.com\/blog\/#website\"},\"datePublished\":\"2020-08-15T09:52:39+00:00\",\"dateModified\":\"2020-08-15T09:52:39+00:00\",\"author\":{\"@id\":\"https:\/\/www.inforesidencias.com\/blog\/#\/schema\/person\/9e146774d1eb3bc1c0316242a3898628\"},\"description\":\"Los planes de contingencia para las residencia se plantean como requisito para frenar el rebrote de covid 19 en residencias\",\"breadcrumb\":{\"@id\":\"https:\/\/www.inforesidencias.com\/blog\/index.php\/2020\/08\/15\/planes-de-contingencia-alguien-esta-pensando\/#breadcrumb\"},\"inLanguage\":\"es\",\"potentialAction\":[{\"@type\":\"ReadAction\",\"target\":[\"https:\/\/www.inforesidencias.com\/blog\/index.php\/2020\/08\/15\/planes-de-contingencia-alguien-esta-pensando\/\"]}]},{\"@type\":\"BreadcrumbList\",\"@id\":\"https:\/\/www.inforesidencias.com\/blog\/index.php\/2020\/08\/15\/planes-de-contingencia-alguien-esta-pensando\/#breadcrumb\",\"itemListElement\":[{\"@type\":\"ListItem\",\"position\":1,\"name\":\"Home\",\"item\":\"https:\/\/www.inforesidencias.com\/blog\/\"},{\"@type\":\"ListItem\",\"position\":2,\"name\":\"Planes de contingencia \u00bfAlguien est\u00e1 pensando?\"}]},{\"@type\":\"WebSite\",\"@id\":\"https:\/\/www.inforesidencias.com\/blog\/#website\",\"url\":\"https:\/\/www.inforesidencias.com\/blog\/\",\"name\":\"Blog Inforesidencias.com\",\"description\":\"El buscador de residencias de la 3\u00aa edad\",\"potentialAction\":[{\"@type\":\"SearchAction\",\"target\":{\"@type\":\"EntryPoint\",\"urlTemplate\":\"https:\/\/www.inforesidencias.com\/blog\/?s={search_term_string}\"},\"query-input\":\"required name=search_term_string\"}],\"inLanguage\":\"es\"},{\"@type\":\"Person\",\"@id\":\"https:\/\/www.inforesidencias.com\/blog\/#\/schema\/person\/9e146774d1eb3bc1c0316242a3898628\",\"name\":\"Josep de Mart\u00ed\",\"image\":{\"@type\":\"ImageObject\",\"inLanguage\":\"es\",\"@id\":\"https:\/\/www.inforesidencias.com\/blog\/#\/schema\/person\/image\/\",\"url\":\"https:\/\/secure.gravatar.com\/avatar\/de0302c4806c00c4cebff396a798c1ff?s=96&d=mm&r=g\",\"contentUrl\":\"https:\/\/secure.gravatar.com\/avatar\/de0302c4806c00c4cebff396a798c1ff?s=96&d=mm&r=g\",\"caption\":\"Josep de Mart\u00ed\"},\"sameAs\":[\"https:\/\/www.inforesidencias.com\",\"https:\/\/www.facebook.com\/josep.demarti\",\"https:\/\/twitter.com\/blog-ir\"],\"url\":\"https:\/\/www.inforesidencias.com\/blog\/index.php\/author\/josepdemarti\/\"}]}<\/script>\n<!-- \/ Yoast SEO plugin. -->","yoast_head_json":{"title":"Planes de contingencia \u00bfAlguien est\u00e1 pensando? - Blog Inforesidencias.com","description":"Los planes de contingencia para las residencia se plantean como requisito para frenar el rebrote de covid 19 en residencias","robots":{"index":"index","follow":"follow","max-snippet":"max-snippet:-1","max-image-preview":"max-image-preview:large","max-video-preview":"max-video-preview:-1"},"canonical":"https:\/\/www.inforesidencias.com\/blog\/index.php\/2020\/08\/15\/planes-de-contingencia-alguien-esta-pensando\/","og_locale":"es_ES","og_type":"article","og_title":"Planes de contingencia \u00bfAlguien est\u00e1 pensando? - Blog Inforesidencias.com","og_description":"Los planes de contingencia para las residencia se plantean como requisito para frenar el rebrote de covid 19 en residencias","og_url":"https:\/\/www.inforesidencias.com\/blog\/index.php\/2020\/08\/15\/planes-de-contingencia-alguien-esta-pensando\/","og_site_name":"Blog Inforesidencias.com","article_publisher":"https:\/\/www.facebook.com\/Inforesidencias\/","article_author":"https:\/\/www.facebook.com\/josep.demarti","article_published_time":"2020-08-15T09:52:39+00:00","og_image":[{"width":450,"height":253,"url":"https:\/\/www.inforesidencias.com\/blog\/wp-content\/uploads\/2020\/08\/contingencia.jpg","type":"image\/jpeg"}],"author":"Josep de Mart\u00ed","twitter_card":"summary_large_image","twitter_creator":"@blog-ir","twitter_site":"@inforesidencias","twitter_misc":{"Escrito por":"Josep de Mart\u00ed","Tiempo de lectura":"5 minutos"},"schema":{"@context":"https:\/\/schema.org","@graph":[{"@type":"WebPage","@id":"https:\/\/www.inforesidencias.com\/blog\/index.php\/2020\/08\/15\/planes-de-contingencia-alguien-esta-pensando\/","url":"https:\/\/www.inforesidencias.com\/blog\/index.php\/2020\/08\/15\/planes-de-contingencia-alguien-esta-pensando\/","name":"Planes de contingencia \u00bfAlguien est\u00e1 pensando? - Blog Inforesidencias.com","isPartOf":{"@id":"https:\/\/www.inforesidencias.com\/blog\/#website"},"datePublished":"2020-08-15T09:52:39+00:00","dateModified":"2020-08-15T09:52:39+00:00","author":{"@id":"https:\/\/www.inforesidencias.com\/blog\/#\/schema\/person\/9e146774d1eb3bc1c0316242a3898628"},"description":"Los planes de contingencia para las residencia se plantean como requisito para frenar el rebrote de covid 19 en residencias","breadcrumb":{"@id":"https:\/\/www.inforesidencias.com\/blog\/index.php\/2020\/08\/15\/planes-de-contingencia-alguien-esta-pensando\/#breadcrumb"},"inLanguage":"es","potentialAction":[{"@type":"ReadAction","target":["https:\/\/www.inforesidencias.com\/blog\/index.php\/2020\/08\/15\/planes-de-contingencia-alguien-esta-pensando\/"]}]},{"@type":"BreadcrumbList","@id":"https:\/\/www.inforesidencias.com\/blog\/index.php\/2020\/08\/15\/planes-de-contingencia-alguien-esta-pensando\/#breadcrumb","itemListElement":[{"@type":"ListItem","position":1,"name":"Home","item":"https:\/\/www.inforesidencias.com\/blog\/"},{"@type":"ListItem","position":2,"name":"Planes de contingencia \u00bfAlguien est\u00e1 pensando?"}]},{"@type":"WebSite","@id":"https:\/\/www.inforesidencias.com\/blog\/#website","url":"https:\/\/www.inforesidencias.com\/blog\/","name":"Blog Inforesidencias.com","description":"El buscador de residencias de la 3\u00aa edad","potentialAction":[{"@type":"SearchAction","target":{"@type":"EntryPoint","urlTemplate":"https:\/\/www.inforesidencias.com\/blog\/?s={search_term_string}"},"query-input":"required name=search_term_string"}],"inLanguage":"es"},{"@type":"Person","@id":"https:\/\/www.inforesidencias.com\/blog\/#\/schema\/person\/9e146774d1eb3bc1c0316242a3898628","name":"Josep de Mart\u00ed","image":{"@type":"ImageObject","inLanguage":"es","@id":"https:\/\/www.inforesidencias.com\/blog\/#\/schema\/person\/image\/","url":"https:\/\/secure.gravatar.com\/avatar\/de0302c4806c00c4cebff396a798c1ff?s=96&d=mm&r=g","contentUrl":"https:\/\/secure.gravatar.com\/avatar\/de0302c4806c00c4cebff396a798c1ff?s=96&d=mm&r=g","caption":"Josep de Mart\u00ed"},"sameAs":["https:\/\/www.inforesidencias.com","https:\/\/www.facebook.com\/josep.demarti","https:\/\/twitter.com\/blog-ir"],"url":"https:\/\/www.inforesidencias.com\/blog\/index.php\/author\/josepdemarti\/"}]}},"_links":{"self":[{"href":"https:\/\/www.inforesidencias.com\/blog\/index.php\/wp-json\/wp\/v2\/posts\/3486"}],"collection":[{"href":"https:\/\/www.inforesidencias.com\/blog\/index.php\/wp-json\/wp\/v2\/posts"}],"about":[{"href":"https:\/\/www.inforesidencias.com\/blog\/index.php\/wp-json\/wp\/v2\/types\/post"}],"author":[{"embeddable":true,"href":"https:\/\/www.inforesidencias.com\/blog\/index.php\/wp-json\/wp\/v2\/users\/2"}],"replies":[{"embeddable":true,"href":"https:\/\/www.inforesidencias.com\/blog\/index.php\/wp-json\/wp\/v2\/comments?post=3486"}],"version-history":[{"count":2,"href":"https:\/\/www.inforesidencias.com\/blog\/index.php\/wp-json\/wp\/v2\/posts\/3486\/revisions"}],"predecessor-version":[{"id":3489,"href":"https:\/\/www.inforesidencias.com\/blog\/index.php\/wp-json\/wp\/v2\/posts\/3486\/revisions\/3489"}],"wp:featuredmedia":[{"embeddable":true,"href":"https:\/\/www.inforesidencias.com\/blog\/index.php\/wp-json\/wp\/v2\/media\/3488"}],"wp:attachment":[{"href":"https:\/\/www.inforesidencias.com\/blog\/index.php\/wp-json\/wp\/v2\/media?parent=3486"}],"wp:term":[{"taxonomy":"category","embeddable":true,"href":"https:\/\/www.inforesidencias.com\/blog\/index.php\/wp-json\/wp\/v2\/categories?post=3486"},{"taxonomy":"post_tag","embeddable":true,"href":"https:\/\/www.inforesidencias.com\/blog\/index.php\/wp-json\/wp\/v2\/tags?post=3486"}],"curies":[{"name":"wp","href":"https:\/\/api.w.org\/{rel}","templated":true}]}}