{"id":3490,"date":"2020-08-21T11:41:30","date_gmt":"2020-08-21T11:41:30","guid":{"rendered":"https:\/\/www.inforesidencias.com\/blog\/?p=3490"},"modified":"2020-08-18T11:42:30","modified_gmt":"2020-08-18T11:42:30","slug":"los-escribas-del-faraon-un-cuento-veraniego","status":"publish","type":"post","link":"https:\/\/www.inforesidencias.com\/blog\/index.php\/2020\/08\/21\/los-escribas-del-faraon-un-cuento-veraniego\/","title":{"rendered":"Los escribas del fara\u00f3n.  Un cuento veraniego"},"content":{"rendered":"<p>Un joven fara\u00f3n acaba de ser coronado y llega con ideas nuevas<\/p>\n<p>Tras encadenar tres a\u00f1os de sequ\u00eda y una epidemia, una parte importante de la poblaci\u00f3n pasa hambre y sobrevive gracias a las reservas de trigo de palacio que van siendo repartidas, siguiendo los criterios del anterior fara\u00f3n, mediante un procedimiento que gestionan los escribas de palacio. A\u00fan as\u00ed cada d\u00eda mueren s\u00fabditos a quienes no llega el alimento.<\/p>\n<p>El joven monarca re\u00fane a sus consejeros y les pregunta:<\/p>\n<p>\u00bfCu\u00e1nto trigo tenemos exactamente?<\/p>\n<p>La respuesta del escriba mayor no tarda:\u00a0Dif\u00edcil es de saber con exactitud, majestad.<\/p>\n<p>\u00bfCu\u00e1ntos escribas trabajan en el reparto de trigo?<\/p>\n<p>Los estrictamente necesarios. Con menos no podr\u00edamos garantizar que quien dice necesitar trigo, realmente sea un necesitado: Hay que recibir y repasar las solicitudes, hacer las valoraciones, aplicar el baremo de necesidad, comprobar la cantidad que se entrega y vigilar que los receptores no comercien con lo que han recibido. Todo ello requiere escribas de diferentes categor\u00edas, locales adecuados y material imprescindible. Si no tuvi\u00e9semos la maquinaria administrativa bien engrasada se producir\u00edan abusos y desigualdades. Podr\u00edamos llegar a que un s\u00fabdito de una zona del reino recibiese una cantidad de trigo diferente de la que recibir\u00eda en las mismas circunstancias en otra.<\/p>\n<p>\u00bfY no es cierto que, a pesar de tantos escribas, seg\u00fan la zona del reino, la necesidad se valora de forma dispar, los s\u00fabditos reciben diferente cantidad de trigo y que incluso algunos mueren de hambre mientras se tramita su petici\u00f3n?<\/p>\n<p>Majestad. No hay sistema perfecto. El reino es extenso y los gobernadores act\u00faan con cierto grado de autonom\u00eda. S\u00ed, pueden producirse imperfecciones, pero no son la norma. Tenemos, adem\u00e1s, comisiones de escribas que recogen, estudian y analizan los datos. Tenemos planes piloto y comit\u00e9s de escribas expertos, pero el sistema es tan complejo que cualquier cambio debe ser estudiado detenidamente para que no produzca peores defectos que aqu\u00e9llos que quiere solventar. \u00a1Las realidades son tan diversas! Perm\u00edtame su majestad un humilde consejo: F\u00edjese en que gracias al sistema muchos que morir\u00edan de hambre pueden comer. Vea el lado bueno y salga a ver a sus s\u00fabditos, que con seguridad le aclamar\u00e1n. D\u00e9jenos a nosotros administrar bajo su atenta mirada y, sobre todo, intente que el pueblo vea la bondad del sistema y no los detalles negativos sobre los que ahora nos pregunta y que son desconocidos por la mayor parte de sus felices s\u00fabditos.<\/p>\n<p>No esquiv\u00e9is mis preguntas. S\u00e9 que se reparte trigo y que algunos necesitados lo comen, pero \u00bfLo estamos haciendo lo mejor posible? \u00bfLlegamos al m\u00e1ximo n\u00famero de necesitados? Decime \u00bfCu\u00e1nto trigo comen los que trabajan para que el reparto se produzca de una forma inevitablemente imperfecta?<\/p>\n<p>\u00a1Majestad!. \u00a1Vuestro augusto padre jam\u00e1s pregunt\u00f3 cosas tales! Comen la cantidad que necesitan. Ni un grano m\u00e1s. Humildemente opino..<\/p>\n<p>\u00a1Basta! Mi augusto padre ya no gobierna el reino. Quiero saber exactamente qu\u00e9 cuesta la maquinaria y cu\u00e1nto se reparte. Quiero que, a partir de ahora la fuerza que os mueva a actuar sea priorizar al m\u00e1ximo la cantidad que llega al necesitado. Esa fuerza impulsar\u00e1 los sistemas de valoraci\u00f3n, evaluaci\u00f3n y reparto. Todo se har\u00e1 de una forma que permita dar m\u00e1s trigo a los necesitados que a los escribas. Para ello tenemos que plantearnos nuevas preguntas:\u00a0 \u00bfNecesitamos tener almacenes de reparto con escribas de palacio o podemos repartir m\u00e1s trigo si contratamos a comerciantes para que lo hagan ellos? \u00bfY si en vez de repartir trigo lo moli\u00e9semos y reparti\u00e9semos harina o incluso pan? \u00bfNo podr\u00edamos llegar a m\u00e1s necesitados?<\/p>\n<p>\u00a1S\u00ed! Majestad \u00a1S\u00ed! Ya lo vemos. Ma\u00f1ana mismo crearemos una comisi\u00f3n que estudie el\u00a0\u201cproyecto harina\u201d, otra el\u00a0\u201cproyecto pan\u201d\u00a0y una comisi\u00f3n de enlace entre ambas que evite propuestas contradictorias. Crearemos un cuerpo de escribas para producir unos requisitos de acreditaci\u00f3n de comerciantes. Estos tendr\u00e1n que presentar una solicitud que ser\u00e1 evaluada, primero con criterios transitorios y despu\u00e9s con otros definitivos. Tendremos que pedirles que nos informen puntualmente de sus actividades, para lo que har\u00e1n falta m\u00e1s escribas.<\/p>\n<p>\u00a1No! \u00a1Basta! Pido simplicidad y me ofrec\u00e9is laberintos burocr\u00e1ticos. \u00bfAcaso no es de sentido com\u00fan lo que os estoy pidiendo?<\/p>\n<p>Majestad, los escribas llevamos generaciones haciendo que la dinast\u00eda siga, fara\u00f3n tras fara\u00f3n. Se requieren a\u00f1os de gesti\u00f3n de los bienes p\u00fablicos para descubrir que <strong>la simplicidad es la antesala del caos y que s\u00f3lo los procedimientos prolijos garantizan la estabilidad<\/strong>. Sois joven y quer\u00e9is dejar vuestra huella. Lo sabemos y os ayudaremos a hacerlo, decidnos tan solo un \u00abqu\u00e9\u00bb\u00a0y dejadnos a nosotros el\u00a0\u00abc\u00f3mo\u00bb.<\/p>\n<p>El joven fara\u00f3n est\u00e1 cansado. Come algo y se tiende a echar una siesta. Sus \u00faltimos pensamientos antes de caer dormido son: \u00abquiz\u00e1s deber\u00eda deshacerme de estos escribas\u00bb.<\/p>\n<p>Tres mil seiscientos a\u00f1os despu\u00e9s, durante la autopsia a la momia del joven fara\u00f3n se descubren trazas de veneno en su cabello. Sin duda fue asesinado al poco de ascender al trono. Los historiadores especulan. \u00bfSer\u00eda su hermano peque\u00f1o que acab\u00f3 heredando el trono? No es posible, cumpli\u00f3 cuatro el d\u00eda de su coronaci\u00f3n por lo que sus primeros a\u00f1os de reinado fueron lo que se conoce como un \u00abgobierno de los escribas\u00bb, dif\u00edcilmente un ni\u00f1o tan peque\u00f1o conspirase para matar a su hermano. En fin, hay inc\u00f3gnitas hist\u00f3ricas que nunca llegan a desvelarse.<\/p>\n<p>&nbsp;<\/p>\n<p>Nota del autor:<\/p>\n<p>Este cuento lo escrib\u00ed en 2011 en un momento de cambio de gobierno en el que parec\u00eda que llegaban gobernantes que quer\u00edan cambiar cosas.\u00a0 Creo que puede tener actualidad.<\/p>\n","protected":false},"excerpt":{"rendered":"<p>Un joven fara\u00f3n acaba de ser coronado y llega con ideas nuevas Tras encadenar tres a\u00f1os de sequ\u00eda y una epidemia, una parte importante de la poblaci\u00f3n pasa hambre y sobrevive gracias a las reservas de trigo de palacio que van siendo repartidas, siguiendo los criterios del anterior fara\u00f3n, mediante un procedimiento que gestionan los escribas de palacio. A\u00fan as\u00ed cada d\u00eda mueren s\u00fabditos a quienes no llega el alimento. El joven monarca re\u00fane a sus consejeros y les pregunta: \u00bfCu\u00e1nto trigo tenemos exactamente? La respuesta del escriba mayor no tarda:\u00a0Dif\u00edcil es de saber con exactitud, majestad. \u00bfCu\u00e1ntos escribas trabajan en el reparto de trigo? Los estrictamente necesarios. Con menos no podr\u00edamos garantizar que quien dice necesitar trigo, realmente sea un necesitado: Hay que recibir y repasar las solicitudes, hacer las valoraciones, aplicar el baremo de necesidad, comprobar la cantidad que se entrega y vigilar que los receptores no comercien [&hellip;]<\/p>\n","protected":false},"author":2,"featured_media":3492,"comment_status":"open","ping_status":"open","sticky":false,"template":"","format":"standard","meta":{"footnotes":""},"categories":[1],"tags":[],"yoast_head":"<!-- This site is optimized with the Yoast SEO plugin v21.7 - https:\/\/yoast.com\/wordpress\/plugins\/seo\/ -->\n<title>Los escribas del fara\u00f3n. Un cuento veraniego - Blog Inforesidencias.com<\/title>\n<meta name=\"robots\" content=\"index, follow, max-snippet:-1, max-image-preview:large, max-video-preview:-1\" \/>\n<link rel=\"canonical\" href=\"https:\/\/www.inforesidencias.com\/blog\/index.php\/2020\/08\/21\/los-escribas-del-faraon-un-cuento-veraniego\/\" \/>\n<meta property=\"og:locale\" content=\"es_ES\" \/>\n<meta property=\"og:type\" content=\"article\" \/>\n<meta property=\"og:title\" content=\"Los escribas del fara\u00f3n. Un cuento veraniego - Blog Inforesidencias.com\" \/>\n<meta property=\"og:description\" content=\"Un joven fara\u00f3n acaba de ser coronado y llega con ideas nuevas Tras encadenar tres a\u00f1os de sequ\u00eda y una epidemia, una parte importante de la poblaci\u00f3n pasa hambre y sobrevive gracias a las reservas de trigo de palacio que van siendo repartidas, siguiendo los criterios del anterior fara\u00f3n, mediante un procedimiento que gestionan los escribas de palacio. A\u00fan as\u00ed cada d\u00eda mueren s\u00fabditos a quienes no llega el alimento. El joven monarca re\u00fane a sus consejeros y les pregunta: \u00bfCu\u00e1nto trigo tenemos exactamente? La respuesta del escriba mayor no tarda:\u00a0Dif\u00edcil es de saber con exactitud, majestad. \u00bfCu\u00e1ntos escribas trabajan en el reparto de trigo? Los estrictamente necesarios. Con menos no podr\u00edamos garantizar que quien dice necesitar trigo, realmente sea un necesitado: Hay que recibir y repasar las solicitudes, hacer las valoraciones, aplicar el baremo de necesidad, comprobar la cantidad que se entrega y vigilar que los receptores no comercien [&hellip;]\" \/>\n<meta property=\"og:url\" content=\"https:\/\/www.inforesidencias.com\/blog\/index.php\/2020\/08\/21\/los-escribas-del-faraon-un-cuento-veraniego\/\" \/>\n<meta property=\"og:site_name\" content=\"Blog Inforesidencias.com\" \/>\n<meta property=\"article:publisher\" content=\"https:\/\/www.facebook.com\/Inforesidencias\/\" \/>\n<meta property=\"article:author\" content=\"https:\/\/www.facebook.com\/josep.demarti\" \/>\n<meta property=\"article:published_time\" content=\"2020-08-21T11:41:30+00:00\" \/>\n<meta property=\"article:modified_time\" content=\"2020-08-18T11:42:30+00:00\" \/>\n<meta property=\"og:image\" content=\"https:\/\/www.inforesidencias.com\/blog\/wp-content\/uploads\/2020\/08\/escriba.jpg\" \/>\n\t<meta property=\"og:image:width\" content=\"325\" \/>\n\t<meta property=\"og:image:height\" content=\"383\" \/>\n\t<meta property=\"og:image:type\" content=\"image\/jpeg\" \/>\n<meta name=\"author\" content=\"Josep de Mart\u00ed\" \/>\n<meta name=\"twitter:card\" content=\"summary_large_image\" \/>\n<meta name=\"twitter:creator\" content=\"@blog-ir\" \/>\n<meta name=\"twitter:site\" content=\"@inforesidencias\" \/>\n<meta name=\"twitter:label1\" content=\"Escrito por\" \/>\n\t<meta name=\"twitter:data1\" content=\"Josep de Mart\u00ed\" \/>\n\t<meta name=\"twitter:label2\" content=\"Tiempo de lectura\" \/>\n\t<meta name=\"twitter:data2\" content=\"5 minutos\" \/>\n<script type=\"application\/ld+json\" class=\"yoast-schema-graph\">{\"@context\":\"https:\/\/schema.org\",\"@graph\":[{\"@type\":\"WebPage\",\"@id\":\"https:\/\/www.inforesidencias.com\/blog\/index.php\/2020\/08\/21\/los-escribas-del-faraon-un-cuento-veraniego\/\",\"url\":\"https:\/\/www.inforesidencias.com\/blog\/index.php\/2020\/08\/21\/los-escribas-del-faraon-un-cuento-veraniego\/\",\"name\":\"Los escribas del fara\u00f3n. Un cuento veraniego - Blog Inforesidencias.com\",\"isPartOf\":{\"@id\":\"https:\/\/www.inforesidencias.com\/blog\/#website\"},\"datePublished\":\"2020-08-21T11:41:30+00:00\",\"dateModified\":\"2020-08-18T11:42:30+00:00\",\"author\":{\"@id\":\"https:\/\/www.inforesidencias.com\/blog\/#\/schema\/person\/9e146774d1eb3bc1c0316242a3898628\"},\"breadcrumb\":{\"@id\":\"https:\/\/www.inforesidencias.com\/blog\/index.php\/2020\/08\/21\/los-escribas-del-faraon-un-cuento-veraniego\/#breadcrumb\"},\"inLanguage\":\"es\",\"potentialAction\":[{\"@type\":\"ReadAction\",\"target\":[\"https:\/\/www.inforesidencias.com\/blog\/index.php\/2020\/08\/21\/los-escribas-del-faraon-un-cuento-veraniego\/\"]}]},{\"@type\":\"BreadcrumbList\",\"@id\":\"https:\/\/www.inforesidencias.com\/blog\/index.php\/2020\/08\/21\/los-escribas-del-faraon-un-cuento-veraniego\/#breadcrumb\",\"itemListElement\":[{\"@type\":\"ListItem\",\"position\":1,\"name\":\"Home\",\"item\":\"https:\/\/www.inforesidencias.com\/blog\/\"},{\"@type\":\"ListItem\",\"position\":2,\"name\":\"Los escribas del fara\u00f3n. Un cuento veraniego\"}]},{\"@type\":\"WebSite\",\"@id\":\"https:\/\/www.inforesidencias.com\/blog\/#website\",\"url\":\"https:\/\/www.inforesidencias.com\/blog\/\",\"name\":\"Blog Inforesidencias.com\",\"description\":\"El buscador de residencias de la 3\u00aa edad\",\"potentialAction\":[{\"@type\":\"SearchAction\",\"target\":{\"@type\":\"EntryPoint\",\"urlTemplate\":\"https:\/\/www.inforesidencias.com\/blog\/?s={search_term_string}\"},\"query-input\":\"required name=search_term_string\"}],\"inLanguage\":\"es\"},{\"@type\":\"Person\",\"@id\":\"https:\/\/www.inforesidencias.com\/blog\/#\/schema\/person\/9e146774d1eb3bc1c0316242a3898628\",\"name\":\"Josep de Mart\u00ed\",\"image\":{\"@type\":\"ImageObject\",\"inLanguage\":\"es\",\"@id\":\"https:\/\/www.inforesidencias.com\/blog\/#\/schema\/person\/image\/\",\"url\":\"https:\/\/secure.gravatar.com\/avatar\/de0302c4806c00c4cebff396a798c1ff?s=96&d=mm&r=g\",\"contentUrl\":\"https:\/\/secure.gravatar.com\/avatar\/de0302c4806c00c4cebff396a798c1ff?s=96&d=mm&r=g\",\"caption\":\"Josep de Mart\u00ed\"},\"sameAs\":[\"https:\/\/www.inforesidencias.com\",\"https:\/\/www.facebook.com\/josep.demarti\",\"https:\/\/twitter.com\/blog-ir\"],\"url\":\"https:\/\/www.inforesidencias.com\/blog\/index.php\/author\/josepdemarti\/\"}]}<\/script>\n<!-- \/ Yoast SEO plugin. -->","yoast_head_json":{"title":"Los escribas del fara\u00f3n. Un cuento veraniego - Blog Inforesidencias.com","robots":{"index":"index","follow":"follow","max-snippet":"max-snippet:-1","max-image-preview":"max-image-preview:large","max-video-preview":"max-video-preview:-1"},"canonical":"https:\/\/www.inforesidencias.com\/blog\/index.php\/2020\/08\/21\/los-escribas-del-faraon-un-cuento-veraniego\/","og_locale":"es_ES","og_type":"article","og_title":"Los escribas del fara\u00f3n. Un cuento veraniego - Blog Inforesidencias.com","og_description":"Un joven fara\u00f3n acaba de ser coronado y llega con ideas nuevas Tras encadenar tres a\u00f1os de sequ\u00eda y una epidemia, una parte importante de la poblaci\u00f3n pasa hambre y sobrevive gracias a las reservas de trigo de palacio que van siendo repartidas, siguiendo los criterios del anterior fara\u00f3n, mediante un procedimiento que gestionan los escribas de palacio. A\u00fan as\u00ed cada d\u00eda mueren s\u00fabditos a quienes no llega el alimento. El joven monarca re\u00fane a sus consejeros y les pregunta: \u00bfCu\u00e1nto trigo tenemos exactamente? La respuesta del escriba mayor no tarda:\u00a0Dif\u00edcil es de saber con exactitud, majestad. \u00bfCu\u00e1ntos escribas trabajan en el reparto de trigo? Los estrictamente necesarios. Con menos no podr\u00edamos garantizar que quien dice necesitar trigo, realmente sea un necesitado: Hay que recibir y repasar las solicitudes, hacer las valoraciones, aplicar el baremo de necesidad, comprobar la cantidad que se entrega y vigilar que los receptores no comercien [&hellip;]","og_url":"https:\/\/www.inforesidencias.com\/blog\/index.php\/2020\/08\/21\/los-escribas-del-faraon-un-cuento-veraniego\/","og_site_name":"Blog Inforesidencias.com","article_publisher":"https:\/\/www.facebook.com\/Inforesidencias\/","article_author":"https:\/\/www.facebook.com\/josep.demarti","article_published_time":"2020-08-21T11:41:30+00:00","article_modified_time":"2020-08-18T11:42:30+00:00","og_image":[{"width":325,"height":383,"url":"https:\/\/www.inforesidencias.com\/blog\/wp-content\/uploads\/2020\/08\/escriba.jpg","type":"image\/jpeg"}],"author":"Josep de Mart\u00ed","twitter_card":"summary_large_image","twitter_creator":"@blog-ir","twitter_site":"@inforesidencias","twitter_misc":{"Escrito por":"Josep de Mart\u00ed","Tiempo de lectura":"5 minutos"},"schema":{"@context":"https:\/\/schema.org","@graph":[{"@type":"WebPage","@id":"https:\/\/www.inforesidencias.com\/blog\/index.php\/2020\/08\/21\/los-escribas-del-faraon-un-cuento-veraniego\/","url":"https:\/\/www.inforesidencias.com\/blog\/index.php\/2020\/08\/21\/los-escribas-del-faraon-un-cuento-veraniego\/","name":"Los escribas del fara\u00f3n. Un cuento veraniego - Blog Inforesidencias.com","isPartOf":{"@id":"https:\/\/www.inforesidencias.com\/blog\/#website"},"datePublished":"2020-08-21T11:41:30+00:00","dateModified":"2020-08-18T11:42:30+00:00","author":{"@id":"https:\/\/www.inforesidencias.com\/blog\/#\/schema\/person\/9e146774d1eb3bc1c0316242a3898628"},"breadcrumb":{"@id":"https:\/\/www.inforesidencias.com\/blog\/index.php\/2020\/08\/21\/los-escribas-del-faraon-un-cuento-veraniego\/#breadcrumb"},"inLanguage":"es","potentialAction":[{"@type":"ReadAction","target":["https:\/\/www.inforesidencias.com\/blog\/index.php\/2020\/08\/21\/los-escribas-del-faraon-un-cuento-veraniego\/"]}]},{"@type":"BreadcrumbList","@id":"https:\/\/www.inforesidencias.com\/blog\/index.php\/2020\/08\/21\/los-escribas-del-faraon-un-cuento-veraniego\/#breadcrumb","itemListElement":[{"@type":"ListItem","position":1,"name":"Home","item":"https:\/\/www.inforesidencias.com\/blog\/"},{"@type":"ListItem","position":2,"name":"Los escribas del fara\u00f3n. Un cuento veraniego"}]},{"@type":"WebSite","@id":"https:\/\/www.inforesidencias.com\/blog\/#website","url":"https:\/\/www.inforesidencias.com\/blog\/","name":"Blog Inforesidencias.com","description":"El buscador de residencias de la 3\u00aa edad","potentialAction":[{"@type":"SearchAction","target":{"@type":"EntryPoint","urlTemplate":"https:\/\/www.inforesidencias.com\/blog\/?s={search_term_string}"},"query-input":"required name=search_term_string"}],"inLanguage":"es"},{"@type":"Person","@id":"https:\/\/www.inforesidencias.com\/blog\/#\/schema\/person\/9e146774d1eb3bc1c0316242a3898628","name":"Josep de Mart\u00ed","image":{"@type":"ImageObject","inLanguage":"es","@id":"https:\/\/www.inforesidencias.com\/blog\/#\/schema\/person\/image\/","url":"https:\/\/secure.gravatar.com\/avatar\/de0302c4806c00c4cebff396a798c1ff?s=96&d=mm&r=g","contentUrl":"https:\/\/secure.gravatar.com\/avatar\/de0302c4806c00c4cebff396a798c1ff?s=96&d=mm&r=g","caption":"Josep de Mart\u00ed"},"sameAs":["https:\/\/www.inforesidencias.com","https:\/\/www.facebook.com\/josep.demarti","https:\/\/twitter.com\/blog-ir"],"url":"https:\/\/www.inforesidencias.com\/blog\/index.php\/author\/josepdemarti\/"}]}},"_links":{"self":[{"href":"https:\/\/www.inforesidencias.com\/blog\/index.php\/wp-json\/wp\/v2\/posts\/3490"}],"collection":[{"href":"https:\/\/www.inforesidencias.com\/blog\/index.php\/wp-json\/wp\/v2\/posts"}],"about":[{"href":"https:\/\/www.inforesidencias.com\/blog\/index.php\/wp-json\/wp\/v2\/types\/post"}],"author":[{"embeddable":true,"href":"https:\/\/www.inforesidencias.com\/blog\/index.php\/wp-json\/wp\/v2\/users\/2"}],"replies":[{"embeddable":true,"href":"https:\/\/www.inforesidencias.com\/blog\/index.php\/wp-json\/wp\/v2\/comments?post=3490"}],"version-history":[{"count":1,"href":"https:\/\/www.inforesidencias.com\/blog\/index.php\/wp-json\/wp\/v2\/posts\/3490\/revisions"}],"predecessor-version":[{"id":3493,"href":"https:\/\/www.inforesidencias.com\/blog\/index.php\/wp-json\/wp\/v2\/posts\/3490\/revisions\/3493"}],"wp:featuredmedia":[{"embeddable":true,"href":"https:\/\/www.inforesidencias.com\/blog\/index.php\/wp-json\/wp\/v2\/media\/3492"}],"wp:attachment":[{"href":"https:\/\/www.inforesidencias.com\/blog\/index.php\/wp-json\/wp\/v2\/media?parent=3490"}],"wp:term":[{"taxonomy":"category","embeddable":true,"href":"https:\/\/www.inforesidencias.com\/blog\/index.php\/wp-json\/wp\/v2\/categories?post=3490"},{"taxonomy":"post_tag","embeddable":true,"href":"https:\/\/www.inforesidencias.com\/blog\/index.php\/wp-json\/wp\/v2\/tags?post=3490"}],"curies":[{"name":"wp","href":"https:\/\/api.w.org\/{rel}","templated":true}]}}