{"id":3498,"date":"2020-08-23T09:14:26","date_gmt":"2020-08-23T09:14:26","guid":{"rendered":"https:\/\/www.inforesidencias.com\/blog\/?p=3498"},"modified":"2020-08-21T09:14:40","modified_gmt":"2020-08-21T09:14:40","slug":"una-mirada-al-informe-de-residencias-de-medicos-sin-fronteras","status":"publish","type":"post","link":"https:\/\/www.inforesidencias.com\/blog\/index.php\/2020\/08\/23\/una-mirada-al-informe-de-residencias-de-medicos-sin-fronteras\/","title":{"rendered":"Una mirada al informe de residencias de m\u00e9dicos sin fronteras"},"content":{"rendered":"<p style=\"text-align: justify\">Hemos pasado ya el ecuador de agosto hace y poco y en las noticias ya hace semanas que todo vuelve a girar en torno al Coronavirus. Las cifras de contagiados no paran de subir y cuando no est\u00e1 muy mal una zona lo est\u00e1 otra. Estos d\u00edas le toca a Madrid.<\/p>\n<p style=\"text-align: justify\">Dentro del mundo del Covid19 en cuanto a residencias de mayores se refiere, de lo que se habla m\u00e1s es del informe de m\u00e9dicos sin fronteras titulado <a href=\"https:\/\/dependencia.info\/noticia\/3761\/actualidad\/el-inaceptable-desamparo-en-el-que-las-administraciones-dejaron-a-las-personas-mayores-en-residencias-durante-la-covid.html\">\u201cPoco tarde y mal . El inaceptable desamparo de los mayores en residencias durante la Covid19 en Espa\u00f1a\u201d.<\/a> Ellos ayudaron afrontar la pandemia a casi 500 residencias de todo el pa\u00eds. A partir de su experiencia, las estad\u00edsticas y de las declaraciones de personas que trabajan en residencias en las que han estado, han elaborado este informe. Un informe que en mi opini\u00f3n deja algo claro, las administraciones no dieron la talla.<\/p>\n<p style=\"text-align: justify\">Seg\u00fan detallan, <strong><em>\u201clas residencias <\/em><\/strong><strong><em>ten\u00edan un d\u00e9ficit estructural de recursos y de supervisi\u00f3n sanitaria y ning\u00fan plan de contingencia. Esta combinaci\u00f3n hizo inviable que pudieran responder a la epidemia<\/em><\/strong>\u201d. Mas adelante se dan m\u00e1s explicaciones.<\/p>\n<p style=\"text-align: justify\">Las residencias de mayores est\u00e1n pensadas como sustitutos del hogar, no como hospitales ni centros sociosanitarios, esa es para mi una de las bases del problema que ellos tambi\u00e9n analizan y que queda justificada con otra intervenci\u00f3n de una responsable de MSF: <strong><em>\u00abLas residencias y sus trabajadores carecen de recursos, infraestructura, formaci\u00f3n o responsabilidad para la atenci\u00f3n m\u00e9dica y tampoco hubo una respuesta inmediata, adecuada y orientada a salvar vidas, y coordinada con los servicios asistenciales y de salud\u00bb<\/em><\/strong>. Necesitan soporte m\u00e9dico exterior o derivaci\u00f3n de casos al hospital cuando es necesario, y durante un tiempo eso se les neg\u00f3.<\/p>\n<p style=\"text-align: justify\">Lo que me gusta de este informe es que aunque analiza los problemas que ha detectado, se centra en los retos futuros inmediatos para que esto no ocurra con la misma virulencia otra vez. Por nuestra parte debemos recordar que ya difundimos varios art\u00edculos con las <a href=\"https:\/\/www.inforesidencias.com\/blog\/index.php\/2020\/03\/20\/cuatro-acciones-tomar-ya-evitar-mueran-mas-mayores-viven-residencias\/\">demandas m\u00e1s necesarias para las residencias desde el principio de la pandemia<\/a>, fuimos entrevistados en peri\u00f3dicos y hasta <a href=\"https:\/\/www.youtube.com\/watch?v=l0C85-LzWuI&amp;feature=youtu.be\">salimos \u201centrevistados\u201d con Risto Mejide<\/a> en su programa de la cadena Cuatro. Parec\u00eda que todo el mundo atacaba a las residencias. Est\u00e1 claro que de las m\u00e1s de 5000 residencias de mayores que hay en nuestro pa\u00eds algunas lo habr\u00e1n hecho mal, pero muchas de ellas hac\u00edan lo que pod\u00edan con lo que ten\u00edan. \u00bfQuien no ha visto a auxiliares y enfermeros con bolsas de basura como usadas como equipo de protecci\u00f3n individual?.<\/p>\n<p style=\"text-align: justify\"><a href=\"https:\/\/www.inforesidencias.com\/blog\/wp-content\/uploads\/2020\/08\/auxiliar-con-epi-bolsa-medicos-sin-fronteras.jpeg\"><img decoding=\"async\" loading=\"lazy\" class=\"alignleft wp-image-3501\" src=\"https:\/\/www.inforesidencias.com\/blog\/wp-content\/uploads\/2020\/08\/auxiliar-con-epi-bolsa-medicos-sin-fronteras.jpeg\" alt=\"auxiliar con epi bolsa medicos sin fronteras\" width=\"330\" height=\"439\" \/><\/a><\/p>\n<p>Sobre el personal de las residencias justamente, recordemos que la gran mayor\u00eda de residencias estuvieron bajo m\u00ednimo porque muchas de sus auxiliares u otro personal de atenci\u00f3n directa estaban de baja por contagio, sospecha, y a veces miedo, porque negarlo. No hab\u00eda personal suficiente en las residencias y nosotros mismos fuimos testimonios de lo complicado que era que una llamada para ofrecer un trabajo acabara en un: &#8211; \u201c me interesa\u201d.<\/p>\n<p style=\"text-align: justify\">Otro de los temas candentes durante estos meses ha sido el hecho de cambiar el <a href=\"https:\/\/www.inforesidencias.com\/blog\/index.php\/2020\/04\/21\/medicalizar-las-residencias-del-manana\/\">modelo de las residencias, m\u00e1s concretamente si hab\u00eda que medicalizarlas<\/a>. Una cosa (que ser\u00eda muy buena) es que se de m\u00e1s apoyo sanitario a las residencias por parte de los servicios sanitarios, la otra es convertir las residencias en lo que no son , una especie de centros sociosanitarios. \u00bfAlguien imagina su vejez viviendo sus \u00faltimos a\u00f1os en un tipo de centro as\u00ed en lugar de un centro pensado como una alternativa a nuestro hogar de toda la vida?<\/p>\n<p style=\"text-align: justify\">Este informe de m\u00e9dicos sin fronteras se ha elaborado ahora cuando lo peor ya ha pasado, aunque vuelve a haber muchos casos, como dec\u00edamos al principio. No obstante no deja de sorprender que se calcule que ha habido m\u00e1s de 27.000 fallecidos en residencias de ancianos aunque cuando hablamos de cifras en Espa\u00f1a nadie sabe la verdad en realidad. Lo importante es haber aprendido que las personas mayores son las m\u00e1s vulnerables ante este virus. Es por esto que resulta de vital importancia entender que ante el m\u00ednimo rebrote se debe dotar de personal y medios a las residencias para salvaguardar las vidas y la salud de los residentes y controlar la situaci\u00f3n antes de que empeore demasiado y haya que aislarlos solos en habitaciones.<\/p>\n<p style=\"text-align: justify\">Porque all\u00ed tambi\u00e9n pueden morir, pero de soledad y de pena, pero este es ya otro articulo.<\/p>\n<p style=\"text-align: justify\">Carles Reixach, inforesidencias.com<\/p>\n","protected":false},"excerpt":{"rendered":"<p>Hemos pasado ya el ecuador de agosto hace y poco y en las noticias ya hace semanas que todo vuelve a girar en torno al Coronavirus. Las cifras de contagiados no paran de subir y cuando no est\u00e1 muy mal una zona lo est\u00e1 otra. Estos d\u00edas le toca a Madrid. Dentro del mundo del Covid19 en cuanto a residencias de mayores se refiere, de lo que se habla m\u00e1s es del informe de m\u00e9dicos sin fronteras titulado \u201cPoco tarde y mal . El inaceptable desamparo de los mayores en residencias durante la Covid19 en Espa\u00f1a\u201d. Ellos ayudaron afrontar la pandemia a casi 500 residencias de todo el pa\u00eds. A partir de su experiencia, las estad\u00edsticas y de las declaraciones de personas que trabajan en residencias en las que han estado, han elaborado este informe. Un informe que en mi opini\u00f3n deja algo claro, las administraciones no dieron la talla. [&hellip;]<\/p>\n","protected":false},"author":2,"featured_media":3501,"comment_status":"open","ping_status":"open","sticky":false,"template":"","format":"standard","meta":{"footnotes":""},"categories":[1],"tags":[],"yoast_head":"<!-- This site is optimized with the Yoast SEO plugin v21.7 - https:\/\/yoast.com\/wordpress\/plugins\/seo\/ -->\n<title>Una mirada al informe de residencias de m\u00e9dicos sin fronteras - Blog Inforesidencias.com<\/title>\n<meta name=\"description\" content=\"Despu\u00e9s de la publicaci\u00f3n del informe de m\u00e9dicos sin fronteras, lo analizamos un poco desde lo que hemos visto y vivido desde inforesidencias\" \/>\n<meta name=\"robots\" content=\"index, follow, max-snippet:-1, max-image-preview:large, max-video-preview:-1\" \/>\n<link rel=\"canonical\" href=\"https:\/\/www.inforesidencias.com\/blog\/index.php\/2020\/08\/23\/una-mirada-al-informe-de-residencias-de-medicos-sin-fronteras\/\" \/>\n<meta property=\"og:locale\" content=\"es_ES\" \/>\n<meta property=\"og:type\" content=\"article\" \/>\n<meta property=\"og:title\" content=\"Una mirada al informe de residencias de m\u00e9dicos sin fronteras - Blog Inforesidencias.com\" \/>\n<meta property=\"og:description\" content=\"Despu\u00e9s de la publicaci\u00f3n del informe de m\u00e9dicos sin fronteras, lo analizamos un poco desde lo que hemos visto y vivido desde inforesidencias\" \/>\n<meta property=\"og:url\" content=\"https:\/\/www.inforesidencias.com\/blog\/index.php\/2020\/08\/23\/una-mirada-al-informe-de-residencias-de-medicos-sin-fronteras\/\" \/>\n<meta property=\"og:site_name\" content=\"Blog Inforesidencias.com\" \/>\n<meta property=\"article:publisher\" content=\"https:\/\/www.facebook.com\/Inforesidencias\/\" \/>\n<meta property=\"article:author\" content=\"https:\/\/www.facebook.com\/josep.demarti\" \/>\n<meta property=\"article:published_time\" content=\"2020-08-23T09:14:26+00:00\" \/>\n<meta property=\"article:modified_time\" content=\"2020-08-21T09:14:40+00:00\" \/>\n<meta property=\"og:image\" content=\"https:\/\/www.inforesidencias.com\/blog\/wp-content\/uploads\/2020\/08\/auxiliar-con-epi-bolsa-medicos-sin-fronteras.jpeg\" \/>\n\t<meta property=\"og:image:width\" content=\"600\" \/>\n\t<meta property=\"og:image:height\" content=\"799\" \/>\n\t<meta property=\"og:image:type\" content=\"image\/jpeg\" \/>\n<meta name=\"author\" content=\"Josep de Mart\u00ed\" \/>\n<meta name=\"twitter:card\" content=\"summary_large_image\" \/>\n<meta name=\"twitter:creator\" content=\"@blog-ir\" \/>\n<meta name=\"twitter:site\" content=\"@inforesidencias\" \/>\n<meta name=\"twitter:label1\" content=\"Escrito por\" \/>\n\t<meta name=\"twitter:data1\" content=\"Josep de Mart\u00ed\" \/>\n\t<meta name=\"twitter:label2\" content=\"Tiempo de lectura\" \/>\n\t<meta name=\"twitter:data2\" content=\"4 minutos\" \/>\n<script type=\"application\/ld+json\" class=\"yoast-schema-graph\">{\"@context\":\"https:\/\/schema.org\",\"@graph\":[{\"@type\":\"WebPage\",\"@id\":\"https:\/\/www.inforesidencias.com\/blog\/index.php\/2020\/08\/23\/una-mirada-al-informe-de-residencias-de-medicos-sin-fronteras\/\",\"url\":\"https:\/\/www.inforesidencias.com\/blog\/index.php\/2020\/08\/23\/una-mirada-al-informe-de-residencias-de-medicos-sin-fronteras\/\",\"name\":\"Una mirada al informe de residencias de m\u00e9dicos sin fronteras - Blog Inforesidencias.com\",\"isPartOf\":{\"@id\":\"https:\/\/www.inforesidencias.com\/blog\/#website\"},\"datePublished\":\"2020-08-23T09:14:26+00:00\",\"dateModified\":\"2020-08-21T09:14:40+00:00\",\"author\":{\"@id\":\"https:\/\/www.inforesidencias.com\/blog\/#\/schema\/person\/9e146774d1eb3bc1c0316242a3898628\"},\"description\":\"Despu\u00e9s de la publicaci\u00f3n del informe de m\u00e9dicos sin fronteras, lo analizamos un poco desde lo que hemos visto y vivido desde inforesidencias\",\"breadcrumb\":{\"@id\":\"https:\/\/www.inforesidencias.com\/blog\/index.php\/2020\/08\/23\/una-mirada-al-informe-de-residencias-de-medicos-sin-fronteras\/#breadcrumb\"},\"inLanguage\":\"es\",\"potentialAction\":[{\"@type\":\"ReadAction\",\"target\":[\"https:\/\/www.inforesidencias.com\/blog\/index.php\/2020\/08\/23\/una-mirada-al-informe-de-residencias-de-medicos-sin-fronteras\/\"]}]},{\"@type\":\"BreadcrumbList\",\"@id\":\"https:\/\/www.inforesidencias.com\/blog\/index.php\/2020\/08\/23\/una-mirada-al-informe-de-residencias-de-medicos-sin-fronteras\/#breadcrumb\",\"itemListElement\":[{\"@type\":\"ListItem\",\"position\":1,\"name\":\"Home\",\"item\":\"https:\/\/www.inforesidencias.com\/blog\/\"},{\"@type\":\"ListItem\",\"position\":2,\"name\":\"Una mirada al informe de residencias de m\u00e9dicos sin fronteras\"}]},{\"@type\":\"WebSite\",\"@id\":\"https:\/\/www.inforesidencias.com\/blog\/#website\",\"url\":\"https:\/\/www.inforesidencias.com\/blog\/\",\"name\":\"Blog Inforesidencias.com\",\"description\":\"El buscador de residencias de la 3\u00aa edad\",\"potentialAction\":[{\"@type\":\"SearchAction\",\"target\":{\"@type\":\"EntryPoint\",\"urlTemplate\":\"https:\/\/www.inforesidencias.com\/blog\/?s={search_term_string}\"},\"query-input\":\"required name=search_term_string\"}],\"inLanguage\":\"es\"},{\"@type\":\"Person\",\"@id\":\"https:\/\/www.inforesidencias.com\/blog\/#\/schema\/person\/9e146774d1eb3bc1c0316242a3898628\",\"name\":\"Josep de Mart\u00ed\",\"image\":{\"@type\":\"ImageObject\",\"inLanguage\":\"es\",\"@id\":\"https:\/\/www.inforesidencias.com\/blog\/#\/schema\/person\/image\/\",\"url\":\"https:\/\/secure.gravatar.com\/avatar\/de0302c4806c00c4cebff396a798c1ff?s=96&d=mm&r=g\",\"contentUrl\":\"https:\/\/secure.gravatar.com\/avatar\/de0302c4806c00c4cebff396a798c1ff?s=96&d=mm&r=g\",\"caption\":\"Josep de Mart\u00ed\"},\"sameAs\":[\"https:\/\/www.inforesidencias.com\",\"https:\/\/www.facebook.com\/josep.demarti\",\"https:\/\/twitter.com\/blog-ir\"],\"url\":\"https:\/\/www.inforesidencias.com\/blog\/index.php\/author\/josepdemarti\/\"}]}<\/script>\n<!-- \/ Yoast SEO plugin. -->","yoast_head_json":{"title":"Una mirada al informe de residencias de m\u00e9dicos sin fronteras - Blog Inforesidencias.com","description":"Despu\u00e9s de la publicaci\u00f3n del informe de m\u00e9dicos sin fronteras, lo analizamos un poco desde lo que hemos visto y vivido desde inforesidencias","robots":{"index":"index","follow":"follow","max-snippet":"max-snippet:-1","max-image-preview":"max-image-preview:large","max-video-preview":"max-video-preview:-1"},"canonical":"https:\/\/www.inforesidencias.com\/blog\/index.php\/2020\/08\/23\/una-mirada-al-informe-de-residencias-de-medicos-sin-fronteras\/","og_locale":"es_ES","og_type":"article","og_title":"Una mirada al informe de residencias de m\u00e9dicos sin fronteras - Blog Inforesidencias.com","og_description":"Despu\u00e9s de la publicaci\u00f3n del informe de m\u00e9dicos sin fronteras, lo analizamos un poco desde lo que hemos visto y vivido desde inforesidencias","og_url":"https:\/\/www.inforesidencias.com\/blog\/index.php\/2020\/08\/23\/una-mirada-al-informe-de-residencias-de-medicos-sin-fronteras\/","og_site_name":"Blog Inforesidencias.com","article_publisher":"https:\/\/www.facebook.com\/Inforesidencias\/","article_author":"https:\/\/www.facebook.com\/josep.demarti","article_published_time":"2020-08-23T09:14:26+00:00","article_modified_time":"2020-08-21T09:14:40+00:00","og_image":[{"width":600,"height":799,"url":"https:\/\/www.inforesidencias.com\/blog\/wp-content\/uploads\/2020\/08\/auxiliar-con-epi-bolsa-medicos-sin-fronteras.jpeg","type":"image\/jpeg"}],"author":"Josep de Mart\u00ed","twitter_card":"summary_large_image","twitter_creator":"@blog-ir","twitter_site":"@inforesidencias","twitter_misc":{"Escrito por":"Josep de Mart\u00ed","Tiempo de lectura":"4 minutos"},"schema":{"@context":"https:\/\/schema.org","@graph":[{"@type":"WebPage","@id":"https:\/\/www.inforesidencias.com\/blog\/index.php\/2020\/08\/23\/una-mirada-al-informe-de-residencias-de-medicos-sin-fronteras\/","url":"https:\/\/www.inforesidencias.com\/blog\/index.php\/2020\/08\/23\/una-mirada-al-informe-de-residencias-de-medicos-sin-fronteras\/","name":"Una mirada al informe de residencias de m\u00e9dicos sin fronteras - Blog Inforesidencias.com","isPartOf":{"@id":"https:\/\/www.inforesidencias.com\/blog\/#website"},"datePublished":"2020-08-23T09:14:26+00:00","dateModified":"2020-08-21T09:14:40+00:00","author":{"@id":"https:\/\/www.inforesidencias.com\/blog\/#\/schema\/person\/9e146774d1eb3bc1c0316242a3898628"},"description":"Despu\u00e9s de la publicaci\u00f3n del informe de m\u00e9dicos sin fronteras, lo analizamos un poco desde lo que hemos visto y vivido desde inforesidencias","breadcrumb":{"@id":"https:\/\/www.inforesidencias.com\/blog\/index.php\/2020\/08\/23\/una-mirada-al-informe-de-residencias-de-medicos-sin-fronteras\/#breadcrumb"},"inLanguage":"es","potentialAction":[{"@type":"ReadAction","target":["https:\/\/www.inforesidencias.com\/blog\/index.php\/2020\/08\/23\/una-mirada-al-informe-de-residencias-de-medicos-sin-fronteras\/"]}]},{"@type":"BreadcrumbList","@id":"https:\/\/www.inforesidencias.com\/blog\/index.php\/2020\/08\/23\/una-mirada-al-informe-de-residencias-de-medicos-sin-fronteras\/#breadcrumb","itemListElement":[{"@type":"ListItem","position":1,"name":"Home","item":"https:\/\/www.inforesidencias.com\/blog\/"},{"@type":"ListItem","position":2,"name":"Una mirada al informe de residencias de m\u00e9dicos sin fronteras"}]},{"@type":"WebSite","@id":"https:\/\/www.inforesidencias.com\/blog\/#website","url":"https:\/\/www.inforesidencias.com\/blog\/","name":"Blog Inforesidencias.com","description":"El buscador de residencias de la 3\u00aa edad","potentialAction":[{"@type":"SearchAction","target":{"@type":"EntryPoint","urlTemplate":"https:\/\/www.inforesidencias.com\/blog\/?s={search_term_string}"},"query-input":"required name=search_term_string"}],"inLanguage":"es"},{"@type":"Person","@id":"https:\/\/www.inforesidencias.com\/blog\/#\/schema\/person\/9e146774d1eb3bc1c0316242a3898628","name":"Josep de Mart\u00ed","image":{"@type":"ImageObject","inLanguage":"es","@id":"https:\/\/www.inforesidencias.com\/blog\/#\/schema\/person\/image\/","url":"https:\/\/secure.gravatar.com\/avatar\/de0302c4806c00c4cebff396a798c1ff?s=96&d=mm&r=g","contentUrl":"https:\/\/secure.gravatar.com\/avatar\/de0302c4806c00c4cebff396a798c1ff?s=96&d=mm&r=g","caption":"Josep de Mart\u00ed"},"sameAs":["https:\/\/www.inforesidencias.com","https:\/\/www.facebook.com\/josep.demarti","https:\/\/twitter.com\/blog-ir"],"url":"https:\/\/www.inforesidencias.com\/blog\/index.php\/author\/josepdemarti\/"}]}},"_links":{"self":[{"href":"https:\/\/www.inforesidencias.com\/blog\/index.php\/wp-json\/wp\/v2\/posts\/3498"}],"collection":[{"href":"https:\/\/www.inforesidencias.com\/blog\/index.php\/wp-json\/wp\/v2\/posts"}],"about":[{"href":"https:\/\/www.inforesidencias.com\/blog\/index.php\/wp-json\/wp\/v2\/types\/post"}],"author":[{"embeddable":true,"href":"https:\/\/www.inforesidencias.com\/blog\/index.php\/wp-json\/wp\/v2\/users\/2"}],"replies":[{"embeddable":true,"href":"https:\/\/www.inforesidencias.com\/blog\/index.php\/wp-json\/wp\/v2\/comments?post=3498"}],"version-history":[{"count":4,"href":"https:\/\/www.inforesidencias.com\/blog\/index.php\/wp-json\/wp\/v2\/posts\/3498\/revisions"}],"predecessor-version":[{"id":3503,"href":"https:\/\/www.inforesidencias.com\/blog\/index.php\/wp-json\/wp\/v2\/posts\/3498\/revisions\/3503"}],"wp:featuredmedia":[{"embeddable":true,"href":"https:\/\/www.inforesidencias.com\/blog\/index.php\/wp-json\/wp\/v2\/media\/3501"}],"wp:attachment":[{"href":"https:\/\/www.inforesidencias.com\/blog\/index.php\/wp-json\/wp\/v2\/media?parent=3498"}],"wp:term":[{"taxonomy":"category","embeddable":true,"href":"https:\/\/www.inforesidencias.com\/blog\/index.php\/wp-json\/wp\/v2\/categories?post=3498"},{"taxonomy":"post_tag","embeddable":true,"href":"https:\/\/www.inforesidencias.com\/blog\/index.php\/wp-json\/wp\/v2\/tags?post=3498"}],"curies":[{"name":"wp","href":"https:\/\/api.w.org\/{rel}","templated":true}]}}