{"id":3516,"date":"2020-09-22T10:42:58","date_gmt":"2020-09-22T10:42:58","guid":{"rendered":"https:\/\/www.inforesidencias.com\/blog\/?p=3516"},"modified":"2020-08-31T12:10:00","modified_gmt":"2020-08-31T12:10:00","slug":"sector-geriatrico-en-las-islas-baleares","status":"publish","type":"post","link":"https:\/\/www.inforesidencias.com\/blog\/index.php\/2020\/09\/22\/sector-geriatrico-en-las-islas-baleares\/","title":{"rendered":"Sector geri\u00e1trico en las Islas Baleares"},"content":{"rendered":"<p><a href=\"https:\/\/www.inforesidencias.com\/blog\/wp-content\/uploads\/2020\/08\/escudo-islas-baleares.gif\"><img decoding=\"async\" loading=\"lazy\" class=\"alignleft size-full wp-image-3521\" src=\"https:\/\/www.inforesidencias.com\/blog\/wp-content\/uploads\/2020\/08\/escudo-islas-baleares.gif\" alt=\"escudo islas baleares\" width=\"175\" height=\"216\" \/><\/a>Aunque las <strong>Islas Baleares<\/strong> son una de las comunidades m\u00e1s j\u00f3venes del estado, siguen sufriendo un <strong>d\u00e9ficit de camas<\/strong> geri\u00e1tricas desde hace bastantes a\u00f1os. El <strong>sector geroasistencial<\/strong> de las islas, con una media de tan solo 3 plazas por cada 100 personas de m\u00e1s de 65 a\u00f1os se encuentra bastante por debajo de la recomendaci\u00f3n de la OMS de 5 plazas, o de la media espa\u00f1ola de 4 camas.<\/p>\n<p><span style=\"text-decoration: underline\"><strong>Datos b\u00e1sicos:<\/strong><\/span><br \/>\n\u2022 Poblaci\u00f3n: 1.149.460 Representa el 2% de la poblaci\u00f3n total del Estado<br \/>\n\u2022 Poblaci\u00f3n &gt; 65 a\u00f1os: 178.644, lo cual es el 16% de la poblaci\u00f3n de Baleares<br \/>\n\u2022 Poblaci\u00f3n &gt; 80 a\u00f1os: 49.308. Es el 4% de la poblaci\u00f3n de las islas<br \/>\n\u2022 Centros geri\u00e1tricos operativos: 61<br \/>\n\u2022 Camas geri\u00e1tricas operativas: 5.399 camas<br \/>\n\u2022 Ratio de camas por cada 100 personas mayores de 65 a\u00f1os: 3,02 (la media de Espa\u00f1a es 4,08)<br \/>\n\u2022 Ratio de camas por cada 100 personas mayores de 80 a\u00f1os: 10,95 (la media de Espa\u00f1a es 12,09)<\/p>\n<p><span style=\"text-decoration: underline\"><strong>En cifras:<\/strong><\/span><br \/>\nLas Islas Baleares representan el 2% de la poblaci\u00f3n del estado, tienen una densidad de la poblaci\u00f3n elevada y tienen la ventaja de ser una autonom\u00eda con la poblaci\u00f3n m\u00e1s joven del estado. S\u00f3lo el 16% de sus habitantes son mayores de 65 a\u00f1os, bastante por debajo de la media espa\u00f1ola que esta en el 19% o de otras comunidades m\u00e1s envejecidas como Castilla y Le\u00f3n que est\u00e1n alrededor del 26%.<\/p>\n<p>Sin embargo, en 2020 hab\u00eda 61 centros para mayores, con un total de 5.399 camas disponibles, si lo miramos como proporci\u00f3n de camas geri\u00e1tricas por cada 100 personas mayores de 65 a\u00f1os tenemos que las Islas est\u00e1n apenas en 3 camas, cuando la OMS recomienda 5, y la media de Espa\u00f1a es de 4 plazas. Se han puesto en marcha nuevos proyectos la mayor\u00eda promovidos por el sector p\u00fablico, pero seguir\u00e1 habiendo un d\u00e9ficit de camas en los pr\u00f3ximos a\u00f1os.<\/p>\n<p>En las Islas la promoci\u00f3n y gesti\u00f3n de las camas geri\u00e1tricas ha estado promovido principalmente por el sector p\u00fablico auton\u00f3mico y municipal. Los operadores privados tienen poca presencia y b\u00e1sicamente est\u00e1n presentes a trav\u00e9s de la gesti\u00f3n de las concesiones de obras y la gesti\u00f3n de las residencias promovida por el Plan Gerontol\u00f3gico del 2004 del Gobierno Balear.<\/p>\n<p>Los <strong><span style=\"text-decoration: underline\">cinco grupos<\/span><\/strong> que est\u00e1n siendo m\u00e1s activos en esta comunidad son:<br \/>\n\u2022 Grupo DomusVi Espa\u00f1a<br \/>\n\u2022 Grupo Korian (Residencias Familiares para Mayores SL)<br \/>\n\u2022 Grupo Fontasana Senior Living<br \/>\n\u2022 Oasis S.A.<br \/>\n\u2022 Hotel Bocambilia S.A.<\/p>\n<p>Es una comunidad donde las camas geri\u00e1tricas est\u00e1n divididas de la siguiente forma:<br \/>\n&#8211; 27% Promotores privados (grupos y particulares)<br \/>\n&#8211; 6% Tercer sector<br \/>\n&#8211; 67% P\u00fablico, dividido entre:<br \/>\n12% Publico municipal<br \/>\n33% P\u00fablico auton\u00f3mico<br \/>\n22% Concesiones administrativas de obra y explotaci\u00f3n<\/p>\n<p>En esta comunidad se da la peculiaridad que el sector p\u00fablico es el que domina la titularidad de las plazas geri\u00e1tricas. El Gobierno Balear ha sido muy activo tanto en el desarrollo de los centros en r\u00e9gimen de concesi\u00f3n de obra y explotaci\u00f3n a largo plazo, sobre todo a partir del a\u00f1o 2004 donde entraron varios grupos privados en las Islas, como DomusVi y Korian.<br \/>\nActualmente el sector p\u00fablico tiene la propiedad de la mayor\u00eda de los centros geri\u00e1tricos operativos, y ante la dif\u00edcil situaci\u00f3n de d\u00e9ficit de camas en la regi\u00f3n, el Gobierno Balear conjuntamente con los ayuntamientos, que pueden aportar los solares, est\u00e1n liderando nuevas iniciativas para la creaci\u00f3n de nuevos centros para mayores.<\/p>\n<p>Desde la p\u00e1gina web del <a href=\"https:\/\/web.conselldemallorca.cat\/drets-socials\" target=\"_blank\">Departament de Drets Socials<\/a> del Consell de Mallorca, ofrecen informaci\u00f3n la dependencia y la normativa vigente en la comunidad.\u00a0 Desde el buscador y comparador <a href=\"https:\/\/www.inforesidencias.com\/particulares\">inforesidencias.com<\/a> puedes encontrar los centros para mayores, la mayor\u00eda de los cuales est\u00e1n en Mallorca y algunos en Menorca, Ibiza y Formentera:<\/p>\n<ul>\n<li>Residencias de la mayores en <a href=\"https:\/\/www.inforesidencias.com\/centros\/buscador\/residencias\/islas-baleares\/illes-balears\">Mallorca<\/a><\/li>\n<li>Residencias de la mayores en <a href=\"https:\/\/www.inforesidencias.com\/centros\/buscador\/residencias\/islas-baleares\/illes-balears\">Menorca<\/a><\/li>\n<li>Residencias de la mayores en <a href=\"https:\/\/www.inforesidencias.com\/centros\/buscador\/residencias\/islas-baleares\/illes-balears\">Ibiza\/Formentera<\/a><\/li>\n<\/ul>\n<p>Los datos que contiene este informe provienen de Inforesidencias.com, el <a href=\"http:\/\/envejecimiento.csic.es\/general\/index.html\" target=\"_blank\">portal Mayores,<\/a> datos del <a href=\"https:\/\/www.ine.es\/\">INE<\/a> 2019, \u00a0e informaci\u00f3n p\u00fablica difundida por prestigiosos medios como Alimarket.<\/p>\n<p>&nbsp;<\/p>\n","protected":false},"excerpt":{"rendered":"<p>Aunque las Islas Baleares son una de las comunidades m\u00e1s j\u00f3venes del estado, siguen sufriendo un d\u00e9ficit de camas geri\u00e1tricas desde hace bastantes a\u00f1os. El sector geroasistencial de las islas, con una media de tan solo 3 plazas por cada 100 personas de m\u00e1s de 65 a\u00f1os se encuentra bastante por debajo de la recomendaci\u00f3n de la OMS de 5 plazas, o de la media espa\u00f1ola de 4 camas. Datos b\u00e1sicos: \u2022 Poblaci\u00f3n: 1.149.460 Representa el 2% de la poblaci\u00f3n total del Estado \u2022 Poblaci\u00f3n &gt; 65 a\u00f1os: 178.644, lo cual es el 16% de la poblaci\u00f3n de Baleares \u2022 Poblaci\u00f3n &gt; 80 a\u00f1os: 49.308. Es el 4% de la poblaci\u00f3n de las islas \u2022 Centros geri\u00e1tricos operativos: 61 \u2022 Camas geri\u00e1tricas operativas: 5.399 camas \u2022 Ratio de camas por cada 100 personas mayores de 65 a\u00f1os: 3,02 (la media de Espa\u00f1a es 4,08) \u2022 Ratio de camas por cada [&hellip;]<\/p>\n","protected":false},"author":2,"featured_media":0,"comment_status":"open","ping_status":"open","sticky":false,"template":"","format":"standard","meta":{"footnotes":""},"categories":[3,5,89],"tags":[],"yoast_head":"<!-- This site is optimized with the Yoast SEO plugin v21.7 - https:\/\/yoast.com\/wordpress\/plugins\/seo\/ -->\n<title>Sector geri\u00e1trico en las Islas Baleares - Blog Inforesidencias.com<\/title>\n<meta name=\"description\" content=\"Las Islas Baleares son una de las comunidades m\u00e1s j\u00f3venes del estado, pero sufren desde hace a\u00f1os un d\u00e9ficit de camas en su sector geroasistencial\" \/>\n<meta name=\"robots\" content=\"index, follow, max-snippet:-1, max-image-preview:large, max-video-preview:-1\" \/>\n<link rel=\"canonical\" href=\"https:\/\/www.inforesidencias.com\/blog\/index.php\/2020\/09\/22\/sector-geriatrico-en-las-islas-baleares\/\" \/>\n<meta property=\"og:locale\" content=\"es_ES\" \/>\n<meta property=\"og:type\" content=\"article\" \/>\n<meta property=\"og:title\" content=\"Sector geri\u00e1trico en las Islas Baleares - Blog Inforesidencias.com\" \/>\n<meta property=\"og:description\" content=\"Las Islas Baleares son una de las comunidades m\u00e1s j\u00f3venes del estado, pero sufren desde hace a\u00f1os un d\u00e9ficit de camas en su sector geroasistencial\" \/>\n<meta property=\"og:url\" content=\"https:\/\/www.inforesidencias.com\/blog\/index.php\/2020\/09\/22\/sector-geriatrico-en-las-islas-baleares\/\" \/>\n<meta property=\"og:site_name\" content=\"Blog Inforesidencias.com\" \/>\n<meta property=\"article:publisher\" content=\"https:\/\/www.facebook.com\/Inforesidencias\/\" \/>\n<meta property=\"article:author\" content=\"https:\/\/www.facebook.com\/josep.demarti\" \/>\n<meta property=\"article:published_time\" content=\"2020-09-22T10:42:58+00:00\" \/>\n<meta property=\"article:modified_time\" content=\"2020-08-31T12:10:00+00:00\" \/>\n<meta property=\"og:image\" content=\"https:\/\/www.inforesidencias.com\/blog\/wp-content\/uploads\/2020\/08\/escudo-islas-baleares.gif\" \/>\n<meta name=\"author\" content=\"Josep de Mart\u00ed\" \/>\n<meta name=\"twitter:card\" content=\"summary_large_image\" \/>\n<meta name=\"twitter:creator\" content=\"@blog-ir\" \/>\n<meta name=\"twitter:site\" content=\"@inforesidencias\" \/>\n<meta name=\"twitter:label1\" content=\"Escrito por\" \/>\n\t<meta name=\"twitter:data1\" content=\"Josep de Mart\u00ed\" \/>\n\t<meta name=\"twitter:label2\" content=\"Tiempo de lectura\" \/>\n\t<meta name=\"twitter:data2\" content=\"3 minutos\" \/>\n<script type=\"application\/ld+json\" class=\"yoast-schema-graph\">{\"@context\":\"https:\/\/schema.org\",\"@graph\":[{\"@type\":\"WebPage\",\"@id\":\"https:\/\/www.inforesidencias.com\/blog\/index.php\/2020\/09\/22\/sector-geriatrico-en-las-islas-baleares\/\",\"url\":\"https:\/\/www.inforesidencias.com\/blog\/index.php\/2020\/09\/22\/sector-geriatrico-en-las-islas-baleares\/\",\"name\":\"Sector geri\u00e1trico en las Islas Baleares - Blog Inforesidencias.com\",\"isPartOf\":{\"@id\":\"https:\/\/www.inforesidencias.com\/blog\/#website\"},\"datePublished\":\"2020-09-22T10:42:58+00:00\",\"dateModified\":\"2020-08-31T12:10:00+00:00\",\"author\":{\"@id\":\"https:\/\/www.inforesidencias.com\/blog\/#\/schema\/person\/9e146774d1eb3bc1c0316242a3898628\"},\"description\":\"Las Islas Baleares son una de las comunidades m\u00e1s j\u00f3venes del estado, pero sufren desde hace a\u00f1os un d\u00e9ficit de camas en su sector geroasistencial\",\"breadcrumb\":{\"@id\":\"https:\/\/www.inforesidencias.com\/blog\/index.php\/2020\/09\/22\/sector-geriatrico-en-las-islas-baleares\/#breadcrumb\"},\"inLanguage\":\"es\",\"potentialAction\":[{\"@type\":\"ReadAction\",\"target\":[\"https:\/\/www.inforesidencias.com\/blog\/index.php\/2020\/09\/22\/sector-geriatrico-en-las-islas-baleares\/\"]}]},{\"@type\":\"BreadcrumbList\",\"@id\":\"https:\/\/www.inforesidencias.com\/blog\/index.php\/2020\/09\/22\/sector-geriatrico-en-las-islas-baleares\/#breadcrumb\",\"itemListElement\":[{\"@type\":\"ListItem\",\"position\":1,\"name\":\"Home\",\"item\":\"https:\/\/www.inforesidencias.com\/blog\/\"},{\"@type\":\"ListItem\",\"position\":2,\"name\":\"Sector geri\u00e1trico en las Islas Baleares\"}]},{\"@type\":\"WebSite\",\"@id\":\"https:\/\/www.inforesidencias.com\/blog\/#website\",\"url\":\"https:\/\/www.inforesidencias.com\/blog\/\",\"name\":\"Blog Inforesidencias.com\",\"description\":\"El buscador de residencias de la 3\u00aa edad\",\"potentialAction\":[{\"@type\":\"SearchAction\",\"target\":{\"@type\":\"EntryPoint\",\"urlTemplate\":\"https:\/\/www.inforesidencias.com\/blog\/?s={search_term_string}\"},\"query-input\":\"required name=search_term_string\"}],\"inLanguage\":\"es\"},{\"@type\":\"Person\",\"@id\":\"https:\/\/www.inforesidencias.com\/blog\/#\/schema\/person\/9e146774d1eb3bc1c0316242a3898628\",\"name\":\"Josep de Mart\u00ed\",\"image\":{\"@type\":\"ImageObject\",\"inLanguage\":\"es\",\"@id\":\"https:\/\/www.inforesidencias.com\/blog\/#\/schema\/person\/image\/\",\"url\":\"https:\/\/secure.gravatar.com\/avatar\/de0302c4806c00c4cebff396a798c1ff?s=96&d=mm&r=g\",\"contentUrl\":\"https:\/\/secure.gravatar.com\/avatar\/de0302c4806c00c4cebff396a798c1ff?s=96&d=mm&r=g\",\"caption\":\"Josep de Mart\u00ed\"},\"sameAs\":[\"https:\/\/www.inforesidencias.com\",\"https:\/\/www.facebook.com\/josep.demarti\",\"https:\/\/twitter.com\/blog-ir\"],\"url\":\"https:\/\/www.inforesidencias.com\/blog\/index.php\/author\/josepdemarti\/\"}]}<\/script>\n<!-- \/ Yoast SEO plugin. -->","yoast_head_json":{"title":"Sector geri\u00e1trico en las Islas Baleares - Blog Inforesidencias.com","description":"Las Islas Baleares son una de las comunidades m\u00e1s j\u00f3venes del estado, pero sufren desde hace a\u00f1os un d\u00e9ficit de camas en su sector geroasistencial","robots":{"index":"index","follow":"follow","max-snippet":"max-snippet:-1","max-image-preview":"max-image-preview:large","max-video-preview":"max-video-preview:-1"},"canonical":"https:\/\/www.inforesidencias.com\/blog\/index.php\/2020\/09\/22\/sector-geriatrico-en-las-islas-baleares\/","og_locale":"es_ES","og_type":"article","og_title":"Sector geri\u00e1trico en las Islas Baleares - Blog Inforesidencias.com","og_description":"Las Islas Baleares son una de las comunidades m\u00e1s j\u00f3venes del estado, pero sufren desde hace a\u00f1os un d\u00e9ficit de camas en su sector geroasistencial","og_url":"https:\/\/www.inforesidencias.com\/blog\/index.php\/2020\/09\/22\/sector-geriatrico-en-las-islas-baleares\/","og_site_name":"Blog Inforesidencias.com","article_publisher":"https:\/\/www.facebook.com\/Inforesidencias\/","article_author":"https:\/\/www.facebook.com\/josep.demarti","article_published_time":"2020-09-22T10:42:58+00:00","article_modified_time":"2020-08-31T12:10:00+00:00","og_image":[{"url":"https:\/\/www.inforesidencias.com\/blog\/wp-content\/uploads\/2020\/08\/escudo-islas-baleares.gif"}],"author":"Josep de Mart\u00ed","twitter_card":"summary_large_image","twitter_creator":"@blog-ir","twitter_site":"@inforesidencias","twitter_misc":{"Escrito por":"Josep de Mart\u00ed","Tiempo de lectura":"3 minutos"},"schema":{"@context":"https:\/\/schema.org","@graph":[{"@type":"WebPage","@id":"https:\/\/www.inforesidencias.com\/blog\/index.php\/2020\/09\/22\/sector-geriatrico-en-las-islas-baleares\/","url":"https:\/\/www.inforesidencias.com\/blog\/index.php\/2020\/09\/22\/sector-geriatrico-en-las-islas-baleares\/","name":"Sector geri\u00e1trico en las Islas Baleares - Blog Inforesidencias.com","isPartOf":{"@id":"https:\/\/www.inforesidencias.com\/blog\/#website"},"datePublished":"2020-09-22T10:42:58+00:00","dateModified":"2020-08-31T12:10:00+00:00","author":{"@id":"https:\/\/www.inforesidencias.com\/blog\/#\/schema\/person\/9e146774d1eb3bc1c0316242a3898628"},"description":"Las Islas Baleares son una de las comunidades m\u00e1s j\u00f3venes del estado, pero sufren desde hace a\u00f1os un d\u00e9ficit de camas en su sector geroasistencial","breadcrumb":{"@id":"https:\/\/www.inforesidencias.com\/blog\/index.php\/2020\/09\/22\/sector-geriatrico-en-las-islas-baleares\/#breadcrumb"},"inLanguage":"es","potentialAction":[{"@type":"ReadAction","target":["https:\/\/www.inforesidencias.com\/blog\/index.php\/2020\/09\/22\/sector-geriatrico-en-las-islas-baleares\/"]}]},{"@type":"BreadcrumbList","@id":"https:\/\/www.inforesidencias.com\/blog\/index.php\/2020\/09\/22\/sector-geriatrico-en-las-islas-baleares\/#breadcrumb","itemListElement":[{"@type":"ListItem","position":1,"name":"Home","item":"https:\/\/www.inforesidencias.com\/blog\/"},{"@type":"ListItem","position":2,"name":"Sector geri\u00e1trico en las Islas Baleares"}]},{"@type":"WebSite","@id":"https:\/\/www.inforesidencias.com\/blog\/#website","url":"https:\/\/www.inforesidencias.com\/blog\/","name":"Blog Inforesidencias.com","description":"El buscador de residencias de la 3\u00aa edad","potentialAction":[{"@type":"SearchAction","target":{"@type":"EntryPoint","urlTemplate":"https:\/\/www.inforesidencias.com\/blog\/?s={search_term_string}"},"query-input":"required name=search_term_string"}],"inLanguage":"es"},{"@type":"Person","@id":"https:\/\/www.inforesidencias.com\/blog\/#\/schema\/person\/9e146774d1eb3bc1c0316242a3898628","name":"Josep de Mart\u00ed","image":{"@type":"ImageObject","inLanguage":"es","@id":"https:\/\/www.inforesidencias.com\/blog\/#\/schema\/person\/image\/","url":"https:\/\/secure.gravatar.com\/avatar\/de0302c4806c00c4cebff396a798c1ff?s=96&d=mm&r=g","contentUrl":"https:\/\/secure.gravatar.com\/avatar\/de0302c4806c00c4cebff396a798c1ff?s=96&d=mm&r=g","caption":"Josep de Mart\u00ed"},"sameAs":["https:\/\/www.inforesidencias.com","https:\/\/www.facebook.com\/josep.demarti","https:\/\/twitter.com\/blog-ir"],"url":"https:\/\/www.inforesidencias.com\/blog\/index.php\/author\/josepdemarti\/"}]}},"_links":{"self":[{"href":"https:\/\/www.inforesidencias.com\/blog\/index.php\/wp-json\/wp\/v2\/posts\/3516"}],"collection":[{"href":"https:\/\/www.inforesidencias.com\/blog\/index.php\/wp-json\/wp\/v2\/posts"}],"about":[{"href":"https:\/\/www.inforesidencias.com\/blog\/index.php\/wp-json\/wp\/v2\/types\/post"}],"author":[{"embeddable":true,"href":"https:\/\/www.inforesidencias.com\/blog\/index.php\/wp-json\/wp\/v2\/users\/2"}],"replies":[{"embeddable":true,"href":"https:\/\/www.inforesidencias.com\/blog\/index.php\/wp-json\/wp\/v2\/comments?post=3516"}],"version-history":[{"count":5,"href":"https:\/\/www.inforesidencias.com\/blog\/index.php\/wp-json\/wp\/v2\/posts\/3516\/revisions"}],"predecessor-version":[{"id":3523,"href":"https:\/\/www.inforesidencias.com\/blog\/index.php\/wp-json\/wp\/v2\/posts\/3516\/revisions\/3523"}],"wp:attachment":[{"href":"https:\/\/www.inforesidencias.com\/blog\/index.php\/wp-json\/wp\/v2\/media?parent=3516"}],"wp:term":[{"taxonomy":"category","embeddable":true,"href":"https:\/\/www.inforesidencias.com\/blog\/index.php\/wp-json\/wp\/v2\/categories?post=3516"},{"taxonomy":"post_tag","embeddable":true,"href":"https:\/\/www.inforesidencias.com\/blog\/index.php\/wp-json\/wp\/v2\/tags?post=3516"}],"curies":[{"name":"wp","href":"https:\/\/api.w.org\/{rel}","templated":true}]}}