{"id":3547,"date":"2020-10-20T11:44:25","date_gmt":"2020-10-20T11:44:25","guid":{"rendered":"https:\/\/www.inforesidencias.com\/blog\/?p=3547"},"modified":"2020-08-31T12:11:24","modified_gmt":"2020-08-31T12:11:24","slug":"sector-geriatrico-en-navarra","status":"publish","type":"post","link":"https:\/\/www.inforesidencias.com\/blog\/index.php\/2020\/10\/20\/sector-geriatrico-en-navarra\/","title":{"rendered":"Sector geri\u00e1trico en Navarra"},"content":{"rendered":"<p><a href=\"https:\/\/www.inforesidencias.com\/blog\/wp-content\/uploads\/2020\/08\/EscudodeNavarra.jpg\"><img decoding=\"async\" loading=\"lazy\" class=\"alignleft size-full wp-image-3549\" src=\"https:\/\/www.inforesidencias.com\/blog\/wp-content\/uploads\/2020\/08\/EscudodeNavarra.jpg\" alt=\"EscudodeNavarra\" width=\"214\" height=\"398\" \/><\/a>Navarra es una de las comunidades donde la cantidad de plazas en <strong>residencias para la tercera edad<\/strong> est\u00e1 acorde con las necesidades de su poblaci\u00f3n, adem\u00e1s de tener proyectos en marcha para los pr\u00f3ximos a\u00f1os.<\/p>\n<p><span style=\"text-decoration: underline\"><strong>Datos b\u00e1sicos:<\/strong><\/span><br \/>\n\u2022 Poblaci\u00f3n: 654.214. Representa el 1% de la poblaci\u00f3n total del Estado<br \/>\n\u2022 Poblaci\u00f3n &gt; 65 a\u00f1os: 128.391, lo cual es el 20% de la poblaci\u00f3n de Navarra<br \/>\n\u2022 Poblaci\u00f3n &gt; 80 a\u00f1os: 41.367. Es el 6% de la poblaci\u00f3n de Navarra<br \/>\n\u2022 Centros geri\u00e1tricos operativos: 87<br \/>\n\u2022 Camas geri\u00e1tricas operativas: 6.410 camas<br \/>\n\u2022 Ratio de camas por cada 100 personas mayores de 65 a\u00f1os: 4,91 (la media de Espa\u00f1a es 4,08)<br \/>\n\u2022 Ratio de camas por cada 100 personas mayores de 80 a\u00f1os: 15,25 (la media de Espa\u00f1a es 12,09)<\/p>\n<p>&nbsp;<\/p>\n<p><strong><span style=\"text-decoration: underline\">Algunos detalles del sector:<\/span><\/strong><\/p>\n<p>Navarra solo representa el 1% de la poblaci\u00f3n del estado, y\u00a0tiene\u00a0un 20% de los mismos mayores de 65 a\u00f1os, es decir un nivel de envejecimiento algo por encima de la media espa\u00f1ola que es del 19%. Con casi 5 de camas geri\u00e1tricas por cada 100 habitantes de m\u00e1s de 65 a\u00f1os Navarra es una comunidad donde las <strong>residencias para de la tercera edad est\u00e1n bien representadas<\/strong> y que est\u00e1 en l\u00ednea con la media europea recomendada, se puede decir que tiene un sector geri\u00e1trico acorde con las necesidades actuales de su poblaci\u00f3n.<\/p>\n<p>Con 87 centros de mayores en el a\u00f1o 2020 y un total de 6.310 camas disponibles, y con bastantes proyectos en marcha que sumar\u00edan otras casi 600 camas a las actuales Navarra seguir\u00e1 siendo de las comunidades aut\u00f3nomas con mayor proporci\u00f3n de camas para mayores del estado.<\/p>\n<p>En Navarra la gesti\u00f3n de las\u00a0residencias para la tercera edad y otros centros esta dominado por el tercer sector (41%) y los promotores privados (35%) y el 24% restante son titularidad p\u00fablica. Entre los cinco grupos m\u00e1s activos en esta comunidad uno de los principales gestores de servicios geri\u00e1tricos corresponden precisamente al Tercer sector, con la Fundaci\u00f3n Casa Misericordia de Pamplona, con un centro de 550 plazas, y m\u00e1s de 300 a\u00f1os de historia.<\/p>\n<p>Las<strong> plazas geri\u00e1tricas<\/strong> est\u00e1n divididas de la siguiente forma:<br \/>\n&#8211; 41% Tercer Sector<br \/>\n&#8211; 35% Promotores privados (grupos y particulares)<br \/>\n&#8211; 24% P\u00fablico, dividido entre:<br \/>\n16% Publico municipal<br \/>\n8% P\u00fablico auton\u00f3mico<\/p>\n<p>Los <strong>cinco grupos<\/strong> que est\u00e1n siendo m\u00e1s activos en esta comunidad\u00a0con residencias para la tercera edad son:<br \/>\n\u2022 Grupo Amavir<br \/>\n\u2022 Fundaci\u00f3n Casa Misericordia Pamplona<br \/>\n\u2022 Gesti\u00f3n Asistencial S.A.<br \/>\n\u2022 Seresgerna S.A.<br \/>\n\u2022 Idea Servicios Socio Sanitarios SL<\/p>\n<p>Como hecho diferencial, los nuevos proyectos vienen promovidos por promotores privados, con DomusVI, Clece y Amavir invirtiendo en nuevas residencias para mayores, y adem\u00e1s, concesiones administrativas de obra y explotaci\u00f3n que no se hab\u00edan dado hasta ahora.<\/p>\n<p>Desde la p\u00e1gina web del Departamento de Asuntos Sociales del <a href=\"https:\/\/www.navarra.es\/home_es\/Temas\/Asuntos+sociales\/Dependencia\/\">Gobierno de Navarra<\/a> ofrecen informaci\u00f3n sobre la dependencia y la normativa vigente en la comunidad.\u00a0 Desde el buscador y comparador <a href=\"https:\/\/www.inforesidencias.com\/particulares\">inforesidencias.com<\/a> puedes encontrar todas las:<\/p>\n<ul>\n<li>Residencias para la tercera edad\u00a0en <a href=\"https:\/\/www.inforesidencias.com\/centros\/buscador\/residencias\/navarra\">Navarra<\/a><\/li>\n<\/ul>\n<p>Los datos que contiene este informe provienen de Inforesidencias.com, el <a href=\"http:\/\/envejecimiento.csic.es\/general\/index.html\">portal Mayores<\/a>, datos del <a href=\"https:\/\/www.ine.es\/\">INE<\/a> 2019, \u00a0e informaci\u00f3n p\u00fablica difundida por prestigiosos medios como Alimarket.<\/p>\n<p>Anna Cebri\u00e1n<br \/>\nJunio 2020<\/p>\n","protected":false},"excerpt":{"rendered":"<p>Navarra es una de las comunidades donde la cantidad de plazas en residencias para la tercera edad est\u00e1 acorde con las necesidades de su poblaci\u00f3n, adem\u00e1s de tener proyectos en marcha para los pr\u00f3ximos a\u00f1os. Datos b\u00e1sicos: \u2022 Poblaci\u00f3n: 654.214. Representa el 1% de la poblaci\u00f3n total del Estado \u2022 Poblaci\u00f3n &gt; 65 a\u00f1os: 128.391, lo cual es el 20% de la poblaci\u00f3n de Navarra \u2022 Poblaci\u00f3n &gt; 80 a\u00f1os: 41.367. Es el 6% de la poblaci\u00f3n de Navarra \u2022 Centros geri\u00e1tricos operativos: 87 \u2022 Camas geri\u00e1tricas operativas: 6.410 camas \u2022 Ratio de camas por cada 100 personas mayores de 65 a\u00f1os: 4,91 (la media de Espa\u00f1a es 4,08) \u2022 Ratio de camas por cada 100 personas mayores de 80 a\u00f1os: 15,25 (la media de Espa\u00f1a es 12,09) &nbsp; Algunos detalles del sector: Navarra solo representa el 1% de la poblaci\u00f3n del estado, y\u00a0tiene\u00a0un 20% de los mismos mayores de [&hellip;]<\/p>\n","protected":false},"author":2,"featured_media":0,"comment_status":"open","ping_status":"open","sticky":false,"template":"","format":"standard","meta":{"footnotes":""},"categories":[3,5,89],"tags":[],"yoast_head":"<!-- This site is optimized with the Yoast SEO plugin v21.7 - https:\/\/yoast.com\/wordpress\/plugins\/seo\/ -->\n<title>Sector geri\u00e1trico en Navarra - Blog Inforesidencias.com<\/title>\n<meta name=\"description\" content=\"En Navarra la cantidad de plazas en residencias para la tercera edad est\u00e1 acorde con las necesidades de su poblaci\u00f3n actual.\" \/>\n<meta name=\"robots\" content=\"index, follow, max-snippet:-1, max-image-preview:large, max-video-preview:-1\" \/>\n<link rel=\"canonical\" href=\"https:\/\/www.inforesidencias.com\/blog\/index.php\/2020\/10\/20\/sector-geriatrico-en-navarra\/\" \/>\n<meta property=\"og:locale\" content=\"es_ES\" \/>\n<meta property=\"og:type\" content=\"article\" \/>\n<meta property=\"og:title\" content=\"Sector geri\u00e1trico en Navarra - Blog Inforesidencias.com\" \/>\n<meta property=\"og:description\" content=\"En Navarra la cantidad de plazas en residencias para la tercera edad est\u00e1 acorde con las necesidades de su poblaci\u00f3n actual.\" \/>\n<meta property=\"og:url\" content=\"https:\/\/www.inforesidencias.com\/blog\/index.php\/2020\/10\/20\/sector-geriatrico-en-navarra\/\" \/>\n<meta property=\"og:site_name\" content=\"Blog Inforesidencias.com\" \/>\n<meta property=\"article:publisher\" content=\"https:\/\/www.facebook.com\/Inforesidencias\/\" \/>\n<meta property=\"article:author\" content=\"https:\/\/www.facebook.com\/josep.demarti\" \/>\n<meta property=\"article:published_time\" content=\"2020-10-20T11:44:25+00:00\" \/>\n<meta property=\"article:modified_time\" content=\"2020-08-31T12:11:24+00:00\" \/>\n<meta property=\"og:image\" content=\"https:\/\/www.inforesidencias.com\/blog\/wp-content\/uploads\/2020\/08\/EscudodeNavarra.jpg\" \/>\n<meta name=\"author\" content=\"Josep de Mart\u00ed\" \/>\n<meta name=\"twitter:card\" content=\"summary_large_image\" \/>\n<meta name=\"twitter:creator\" content=\"@blog-ir\" \/>\n<meta name=\"twitter:site\" content=\"@inforesidencias\" \/>\n<meta name=\"twitter:label1\" content=\"Escrito por\" \/>\n\t<meta name=\"twitter:data1\" content=\"Josep de Mart\u00ed\" \/>\n\t<meta name=\"twitter:label2\" content=\"Tiempo de lectura\" \/>\n\t<meta name=\"twitter:data2\" content=\"3 minutos\" \/>\n<script type=\"application\/ld+json\" class=\"yoast-schema-graph\">{\"@context\":\"https:\/\/schema.org\",\"@graph\":[{\"@type\":\"WebPage\",\"@id\":\"https:\/\/www.inforesidencias.com\/blog\/index.php\/2020\/10\/20\/sector-geriatrico-en-navarra\/\",\"url\":\"https:\/\/www.inforesidencias.com\/blog\/index.php\/2020\/10\/20\/sector-geriatrico-en-navarra\/\",\"name\":\"Sector geri\u00e1trico en Navarra - Blog Inforesidencias.com\",\"isPartOf\":{\"@id\":\"https:\/\/www.inforesidencias.com\/blog\/#website\"},\"datePublished\":\"2020-10-20T11:44:25+00:00\",\"dateModified\":\"2020-08-31T12:11:24+00:00\",\"author\":{\"@id\":\"https:\/\/www.inforesidencias.com\/blog\/#\/schema\/person\/9e146774d1eb3bc1c0316242a3898628\"},\"description\":\"En Navarra la cantidad de plazas en residencias para la tercera edad est\u00e1 acorde con las necesidades de su poblaci\u00f3n actual.\",\"breadcrumb\":{\"@id\":\"https:\/\/www.inforesidencias.com\/blog\/index.php\/2020\/10\/20\/sector-geriatrico-en-navarra\/#breadcrumb\"},\"inLanguage\":\"es\",\"potentialAction\":[{\"@type\":\"ReadAction\",\"target\":[\"https:\/\/www.inforesidencias.com\/blog\/index.php\/2020\/10\/20\/sector-geriatrico-en-navarra\/\"]}]},{\"@type\":\"BreadcrumbList\",\"@id\":\"https:\/\/www.inforesidencias.com\/blog\/index.php\/2020\/10\/20\/sector-geriatrico-en-navarra\/#breadcrumb\",\"itemListElement\":[{\"@type\":\"ListItem\",\"position\":1,\"name\":\"Home\",\"item\":\"https:\/\/www.inforesidencias.com\/blog\/\"},{\"@type\":\"ListItem\",\"position\":2,\"name\":\"Sector geri\u00e1trico en Navarra\"}]},{\"@type\":\"WebSite\",\"@id\":\"https:\/\/www.inforesidencias.com\/blog\/#website\",\"url\":\"https:\/\/www.inforesidencias.com\/blog\/\",\"name\":\"Blog Inforesidencias.com\",\"description\":\"El buscador de residencias de la 3\u00aa edad\",\"potentialAction\":[{\"@type\":\"SearchAction\",\"target\":{\"@type\":\"EntryPoint\",\"urlTemplate\":\"https:\/\/www.inforesidencias.com\/blog\/?s={search_term_string}\"},\"query-input\":\"required name=search_term_string\"}],\"inLanguage\":\"es\"},{\"@type\":\"Person\",\"@id\":\"https:\/\/www.inforesidencias.com\/blog\/#\/schema\/person\/9e146774d1eb3bc1c0316242a3898628\",\"name\":\"Josep de Mart\u00ed\",\"image\":{\"@type\":\"ImageObject\",\"inLanguage\":\"es\",\"@id\":\"https:\/\/www.inforesidencias.com\/blog\/#\/schema\/person\/image\/\",\"url\":\"https:\/\/secure.gravatar.com\/avatar\/de0302c4806c00c4cebff396a798c1ff?s=96&d=mm&r=g\",\"contentUrl\":\"https:\/\/secure.gravatar.com\/avatar\/de0302c4806c00c4cebff396a798c1ff?s=96&d=mm&r=g\",\"caption\":\"Josep de Mart\u00ed\"},\"sameAs\":[\"https:\/\/www.inforesidencias.com\",\"https:\/\/www.facebook.com\/josep.demarti\",\"https:\/\/twitter.com\/blog-ir\"],\"url\":\"https:\/\/www.inforesidencias.com\/blog\/index.php\/author\/josepdemarti\/\"}]}<\/script>\n<!-- \/ Yoast SEO plugin. -->","yoast_head_json":{"title":"Sector geri\u00e1trico en Navarra - Blog Inforesidencias.com","description":"En Navarra la cantidad de plazas en residencias para la tercera edad est\u00e1 acorde con las necesidades de su poblaci\u00f3n actual.","robots":{"index":"index","follow":"follow","max-snippet":"max-snippet:-1","max-image-preview":"max-image-preview:large","max-video-preview":"max-video-preview:-1"},"canonical":"https:\/\/www.inforesidencias.com\/blog\/index.php\/2020\/10\/20\/sector-geriatrico-en-navarra\/","og_locale":"es_ES","og_type":"article","og_title":"Sector geri\u00e1trico en Navarra - Blog Inforesidencias.com","og_description":"En Navarra la cantidad de plazas en residencias para la tercera edad est\u00e1 acorde con las necesidades de su poblaci\u00f3n actual.","og_url":"https:\/\/www.inforesidencias.com\/blog\/index.php\/2020\/10\/20\/sector-geriatrico-en-navarra\/","og_site_name":"Blog Inforesidencias.com","article_publisher":"https:\/\/www.facebook.com\/Inforesidencias\/","article_author":"https:\/\/www.facebook.com\/josep.demarti","article_published_time":"2020-10-20T11:44:25+00:00","article_modified_time":"2020-08-31T12:11:24+00:00","og_image":[{"url":"https:\/\/www.inforesidencias.com\/blog\/wp-content\/uploads\/2020\/08\/EscudodeNavarra.jpg"}],"author":"Josep de Mart\u00ed","twitter_card":"summary_large_image","twitter_creator":"@blog-ir","twitter_site":"@inforesidencias","twitter_misc":{"Escrito por":"Josep de Mart\u00ed","Tiempo de lectura":"3 minutos"},"schema":{"@context":"https:\/\/schema.org","@graph":[{"@type":"WebPage","@id":"https:\/\/www.inforesidencias.com\/blog\/index.php\/2020\/10\/20\/sector-geriatrico-en-navarra\/","url":"https:\/\/www.inforesidencias.com\/blog\/index.php\/2020\/10\/20\/sector-geriatrico-en-navarra\/","name":"Sector geri\u00e1trico en Navarra - Blog Inforesidencias.com","isPartOf":{"@id":"https:\/\/www.inforesidencias.com\/blog\/#website"},"datePublished":"2020-10-20T11:44:25+00:00","dateModified":"2020-08-31T12:11:24+00:00","author":{"@id":"https:\/\/www.inforesidencias.com\/blog\/#\/schema\/person\/9e146774d1eb3bc1c0316242a3898628"},"description":"En Navarra la cantidad de plazas en residencias para la tercera edad est\u00e1 acorde con las necesidades de su poblaci\u00f3n actual.","breadcrumb":{"@id":"https:\/\/www.inforesidencias.com\/blog\/index.php\/2020\/10\/20\/sector-geriatrico-en-navarra\/#breadcrumb"},"inLanguage":"es","potentialAction":[{"@type":"ReadAction","target":["https:\/\/www.inforesidencias.com\/blog\/index.php\/2020\/10\/20\/sector-geriatrico-en-navarra\/"]}]},{"@type":"BreadcrumbList","@id":"https:\/\/www.inforesidencias.com\/blog\/index.php\/2020\/10\/20\/sector-geriatrico-en-navarra\/#breadcrumb","itemListElement":[{"@type":"ListItem","position":1,"name":"Home","item":"https:\/\/www.inforesidencias.com\/blog\/"},{"@type":"ListItem","position":2,"name":"Sector geri\u00e1trico en Navarra"}]},{"@type":"WebSite","@id":"https:\/\/www.inforesidencias.com\/blog\/#website","url":"https:\/\/www.inforesidencias.com\/blog\/","name":"Blog Inforesidencias.com","description":"El buscador de residencias de la 3\u00aa edad","potentialAction":[{"@type":"SearchAction","target":{"@type":"EntryPoint","urlTemplate":"https:\/\/www.inforesidencias.com\/blog\/?s={search_term_string}"},"query-input":"required name=search_term_string"}],"inLanguage":"es"},{"@type":"Person","@id":"https:\/\/www.inforesidencias.com\/blog\/#\/schema\/person\/9e146774d1eb3bc1c0316242a3898628","name":"Josep de Mart\u00ed","image":{"@type":"ImageObject","inLanguage":"es","@id":"https:\/\/www.inforesidencias.com\/blog\/#\/schema\/person\/image\/","url":"https:\/\/secure.gravatar.com\/avatar\/de0302c4806c00c4cebff396a798c1ff?s=96&d=mm&r=g","contentUrl":"https:\/\/secure.gravatar.com\/avatar\/de0302c4806c00c4cebff396a798c1ff?s=96&d=mm&r=g","caption":"Josep de Mart\u00ed"},"sameAs":["https:\/\/www.inforesidencias.com","https:\/\/www.facebook.com\/josep.demarti","https:\/\/twitter.com\/blog-ir"],"url":"https:\/\/www.inforesidencias.com\/blog\/index.php\/author\/josepdemarti\/"}]}},"_links":{"self":[{"href":"https:\/\/www.inforesidencias.com\/blog\/index.php\/wp-json\/wp\/v2\/posts\/3547"}],"collection":[{"href":"https:\/\/www.inforesidencias.com\/blog\/index.php\/wp-json\/wp\/v2\/posts"}],"about":[{"href":"https:\/\/www.inforesidencias.com\/blog\/index.php\/wp-json\/wp\/v2\/types\/post"}],"author":[{"embeddable":true,"href":"https:\/\/www.inforesidencias.com\/blog\/index.php\/wp-json\/wp\/v2\/users\/2"}],"replies":[{"embeddable":true,"href":"https:\/\/www.inforesidencias.com\/blog\/index.php\/wp-json\/wp\/v2\/comments?post=3547"}],"version-history":[{"count":3,"href":"https:\/\/www.inforesidencias.com\/blog\/index.php\/wp-json\/wp\/v2\/posts\/3547\/revisions"}],"predecessor-version":[{"id":3551,"href":"https:\/\/www.inforesidencias.com\/blog\/index.php\/wp-json\/wp\/v2\/posts\/3547\/revisions\/3551"}],"wp:attachment":[{"href":"https:\/\/www.inforesidencias.com\/blog\/index.php\/wp-json\/wp\/v2\/media?parent=3547"}],"wp:term":[{"taxonomy":"category","embeddable":true,"href":"https:\/\/www.inforesidencias.com\/blog\/index.php\/wp-json\/wp\/v2\/categories?post=3547"},{"taxonomy":"post_tag","embeddable":true,"href":"https:\/\/www.inforesidencias.com\/blog\/index.php\/wp-json\/wp\/v2\/tags?post=3547"}],"curies":[{"name":"wp","href":"https:\/\/api.w.org\/{rel}","templated":true}]}}