{"id":3552,"date":"2020-09-15T12:05:48","date_gmt":"2020-09-15T12:05:48","guid":{"rendered":"https:\/\/www.inforesidencias.com\/blog\/?p=3552"},"modified":"2020-08-31T12:09:29","modified_gmt":"2020-08-31T12:09:29","slug":"sector-geriatrico-de-la-comunidad-valencianavalencia","status":"publish","type":"post","link":"https:\/\/www.inforesidencias.com\/blog\/index.php\/2020\/09\/15\/sector-geriatrico-de-la-comunidad-valencianavalencia\/","title":{"rendered":"Sector geri\u00e1trico de la Comunidad Valenciana\/Valencia"},"content":{"rendered":"<p><a href=\"https:\/\/www.inforesidencias.com\/blog\/wp-content\/uploads\/2020\/08\/236px-Escudo_de_Valencia.png\"><img decoding=\"async\" loading=\"lazy\" class=\"alignleft size-full wp-image-3555\" src=\"https:\/\/www.inforesidencias.com\/blog\/wp-content\/uploads\/2020\/08\/236px-Escudo_de_Valencia.png\" alt=\"236px-Escudo_de_Valencia\" width=\"236\" height=\"240\" \/><\/a>La Comunidad Valenciana es una de las comunidades aut\u00f3nomas que actualmente <strong>cuenta con pocas opciones de centros para personas mayores<\/strong> que requieren una residencia o un centro de d\u00eda en comparaci\u00f3n con el resto de comunidades del estado<\/p>\n<p><span style=\"text-decoration: underline\"><strong>Datos b\u00e1sicos de la Comunidad Valenciana:<\/strong><\/span><br \/>\n\u2022 Poblaci\u00f3n: 5.003.769. Representa el 11% de la poblaci\u00f3n total del Estado<br \/>\n\u2022 Poblaci\u00f3n &gt; 65 a\u00f1os: 963.874. Es el 19% de la poblaci\u00f3n de la Comunidad Valenciana<br \/>\n\u2022 Poblaci\u00f3n &gt; 80 a\u00f1os: 279.622. Es el 6% de la poblaci\u00f3n de la Comunidad Valenciana<br \/>\n\u2022 Centros geri\u00e1tricos operativos: 349<br \/>\n\u2022 Camas geri\u00e1tricas operativas: 28.901 camas<br \/>\n\u2022 Ratio de camas por cada 100 personas mayores de 65 a\u00f1os: 3 (la media de Espa\u00f1a es 4,08)<br \/>\n\u2022 Ratio de camas por cada 100 personas mayores de 80 a\u00f1os: 10,34 (la media de Espa\u00f1a es 12,09)<\/p>\n<p><strong>Algunos datos del sector geri\u00e1trico:<\/strong><br \/>\nLa Comunidad Valenciana es una de las comunidades aut\u00f3nomas <strong>con m\u00e1s carencia de centros para personas mayores<\/strong>, con 1 persona de cada 5 mayor de 65 a\u00f1os y 1 de cada 17 mayor de 80 a\u00f1os es una comunidad que est\u00e1 en la media del estado en cuanto a edad de la poblaci\u00f3n, es decir, todav\u00eda no es de las m\u00e1s envejecidas. Sin embargo, es de las comunidades con menor proporci\u00f3n de plazas geri\u00e1tricas por n\u00famero de habitantes. Con una ratio de 3 camas por cada 100 mayores de 65 a\u00f1os esta bastante por debajo de la media europea recomendada de cinco.<\/p>\n<p><strong>En 2020 hab\u00eda 349 centros para personas mayores en la comunidad<\/strong>, con un total de casi 29.000 camas disponibles, aunque existen bastantes proyectos en marcha que sumar\u00edan otras casi 2.500 camas a las actuales, sigue siendo un n\u00famero de camas insuficiente para cubrir las necesidades que requerir\u00e1 su poblaci\u00f3n en los pr\u00f3ximos a\u00f1os.<\/p>\n<p>En los \u00faltimos 3 a\u00f1os se han producido<strong> bastantes inversiones<\/strong> de capital franc\u00e9s que han ido adquiriendo residencias para mayores, por ejemplo el grupo franc\u00e9s Colis\u00e9e con la compra en 2018 de La Saleta Care, con una gran inversi\u00f3n en centros geri\u00e1tricos y centros de d\u00eda en b\u00e1sicamente las provincias de Valencia y Alicante,\u00a0 tanto a trav\u00e9s de compras y ampliaciones de residencias existentes, como en la creaci\u00f3n de nuevas residencias. Otros dos grupos franceses tambi\u00e9n est\u00e1n siendo muy activos en esta comunidad, como Vivalto Vie, con la compra de Gero Residenciales, as\u00ed como los grupos Solimar y DomusVi Espa\u00f1a con m\u00e1s de 15 residencias en esta comunidad. Grupos locales y estatales tambi\u00e9n est\u00e1n siendo activos como Savia, Ballesol y Gesmed.<\/p>\n<p>Los <strong>cinco grupos<\/strong> que est\u00e1n siendo m\u00e1s activos en esta comunidad son:<br \/>\n\u2022 Grupo Colis\u00e9e Espa\u00f1a<br \/>\n\u2022 Centros Residenciales Savia SL<br \/>\n\u2022 Grupo DomusVi Espa\u00f1a<br \/>\n\u2022 Grupo Ballesol<br \/>\n\u2022 Gesti\u00f3 Socio Sanitaria al Mediterrani SL (GESMED)<\/p>\n<p>Es una comunidad donde los <strong>centros para personas mayores est\u00e1n divididas de la siguiente forma:<\/strong><br \/>\n&#8211; 42% Promotores privados (grupos y particulares)<br \/>\n&#8211; 19% Tercer sector<br \/>\n&#8211; 39% P\u00fablico, dividido entre:<br \/>\n5% Publico municipal<br \/>\n13% P\u00fablico auton\u00f3mico<br \/>\n1% P\u00fablico diputaciones<br \/>\n20% Concesiones administrativas de obra y explotaci\u00f3n<\/p>\n<p>Aprovechando el excelente\u00a0clima del litoral valenciano est\u00e1n surgiendo <strong>nuevas ideas<\/strong> desde el sector inmobiliario y posibles modelos futuros de <strong>\u201cresorts para mayores\u201d<\/strong>, con la idea de crear viviendas adaptadas a la necesidades de la tercera edad y no solo centros para mayores, ubicadas en zonas de la costa.<\/p>\n<p>Desde la p\u00e1gina web de la <a href=\"http:\/\/www.inclusio.gva.es\/es\/web\/s.sociales\/asset_publisher\/-\/asset_publisher\/L4IPjs2cNIzJ\/content\/residencias-y-centros-de-mayores;jsessionid=39FEC2DE080A836CB8A9501652F33B2A\">Generalitat Valenciana<\/a> ofrecen informaci\u00f3n sobre residencias y centros de d\u00eda y las ayudas a la dependencia.\u00a0 Desde el buscador y comparador inforesidencias.com puedes encontrar todas las:<\/p>\n<ul>\n<li>Residencias de 3\u00aa edad en <a href=\"https:\/\/www.inforesidencias.com\/centros\/buscador\/residencias\/valencia\/valencia-valencia\">Valencia<\/a><\/li>\n<li>Residencias de 3\u00aa edad en <a href=\"https:\/\/www.inforesidencias.com\/centros\/buscador\/residencias\/valencia\/alicante-alacant\">Alicante<\/a><\/li>\n<li>Residencias de 3\u00aa edad en<a href=\"https:\/\/www.inforesidencias.com\/centros\/buscador\/residencias\/valencia\/castellon-castello\"> Castell\u00f3n<\/a><\/li>\n<\/ul>\n<p>Los datos que contiene este informe provienen de Inforesidencias.com, el <a href=\"http:\/\/envejecimiento.csic.es\/general\/index.html\">portal Mayores<\/a>, datos del <a href=\"https:\/\/www.ine.es\/\">INE<\/a> 2019,\u00a0 e informaci\u00f3n p\u00fablica difundida por prestigiosos medios como Alimarket.<\/p>\n<p>Anna Cebri\u00e1n<br \/>\nJulio 2020<\/p>\n","protected":false},"excerpt":{"rendered":"<p>La Comunidad Valenciana es una de las comunidades aut\u00f3nomas que actualmente cuenta con pocas opciones de centros para personas mayores que requieren una residencia o un centro de d\u00eda en comparaci\u00f3n con el resto de comunidades del estado Datos b\u00e1sicos de la Comunidad Valenciana: \u2022 Poblaci\u00f3n: 5.003.769. Representa el 11% de la poblaci\u00f3n total del Estado \u2022 Poblaci\u00f3n &gt; 65 a\u00f1os: 963.874. Es el 19% de la poblaci\u00f3n de la Comunidad Valenciana \u2022 Poblaci\u00f3n &gt; 80 a\u00f1os: 279.622. Es el 6% de la poblaci\u00f3n de la Comunidad Valenciana \u2022 Centros geri\u00e1tricos operativos: 349 \u2022 Camas geri\u00e1tricas operativas: 28.901 camas \u2022 Ratio de camas por cada 100 personas mayores de 65 a\u00f1os: 3 (la media de Espa\u00f1a es 4,08) \u2022 Ratio de camas por cada 100 personas mayores de 80 a\u00f1os: 10,34 (la media de Espa\u00f1a es 12,09) Algunos datos del sector geri\u00e1trico: La Comunidad Valenciana es una de las comunidades [&hellip;]<\/p>\n","protected":false},"author":2,"featured_media":0,"comment_status":"open","ping_status":"open","sticky":false,"template":"","format":"standard","meta":{"footnotes":""},"categories":[14,3,5,89],"tags":[],"yoast_head":"<!-- This site is optimized with the Yoast SEO plugin v21.7 - https:\/\/yoast.com\/wordpress\/plugins\/seo\/ -->\n<title>Sector geri\u00e1trico de la Comunidad Valenciana\/Valencia - Blog Inforesidencias.com<\/title>\n<meta name=\"description\" content=\"La Comunidad Valenciana cuenta con pocas opciones de centros para personas mayores que requieren una residencia comparado con otras comunidades\" \/>\n<meta name=\"robots\" content=\"index, follow, max-snippet:-1, max-image-preview:large, max-video-preview:-1\" \/>\n<link rel=\"canonical\" href=\"https:\/\/www.inforesidencias.com\/blog\/index.php\/2020\/09\/15\/sector-geriatrico-de-la-comunidad-valencianavalencia\/\" \/>\n<meta property=\"og:locale\" content=\"es_ES\" \/>\n<meta property=\"og:type\" content=\"article\" \/>\n<meta property=\"og:title\" content=\"Sector geri\u00e1trico de la Comunidad Valenciana\/Valencia - Blog Inforesidencias.com\" \/>\n<meta property=\"og:description\" content=\"La Comunidad Valenciana cuenta con pocas opciones de centros para personas mayores que requieren una residencia comparado con otras comunidades\" \/>\n<meta property=\"og:url\" content=\"https:\/\/www.inforesidencias.com\/blog\/index.php\/2020\/09\/15\/sector-geriatrico-de-la-comunidad-valencianavalencia\/\" \/>\n<meta property=\"og:site_name\" content=\"Blog Inforesidencias.com\" \/>\n<meta property=\"article:publisher\" content=\"https:\/\/www.facebook.com\/Inforesidencias\/\" \/>\n<meta property=\"article:author\" content=\"https:\/\/www.facebook.com\/josep.demarti\" \/>\n<meta property=\"article:published_time\" content=\"2020-09-15T12:05:48+00:00\" \/>\n<meta property=\"article:modified_time\" content=\"2020-08-31T12:09:29+00:00\" \/>\n<meta property=\"og:image\" content=\"https:\/\/www.inforesidencias.com\/blog\/wp-content\/uploads\/2020\/08\/236px-Escudo_de_Valencia.png\" \/>\n<meta name=\"author\" content=\"Josep de Mart\u00ed\" \/>\n<meta name=\"twitter:card\" content=\"summary_large_image\" \/>\n<meta name=\"twitter:creator\" content=\"@blog-ir\" \/>\n<meta name=\"twitter:site\" content=\"@inforesidencias\" \/>\n<meta name=\"twitter:label1\" content=\"Escrito por\" \/>\n\t<meta name=\"twitter:data1\" content=\"Josep de Mart\u00ed\" \/>\n\t<meta name=\"twitter:label2\" content=\"Tiempo de lectura\" \/>\n\t<meta name=\"twitter:data2\" content=\"3 minutos\" \/>\n<script type=\"application\/ld+json\" class=\"yoast-schema-graph\">{\"@context\":\"https:\/\/schema.org\",\"@graph\":[{\"@type\":\"WebPage\",\"@id\":\"https:\/\/www.inforesidencias.com\/blog\/index.php\/2020\/09\/15\/sector-geriatrico-de-la-comunidad-valencianavalencia\/\",\"url\":\"https:\/\/www.inforesidencias.com\/blog\/index.php\/2020\/09\/15\/sector-geriatrico-de-la-comunidad-valencianavalencia\/\",\"name\":\"Sector geri\u00e1trico de la Comunidad Valenciana\/Valencia - Blog Inforesidencias.com\",\"isPartOf\":{\"@id\":\"https:\/\/www.inforesidencias.com\/blog\/#website\"},\"datePublished\":\"2020-09-15T12:05:48+00:00\",\"dateModified\":\"2020-08-31T12:09:29+00:00\",\"author\":{\"@id\":\"https:\/\/www.inforesidencias.com\/blog\/#\/schema\/person\/9e146774d1eb3bc1c0316242a3898628\"},\"description\":\"La Comunidad Valenciana cuenta con pocas opciones de centros para personas mayores que requieren una residencia comparado con otras comunidades\",\"breadcrumb\":{\"@id\":\"https:\/\/www.inforesidencias.com\/blog\/index.php\/2020\/09\/15\/sector-geriatrico-de-la-comunidad-valencianavalencia\/#breadcrumb\"},\"inLanguage\":\"es\",\"potentialAction\":[{\"@type\":\"ReadAction\",\"target\":[\"https:\/\/www.inforesidencias.com\/blog\/index.php\/2020\/09\/15\/sector-geriatrico-de-la-comunidad-valencianavalencia\/\"]}]},{\"@type\":\"BreadcrumbList\",\"@id\":\"https:\/\/www.inforesidencias.com\/blog\/index.php\/2020\/09\/15\/sector-geriatrico-de-la-comunidad-valencianavalencia\/#breadcrumb\",\"itemListElement\":[{\"@type\":\"ListItem\",\"position\":1,\"name\":\"Home\",\"item\":\"https:\/\/www.inforesidencias.com\/blog\/\"},{\"@type\":\"ListItem\",\"position\":2,\"name\":\"Sector geri\u00e1trico de la Comunidad Valenciana\/Valencia\"}]},{\"@type\":\"WebSite\",\"@id\":\"https:\/\/www.inforesidencias.com\/blog\/#website\",\"url\":\"https:\/\/www.inforesidencias.com\/blog\/\",\"name\":\"Blog Inforesidencias.com\",\"description\":\"El buscador de residencias de la 3\u00aa edad\",\"potentialAction\":[{\"@type\":\"SearchAction\",\"target\":{\"@type\":\"EntryPoint\",\"urlTemplate\":\"https:\/\/www.inforesidencias.com\/blog\/?s={search_term_string}\"},\"query-input\":\"required name=search_term_string\"}],\"inLanguage\":\"es\"},{\"@type\":\"Person\",\"@id\":\"https:\/\/www.inforesidencias.com\/blog\/#\/schema\/person\/9e146774d1eb3bc1c0316242a3898628\",\"name\":\"Josep de Mart\u00ed\",\"image\":{\"@type\":\"ImageObject\",\"inLanguage\":\"es\",\"@id\":\"https:\/\/www.inforesidencias.com\/blog\/#\/schema\/person\/image\/\",\"url\":\"https:\/\/secure.gravatar.com\/avatar\/de0302c4806c00c4cebff396a798c1ff?s=96&d=mm&r=g\",\"contentUrl\":\"https:\/\/secure.gravatar.com\/avatar\/de0302c4806c00c4cebff396a798c1ff?s=96&d=mm&r=g\",\"caption\":\"Josep de Mart\u00ed\"},\"sameAs\":[\"https:\/\/www.inforesidencias.com\",\"https:\/\/www.facebook.com\/josep.demarti\",\"https:\/\/twitter.com\/blog-ir\"],\"url\":\"https:\/\/www.inforesidencias.com\/blog\/index.php\/author\/josepdemarti\/\"}]}<\/script>\n<!-- \/ Yoast SEO plugin. -->","yoast_head_json":{"title":"Sector geri\u00e1trico de la Comunidad Valenciana\/Valencia - Blog Inforesidencias.com","description":"La Comunidad Valenciana cuenta con pocas opciones de centros para personas mayores que requieren una residencia comparado con otras comunidades","robots":{"index":"index","follow":"follow","max-snippet":"max-snippet:-1","max-image-preview":"max-image-preview:large","max-video-preview":"max-video-preview:-1"},"canonical":"https:\/\/www.inforesidencias.com\/blog\/index.php\/2020\/09\/15\/sector-geriatrico-de-la-comunidad-valencianavalencia\/","og_locale":"es_ES","og_type":"article","og_title":"Sector geri\u00e1trico de la Comunidad Valenciana\/Valencia - Blog Inforesidencias.com","og_description":"La Comunidad Valenciana cuenta con pocas opciones de centros para personas mayores que requieren una residencia comparado con otras comunidades","og_url":"https:\/\/www.inforesidencias.com\/blog\/index.php\/2020\/09\/15\/sector-geriatrico-de-la-comunidad-valencianavalencia\/","og_site_name":"Blog Inforesidencias.com","article_publisher":"https:\/\/www.facebook.com\/Inforesidencias\/","article_author":"https:\/\/www.facebook.com\/josep.demarti","article_published_time":"2020-09-15T12:05:48+00:00","article_modified_time":"2020-08-31T12:09:29+00:00","og_image":[{"url":"https:\/\/www.inforesidencias.com\/blog\/wp-content\/uploads\/2020\/08\/236px-Escudo_de_Valencia.png"}],"author":"Josep de Mart\u00ed","twitter_card":"summary_large_image","twitter_creator":"@blog-ir","twitter_site":"@inforesidencias","twitter_misc":{"Escrito por":"Josep de Mart\u00ed","Tiempo de lectura":"3 minutos"},"schema":{"@context":"https:\/\/schema.org","@graph":[{"@type":"WebPage","@id":"https:\/\/www.inforesidencias.com\/blog\/index.php\/2020\/09\/15\/sector-geriatrico-de-la-comunidad-valencianavalencia\/","url":"https:\/\/www.inforesidencias.com\/blog\/index.php\/2020\/09\/15\/sector-geriatrico-de-la-comunidad-valencianavalencia\/","name":"Sector geri\u00e1trico de la Comunidad Valenciana\/Valencia - Blog Inforesidencias.com","isPartOf":{"@id":"https:\/\/www.inforesidencias.com\/blog\/#website"},"datePublished":"2020-09-15T12:05:48+00:00","dateModified":"2020-08-31T12:09:29+00:00","author":{"@id":"https:\/\/www.inforesidencias.com\/blog\/#\/schema\/person\/9e146774d1eb3bc1c0316242a3898628"},"description":"La Comunidad Valenciana cuenta con pocas opciones de centros para personas mayores que requieren una residencia comparado con otras comunidades","breadcrumb":{"@id":"https:\/\/www.inforesidencias.com\/blog\/index.php\/2020\/09\/15\/sector-geriatrico-de-la-comunidad-valencianavalencia\/#breadcrumb"},"inLanguage":"es","potentialAction":[{"@type":"ReadAction","target":["https:\/\/www.inforesidencias.com\/blog\/index.php\/2020\/09\/15\/sector-geriatrico-de-la-comunidad-valencianavalencia\/"]}]},{"@type":"BreadcrumbList","@id":"https:\/\/www.inforesidencias.com\/blog\/index.php\/2020\/09\/15\/sector-geriatrico-de-la-comunidad-valencianavalencia\/#breadcrumb","itemListElement":[{"@type":"ListItem","position":1,"name":"Home","item":"https:\/\/www.inforesidencias.com\/blog\/"},{"@type":"ListItem","position":2,"name":"Sector geri\u00e1trico de la Comunidad Valenciana\/Valencia"}]},{"@type":"WebSite","@id":"https:\/\/www.inforesidencias.com\/blog\/#website","url":"https:\/\/www.inforesidencias.com\/blog\/","name":"Blog Inforesidencias.com","description":"El buscador de residencias de la 3\u00aa edad","potentialAction":[{"@type":"SearchAction","target":{"@type":"EntryPoint","urlTemplate":"https:\/\/www.inforesidencias.com\/blog\/?s={search_term_string}"},"query-input":"required name=search_term_string"}],"inLanguage":"es"},{"@type":"Person","@id":"https:\/\/www.inforesidencias.com\/blog\/#\/schema\/person\/9e146774d1eb3bc1c0316242a3898628","name":"Josep de Mart\u00ed","image":{"@type":"ImageObject","inLanguage":"es","@id":"https:\/\/www.inforesidencias.com\/blog\/#\/schema\/person\/image\/","url":"https:\/\/secure.gravatar.com\/avatar\/de0302c4806c00c4cebff396a798c1ff?s=96&d=mm&r=g","contentUrl":"https:\/\/secure.gravatar.com\/avatar\/de0302c4806c00c4cebff396a798c1ff?s=96&d=mm&r=g","caption":"Josep de Mart\u00ed"},"sameAs":["https:\/\/www.inforesidencias.com","https:\/\/www.facebook.com\/josep.demarti","https:\/\/twitter.com\/blog-ir"],"url":"https:\/\/www.inforesidencias.com\/blog\/index.php\/author\/josepdemarti\/"}]}},"_links":{"self":[{"href":"https:\/\/www.inforesidencias.com\/blog\/index.php\/wp-json\/wp\/v2\/posts\/3552"}],"collection":[{"href":"https:\/\/www.inforesidencias.com\/blog\/index.php\/wp-json\/wp\/v2\/posts"}],"about":[{"href":"https:\/\/www.inforesidencias.com\/blog\/index.php\/wp-json\/wp\/v2\/types\/post"}],"author":[{"embeddable":true,"href":"https:\/\/www.inforesidencias.com\/blog\/index.php\/wp-json\/wp\/v2\/users\/2"}],"replies":[{"embeddable":true,"href":"https:\/\/www.inforesidencias.com\/blog\/index.php\/wp-json\/wp\/v2\/comments?post=3552"}],"version-history":[{"count":4,"href":"https:\/\/www.inforesidencias.com\/blog\/index.php\/wp-json\/wp\/v2\/posts\/3552\/revisions"}],"predecessor-version":[{"id":3557,"href":"https:\/\/www.inforesidencias.com\/blog\/index.php\/wp-json\/wp\/v2\/posts\/3552\/revisions\/3557"}],"wp:attachment":[{"href":"https:\/\/www.inforesidencias.com\/blog\/index.php\/wp-json\/wp\/v2\/media?parent=3552"}],"wp:term":[{"taxonomy":"category","embeddable":true,"href":"https:\/\/www.inforesidencias.com\/blog\/index.php\/wp-json\/wp\/v2\/categories?post=3552"},{"taxonomy":"post_tag","embeddable":true,"href":"https:\/\/www.inforesidencias.com\/blog\/index.php\/wp-json\/wp\/v2\/tags?post=3552"}],"curies":[{"name":"wp","href":"https:\/\/api.w.org\/{rel}","templated":true}]}}