{"id":3574,"date":"2020-09-16T09:03:43","date_gmt":"2020-09-16T09:03:43","guid":{"rendered":"https:\/\/www.inforesidencias.com\/blog\/?p=3574"},"modified":"2020-09-15T11:41:38","modified_gmt":"2020-09-15T11:41:38","slug":"el-video-mas-visto-de-la-historia-inforesidencias-en-el-canal-de-youtube","status":"publish","type":"post","link":"https:\/\/www.inforesidencias.com\/blog\/index.php\/2020\/09\/16\/el-video-mas-visto-de-la-historia-inforesidencias-en-el-canal-de-youtube\/","title":{"rendered":"El video m\u00e1s visto de la historia inforesidencias en el canal de youtube"},"content":{"rendered":"<p>Muchos son los videos que hemos publicado a lo largo de los a\u00f1os en el canal de youtube de inforesidencias. Hemos hablado de muchos temas que tienen a ver con residencias, personal, el funcionamiento del portal, nuevas tecnolog\u00edas, viajes geroasistenciales etc. Pero de todos ellos, este que mostramos a continuaci\u00f3n ha sido el video m\u00e1s visto de la historia inforesidencias.<\/p>\n<p>En este video, Josep de Marti, director del portal, repasa los 5 errores m\u00e1s comunes a la hora de elegir una residencia para personas mayores. Son errores que se convierten en habituales debido al desconocimiento de este sector y la gran necesidad de ayuda que tenemos cuando un familiar mayor se encuentra en una situaci\u00f3n de dependencia.<\/p>\n<p>&nbsp;<\/p>\n<p><iframe loading=\"lazy\" width=\"500\" height=\"281\" src=\"https:\/\/www.youtube.com\/embed\/VAmf3N19Kn4?feature=oembed\" frameborder=\"0\" allow=\"accelerometer; autoplay; encrypted-media; gyroscope; picture-in-picture\" allowfullscreen><\/iframe><\/p>\n<p>Han pasado cuatro a\u00f1os desde que se grab\u00f3 este video, y si lo miramos hoy, sigue siendo muy \u00fatil para todo aquel que necesite un poco de orientaci\u00f3n a la hora de buscar una residencia.<\/p>\n<p>Pero recordemos que como bien dice, <a href=\"https:\/\/www.inforesidencias.com\/centros\/directorio\">hay muchos otros recursos<\/a> y no todo el mundo necesita una residencia. Por eso hay que tener muy claro lo que puede ofrecer una residencia y si realmente es lo que necesitamos o lo que necesita nuestro familiar.<\/p>\n","protected":false},"excerpt":{"rendered":"<p>Muchos son los videos que hemos publicado a lo largo de los a\u00f1os en el canal de youtube de inforesidencias. Hemos hablado de muchos temas que tienen a ver con residencias, personal, el funcionamiento del portal, nuevas tecnolog\u00edas, viajes geroasistenciales etc. Pero de todos ellos, este que mostramos a continuaci\u00f3n ha sido el video m\u00e1s visto de la historia inforesidencias. En este video, Josep de Marti, director del portal, repasa los 5 errores m\u00e1s comunes a la hora de elegir una residencia para personas mayores. Son errores que se convierten en habituales debido al desconocimiento de este sector y la gran necesidad de ayuda que tenemos cuando un familiar mayor se encuentra en una situaci\u00f3n de dependencia. &nbsp; Han pasado cuatro a\u00f1os desde que se grab\u00f3 este video, y si lo miramos hoy, sigue siendo muy \u00fatil para todo aquel que necesite un poco de orientaci\u00f3n a la hora de [&hellip;]<\/p>\n","protected":false},"author":2,"featured_media":3580,"comment_status":"open","ping_status":"open","sticky":false,"template":"","format":"standard","meta":{"footnotes":""},"categories":[1],"tags":[],"yoast_head":"<!-- This site is optimized with the Yoast SEO plugin v21.7 - https:\/\/yoast.com\/wordpress\/plugins\/seo\/ -->\n<title>El video m\u00e1s visto de la historia inforesidencias en el canal de youtube - Blog Inforesidencias.com<\/title>\n<meta name=\"description\" content=\"Hace unos a\u00f1os publicamos el que ha sido el video m\u00e1s visto de la historia inforesidencias. Un video que si o miramos a d\u00eda de hoy sigue siendo muy \u00fatil\" \/>\n<meta name=\"robots\" content=\"index, follow, max-snippet:-1, max-image-preview:large, max-video-preview:-1\" \/>\n<link rel=\"canonical\" href=\"https:\/\/www.inforesidencias.com\/blog\/index.php\/2020\/09\/16\/el-video-mas-visto-de-la-historia-inforesidencias-en-el-canal-de-youtube\/\" \/>\n<meta property=\"og:locale\" content=\"es_ES\" \/>\n<meta property=\"og:type\" content=\"article\" \/>\n<meta property=\"og:title\" content=\"El video m\u00e1s visto de la historia inforesidencias en el canal de youtube - Blog Inforesidencias.com\" \/>\n<meta property=\"og:description\" content=\"Hace unos a\u00f1os publicamos el que ha sido el video m\u00e1s visto de la historia inforesidencias. Un video que si o miramos a d\u00eda de hoy sigue siendo muy \u00fatil\" \/>\n<meta property=\"og:url\" content=\"https:\/\/www.inforesidencias.com\/blog\/index.php\/2020\/09\/16\/el-video-mas-visto-de-la-historia-inforesidencias-en-el-canal-de-youtube\/\" \/>\n<meta property=\"og:site_name\" content=\"Blog Inforesidencias.com\" \/>\n<meta property=\"article:publisher\" content=\"https:\/\/www.facebook.com\/Inforesidencias\/\" \/>\n<meta property=\"article:author\" content=\"https:\/\/www.facebook.com\/josep.demarti\" \/>\n<meta property=\"article:published_time\" content=\"2020-09-16T09:03:43+00:00\" \/>\n<meta property=\"article:modified_time\" content=\"2020-09-15T11:41:38+00:00\" \/>\n<meta property=\"og:image\" content=\"https:\/\/www.inforesidencias.com\/blog\/wp-content\/uploads\/2020\/09\/video-ma\u0301s-visto-de-la-historia-inforesidencias.jpg\" \/>\n\t<meta property=\"og:image:width\" content=\"450\" \/>\n\t<meta property=\"og:image:height\" content=\"300\" \/>\n\t<meta property=\"og:image:type\" content=\"image\/jpeg\" \/>\n<meta name=\"author\" content=\"Josep de Mart\u00ed\" \/>\n<meta name=\"twitter:card\" content=\"summary_large_image\" \/>\n<meta name=\"twitter:creator\" content=\"@blog-ir\" \/>\n<meta name=\"twitter:site\" content=\"@inforesidencias\" \/>\n<meta name=\"twitter:label1\" content=\"Escrito por\" \/>\n\t<meta name=\"twitter:data1\" content=\"Josep de Mart\u00ed\" \/>\n\t<meta name=\"twitter:label2\" content=\"Tiempo de lectura\" \/>\n\t<meta name=\"twitter:data2\" content=\"1 minuto\" \/>\n<script type=\"application\/ld+json\" class=\"yoast-schema-graph\">{\"@context\":\"https:\/\/schema.org\",\"@graph\":[{\"@type\":\"WebPage\",\"@id\":\"https:\/\/www.inforesidencias.com\/blog\/index.php\/2020\/09\/16\/el-video-mas-visto-de-la-historia-inforesidencias-en-el-canal-de-youtube\/\",\"url\":\"https:\/\/www.inforesidencias.com\/blog\/index.php\/2020\/09\/16\/el-video-mas-visto-de-la-historia-inforesidencias-en-el-canal-de-youtube\/\",\"name\":\"El video m\u00e1s visto de la historia inforesidencias en el canal de youtube - Blog Inforesidencias.com\",\"isPartOf\":{\"@id\":\"https:\/\/www.inforesidencias.com\/blog\/#website\"},\"datePublished\":\"2020-09-16T09:03:43+00:00\",\"dateModified\":\"2020-09-15T11:41:38+00:00\",\"author\":{\"@id\":\"https:\/\/www.inforesidencias.com\/blog\/#\/schema\/person\/9e146774d1eb3bc1c0316242a3898628\"},\"description\":\"Hace unos a\u00f1os publicamos el que ha sido el video m\u00e1s visto de la historia inforesidencias. Un video que si o miramos a d\u00eda de hoy sigue siendo muy \u00fatil\",\"breadcrumb\":{\"@id\":\"https:\/\/www.inforesidencias.com\/blog\/index.php\/2020\/09\/16\/el-video-mas-visto-de-la-historia-inforesidencias-en-el-canal-de-youtube\/#breadcrumb\"},\"inLanguage\":\"es\",\"potentialAction\":[{\"@type\":\"ReadAction\",\"target\":[\"https:\/\/www.inforesidencias.com\/blog\/index.php\/2020\/09\/16\/el-video-mas-visto-de-la-historia-inforesidencias-en-el-canal-de-youtube\/\"]}]},{\"@type\":\"BreadcrumbList\",\"@id\":\"https:\/\/www.inforesidencias.com\/blog\/index.php\/2020\/09\/16\/el-video-mas-visto-de-la-historia-inforesidencias-en-el-canal-de-youtube\/#breadcrumb\",\"itemListElement\":[{\"@type\":\"ListItem\",\"position\":1,\"name\":\"Home\",\"item\":\"https:\/\/www.inforesidencias.com\/blog\/\"},{\"@type\":\"ListItem\",\"position\":2,\"name\":\"El video m\u00e1s visto de la historia inforesidencias en el canal de youtube\"}]},{\"@type\":\"WebSite\",\"@id\":\"https:\/\/www.inforesidencias.com\/blog\/#website\",\"url\":\"https:\/\/www.inforesidencias.com\/blog\/\",\"name\":\"Blog Inforesidencias.com\",\"description\":\"El buscador de residencias de la 3\u00aa edad\",\"potentialAction\":[{\"@type\":\"SearchAction\",\"target\":{\"@type\":\"EntryPoint\",\"urlTemplate\":\"https:\/\/www.inforesidencias.com\/blog\/?s={search_term_string}\"},\"query-input\":\"required name=search_term_string\"}],\"inLanguage\":\"es\"},{\"@type\":\"Person\",\"@id\":\"https:\/\/www.inforesidencias.com\/blog\/#\/schema\/person\/9e146774d1eb3bc1c0316242a3898628\",\"name\":\"Josep de Mart\u00ed\",\"image\":{\"@type\":\"ImageObject\",\"inLanguage\":\"es\",\"@id\":\"https:\/\/www.inforesidencias.com\/blog\/#\/schema\/person\/image\/\",\"url\":\"https:\/\/secure.gravatar.com\/avatar\/de0302c4806c00c4cebff396a798c1ff?s=96&d=mm&r=g\",\"contentUrl\":\"https:\/\/secure.gravatar.com\/avatar\/de0302c4806c00c4cebff396a798c1ff?s=96&d=mm&r=g\",\"caption\":\"Josep de Mart\u00ed\"},\"sameAs\":[\"https:\/\/www.inforesidencias.com\",\"https:\/\/www.facebook.com\/josep.demarti\",\"https:\/\/twitter.com\/blog-ir\"],\"url\":\"https:\/\/www.inforesidencias.com\/blog\/index.php\/author\/josepdemarti\/\"}]}<\/script>\n<!-- \/ Yoast SEO plugin. -->","yoast_head_json":{"title":"El video m\u00e1s visto de la historia inforesidencias en el canal de youtube - Blog Inforesidencias.com","description":"Hace unos a\u00f1os publicamos el que ha sido el video m\u00e1s visto de la historia inforesidencias. Un video que si o miramos a d\u00eda de hoy sigue siendo muy \u00fatil","robots":{"index":"index","follow":"follow","max-snippet":"max-snippet:-1","max-image-preview":"max-image-preview:large","max-video-preview":"max-video-preview:-1"},"canonical":"https:\/\/www.inforesidencias.com\/blog\/index.php\/2020\/09\/16\/el-video-mas-visto-de-la-historia-inforesidencias-en-el-canal-de-youtube\/","og_locale":"es_ES","og_type":"article","og_title":"El video m\u00e1s visto de la historia inforesidencias en el canal de youtube - Blog Inforesidencias.com","og_description":"Hace unos a\u00f1os publicamos el que ha sido el video m\u00e1s visto de la historia inforesidencias. Un video que si o miramos a d\u00eda de hoy sigue siendo muy \u00fatil","og_url":"https:\/\/www.inforesidencias.com\/blog\/index.php\/2020\/09\/16\/el-video-mas-visto-de-la-historia-inforesidencias-en-el-canal-de-youtube\/","og_site_name":"Blog Inforesidencias.com","article_publisher":"https:\/\/www.facebook.com\/Inforesidencias\/","article_author":"https:\/\/www.facebook.com\/josep.demarti","article_published_time":"2020-09-16T09:03:43+00:00","article_modified_time":"2020-09-15T11:41:38+00:00","og_image":[{"width":450,"height":300,"url":"https:\/\/www.inforesidencias.com\/blog\/wp-content\/uploads\/2020\/09\/video-ma\u0301s-visto-de-la-historia-inforesidencias.jpg","type":"image\/jpeg"}],"author":"Josep de Mart\u00ed","twitter_card":"summary_large_image","twitter_creator":"@blog-ir","twitter_site":"@inforesidencias","twitter_misc":{"Escrito por":"Josep de Mart\u00ed","Tiempo de lectura":"1 minuto"},"schema":{"@context":"https:\/\/schema.org","@graph":[{"@type":"WebPage","@id":"https:\/\/www.inforesidencias.com\/blog\/index.php\/2020\/09\/16\/el-video-mas-visto-de-la-historia-inforesidencias-en-el-canal-de-youtube\/","url":"https:\/\/www.inforesidencias.com\/blog\/index.php\/2020\/09\/16\/el-video-mas-visto-de-la-historia-inforesidencias-en-el-canal-de-youtube\/","name":"El video m\u00e1s visto de la historia inforesidencias en el canal de youtube - Blog Inforesidencias.com","isPartOf":{"@id":"https:\/\/www.inforesidencias.com\/blog\/#website"},"datePublished":"2020-09-16T09:03:43+00:00","dateModified":"2020-09-15T11:41:38+00:00","author":{"@id":"https:\/\/www.inforesidencias.com\/blog\/#\/schema\/person\/9e146774d1eb3bc1c0316242a3898628"},"description":"Hace unos a\u00f1os publicamos el que ha sido el video m\u00e1s visto de la historia inforesidencias. Un video que si o miramos a d\u00eda de hoy sigue siendo muy \u00fatil","breadcrumb":{"@id":"https:\/\/www.inforesidencias.com\/blog\/index.php\/2020\/09\/16\/el-video-mas-visto-de-la-historia-inforesidencias-en-el-canal-de-youtube\/#breadcrumb"},"inLanguage":"es","potentialAction":[{"@type":"ReadAction","target":["https:\/\/www.inforesidencias.com\/blog\/index.php\/2020\/09\/16\/el-video-mas-visto-de-la-historia-inforesidencias-en-el-canal-de-youtube\/"]}]},{"@type":"BreadcrumbList","@id":"https:\/\/www.inforesidencias.com\/blog\/index.php\/2020\/09\/16\/el-video-mas-visto-de-la-historia-inforesidencias-en-el-canal-de-youtube\/#breadcrumb","itemListElement":[{"@type":"ListItem","position":1,"name":"Home","item":"https:\/\/www.inforesidencias.com\/blog\/"},{"@type":"ListItem","position":2,"name":"El video m\u00e1s visto de la historia inforesidencias en el canal de youtube"}]},{"@type":"WebSite","@id":"https:\/\/www.inforesidencias.com\/blog\/#website","url":"https:\/\/www.inforesidencias.com\/blog\/","name":"Blog Inforesidencias.com","description":"El buscador de residencias de la 3\u00aa edad","potentialAction":[{"@type":"SearchAction","target":{"@type":"EntryPoint","urlTemplate":"https:\/\/www.inforesidencias.com\/blog\/?s={search_term_string}"},"query-input":"required name=search_term_string"}],"inLanguage":"es"},{"@type":"Person","@id":"https:\/\/www.inforesidencias.com\/blog\/#\/schema\/person\/9e146774d1eb3bc1c0316242a3898628","name":"Josep de Mart\u00ed","image":{"@type":"ImageObject","inLanguage":"es","@id":"https:\/\/www.inforesidencias.com\/blog\/#\/schema\/person\/image\/","url":"https:\/\/secure.gravatar.com\/avatar\/de0302c4806c00c4cebff396a798c1ff?s=96&d=mm&r=g","contentUrl":"https:\/\/secure.gravatar.com\/avatar\/de0302c4806c00c4cebff396a798c1ff?s=96&d=mm&r=g","caption":"Josep de Mart\u00ed"},"sameAs":["https:\/\/www.inforesidencias.com","https:\/\/www.facebook.com\/josep.demarti","https:\/\/twitter.com\/blog-ir"],"url":"https:\/\/www.inforesidencias.com\/blog\/index.php\/author\/josepdemarti\/"}]}},"_links":{"self":[{"href":"https:\/\/www.inforesidencias.com\/blog\/index.php\/wp-json\/wp\/v2\/posts\/3574"}],"collection":[{"href":"https:\/\/www.inforesidencias.com\/blog\/index.php\/wp-json\/wp\/v2\/posts"}],"about":[{"href":"https:\/\/www.inforesidencias.com\/blog\/index.php\/wp-json\/wp\/v2\/types\/post"}],"author":[{"embeddable":true,"href":"https:\/\/www.inforesidencias.com\/blog\/index.php\/wp-json\/wp\/v2\/users\/2"}],"replies":[{"embeddable":true,"href":"https:\/\/www.inforesidencias.com\/blog\/index.php\/wp-json\/wp\/v2\/comments?post=3574"}],"version-history":[{"count":7,"href":"https:\/\/www.inforesidencias.com\/blog\/index.php\/wp-json\/wp\/v2\/posts\/3574\/revisions"}],"predecessor-version":[{"id":3582,"href":"https:\/\/www.inforesidencias.com\/blog\/index.php\/wp-json\/wp\/v2\/posts\/3574\/revisions\/3582"}],"wp:featuredmedia":[{"embeddable":true,"href":"https:\/\/www.inforesidencias.com\/blog\/index.php\/wp-json\/wp\/v2\/media\/3580"}],"wp:attachment":[{"href":"https:\/\/www.inforesidencias.com\/blog\/index.php\/wp-json\/wp\/v2\/media?parent=3574"}],"wp:term":[{"taxonomy":"category","embeddable":true,"href":"https:\/\/www.inforesidencias.com\/blog\/index.php\/wp-json\/wp\/v2\/categories?post=3574"},{"taxonomy":"post_tag","embeddable":true,"href":"https:\/\/www.inforesidencias.com\/blog\/index.php\/wp-json\/wp\/v2\/tags?post=3574"}],"curies":[{"name":"wp","href":"https:\/\/api.w.org\/{rel}","templated":true}]}}