{"id":3584,"date":"2020-09-18T12:34:18","date_gmt":"2020-09-18T12:34:18","guid":{"rendered":"https:\/\/www.inforesidencias.com\/blog\/?p=3584"},"modified":"2020-09-18T12:34:18","modified_gmt":"2020-09-18T12:34:18","slug":"las-residencias-no-se-llamaban-residencias-hace-45-anos","status":"publish","type":"post","link":"https:\/\/www.inforesidencias.com\/blog\/index.php\/2020\/09\/18\/las-residencias-no-se-llamaban-residencias-hace-45-anos\/","title":{"rendered":"Las residencias no se llamaban residencias hace 45 a\u00f1os"},"content":{"rendered":"<p style=\"text-align: justify\">Esta semana en el <a href=\"https:\/\/www.estelfitxers.com\/audio\/20200916-17_00ESGRANSERGRAN.MP3\">programa del mi\u00e9rcoles de \u201c\u00c9s gran ser gran\u201d<\/a>\u00a0empezamos hablando de la Covid19 y lo comparamos con la fiebre amarilla de 1920. Comentamos su efecto en la poblaci\u00f3n y los avances que ha habido 100 a\u00f1os despu\u00e9s.<\/p>\n<p style=\"text-align: justify\"><a href=\"https:\/\/www.inforesidencias.com\/blog\/wp-content\/uploads\/2020\/01\/doctor-francisco-perez.jpg\"><img decoding=\"async\" loading=\"lazy\" class=\"alignleft wp-image-2672\" src=\"https:\/\/www.inforesidencias.com\/blog\/wp-content\/uploads\/2020\/01\/doctor-francisco-perez.jpg\" alt=\"Dr. Francisco P\u00e9rez\" width=\"271\" height=\"203\" \/><\/a><\/p>\n<p style=\"text-align: justify\">En la entrevista del d\u00eda hablamos con el Dr. Francisco P\u00e9rez, m\u00e9dico en 4 residencias de mayores. El doctor nos explic\u00f3 como han vivido la pandemia en las residencias donde trabaja. La situaci\u00f3n que viven en la actualidad la defini\u00f3 como \u201ccontrolada\u201d. Tambi\u00e9n nos explic\u00f3 como llevan a cabo el proceso de ingreso de una persona mayor en las residencias. Hicimos especial hincapi\u00e9 en la tema del aislamiento de estas nuevas personas que entran a vivir en las residencias. Pusimos el ejemplo de una se\u00f1ora que hab\u00eda ido a vivir a la residencia despu\u00e9s de una estancia en el hospital y como hab\u00eda mejorado gracias a la compa\u00f1\u00eda y a la supervisi\u00f3n y buen hacer de los profesionales.<\/p>\n<p style=\"text-align: justify\">Finalmente el doctor analiz\u00f3 desde su perspectiva m\u00e9dica las afectaciones que han sufrido en esta segunda ola muchas personas que han sufrido esta enfermedad.<\/p>\n<p style=\"text-align: justify\">En la bolsa de trabajo tratamos el tema de los perfiles creados en inforesidencias como demandantes de empleo. Hablamos de la importancia de ir entrando a tu perfil cada pocas semanas para mantenerlo activo y que no caduque. De este modo nos aseguramos el \u201cinter\u00e9s constante\u201d de todas las personas que est\u00e1n en la bolsa y que las residencias pueden encontrar a profesionales que no les dir\u00e1n que ya han encontrado un trabajo.<\/p>\n<p style=\"text-align: justify\">En la recta final del programa, en la consulta del trabajador social, analizamos la situaci\u00f3n actual de las residencias y de las personas mayores que viven en residencias. Actualmente m\u00e1s del 90% de las residencias de Catalu\u00f1a son \u201cverdes\u201d lo cual significa que no tienen ning\u00fan caso de Covid19. Esto es fruto de un gran esfuerzo de todos.<\/p>\n<p style=\"text-align: justify\">El <a href=\"https:\/\/www.estelfitxers.com\/audio\/20200917-17_00ESGRANSERGRAN.MP3\">programa del jueves<\/a> hablamos al principio de los modelos de residencia y de c\u00f3mo la mortalidad de personas mayores en residencias ha sido similar en muchos pa\u00edses de Europa, por ejemplo. Tuvimos en este programa la suerte de hablar con el Sr. Josep Fuguet, gerente de la Fundaci\u00f3n Santa Eul\u00e0lia. El Sr. Josep lleva muchos a\u00f1os ligado al sector de la dependencia y las residencias de mayores y con \u00e9l pudimos hacer un viaje al pasado. Empez\u00f3 \u201cclaro y sonoro\u201d diciendo que hace 45 a\u00f1os, cuando empez\u00f3 en este mundo las residencias no se llamaban residencias, en todo caso asilos. Explic\u00f3 los cambios y las primeras mejoras que se hicieron en la \u00e9poca del alcalde Porcioles. Tambi\u00e9n nos habl\u00f3 de un estudio de hace d\u00e9cadas sobre los principales motivos por los que la gente iba a vivir a una residencia. Unos motivos que hoy en d\u00eda son muy diferentes.<\/p>\n<p style=\"text-align: justify\">Hac\u00eda a finales de los a\u00f1os 80 fue cuando se crearon las primeras normativas de servicios sociales y creando el concepto de residencia como tal. El Sr. Fuguet como consejero en este cambio de modelo y normativa se dio cuenta de la dificultad y lentitud de estos cambios.<\/p>\n<p style=\"text-align: justify\">Ya en el 2007 cuando entro en vigor la Ley de dependencia se establecieron nuevos precios por ejemplo para las plazas p\u00fablicas que tienen las residencias privadas. Hablamos sobre algunos puntos d\u00e9biles de esta ley y su abordaje para mejorar. Sobre esta mejora y las residencias del futuro el gerente de la Fundaci\u00f3n Santa Eul\u00e0lia dio nos explic\u00f3 como trabajan para dar nuevas opciones de residencia a la gente mayor en un futuro. Todo ello centrado sobretodo en la soledad. <a href=\"https:\/\/www.inforesidencias.com\/blog\/index.php\/2020\/06\/04\/el-futuro-del-sector-de-las-residencias-de-mayores\/\">\u00bfY en cuanto al n\u00famero?<\/a><\/p>\n<p style=\"text-align: justify\">Despu\u00e9s de esta interesante entrevista, en la bolsa de trabajo, explicamos la importancia de que un perfil online creado en inforesidencias est\u00e9 lo m\u00e1s completo posible para asegurase de que las residencias que buscan personal puedan saber lo que necesitan antes de contactarnos y as\u00ed diferenciarnos del resto de personas que buscan empleo.<\/p>\n<p style=\"text-align: justify\">En la consulta del trabajador social, recordamos que el d\u00eda anterior comentamos el esfuerzo de las residencias para que el Covid no entrara en los centros y explicamos que las personas mayores tambi\u00e9n hab\u00edan hecho un esfuerzo tit\u00e1nico al verse aislados durante meses sin poder salir, todo por mantenerse a salvo. Quiz\u00e1 las personas mayores que viven en residencias tambi\u00e9n merecer\u00edan un homenaje.<\/p>\n<p style=\"text-align: justify\">Conoce algunos de los <a href=\"https:\/\/www.inforesidencias.com\/centros\/buscador\/busquedas-predefinidas\/centros-de-dia-galicia\">centros de d\u00eda en Galicia<\/a><\/p>\n","protected":false},"excerpt":{"rendered":"<p>Esta semana en el programa del mi\u00e9rcoles de \u201c\u00c9s gran ser gran\u201d\u00a0empezamos hablando de la Covid19 y lo comparamos con la fiebre amarilla de 1920. Comentamos su efecto en la poblaci\u00f3n y los avances que ha habido 100 a\u00f1os despu\u00e9s. En la entrevista del d\u00eda hablamos con el Dr. Francisco P\u00e9rez, m\u00e9dico en 4 residencias de mayores. El doctor nos explic\u00f3 como han vivido la pandemia en las residencias donde trabaja. La situaci\u00f3n que viven en la actualidad la defini\u00f3 como \u201ccontrolada\u201d. Tambi\u00e9n nos explic\u00f3 como llevan a cabo el proceso de ingreso de una persona mayor en las residencias. Hicimos especial hincapi\u00e9 en la tema del aislamiento de estas nuevas personas que entran a vivir en las residencias. Pusimos el ejemplo de una se\u00f1ora que hab\u00eda ido a vivir a la residencia despu\u00e9s de una estancia en el hospital y como hab\u00eda mejorado gracias a la compa\u00f1\u00eda y a [&hellip;]<\/p>\n","protected":false},"author":2,"featured_media":3100,"comment_status":"open","ping_status":"open","sticky":false,"template":"","format":"standard","meta":{"footnotes":""},"categories":[1],"tags":[],"yoast_head":"<!-- This site is optimized with the Yoast SEO plugin v21.7 - https:\/\/yoast.com\/wordpress\/plugins\/seo\/ -->\n<title>Las residencias no se llamaban residencias hace 45 a\u00f1os - Blog Inforesidencias.com<\/title>\n<meta name=\"description\" content=\"Esta semana hemos hablado con un m\u00e9dico de residencias y con un profesional con gran experiencia que explic\u00f3 que hace 45 a\u00f1os residencias no se llamaban residencias\" \/>\n<meta name=\"robots\" content=\"index, follow, max-snippet:-1, max-image-preview:large, max-video-preview:-1\" \/>\n<link rel=\"canonical\" href=\"https:\/\/www.inforesidencias.com\/blog\/index.php\/2020\/09\/18\/las-residencias-no-se-llamaban-residencias-hace-45-anos\/\" \/>\n<meta property=\"og:locale\" content=\"es_ES\" \/>\n<meta property=\"og:type\" content=\"article\" \/>\n<meta property=\"og:title\" content=\"Las residencias no se llamaban residencias hace 45 a\u00f1os - Blog Inforesidencias.com\" \/>\n<meta property=\"og:description\" content=\"Esta semana hemos hablado con un m\u00e9dico de residencias y con un profesional con gran experiencia que explic\u00f3 que hace 45 a\u00f1os residencias no se llamaban residencias\" \/>\n<meta property=\"og:url\" content=\"https:\/\/www.inforesidencias.com\/blog\/index.php\/2020\/09\/18\/las-residencias-no-se-llamaban-residencias-hace-45-anos\/\" \/>\n<meta property=\"og:site_name\" content=\"Blog Inforesidencias.com\" \/>\n<meta property=\"article:publisher\" content=\"https:\/\/www.facebook.com\/Inforesidencias\/\" \/>\n<meta property=\"article:author\" content=\"https:\/\/www.facebook.com\/josep.demarti\" \/>\n<meta property=\"article:published_time\" content=\"2020-09-18T12:34:18+00:00\" \/>\n<meta property=\"og:image\" content=\"https:\/\/www.inforesidencias.com\/blog\/wp-content\/uploads\/2020\/04\/Coronavirus-en-las-residencias-de-mayores1.png\" \/>\n\t<meta property=\"og:image:width\" content=\"400\" \/>\n\t<meta property=\"og:image:height\" content=\"322\" \/>\n\t<meta property=\"og:image:type\" content=\"image\/png\" \/>\n<meta name=\"author\" content=\"Josep de Mart\u00ed\" \/>\n<meta name=\"twitter:card\" content=\"summary_large_image\" \/>\n<meta name=\"twitter:creator\" content=\"@blog-ir\" \/>\n<meta name=\"twitter:site\" content=\"@inforesidencias\" \/>\n<meta name=\"twitter:label1\" content=\"Escrito por\" \/>\n\t<meta name=\"twitter:data1\" content=\"Josep de Mart\u00ed\" \/>\n\t<meta name=\"twitter:label2\" content=\"Tiempo de lectura\" \/>\n\t<meta name=\"twitter:data2\" content=\"4 minutos\" \/>\n<script type=\"application\/ld+json\" class=\"yoast-schema-graph\">{\"@context\":\"https:\/\/schema.org\",\"@graph\":[{\"@type\":\"WebPage\",\"@id\":\"https:\/\/www.inforesidencias.com\/blog\/index.php\/2020\/09\/18\/las-residencias-no-se-llamaban-residencias-hace-45-anos\/\",\"url\":\"https:\/\/www.inforesidencias.com\/blog\/index.php\/2020\/09\/18\/las-residencias-no-se-llamaban-residencias-hace-45-anos\/\",\"name\":\"Las residencias no se llamaban residencias hace 45 a\u00f1os - Blog Inforesidencias.com\",\"isPartOf\":{\"@id\":\"https:\/\/www.inforesidencias.com\/blog\/#website\"},\"datePublished\":\"2020-09-18T12:34:18+00:00\",\"dateModified\":\"2020-09-18T12:34:18+00:00\",\"author\":{\"@id\":\"https:\/\/www.inforesidencias.com\/blog\/#\/schema\/person\/9e146774d1eb3bc1c0316242a3898628\"},\"description\":\"Esta semana hemos hablado con un m\u00e9dico de residencias y con un profesional con gran experiencia que explic\u00f3 que hace 45 a\u00f1os residencias no se llamaban residencias\",\"breadcrumb\":{\"@id\":\"https:\/\/www.inforesidencias.com\/blog\/index.php\/2020\/09\/18\/las-residencias-no-se-llamaban-residencias-hace-45-anos\/#breadcrumb\"},\"inLanguage\":\"es\",\"potentialAction\":[{\"@type\":\"ReadAction\",\"target\":[\"https:\/\/www.inforesidencias.com\/blog\/index.php\/2020\/09\/18\/las-residencias-no-se-llamaban-residencias-hace-45-anos\/\"]}]},{\"@type\":\"BreadcrumbList\",\"@id\":\"https:\/\/www.inforesidencias.com\/blog\/index.php\/2020\/09\/18\/las-residencias-no-se-llamaban-residencias-hace-45-anos\/#breadcrumb\",\"itemListElement\":[{\"@type\":\"ListItem\",\"position\":1,\"name\":\"Home\",\"item\":\"https:\/\/www.inforesidencias.com\/blog\/\"},{\"@type\":\"ListItem\",\"position\":2,\"name\":\"Las residencias no se llamaban residencias hace 45 a\u00f1os\"}]},{\"@type\":\"WebSite\",\"@id\":\"https:\/\/www.inforesidencias.com\/blog\/#website\",\"url\":\"https:\/\/www.inforesidencias.com\/blog\/\",\"name\":\"Blog Inforesidencias.com\",\"description\":\"El buscador de residencias de la 3\u00aa edad\",\"potentialAction\":[{\"@type\":\"SearchAction\",\"target\":{\"@type\":\"EntryPoint\",\"urlTemplate\":\"https:\/\/www.inforesidencias.com\/blog\/?s={search_term_string}\"},\"query-input\":\"required name=search_term_string\"}],\"inLanguage\":\"es\"},{\"@type\":\"Person\",\"@id\":\"https:\/\/www.inforesidencias.com\/blog\/#\/schema\/person\/9e146774d1eb3bc1c0316242a3898628\",\"name\":\"Josep de Mart\u00ed\",\"image\":{\"@type\":\"ImageObject\",\"inLanguage\":\"es\",\"@id\":\"https:\/\/www.inforesidencias.com\/blog\/#\/schema\/person\/image\/\",\"url\":\"https:\/\/secure.gravatar.com\/avatar\/de0302c4806c00c4cebff396a798c1ff?s=96&d=mm&r=g\",\"contentUrl\":\"https:\/\/secure.gravatar.com\/avatar\/de0302c4806c00c4cebff396a798c1ff?s=96&d=mm&r=g\",\"caption\":\"Josep de Mart\u00ed\"},\"sameAs\":[\"https:\/\/www.inforesidencias.com\",\"https:\/\/www.facebook.com\/josep.demarti\",\"https:\/\/twitter.com\/blog-ir\"],\"url\":\"https:\/\/www.inforesidencias.com\/blog\/index.php\/author\/josepdemarti\/\"}]}<\/script>\n<!-- \/ Yoast SEO plugin. -->","yoast_head_json":{"title":"Las residencias no se llamaban residencias hace 45 a\u00f1os - Blog Inforesidencias.com","description":"Esta semana hemos hablado con un m\u00e9dico de residencias y con un profesional con gran experiencia que explic\u00f3 que hace 45 a\u00f1os residencias no se llamaban residencias","robots":{"index":"index","follow":"follow","max-snippet":"max-snippet:-1","max-image-preview":"max-image-preview:large","max-video-preview":"max-video-preview:-1"},"canonical":"https:\/\/www.inforesidencias.com\/blog\/index.php\/2020\/09\/18\/las-residencias-no-se-llamaban-residencias-hace-45-anos\/","og_locale":"es_ES","og_type":"article","og_title":"Las residencias no se llamaban residencias hace 45 a\u00f1os - Blog Inforesidencias.com","og_description":"Esta semana hemos hablado con un m\u00e9dico de residencias y con un profesional con gran experiencia que explic\u00f3 que hace 45 a\u00f1os residencias no se llamaban residencias","og_url":"https:\/\/www.inforesidencias.com\/blog\/index.php\/2020\/09\/18\/las-residencias-no-se-llamaban-residencias-hace-45-anos\/","og_site_name":"Blog Inforesidencias.com","article_publisher":"https:\/\/www.facebook.com\/Inforesidencias\/","article_author":"https:\/\/www.facebook.com\/josep.demarti","article_published_time":"2020-09-18T12:34:18+00:00","og_image":[{"width":400,"height":322,"url":"https:\/\/www.inforesidencias.com\/blog\/wp-content\/uploads\/2020\/04\/Coronavirus-en-las-residencias-de-mayores1.png","type":"image\/png"}],"author":"Josep de Mart\u00ed","twitter_card":"summary_large_image","twitter_creator":"@blog-ir","twitter_site":"@inforesidencias","twitter_misc":{"Escrito por":"Josep de Mart\u00ed","Tiempo de lectura":"4 minutos"},"schema":{"@context":"https:\/\/schema.org","@graph":[{"@type":"WebPage","@id":"https:\/\/www.inforesidencias.com\/blog\/index.php\/2020\/09\/18\/las-residencias-no-se-llamaban-residencias-hace-45-anos\/","url":"https:\/\/www.inforesidencias.com\/blog\/index.php\/2020\/09\/18\/las-residencias-no-se-llamaban-residencias-hace-45-anos\/","name":"Las residencias no se llamaban residencias hace 45 a\u00f1os - Blog Inforesidencias.com","isPartOf":{"@id":"https:\/\/www.inforesidencias.com\/blog\/#website"},"datePublished":"2020-09-18T12:34:18+00:00","dateModified":"2020-09-18T12:34:18+00:00","author":{"@id":"https:\/\/www.inforesidencias.com\/blog\/#\/schema\/person\/9e146774d1eb3bc1c0316242a3898628"},"description":"Esta semana hemos hablado con un m\u00e9dico de residencias y con un profesional con gran experiencia que explic\u00f3 que hace 45 a\u00f1os residencias no se llamaban residencias","breadcrumb":{"@id":"https:\/\/www.inforesidencias.com\/blog\/index.php\/2020\/09\/18\/las-residencias-no-se-llamaban-residencias-hace-45-anos\/#breadcrumb"},"inLanguage":"es","potentialAction":[{"@type":"ReadAction","target":["https:\/\/www.inforesidencias.com\/blog\/index.php\/2020\/09\/18\/las-residencias-no-se-llamaban-residencias-hace-45-anos\/"]}]},{"@type":"BreadcrumbList","@id":"https:\/\/www.inforesidencias.com\/blog\/index.php\/2020\/09\/18\/las-residencias-no-se-llamaban-residencias-hace-45-anos\/#breadcrumb","itemListElement":[{"@type":"ListItem","position":1,"name":"Home","item":"https:\/\/www.inforesidencias.com\/blog\/"},{"@type":"ListItem","position":2,"name":"Las residencias no se llamaban residencias hace 45 a\u00f1os"}]},{"@type":"WebSite","@id":"https:\/\/www.inforesidencias.com\/blog\/#website","url":"https:\/\/www.inforesidencias.com\/blog\/","name":"Blog Inforesidencias.com","description":"El buscador de residencias de la 3\u00aa edad","potentialAction":[{"@type":"SearchAction","target":{"@type":"EntryPoint","urlTemplate":"https:\/\/www.inforesidencias.com\/blog\/?s={search_term_string}"},"query-input":"required name=search_term_string"}],"inLanguage":"es"},{"@type":"Person","@id":"https:\/\/www.inforesidencias.com\/blog\/#\/schema\/person\/9e146774d1eb3bc1c0316242a3898628","name":"Josep de Mart\u00ed","image":{"@type":"ImageObject","inLanguage":"es","@id":"https:\/\/www.inforesidencias.com\/blog\/#\/schema\/person\/image\/","url":"https:\/\/secure.gravatar.com\/avatar\/de0302c4806c00c4cebff396a798c1ff?s=96&d=mm&r=g","contentUrl":"https:\/\/secure.gravatar.com\/avatar\/de0302c4806c00c4cebff396a798c1ff?s=96&d=mm&r=g","caption":"Josep de Mart\u00ed"},"sameAs":["https:\/\/www.inforesidencias.com","https:\/\/www.facebook.com\/josep.demarti","https:\/\/twitter.com\/blog-ir"],"url":"https:\/\/www.inforesidencias.com\/blog\/index.php\/author\/josepdemarti\/"}]}},"_links":{"self":[{"href":"https:\/\/www.inforesidencias.com\/blog\/index.php\/wp-json\/wp\/v2\/posts\/3584"}],"collection":[{"href":"https:\/\/www.inforesidencias.com\/blog\/index.php\/wp-json\/wp\/v2\/posts"}],"about":[{"href":"https:\/\/www.inforesidencias.com\/blog\/index.php\/wp-json\/wp\/v2\/types\/post"}],"author":[{"embeddable":true,"href":"https:\/\/www.inforesidencias.com\/blog\/index.php\/wp-json\/wp\/v2\/users\/2"}],"replies":[{"embeddable":true,"href":"https:\/\/www.inforesidencias.com\/blog\/index.php\/wp-json\/wp\/v2\/comments?post=3584"}],"version-history":[{"count":5,"href":"https:\/\/www.inforesidencias.com\/blog\/index.php\/wp-json\/wp\/v2\/posts\/3584\/revisions"}],"predecessor-version":[{"id":3589,"href":"https:\/\/www.inforesidencias.com\/blog\/index.php\/wp-json\/wp\/v2\/posts\/3584\/revisions\/3589"}],"wp:featuredmedia":[{"embeddable":true,"href":"https:\/\/www.inforesidencias.com\/blog\/index.php\/wp-json\/wp\/v2\/media\/3100"}],"wp:attachment":[{"href":"https:\/\/www.inforesidencias.com\/blog\/index.php\/wp-json\/wp\/v2\/media?parent=3584"}],"wp:term":[{"taxonomy":"category","embeddable":true,"href":"https:\/\/www.inforesidencias.com\/blog\/index.php\/wp-json\/wp\/v2\/categories?post=3584"},{"taxonomy":"post_tag","embeddable":true,"href":"https:\/\/www.inforesidencias.com\/blog\/index.php\/wp-json\/wp\/v2\/tags?post=3584"}],"curies":[{"name":"wp","href":"https:\/\/api.w.org\/{rel}","templated":true}]}}