{"id":3591,"date":"2020-09-25T13:10:39","date_gmt":"2020-09-25T13:10:39","guid":{"rendered":"https:\/\/www.inforesidencias.com\/blog\/?p=3591"},"modified":"2020-09-25T13:10:39","modified_gmt":"2020-09-25T13:10:39","slug":"novedades-en-las-residencias-de-mayores-y-el-testimonio-de-dos-residentes","status":"publish","type":"post","link":"https:\/\/www.inforesidencias.com\/blog\/index.php\/2020\/09\/25\/novedades-en-las-residencias-de-mayores-y-el-testimonio-de-dos-residentes\/","title":{"rendered":"Novedades en las residencias de mayores y el testimonio de dos residentes"},"content":{"rendered":"<p style=\"text-align: justify\"><span style=\"font-weight: 300\"><a href=\"https:\/\/www.estelfitxers.com\/audio\/20200923-17_00ESGRANSERGRAN.MP3\">El programa del mi\u00e9rcoles de \u201c\u00c9s gran ser gran\u201d <\/a>lo iniciamos hablando del debate actual sobre las residencias del futuro el cual se ha acentuado debido a la mortalidad que ha causado el Covid en las residencias de mayores de todo el mundo. Explicamos tambi\u00e9n las necesidades que tiene la poblaci\u00f3n espa\u00f1ola d contacto social y familiar y las diferencias en este sentido con por ejemplo un pa\u00eds como Jap\u00f3n. <\/span><\/p>\n<p style=\"text-align: justify\"><span style=\"font-weight: 300\">De esta introducci\u00f3n del programa pasamos a los minutos para la entrevista a nuestros invitados del d\u00eda. El mi\u00e9rcoles entrevistamos a Amelia Solanes, directora de la residencia la <a href=\"https:\/\/www.inforesidencias.com\/centros\/residencia\/9223\/residencia-la-torreta-de-font-d-en-fargues\">Torreta Font d\u2019en Fargues en Barcelona<\/a>. Tambi\u00e9n contamos con la participaci\u00f3n de la Sra. Montserrat. Herranz una residente. <\/span><\/p>\n<p style=\"text-align: justify\"><span style=\"font-weight: 300\">Amelia nos explic\u00f3 como se ha visto afectada la vida de los residentes durante estos \u00faltimos meses. Aunque no han tenido ning\u00fan caso y son una \u201cresidencia verde\u201d los residentes, como no pod\u00eda ser de otra forma, han sufrido mucho el no tener contacto con sus familiares. Sobre los familiares tambi\u00e9n explic\u00f3 como fue la comunicaci\u00f3n con las familias. La Sra. Montse nos dijo que ha vivido toda su vida en el barrio de Horta y que le gusta vivir en la residencia, la cual ya conoc\u00eda de antes. Tambi\u00e9n nos explic\u00f3 como hace muchas actividades diferentes en la residencia y cuales son sus curiosas costumbres en la residencia y como es la comida en la Torreta Font d\u2019en Fargues. Qued\u00f3 claro con la intervenci\u00f3n de la Sra. Montse como desde la residencia intentan que las personas que viven all\u00ed contin\u00faen con sus costumbres anteriores cuando volv\u00edan en su domicilio particular.<\/span><\/p>\n<p style=\"text-align: justify\"><a href=\"https:\/\/www.inforesidencias.com\/blog\/wp-content\/uploads\/2020\/04\/Coronavirus-en-las-residencias-de-mayores1.png\"><img decoding=\"async\" loading=\"lazy\" class=\"alignleft wp-image-3100\" src=\"https:\/\/www.inforesidencias.com\/blog\/wp-content\/uploads\/2020\/04\/Coronavirus-en-las-residencias-de-mayores1.png\" alt=\"novedades en ingresos y visitas\" width=\"250\" height=\"201\" \/><\/a><\/p>\n<p style=\"text-align: justify\"><span style=\"font-weight: 300\">En la consulta del trabajador social dedicamos los programas de esta semana a hablar de las novedades en las normas que ha dictado la Generalitat para hacer ingresos y visitas en las residencias de personas mayores de Catalu\u00f1a. En el del mi\u00e9rcoles empezamos hablando sobre los ingresos que ahora se rigen con otros criterios en funci\u00f3n de la catalogaci\u00f3n de la residencia (verde, naranja o roja). Explicamos los requisitos que hay que cumplir para acceder a una plaza residencial y los aspectos relacionados con la cuarentena .<\/span><\/p>\n<p style=\"text-align: justify\"><span style=\"font-weight: 300\"><a href=\"https:\/\/www.estelfitxers.com\/audio\/20200924-17_00ESGRANSERGRAN.MP3\">El programa del jueves<\/a> lo iniciamos hablando de diferentes formas en las que una persona que necesita ir a una residencia puede pagar la plaza. Todas partes del mismo concepto, tener una vivienda en propiedad. Pero a partir de ah\u00ed hay varias alternativas, de entre las que destacamos Pensium.<\/span><\/p>\n<p style=\"text-align: justify\"><span style=\"font-weight: 300\">Ya en la entrevista contamos con Marta Planas, directora de la <a href=\"https:\/\/www.inforesidencias.com\/centros\/residencia\/12760\/la-vostra-llar-gracia\">residencia Vostrallar Gr\u00e0cia,<\/a> y una residente, la Sra. Mar\u00eda Sayol. Con la Sra. Mar\u00eda hablamos de c\u00f3mo es un d\u00eda suyo en la residencia y como se siente viviendo en la Vostrallar de Gr\u00e0cia. Por su parte Marta, la directora, nos explic\u00f3 que la residencia se abri\u00f3 hace solo dos a\u00f1os y como siendo tan \u201cnuevos\u201d afrontaron la primera ola de la pandemia. Seguidamente nos hizo saber como estaban realizando ahora las visitas la residencia para aquellas personas que solicitan plaza y que debido a las restricciones en este sentido debido al Covd19 no pueden ir a ver como es el centro. <\/span><\/p>\n<p style=\"text-align: justify\"><span style=\"font-weight: 300\">En la recta final del programa, en la consulta del trabajador social explicamos el nuevo procedimiento, novedadades y requisitos para hacer visitas a familiares en una residencia. Explicamos como est\u00e1 estructuradas con car\u00e1cter general, lo que nos pueden pedir y como deben ser. Aunque aun no est\u00e1 permitido un contacto f\u00edsico directo es bienvenido el hecho de que m\u00e1s de un familiar por semana pueda visitar a su ser querido. Todo siempre eso si, partiendo de tener cita previa.<\/span><\/p>\n<p style=\"text-align: justify\">En este programa hemos hablado con directoras de residencias de Barcelona. Quieres descubrir algunas residencias de la comarca del Giron\u00e8s? <a href=\"https:\/\/www.inforesidencias.com\/centros\/buscador\/busquedas-predefinidas\/residencies-de-gent-gran-al-girones\">Clica aqu\u00ed<\/a><\/p>\n","protected":false},"excerpt":{"rendered":"<p>El programa del mi\u00e9rcoles de \u201c\u00c9s gran ser gran\u201d lo iniciamos hablando del debate actual sobre las residencias del futuro el cual se ha acentuado debido a la mortalidad que ha causado el Covid en las residencias de mayores de todo el mundo. Explicamos tambi\u00e9n las necesidades que tiene la poblaci\u00f3n espa\u00f1ola d contacto social y familiar y las diferencias en este sentido con por ejemplo un pa\u00eds como Jap\u00f3n. De esta introducci\u00f3n del programa pasamos a los minutos para la entrevista a nuestros invitados del d\u00eda. El mi\u00e9rcoles entrevistamos a Amelia Solanes, directora de la residencia la Torreta Font d\u2019en Fargues en Barcelona. Tambi\u00e9n contamos con la participaci\u00f3n de la Sra. Montserrat. Herranz una residente. Amelia nos explic\u00f3 como se ha visto afectada la vida de los residentes durante estos \u00faltimos meses. Aunque no han tenido ning\u00fan caso y son una \u201cresidencia verde\u201d los residentes, como no pod\u00eda ser [&hellip;]<\/p>\n","protected":false},"author":2,"featured_media":3100,"comment_status":"open","ping_status":"open","sticky":false,"template":"","format":"standard","meta":{"footnotes":""},"categories":[1],"tags":[],"yoast_head":"<!-- This site is optimized with the Yoast SEO plugin v21.7 - https:\/\/yoast.com\/wordpress\/plugins\/seo\/ -->\n<title>Novedades en las residencias de mayores y el testimonio de dos residentes - Blog Inforesidencias.com<\/title>\n<meta name=\"description\" content=\"Esta semana en los programas hablamos de las novedades en cuanto a ingresos y visitas y entrevistamos a directoras y residentes de dos centros en Barcelona\" \/>\n<meta name=\"robots\" content=\"index, follow, max-snippet:-1, max-image-preview:large, max-video-preview:-1\" \/>\n<link rel=\"canonical\" href=\"https:\/\/www.inforesidencias.com\/blog\/index.php\/2020\/09\/25\/novedades-en-las-residencias-de-mayores-y-el-testimonio-de-dos-residentes\/\" \/>\n<meta property=\"og:locale\" content=\"es_ES\" \/>\n<meta property=\"og:type\" content=\"article\" \/>\n<meta property=\"og:title\" content=\"Novedades en las residencias de mayores y el testimonio de dos residentes - Blog Inforesidencias.com\" \/>\n<meta property=\"og:description\" content=\"Esta semana en los programas hablamos de las novedades en cuanto a ingresos y visitas y entrevistamos a directoras y residentes de dos centros en Barcelona\" \/>\n<meta property=\"og:url\" content=\"https:\/\/www.inforesidencias.com\/blog\/index.php\/2020\/09\/25\/novedades-en-las-residencias-de-mayores-y-el-testimonio-de-dos-residentes\/\" \/>\n<meta property=\"og:site_name\" content=\"Blog Inforesidencias.com\" \/>\n<meta property=\"article:publisher\" content=\"https:\/\/www.facebook.com\/Inforesidencias\/\" \/>\n<meta property=\"article:author\" content=\"https:\/\/www.facebook.com\/josep.demarti\" \/>\n<meta property=\"article:published_time\" content=\"2020-09-25T13:10:39+00:00\" \/>\n<meta property=\"og:image\" content=\"https:\/\/www.inforesidencias.com\/blog\/wp-content\/uploads\/2020\/04\/Coronavirus-en-las-residencias-de-mayores1.png\" \/>\n\t<meta property=\"og:image:width\" content=\"400\" \/>\n\t<meta property=\"og:image:height\" content=\"322\" \/>\n\t<meta property=\"og:image:type\" content=\"image\/png\" \/>\n<meta name=\"author\" content=\"Josep de Mart\u00ed\" \/>\n<meta name=\"twitter:card\" content=\"summary_large_image\" \/>\n<meta name=\"twitter:creator\" content=\"@blog-ir\" \/>\n<meta name=\"twitter:site\" content=\"@inforesidencias\" \/>\n<meta name=\"twitter:label1\" content=\"Escrito por\" \/>\n\t<meta name=\"twitter:data1\" content=\"Josep de Mart\u00ed\" \/>\n\t<meta name=\"twitter:label2\" content=\"Tiempo de lectura\" \/>\n\t<meta name=\"twitter:data2\" content=\"3 minutos\" \/>\n<script type=\"application\/ld+json\" class=\"yoast-schema-graph\">{\"@context\":\"https:\/\/schema.org\",\"@graph\":[{\"@type\":\"WebPage\",\"@id\":\"https:\/\/www.inforesidencias.com\/blog\/index.php\/2020\/09\/25\/novedades-en-las-residencias-de-mayores-y-el-testimonio-de-dos-residentes\/\",\"url\":\"https:\/\/www.inforesidencias.com\/blog\/index.php\/2020\/09\/25\/novedades-en-las-residencias-de-mayores-y-el-testimonio-de-dos-residentes\/\",\"name\":\"Novedades en las residencias de mayores y el testimonio de dos residentes - Blog Inforesidencias.com\",\"isPartOf\":{\"@id\":\"https:\/\/www.inforesidencias.com\/blog\/#website\"},\"datePublished\":\"2020-09-25T13:10:39+00:00\",\"dateModified\":\"2020-09-25T13:10:39+00:00\",\"author\":{\"@id\":\"https:\/\/www.inforesidencias.com\/blog\/#\/schema\/person\/9e146774d1eb3bc1c0316242a3898628\"},\"description\":\"Esta semana en los programas hablamos de las novedades en cuanto a ingresos y visitas y entrevistamos a directoras y residentes de dos centros en Barcelona\",\"breadcrumb\":{\"@id\":\"https:\/\/www.inforesidencias.com\/blog\/index.php\/2020\/09\/25\/novedades-en-las-residencias-de-mayores-y-el-testimonio-de-dos-residentes\/#breadcrumb\"},\"inLanguage\":\"es\",\"potentialAction\":[{\"@type\":\"ReadAction\",\"target\":[\"https:\/\/www.inforesidencias.com\/blog\/index.php\/2020\/09\/25\/novedades-en-las-residencias-de-mayores-y-el-testimonio-de-dos-residentes\/\"]}]},{\"@type\":\"BreadcrumbList\",\"@id\":\"https:\/\/www.inforesidencias.com\/blog\/index.php\/2020\/09\/25\/novedades-en-las-residencias-de-mayores-y-el-testimonio-de-dos-residentes\/#breadcrumb\",\"itemListElement\":[{\"@type\":\"ListItem\",\"position\":1,\"name\":\"Home\",\"item\":\"https:\/\/www.inforesidencias.com\/blog\/\"},{\"@type\":\"ListItem\",\"position\":2,\"name\":\"Novedades en las residencias de mayores y el testimonio de dos residentes\"}]},{\"@type\":\"WebSite\",\"@id\":\"https:\/\/www.inforesidencias.com\/blog\/#website\",\"url\":\"https:\/\/www.inforesidencias.com\/blog\/\",\"name\":\"Blog Inforesidencias.com\",\"description\":\"El buscador de residencias de la 3\u00aa edad\",\"potentialAction\":[{\"@type\":\"SearchAction\",\"target\":{\"@type\":\"EntryPoint\",\"urlTemplate\":\"https:\/\/www.inforesidencias.com\/blog\/?s={search_term_string}\"},\"query-input\":\"required name=search_term_string\"}],\"inLanguage\":\"es\"},{\"@type\":\"Person\",\"@id\":\"https:\/\/www.inforesidencias.com\/blog\/#\/schema\/person\/9e146774d1eb3bc1c0316242a3898628\",\"name\":\"Josep de Mart\u00ed\",\"image\":{\"@type\":\"ImageObject\",\"inLanguage\":\"es\",\"@id\":\"https:\/\/www.inforesidencias.com\/blog\/#\/schema\/person\/image\/\",\"url\":\"https:\/\/secure.gravatar.com\/avatar\/de0302c4806c00c4cebff396a798c1ff?s=96&d=mm&r=g\",\"contentUrl\":\"https:\/\/secure.gravatar.com\/avatar\/de0302c4806c00c4cebff396a798c1ff?s=96&d=mm&r=g\",\"caption\":\"Josep de Mart\u00ed\"},\"sameAs\":[\"https:\/\/www.inforesidencias.com\",\"https:\/\/www.facebook.com\/josep.demarti\",\"https:\/\/twitter.com\/blog-ir\"],\"url\":\"https:\/\/www.inforesidencias.com\/blog\/index.php\/author\/josepdemarti\/\"}]}<\/script>\n<!-- \/ Yoast SEO plugin. -->","yoast_head_json":{"title":"Novedades en las residencias de mayores y el testimonio de dos residentes - Blog Inforesidencias.com","description":"Esta semana en los programas hablamos de las novedades en cuanto a ingresos y visitas y entrevistamos a directoras y residentes de dos centros en Barcelona","robots":{"index":"index","follow":"follow","max-snippet":"max-snippet:-1","max-image-preview":"max-image-preview:large","max-video-preview":"max-video-preview:-1"},"canonical":"https:\/\/www.inforesidencias.com\/blog\/index.php\/2020\/09\/25\/novedades-en-las-residencias-de-mayores-y-el-testimonio-de-dos-residentes\/","og_locale":"es_ES","og_type":"article","og_title":"Novedades en las residencias de mayores y el testimonio de dos residentes - Blog Inforesidencias.com","og_description":"Esta semana en los programas hablamos de las novedades en cuanto a ingresos y visitas y entrevistamos a directoras y residentes de dos centros en Barcelona","og_url":"https:\/\/www.inforesidencias.com\/blog\/index.php\/2020\/09\/25\/novedades-en-las-residencias-de-mayores-y-el-testimonio-de-dos-residentes\/","og_site_name":"Blog Inforesidencias.com","article_publisher":"https:\/\/www.facebook.com\/Inforesidencias\/","article_author":"https:\/\/www.facebook.com\/josep.demarti","article_published_time":"2020-09-25T13:10:39+00:00","og_image":[{"width":400,"height":322,"url":"https:\/\/www.inforesidencias.com\/blog\/wp-content\/uploads\/2020\/04\/Coronavirus-en-las-residencias-de-mayores1.png","type":"image\/png"}],"author":"Josep de Mart\u00ed","twitter_card":"summary_large_image","twitter_creator":"@blog-ir","twitter_site":"@inforesidencias","twitter_misc":{"Escrito por":"Josep de Mart\u00ed","Tiempo de lectura":"3 minutos"},"schema":{"@context":"https:\/\/schema.org","@graph":[{"@type":"WebPage","@id":"https:\/\/www.inforesidencias.com\/blog\/index.php\/2020\/09\/25\/novedades-en-las-residencias-de-mayores-y-el-testimonio-de-dos-residentes\/","url":"https:\/\/www.inforesidencias.com\/blog\/index.php\/2020\/09\/25\/novedades-en-las-residencias-de-mayores-y-el-testimonio-de-dos-residentes\/","name":"Novedades en las residencias de mayores y el testimonio de dos residentes - Blog Inforesidencias.com","isPartOf":{"@id":"https:\/\/www.inforesidencias.com\/blog\/#website"},"datePublished":"2020-09-25T13:10:39+00:00","dateModified":"2020-09-25T13:10:39+00:00","author":{"@id":"https:\/\/www.inforesidencias.com\/blog\/#\/schema\/person\/9e146774d1eb3bc1c0316242a3898628"},"description":"Esta semana en los programas hablamos de las novedades en cuanto a ingresos y visitas y entrevistamos a directoras y residentes de dos centros en Barcelona","breadcrumb":{"@id":"https:\/\/www.inforesidencias.com\/blog\/index.php\/2020\/09\/25\/novedades-en-las-residencias-de-mayores-y-el-testimonio-de-dos-residentes\/#breadcrumb"},"inLanguage":"es","potentialAction":[{"@type":"ReadAction","target":["https:\/\/www.inforesidencias.com\/blog\/index.php\/2020\/09\/25\/novedades-en-las-residencias-de-mayores-y-el-testimonio-de-dos-residentes\/"]}]},{"@type":"BreadcrumbList","@id":"https:\/\/www.inforesidencias.com\/blog\/index.php\/2020\/09\/25\/novedades-en-las-residencias-de-mayores-y-el-testimonio-de-dos-residentes\/#breadcrumb","itemListElement":[{"@type":"ListItem","position":1,"name":"Home","item":"https:\/\/www.inforesidencias.com\/blog\/"},{"@type":"ListItem","position":2,"name":"Novedades en las residencias de mayores y el testimonio de dos residentes"}]},{"@type":"WebSite","@id":"https:\/\/www.inforesidencias.com\/blog\/#website","url":"https:\/\/www.inforesidencias.com\/blog\/","name":"Blog Inforesidencias.com","description":"El buscador de residencias de la 3\u00aa edad","potentialAction":[{"@type":"SearchAction","target":{"@type":"EntryPoint","urlTemplate":"https:\/\/www.inforesidencias.com\/blog\/?s={search_term_string}"},"query-input":"required name=search_term_string"}],"inLanguage":"es"},{"@type":"Person","@id":"https:\/\/www.inforesidencias.com\/blog\/#\/schema\/person\/9e146774d1eb3bc1c0316242a3898628","name":"Josep de Mart\u00ed","image":{"@type":"ImageObject","inLanguage":"es","@id":"https:\/\/www.inforesidencias.com\/blog\/#\/schema\/person\/image\/","url":"https:\/\/secure.gravatar.com\/avatar\/de0302c4806c00c4cebff396a798c1ff?s=96&d=mm&r=g","contentUrl":"https:\/\/secure.gravatar.com\/avatar\/de0302c4806c00c4cebff396a798c1ff?s=96&d=mm&r=g","caption":"Josep de Mart\u00ed"},"sameAs":["https:\/\/www.inforesidencias.com","https:\/\/www.facebook.com\/josep.demarti","https:\/\/twitter.com\/blog-ir"],"url":"https:\/\/www.inforesidencias.com\/blog\/index.php\/author\/josepdemarti\/"}]}},"_links":{"self":[{"href":"https:\/\/www.inforesidencias.com\/blog\/index.php\/wp-json\/wp\/v2\/posts\/3591"}],"collection":[{"href":"https:\/\/www.inforesidencias.com\/blog\/index.php\/wp-json\/wp\/v2\/posts"}],"about":[{"href":"https:\/\/www.inforesidencias.com\/blog\/index.php\/wp-json\/wp\/v2\/types\/post"}],"author":[{"embeddable":true,"href":"https:\/\/www.inforesidencias.com\/blog\/index.php\/wp-json\/wp\/v2\/users\/2"}],"replies":[{"embeddable":true,"href":"https:\/\/www.inforesidencias.com\/blog\/index.php\/wp-json\/wp\/v2\/comments?post=3591"}],"version-history":[{"count":6,"href":"https:\/\/www.inforesidencias.com\/blog\/index.php\/wp-json\/wp\/v2\/posts\/3591\/revisions"}],"predecessor-version":[{"id":3597,"href":"https:\/\/www.inforesidencias.com\/blog\/index.php\/wp-json\/wp\/v2\/posts\/3591\/revisions\/3597"}],"wp:featuredmedia":[{"embeddable":true,"href":"https:\/\/www.inforesidencias.com\/blog\/index.php\/wp-json\/wp\/v2\/media\/3100"}],"wp:attachment":[{"href":"https:\/\/www.inforesidencias.com\/blog\/index.php\/wp-json\/wp\/v2\/media?parent=3591"}],"wp:term":[{"taxonomy":"category","embeddable":true,"href":"https:\/\/www.inforesidencias.com\/blog\/index.php\/wp-json\/wp\/v2\/categories?post=3591"},{"taxonomy":"post_tag","embeddable":true,"href":"https:\/\/www.inforesidencias.com\/blog\/index.php\/wp-json\/wp\/v2\/tags?post=3591"}],"curies":[{"name":"wp","href":"https:\/\/api.w.org\/{rel}","templated":true}]}}