{"id":3599,"date":"2020-09-28T12:34:43","date_gmt":"2020-09-28T12:34:43","guid":{"rendered":"https:\/\/www.inforesidencias.com\/blog\/?p=3599"},"modified":"2020-09-28T13:49:52","modified_gmt":"2020-09-28T13:49:52","slug":"que-explica-el-mayor-impacto-de-covid-19-en-residencias-y-que-no","status":"publish","type":"post","link":"https:\/\/www.inforesidencias.com\/blog\/index.php\/2020\/09\/28\/que-explica-el-mayor-impacto-de-covid-19-en-residencias-y-que-no\/","title":{"rendered":"\u00bfQu\u00e9 explica el mayor impacto de Covid-19 en residencias y qu\u00e9 no?"},"content":{"rendered":"<p>Una <a href=\"https:\/\/www.inforesidencias.com\/resources\/public\/biblioteca\/documentos\/funcionamiento\/auditoria-covid-en-residencias-de-mayores-navarra.pdf\">auditor\u00eda llevada a cabo por parte del Observatorio de la Realidad Social<\/a> en las <a href=\"https:\/\/www.inforesidencias.com\/centros\/buscador\/residencias\/navarra\">residencias de personas mayores de Navarra<\/a>\u00a0se est\u00e1 convirtiendo en una lectura obligada para romper mitos y empezar a entender qu\u00e9 factores han hecho que en las residencias de tercera edad en general, pero especialmente en algunas de ellas la enfermedad Covid-19 haya ocasionado tanta mortalidad.<\/p>\n<p><a href=\"https:\/\/www.inforesidencias.com\/blog\/wp-content\/uploads\/2020\/09\/Captura-de-pantalla-2020-09-28-a-las-14.20.44.jpg\"><img decoding=\"async\" loading=\"lazy\" class=\"alignleft size-full wp-image-3600\" src=\"https:\/\/www.inforesidencias.com\/blog\/wp-content\/uploads\/2020\/09\/Captura-de-pantalla-2020-09-28-a-las-14.20.44.jpg\" alt=\"Auditor\u00eda Covid-19 residencias ancianos navarra\" width=\"400\" height=\"566\" \/><\/a>El resultado desmonta alguno de los mitos como que las residencias p\u00fablicas hayan respondido mejor. Eso, seg\u00fan la auditor\u00eda no es cierto.<\/p>\n<p>Aqu\u00ed hay algunas conclusiones (textual del texto de la auditoria)<\/p>\n<p>&nbsp;<\/p>\n<h2>Factores que pueden ser considerados como de mayor riesgo o, en su caso, de protecci\u00f3n.<\/h2>\n<p>\u2713 La prevalencia de la COVID-19 en la zona b\u00e1sica de salud donde se sit\u00faa la residencia es sin duda la situaci\u00f3n que mejor y m\u00e1s explica la incidencia de la pandemia en las residencias. Las residencias situadas en zonas con prevalencia superior al 3%tienen 6 veces m\u00e1s probabilidad de ser altamente afectadas por la pandemia que aquellas situadas en zonas con menor prevalencia en su zona b\u00e1sica de salud.<\/p>\n<p>\u2713 El n\u00famero de residentes. Las residencias con m\u00e1s de 100 residentes tiene 5 veces m\u00e1s probabilidad de ser altamente afectadas por la COVID-19 que las residencias con menos de 100.<\/p>\n<p>\u2713 El volumen de personas que acud\u00edan al centro la semana anterior al estado de alarma es un factor de riesgo al ser estad\u00edsticamente significativo. As\u00ed, la Auditor\u00eda de los centros residenciales en Navarara ante la crisis de la COVID-19 18 probabilidad de una residencia tenga una alta incidencia de la pandemia es 3 veces superior cuando acuden al centro 50 personas o m\u00e1s que cuando este n\u00famero es inferior.<\/p>\n<p>\u2713 Disponer de PCR o pruebas diagn\u00f3sticas suficientes de COVID-19 para personal residente es otro de los factores de protecci\u00f3n. Las residencias que afirman en al menos una semana de marzo que no contaron con estos recursos de forma suficiente tienen una probabilidad de ser altamente afectadas por la COVID-19 3,5 veces superior que aquellas que se\u00f1alaron esa disponibilidad como recurso suficiente en todas las semanas de marzo. Esta probabilidad es para el mes de abril de 2,8.<\/p>\n<p>\u2713 Las desinfecciones generalizadas han jugado un papel de protecci\u00f3n en las residencias. Quienes realizaron menos de 10 desinfecciones en marzo tienen una probabilidad 3,15 veces superior de estar altamente afectadas por la pandemia que las que realizan m\u00e1s de 10 desinfecciones. Probabilidad parecida de 2,95 cuando el n\u00famero de desinfecciones en abril es menor a 29.<\/p>\n<p>\u2713 El impacto de la crisis en los recursos humanos ha sido tambi\u00e9n uno de los elementos clave que explica la pandemia en las personas residentes. As\u00ed, por ejemplo aquellas residencias que sufrieron bajas laborales del personal tuvieron 7,5 veces m\u00e1s probabilidad de estar altamente afectadas que aquellas que no las tuvieron. A su vez, las residencias que tuvieron que recurrir a personal sanitario sin titulaci\u00f3n tienen 4 veces m\u00e1s posibilidades de estar altamente afectadas que las que no tuvieron que recurrir a este recurso, y las que no contaron con una lista de reclutamiento para cubrir bajas de personal est\u00e1n 2,6 veces m\u00e1s afectadas que las que afirman que s\u00ed contaron con ella.<\/p>\n<p>\u2713 La compra de EPI a proveedores no confiables y la fabricaci\u00f3n de EPI artesanales han de ser interpretadas como claros s\u00edntomas de la ausencia de recursos, especialmente durante el mes de marzo. Hay que recordar que, durante ese mes, 7 de cada 10 residencias se\u00f1alaron en todas las semanas bien que no ten\u00edan mascarillas, bien que las que ten\u00edan eran insuficientes. Las residencias m\u00e1s afectadas recurrieron con mayor intensidad a estas v\u00edas informales por una clara necesidad, y tampoco se puede constatar la eficacia de dichas medidas. El an\u00e1lisis de regresi\u00f3n constata que las residencias que recurrieron a ello tuvieron m\u00e1s del doble de probabilidad de estar altamente afectadas.<\/p>\n<p>\u2713 La ausencia de medidas de contenci\u00f3n, como la limitaci\u00f3n de visitas o la sectorizaci\u00f3n, es otro de los factores que se puede considerar de riesgo. En consecuencia, la puesta en pr\u00e1ctica de los mismos puede considerarse factor de protecci\u00f3n. El riesgo de estar altamente afectada por la pandemia oscila entre 2,19 y 1,11 veces m\u00e1s para las que no lo realizaron en funci\u00f3n del tipo de aislamiento.<\/p>\n<p>\u2713 La ratio de empleados en las residencias parece erigirse como un factor de protecci\u00f3n: altas ratios de profesionales llevan consigo menor probabilidad de estar altamente impactado por la pandemia. Las residencias con una ratio de Auditor\u00eda de los centros residenciales en Navarara ante la crisis de la COVID-19 19 trabajadores por residente por debajo del 70% tuvieron m\u00e1s del doble de riesgo de estar altamente afectadas que las que ten\u00edan una ratio mayor.<\/p>\n<h1>Factores que no tienen relevancia o tienen escasa relevancia<\/h1>\n<p>Hay algunos factores que, en el an\u00e1lisis realizado, al menos en el caso de las residencias en Navarra, parecen no tener relevancia o tener escasa relevancia. Destacamos tres de ellos a los que aluden frecuentemente los debates:<\/p>\n<p>\u2022 Ni la titularidad (p\u00fablica o privada) ni el tipo de residencia (mayores o discapacidad) influye de manera significativa en el impacto de la pandemia en las residencias.<\/p>\n<p>\u2022 La composici\u00f3n de las personas residentes no parece potenciar ni proteger de la pandemia a las residencias, ya se trate del n\u00famero de residentes que comparten habitaci\u00f3n, o del n\u00famero de personas dependientes.<\/p>\n<p>\u2022 La disposici\u00f3n de la residencia de personal m\u00e9dico y\/o de enfermer\u00eda antes de la pandemia, e indistintamente de los turnos que estas personas cubrieran, no ha influido en el impacto de la pandemia en las residencias, dado que estas variables no son estad\u00edsticamente significativas.<\/p>\n","protected":false},"excerpt":{"rendered":"<p>Una auditor\u00eda llevada a cabo por parte del Observatorio de la Realidad Social en las residencias de personas mayores de Navarra\u00a0se est\u00e1 convirtiendo en una lectura obligada para romper mitos y empezar a entender qu\u00e9 factores han hecho que en las residencias de tercera edad en general, pero especialmente en algunas de ellas la enfermedad Covid-19 haya ocasionado tanta mortalidad. El resultado desmonta alguno de los mitos como que las residencias p\u00fablicas hayan respondido mejor. Eso, seg\u00fan la auditor\u00eda no es cierto. Aqu\u00ed hay algunas conclusiones (textual del texto de la auditoria) &nbsp; Factores que pueden ser considerados como de mayor riesgo o, en su caso, de protecci\u00f3n. \u2713 La prevalencia de la COVID-19 en la zona b\u00e1sica de salud donde se sit\u00faa la residencia es sin duda la situaci\u00f3n que mejor y m\u00e1s explica la incidencia de la pandemia en las residencias. Las residencias situadas en zonas con prevalencia [&hellip;]<\/p>\n","protected":false},"author":2,"featured_media":3600,"comment_status":"open","ping_status":"open","sticky":false,"template":"","format":"standard","meta":{"footnotes":""},"categories":[91,3,5,89],"tags":[],"yoast_head":"<!-- This site is optimized with the Yoast SEO plugin v21.7 - https:\/\/yoast.com\/wordpress\/plugins\/seo\/ -->\n<title>\u00bfQu\u00e9 explica el mayor impacto de Covid-19 en residencias y qu\u00e9 no? - Blog Inforesidencias.com<\/title>\n<meta name=\"robots\" content=\"index, follow, max-snippet:-1, max-image-preview:large, max-video-preview:-1\" \/>\n<link rel=\"canonical\" href=\"https:\/\/www.inforesidencias.com\/blog\/index.php\/2020\/09\/28\/que-explica-el-mayor-impacto-de-covid-19-en-residencias-y-que-no\/\" \/>\n<meta property=\"og:locale\" content=\"es_ES\" \/>\n<meta property=\"og:type\" content=\"article\" \/>\n<meta property=\"og:title\" content=\"\u00bfQu\u00e9 explica el mayor impacto de Covid-19 en residencias y qu\u00e9 no? - Blog Inforesidencias.com\" \/>\n<meta property=\"og:description\" content=\"Una auditor\u00eda llevada a cabo por parte del Observatorio de la Realidad Social en las residencias de personas mayores de Navarra\u00a0se est\u00e1 convirtiendo en una lectura obligada para romper mitos y empezar a entender qu\u00e9 factores han hecho que en las residencias de tercera edad en general, pero especialmente en algunas de ellas la enfermedad Covid-19 haya ocasionado tanta mortalidad. El resultado desmonta alguno de los mitos como que las residencias p\u00fablicas hayan respondido mejor. Eso, seg\u00fan la auditor\u00eda no es cierto. Aqu\u00ed hay algunas conclusiones (textual del texto de la auditoria) &nbsp; Factores que pueden ser considerados como de mayor riesgo o, en su caso, de protecci\u00f3n. \u2713 La prevalencia de la COVID-19 en la zona b\u00e1sica de salud donde se sit\u00faa la residencia es sin duda la situaci\u00f3n que mejor y m\u00e1s explica la incidencia de la pandemia en las residencias. Las residencias situadas en zonas con prevalencia [&hellip;]\" \/>\n<meta property=\"og:url\" content=\"https:\/\/www.inforesidencias.com\/blog\/index.php\/2020\/09\/28\/que-explica-el-mayor-impacto-de-covid-19-en-residencias-y-que-no\/\" \/>\n<meta property=\"og:site_name\" content=\"Blog Inforesidencias.com\" \/>\n<meta property=\"article:publisher\" content=\"https:\/\/www.facebook.com\/Inforesidencias\/\" \/>\n<meta property=\"article:author\" content=\"https:\/\/www.facebook.com\/josep.demarti\" \/>\n<meta property=\"article:published_time\" content=\"2020-09-28T12:34:43+00:00\" \/>\n<meta property=\"article:modified_time\" content=\"2020-09-28T13:49:52+00:00\" \/>\n<meta property=\"og:image\" content=\"https:\/\/www.inforesidencias.com\/blog\/wp-content\/uploads\/2020\/09\/Captura-de-pantalla-2020-09-28-a-las-14.20.44.jpg\" \/>\n\t<meta property=\"og:image:width\" content=\"400\" \/>\n\t<meta property=\"og:image:height\" content=\"566\" \/>\n\t<meta property=\"og:image:type\" content=\"image\/jpeg\" \/>\n<meta name=\"author\" content=\"Josep de Mart\u00ed\" \/>\n<meta name=\"twitter:card\" content=\"summary_large_image\" \/>\n<meta name=\"twitter:creator\" content=\"@blog-ir\" \/>\n<meta name=\"twitter:site\" content=\"@inforesidencias\" \/>\n<meta name=\"twitter:label1\" content=\"Escrito por\" \/>\n\t<meta name=\"twitter:data1\" content=\"Josep de Mart\u00ed\" \/>\n\t<meta name=\"twitter:label2\" content=\"Tiempo de lectura\" \/>\n\t<meta name=\"twitter:data2\" content=\"5 minutos\" \/>\n<script type=\"application\/ld+json\" class=\"yoast-schema-graph\">{\"@context\":\"https:\/\/schema.org\",\"@graph\":[{\"@type\":\"WebPage\",\"@id\":\"https:\/\/www.inforesidencias.com\/blog\/index.php\/2020\/09\/28\/que-explica-el-mayor-impacto-de-covid-19-en-residencias-y-que-no\/\",\"url\":\"https:\/\/www.inforesidencias.com\/blog\/index.php\/2020\/09\/28\/que-explica-el-mayor-impacto-de-covid-19-en-residencias-y-que-no\/\",\"name\":\"\u00bfQu\u00e9 explica el mayor impacto de Covid-19 en residencias y qu\u00e9 no? - Blog Inforesidencias.com\",\"isPartOf\":{\"@id\":\"https:\/\/www.inforesidencias.com\/blog\/#website\"},\"datePublished\":\"2020-09-28T12:34:43+00:00\",\"dateModified\":\"2020-09-28T13:49:52+00:00\",\"author\":{\"@id\":\"https:\/\/www.inforesidencias.com\/blog\/#\/schema\/person\/9e146774d1eb3bc1c0316242a3898628\"},\"breadcrumb\":{\"@id\":\"https:\/\/www.inforesidencias.com\/blog\/index.php\/2020\/09\/28\/que-explica-el-mayor-impacto-de-covid-19-en-residencias-y-que-no\/#breadcrumb\"},\"inLanguage\":\"es\",\"potentialAction\":[{\"@type\":\"ReadAction\",\"target\":[\"https:\/\/www.inforesidencias.com\/blog\/index.php\/2020\/09\/28\/que-explica-el-mayor-impacto-de-covid-19-en-residencias-y-que-no\/\"]}]},{\"@type\":\"BreadcrumbList\",\"@id\":\"https:\/\/www.inforesidencias.com\/blog\/index.php\/2020\/09\/28\/que-explica-el-mayor-impacto-de-covid-19-en-residencias-y-que-no\/#breadcrumb\",\"itemListElement\":[{\"@type\":\"ListItem\",\"position\":1,\"name\":\"Home\",\"item\":\"https:\/\/www.inforesidencias.com\/blog\/\"},{\"@type\":\"ListItem\",\"position\":2,\"name\":\"\u00bfQu\u00e9 explica el mayor impacto de Covid-19 en residencias y qu\u00e9 no?\"}]},{\"@type\":\"WebSite\",\"@id\":\"https:\/\/www.inforesidencias.com\/blog\/#website\",\"url\":\"https:\/\/www.inforesidencias.com\/blog\/\",\"name\":\"Blog Inforesidencias.com\",\"description\":\"El buscador de residencias de la 3\u00aa edad\",\"potentialAction\":[{\"@type\":\"SearchAction\",\"target\":{\"@type\":\"EntryPoint\",\"urlTemplate\":\"https:\/\/www.inforesidencias.com\/blog\/?s={search_term_string}\"},\"query-input\":\"required name=search_term_string\"}],\"inLanguage\":\"es\"},{\"@type\":\"Person\",\"@id\":\"https:\/\/www.inforesidencias.com\/blog\/#\/schema\/person\/9e146774d1eb3bc1c0316242a3898628\",\"name\":\"Josep de Mart\u00ed\",\"image\":{\"@type\":\"ImageObject\",\"inLanguage\":\"es\",\"@id\":\"https:\/\/www.inforesidencias.com\/blog\/#\/schema\/person\/image\/\",\"url\":\"https:\/\/secure.gravatar.com\/avatar\/de0302c4806c00c4cebff396a798c1ff?s=96&d=mm&r=g\",\"contentUrl\":\"https:\/\/secure.gravatar.com\/avatar\/de0302c4806c00c4cebff396a798c1ff?s=96&d=mm&r=g\",\"caption\":\"Josep de Mart\u00ed\"},\"sameAs\":[\"https:\/\/www.inforesidencias.com\",\"https:\/\/www.facebook.com\/josep.demarti\",\"https:\/\/twitter.com\/blog-ir\"],\"url\":\"https:\/\/www.inforesidencias.com\/blog\/index.php\/author\/josepdemarti\/\"}]}<\/script>\n<!-- \/ Yoast SEO plugin. -->","yoast_head_json":{"title":"\u00bfQu\u00e9 explica el mayor impacto de Covid-19 en residencias y qu\u00e9 no? - Blog Inforesidencias.com","robots":{"index":"index","follow":"follow","max-snippet":"max-snippet:-1","max-image-preview":"max-image-preview:large","max-video-preview":"max-video-preview:-1"},"canonical":"https:\/\/www.inforesidencias.com\/blog\/index.php\/2020\/09\/28\/que-explica-el-mayor-impacto-de-covid-19-en-residencias-y-que-no\/","og_locale":"es_ES","og_type":"article","og_title":"\u00bfQu\u00e9 explica el mayor impacto de Covid-19 en residencias y qu\u00e9 no? - Blog Inforesidencias.com","og_description":"Una auditor\u00eda llevada a cabo por parte del Observatorio de la Realidad Social en las residencias de personas mayores de Navarra\u00a0se est\u00e1 convirtiendo en una lectura obligada para romper mitos y empezar a entender qu\u00e9 factores han hecho que en las residencias de tercera edad en general, pero especialmente en algunas de ellas la enfermedad Covid-19 haya ocasionado tanta mortalidad. El resultado desmonta alguno de los mitos como que las residencias p\u00fablicas hayan respondido mejor. Eso, seg\u00fan la auditor\u00eda no es cierto. Aqu\u00ed hay algunas conclusiones (textual del texto de la auditoria) &nbsp; Factores que pueden ser considerados como de mayor riesgo o, en su caso, de protecci\u00f3n. \u2713 La prevalencia de la COVID-19 en la zona b\u00e1sica de salud donde se sit\u00faa la residencia es sin duda la situaci\u00f3n que mejor y m\u00e1s explica la incidencia de la pandemia en las residencias. Las residencias situadas en zonas con prevalencia [&hellip;]","og_url":"https:\/\/www.inforesidencias.com\/blog\/index.php\/2020\/09\/28\/que-explica-el-mayor-impacto-de-covid-19-en-residencias-y-que-no\/","og_site_name":"Blog Inforesidencias.com","article_publisher":"https:\/\/www.facebook.com\/Inforesidencias\/","article_author":"https:\/\/www.facebook.com\/josep.demarti","article_published_time":"2020-09-28T12:34:43+00:00","article_modified_time":"2020-09-28T13:49:52+00:00","og_image":[{"width":400,"height":566,"url":"https:\/\/www.inforesidencias.com\/blog\/wp-content\/uploads\/2020\/09\/Captura-de-pantalla-2020-09-28-a-las-14.20.44.jpg","type":"image\/jpeg"}],"author":"Josep de Mart\u00ed","twitter_card":"summary_large_image","twitter_creator":"@blog-ir","twitter_site":"@inforesidencias","twitter_misc":{"Escrito por":"Josep de Mart\u00ed","Tiempo de lectura":"5 minutos"},"schema":{"@context":"https:\/\/schema.org","@graph":[{"@type":"WebPage","@id":"https:\/\/www.inforesidencias.com\/blog\/index.php\/2020\/09\/28\/que-explica-el-mayor-impacto-de-covid-19-en-residencias-y-que-no\/","url":"https:\/\/www.inforesidencias.com\/blog\/index.php\/2020\/09\/28\/que-explica-el-mayor-impacto-de-covid-19-en-residencias-y-que-no\/","name":"\u00bfQu\u00e9 explica el mayor impacto de Covid-19 en residencias y qu\u00e9 no? - Blog Inforesidencias.com","isPartOf":{"@id":"https:\/\/www.inforesidencias.com\/blog\/#website"},"datePublished":"2020-09-28T12:34:43+00:00","dateModified":"2020-09-28T13:49:52+00:00","author":{"@id":"https:\/\/www.inforesidencias.com\/blog\/#\/schema\/person\/9e146774d1eb3bc1c0316242a3898628"},"breadcrumb":{"@id":"https:\/\/www.inforesidencias.com\/blog\/index.php\/2020\/09\/28\/que-explica-el-mayor-impacto-de-covid-19-en-residencias-y-que-no\/#breadcrumb"},"inLanguage":"es","potentialAction":[{"@type":"ReadAction","target":["https:\/\/www.inforesidencias.com\/blog\/index.php\/2020\/09\/28\/que-explica-el-mayor-impacto-de-covid-19-en-residencias-y-que-no\/"]}]},{"@type":"BreadcrumbList","@id":"https:\/\/www.inforesidencias.com\/blog\/index.php\/2020\/09\/28\/que-explica-el-mayor-impacto-de-covid-19-en-residencias-y-que-no\/#breadcrumb","itemListElement":[{"@type":"ListItem","position":1,"name":"Home","item":"https:\/\/www.inforesidencias.com\/blog\/"},{"@type":"ListItem","position":2,"name":"\u00bfQu\u00e9 explica el mayor impacto de Covid-19 en residencias y qu\u00e9 no?"}]},{"@type":"WebSite","@id":"https:\/\/www.inforesidencias.com\/blog\/#website","url":"https:\/\/www.inforesidencias.com\/blog\/","name":"Blog Inforesidencias.com","description":"El buscador de residencias de la 3\u00aa edad","potentialAction":[{"@type":"SearchAction","target":{"@type":"EntryPoint","urlTemplate":"https:\/\/www.inforesidencias.com\/blog\/?s={search_term_string}"},"query-input":"required name=search_term_string"}],"inLanguage":"es"},{"@type":"Person","@id":"https:\/\/www.inforesidencias.com\/blog\/#\/schema\/person\/9e146774d1eb3bc1c0316242a3898628","name":"Josep de Mart\u00ed","image":{"@type":"ImageObject","inLanguage":"es","@id":"https:\/\/www.inforesidencias.com\/blog\/#\/schema\/person\/image\/","url":"https:\/\/secure.gravatar.com\/avatar\/de0302c4806c00c4cebff396a798c1ff?s=96&d=mm&r=g","contentUrl":"https:\/\/secure.gravatar.com\/avatar\/de0302c4806c00c4cebff396a798c1ff?s=96&d=mm&r=g","caption":"Josep de Mart\u00ed"},"sameAs":["https:\/\/www.inforesidencias.com","https:\/\/www.facebook.com\/josep.demarti","https:\/\/twitter.com\/blog-ir"],"url":"https:\/\/www.inforesidencias.com\/blog\/index.php\/author\/josepdemarti\/"}]}},"_links":{"self":[{"href":"https:\/\/www.inforesidencias.com\/blog\/index.php\/wp-json\/wp\/v2\/posts\/3599"}],"collection":[{"href":"https:\/\/www.inforesidencias.com\/blog\/index.php\/wp-json\/wp\/v2\/posts"}],"about":[{"href":"https:\/\/www.inforesidencias.com\/blog\/index.php\/wp-json\/wp\/v2\/types\/post"}],"author":[{"embeddable":true,"href":"https:\/\/www.inforesidencias.com\/blog\/index.php\/wp-json\/wp\/v2\/users\/2"}],"replies":[{"embeddable":true,"href":"https:\/\/www.inforesidencias.com\/blog\/index.php\/wp-json\/wp\/v2\/comments?post=3599"}],"version-history":[{"count":3,"href":"https:\/\/www.inforesidencias.com\/blog\/index.php\/wp-json\/wp\/v2\/posts\/3599\/revisions"}],"predecessor-version":[{"id":3603,"href":"https:\/\/www.inforesidencias.com\/blog\/index.php\/wp-json\/wp\/v2\/posts\/3599\/revisions\/3603"}],"wp:featuredmedia":[{"embeddable":true,"href":"https:\/\/www.inforesidencias.com\/blog\/index.php\/wp-json\/wp\/v2\/media\/3600"}],"wp:attachment":[{"href":"https:\/\/www.inforesidencias.com\/blog\/index.php\/wp-json\/wp\/v2\/media?parent=3599"}],"wp:term":[{"taxonomy":"category","embeddable":true,"href":"https:\/\/www.inforesidencias.com\/blog\/index.php\/wp-json\/wp\/v2\/categories?post=3599"},{"taxonomy":"post_tag","embeddable":true,"href":"https:\/\/www.inforesidencias.com\/blog\/index.php\/wp-json\/wp\/v2\/tags?post=3599"}],"curies":[{"name":"wp","href":"https:\/\/api.w.org\/{rel}","templated":true}]}}