{"id":3630,"date":"2020-10-09T15:32:06","date_gmt":"2020-10-09T15:32:06","guid":{"rendered":"https:\/\/www.inforesidencias.com\/blog\/?p=3630"},"modified":"2020-10-09T15:32:06","modified_gmt":"2020-10-09T15:32:06","slug":"hablando-de-los-centros-de-dia-la-soledad-y-el-edadismo","status":"publish","type":"post","link":"https:\/\/www.inforesidencias.com\/blog\/index.php\/2020\/10\/09\/hablando-de-los-centros-de-dia-la-soledad-y-el-edadismo\/","title":{"rendered":"Hablando de los centros de d\u00eda, la soledad y el edadismo"},"content":{"rendered":"<p style=\"text-align: justify\">El <a href=\"https:\/\/www.estelfitxers.com\/audio\/20201007-17_00ESGRANSERGRAN.MP3\">programa del mi\u00e9rcoles de \u201c\u00c9s gran ser gran\u201d <\/a>lo empezamos hablando de c\u00f3mo tener claro si en una residencia en concreto se pueden hacer ingresos y de los \u201ccolores\u201d en los que se clasifican actualmente los centros. Explicamos un par de maneras pero dijimos que la mejor de todas es preguntar al director\/a del centro que queramos para preguntar como es all\u00ed el procedimiento.<\/p>\n<p style=\"text-align: justify\">En la entrevista del d\u00eda contamos con Ra\u00fal Vaca, psicogeront\u00f3logo y vocal de la SEGG (Sociedad Espa\u00f1ola de Geriatr\u00eda y Gerontolog\u00eda). Ra\u00fal explic\u00f3 que es la SEGG y a que se dedican desde esta sociedad cient\u00edfica. Seguidamente hablamos de la soledad de las personas mayores y del hecho que es un aspecto atener muy en cuenta y del que hay que estar muy alerta. Dimos datos num\u00e9ricos de personas mayores que viven solas y que adem\u00e1s se sienten solas (porque hay que diferenciar en que hay personas que est\u00e1n solas porque quieren). M\u00e1s adelante hablamos de la <a href=\"https:\/\/www.inforesidencias.com\/contenidos\/noticias\/nacional\/el-peligro-de-la-discriminacion-de-mayores-por-su-edad\">discriminaci\u00f3n de las personas por edad<\/a> (edadismo) y el hecho de que est\u00e1 muy arraigada en nuestra sociedad, lo cual lo hace pr\u00e1cticamente invisible. Desde la <a href=\"https:\/\/www.segg.es\/\">SEGG organizan un congreso virtual <\/a>muy pronto al que puedes asistir.<\/p>\n<p style=\"text-align: justify\"><a href=\"https:\/\/www.inforesidencias.com\/blog\/wp-content\/uploads\/2020\/04\/Coronavirus-en-las-residencias-de-mayores1.png\"><img decoding=\"async\" loading=\"lazy\" class=\"alignleft wp-image-3100\" src=\"https:\/\/www.inforesidencias.com\/blog\/wp-content\/uploads\/2020\/04\/Coronavirus-en-las-residencias-de-mayores1.png\" alt=\"centros de d\u00eda\" width=\"301\" height=\"242\" \/><\/a><\/p>\n<p style=\"text-align: justify\">Ra\u00fal cont\u00f3 algunos aspectos a tener en cuenta a la hora de no evitar ser el \u00abedadistas\u00bb cuando hablamos de alguien explicamos algo, o hacemos una acci\u00f3n. Uno que fue especialmente relevante fue hablar de que no se pueden establecer criterios de exclusi\u00f3n de asistencia sanitaria por motivos de edad.<\/p>\n<p style=\"text-align: justify\">Despu\u00e9s de la bolsa de trabajo, en la consulta del trabajador social hablamos de lo que supone <a href=\"https:\/\/www.inforesidencias.com\/contenidos\/noticias\/nacional\/la-noche-en-la-residencia-para-mayores-es-un-reto-para-los-profesionales\">trabajar en una residencia en el turno de noche<\/a>. Explicamos un poco las ventajas y desventajas de este turno y el hecho de que hay que sopesar estos \u00abpros y contras\u00bb que existen a la hora de tomar una decisi\u00f3n, ya que no es un turno apto para todo el mundo.<\/p>\n<p style=\"text-align: justify\">El <a href=\"https:\/\/www.estelfitxers.com\/audio\/20201008-17_00ESGRANSERGRAN.MP3\">programa del jueves<\/a> dio inicio con la intervenci\u00f3n de Josep hablando de las personas de m\u00e1s de 85 a\u00f1os que deciden emigrar a pa\u00edses donde las residencias son igual de buenas que en su pa\u00eds de or\u00edgen pero que en donde emigran son mucho m\u00e1s baratas. Como ejemplo concreto Josep puso el ejemplo de las reisdencias de\u00a0 Costa Rica.<\/p>\n<p style=\"text-align: justify\">La entrevista de ese programa se la hicimos a la Dra. Carme Pous, m\u00e9dico y miembro del grupo de trabajo de la secci\u00f3n de centros de d\u00eda de la <a href=\"https:\/\/upimir.com\/\">patronal de residencias y centros de d\u00eda de mayores UPIMIR<\/a>. Carme empez\u00f3 su intervenci\u00f3n explicando lo que es un centro de d\u00eda. Vimos lo complicado que puede ser definir de forma acurada que es un centro de d\u00eda y alguna de las formas con las que la sociedad los describe como por ejemplo \u201cguarder\u00edas para personas mayores\u201d, lo cual es un error. M\u00e1s adelante le preguntamos sobre como han vivido el confinamiento y el cierre de los centros de d\u00eda las personas que hasta marzo acud\u00edan regularmente a este servicio ya sea los centros de d\u00eda como servicio \u00fanico o los que est\u00e1n integrados dentro de las residencias de personas mayores.<\/p>\n<p style=\"text-align: justify\">Seguidamente la Dra. Carme hizo especialmente hincapi\u00e9 en la afectaci\u00f3n de estos meses de inactividad en la salud cognitiva de los usuarios a los que se les ha privado de un servicio tan esencial como ese e hizo un llamamiento con algunas peticiones hacia la administraci\u00f3n por parte de los centros de d\u00eda.<\/p>\n<p style=\"text-align: justify\">En la recta final del programa, dedicamos los minutos de la bolsa de trabajo a explicar los peligros de contratar un cuidador que venga a nuestro domicilio y que no tenga un contrato laboral y en la consulta del trabajador social explicamos brevemente <a href=\"https:\/\/www.inforesidencias.com\/contenidos\/mayores-y-familia\/nacional\/-que-llevo-para-ir-a-vivir-a-la-residencia\">\u201cque cosas tenemos que llevar\u201d cuando vamos a vivir a una residenci<\/a>a y que nos pueden hacer falta durante los primeros d\u00edas.<\/p>\n<p style=\"text-align: justify\">Descubre <a href=\"https:\/\/www.inforesidencias.com\/centros\/buscador\/centros-de-dia-para-mayores\/catalunya\/barcelona\">centros de d\u00eda de la prov\u00edncia de Barcelona<\/a><\/p>\n","protected":false},"excerpt":{"rendered":"<p>El programa del mi\u00e9rcoles de \u201c\u00c9s gran ser gran\u201d lo empezamos hablando de c\u00f3mo tener claro si en una residencia en concreto se pueden hacer ingresos y de los \u201ccolores\u201d en los que se clasifican actualmente los centros. Explicamos un par de maneras pero dijimos que la mejor de todas es preguntar al director\/a del centro que queramos para preguntar como es all\u00ed el procedimiento. En la entrevista del d\u00eda contamos con Ra\u00fal Vaca, psicogeront\u00f3logo y vocal de la SEGG (Sociedad Espa\u00f1ola de Geriatr\u00eda y Gerontolog\u00eda). Ra\u00fal explic\u00f3 que es la SEGG y a que se dedican desde esta sociedad cient\u00edfica. Seguidamente hablamos de la soledad de las personas mayores y del hecho que es un aspecto atener muy en cuenta y del que hay que estar muy alerta. Dimos datos num\u00e9ricos de personas mayores que viven solas y que adem\u00e1s se sienten solas (porque hay que diferenciar en que [&hellip;]<\/p>\n","protected":false},"author":2,"featured_media":3100,"comment_status":"open","ping_status":"open","sticky":false,"template":"","format":"standard","meta":{"footnotes":""},"categories":[1],"tags":[],"yoast_head":"<!-- This site is optimized with the Yoast SEO plugin v21.7 - https:\/\/yoast.com\/wordpress\/plugins\/seo\/ -->\n<title>Hablando de los centros de d\u00eda, la soledad y el edadismo - Blog Inforesidencias.com<\/title>\n<meta name=\"description\" content=\"En los programas de esta semana hablamos con dos expertos sobre la soledad no deseada, el edadismo y la situaci\u00f3n de los centros de d\u00eda durante la pandemia\" \/>\n<meta name=\"robots\" content=\"index, follow, max-snippet:-1, max-image-preview:large, max-video-preview:-1\" \/>\n<link rel=\"canonical\" href=\"https:\/\/www.inforesidencias.com\/blog\/index.php\/2020\/10\/09\/hablando-de-los-centros-de-dia-la-soledad-y-el-edadismo\/\" \/>\n<meta property=\"og:locale\" content=\"es_ES\" \/>\n<meta property=\"og:type\" content=\"article\" \/>\n<meta property=\"og:title\" content=\"Hablando de los centros de d\u00eda, la soledad y el edadismo - Blog Inforesidencias.com\" \/>\n<meta property=\"og:description\" content=\"En los programas de esta semana hablamos con dos expertos sobre la soledad no deseada, el edadismo y la situaci\u00f3n de los centros de d\u00eda durante la pandemia\" \/>\n<meta property=\"og:url\" content=\"https:\/\/www.inforesidencias.com\/blog\/index.php\/2020\/10\/09\/hablando-de-los-centros-de-dia-la-soledad-y-el-edadismo\/\" \/>\n<meta property=\"og:site_name\" content=\"Blog Inforesidencias.com\" \/>\n<meta property=\"article:publisher\" content=\"https:\/\/www.facebook.com\/Inforesidencias\/\" \/>\n<meta property=\"article:author\" content=\"https:\/\/www.facebook.com\/josep.demarti\" \/>\n<meta property=\"article:published_time\" content=\"2020-10-09T15:32:06+00:00\" \/>\n<meta property=\"og:image\" content=\"https:\/\/www.inforesidencias.com\/blog\/wp-content\/uploads\/2020\/04\/Coronavirus-en-las-residencias-de-mayores1.png\" \/>\n\t<meta property=\"og:image:width\" content=\"400\" \/>\n\t<meta property=\"og:image:height\" content=\"322\" \/>\n\t<meta property=\"og:image:type\" content=\"image\/png\" \/>\n<meta name=\"author\" content=\"Josep de Mart\u00ed\" \/>\n<meta name=\"twitter:card\" content=\"summary_large_image\" \/>\n<meta name=\"twitter:creator\" content=\"@blog-ir\" \/>\n<meta name=\"twitter:site\" content=\"@inforesidencias\" \/>\n<meta name=\"twitter:label1\" content=\"Escrito por\" \/>\n\t<meta name=\"twitter:data1\" content=\"Josep de Mart\u00ed\" \/>\n\t<meta name=\"twitter:label2\" content=\"Tiempo de lectura\" \/>\n\t<meta name=\"twitter:data2\" content=\"3 minutos\" \/>\n<script type=\"application\/ld+json\" class=\"yoast-schema-graph\">{\"@context\":\"https:\/\/schema.org\",\"@graph\":[{\"@type\":\"WebPage\",\"@id\":\"https:\/\/www.inforesidencias.com\/blog\/index.php\/2020\/10\/09\/hablando-de-los-centros-de-dia-la-soledad-y-el-edadismo\/\",\"url\":\"https:\/\/www.inforesidencias.com\/blog\/index.php\/2020\/10\/09\/hablando-de-los-centros-de-dia-la-soledad-y-el-edadismo\/\",\"name\":\"Hablando de los centros de d\u00eda, la soledad y el edadismo - Blog Inforesidencias.com\",\"isPartOf\":{\"@id\":\"https:\/\/www.inforesidencias.com\/blog\/#website\"},\"datePublished\":\"2020-10-09T15:32:06+00:00\",\"dateModified\":\"2020-10-09T15:32:06+00:00\",\"author\":{\"@id\":\"https:\/\/www.inforesidencias.com\/blog\/#\/schema\/person\/9e146774d1eb3bc1c0316242a3898628\"},\"description\":\"En los programas de esta semana hablamos con dos expertos sobre la soledad no deseada, el edadismo y la situaci\u00f3n de los centros de d\u00eda durante la pandemia\",\"breadcrumb\":{\"@id\":\"https:\/\/www.inforesidencias.com\/blog\/index.php\/2020\/10\/09\/hablando-de-los-centros-de-dia-la-soledad-y-el-edadismo\/#breadcrumb\"},\"inLanguage\":\"es\",\"potentialAction\":[{\"@type\":\"ReadAction\",\"target\":[\"https:\/\/www.inforesidencias.com\/blog\/index.php\/2020\/10\/09\/hablando-de-los-centros-de-dia-la-soledad-y-el-edadismo\/\"]}]},{\"@type\":\"BreadcrumbList\",\"@id\":\"https:\/\/www.inforesidencias.com\/blog\/index.php\/2020\/10\/09\/hablando-de-los-centros-de-dia-la-soledad-y-el-edadismo\/#breadcrumb\",\"itemListElement\":[{\"@type\":\"ListItem\",\"position\":1,\"name\":\"Home\",\"item\":\"https:\/\/www.inforesidencias.com\/blog\/\"},{\"@type\":\"ListItem\",\"position\":2,\"name\":\"Hablando de los centros de d\u00eda, la soledad y el edadismo\"}]},{\"@type\":\"WebSite\",\"@id\":\"https:\/\/www.inforesidencias.com\/blog\/#website\",\"url\":\"https:\/\/www.inforesidencias.com\/blog\/\",\"name\":\"Blog Inforesidencias.com\",\"description\":\"El buscador de residencias de la 3\u00aa edad\",\"potentialAction\":[{\"@type\":\"SearchAction\",\"target\":{\"@type\":\"EntryPoint\",\"urlTemplate\":\"https:\/\/www.inforesidencias.com\/blog\/?s={search_term_string}\"},\"query-input\":\"required name=search_term_string\"}],\"inLanguage\":\"es\"},{\"@type\":\"Person\",\"@id\":\"https:\/\/www.inforesidencias.com\/blog\/#\/schema\/person\/9e146774d1eb3bc1c0316242a3898628\",\"name\":\"Josep de Mart\u00ed\",\"image\":{\"@type\":\"ImageObject\",\"inLanguage\":\"es\",\"@id\":\"https:\/\/www.inforesidencias.com\/blog\/#\/schema\/person\/image\/\",\"url\":\"https:\/\/secure.gravatar.com\/avatar\/de0302c4806c00c4cebff396a798c1ff?s=96&d=mm&r=g\",\"contentUrl\":\"https:\/\/secure.gravatar.com\/avatar\/de0302c4806c00c4cebff396a798c1ff?s=96&d=mm&r=g\",\"caption\":\"Josep de Mart\u00ed\"},\"sameAs\":[\"https:\/\/www.inforesidencias.com\",\"https:\/\/www.facebook.com\/josep.demarti\",\"https:\/\/twitter.com\/blog-ir\"],\"url\":\"https:\/\/www.inforesidencias.com\/blog\/index.php\/author\/josepdemarti\/\"}]}<\/script>\n<!-- \/ Yoast SEO plugin. -->","yoast_head_json":{"title":"Hablando de los centros de d\u00eda, la soledad y el edadismo - Blog Inforesidencias.com","description":"En los programas de esta semana hablamos con dos expertos sobre la soledad no deseada, el edadismo y la situaci\u00f3n de los centros de d\u00eda durante la pandemia","robots":{"index":"index","follow":"follow","max-snippet":"max-snippet:-1","max-image-preview":"max-image-preview:large","max-video-preview":"max-video-preview:-1"},"canonical":"https:\/\/www.inforesidencias.com\/blog\/index.php\/2020\/10\/09\/hablando-de-los-centros-de-dia-la-soledad-y-el-edadismo\/","og_locale":"es_ES","og_type":"article","og_title":"Hablando de los centros de d\u00eda, la soledad y el edadismo - Blog Inforesidencias.com","og_description":"En los programas de esta semana hablamos con dos expertos sobre la soledad no deseada, el edadismo y la situaci\u00f3n de los centros de d\u00eda durante la pandemia","og_url":"https:\/\/www.inforesidencias.com\/blog\/index.php\/2020\/10\/09\/hablando-de-los-centros-de-dia-la-soledad-y-el-edadismo\/","og_site_name":"Blog Inforesidencias.com","article_publisher":"https:\/\/www.facebook.com\/Inforesidencias\/","article_author":"https:\/\/www.facebook.com\/josep.demarti","article_published_time":"2020-10-09T15:32:06+00:00","og_image":[{"width":400,"height":322,"url":"https:\/\/www.inforesidencias.com\/blog\/wp-content\/uploads\/2020\/04\/Coronavirus-en-las-residencias-de-mayores1.png","type":"image\/png"}],"author":"Josep de Mart\u00ed","twitter_card":"summary_large_image","twitter_creator":"@blog-ir","twitter_site":"@inforesidencias","twitter_misc":{"Escrito por":"Josep de Mart\u00ed","Tiempo de lectura":"3 minutos"},"schema":{"@context":"https:\/\/schema.org","@graph":[{"@type":"WebPage","@id":"https:\/\/www.inforesidencias.com\/blog\/index.php\/2020\/10\/09\/hablando-de-los-centros-de-dia-la-soledad-y-el-edadismo\/","url":"https:\/\/www.inforesidencias.com\/blog\/index.php\/2020\/10\/09\/hablando-de-los-centros-de-dia-la-soledad-y-el-edadismo\/","name":"Hablando de los centros de d\u00eda, la soledad y el edadismo - Blog Inforesidencias.com","isPartOf":{"@id":"https:\/\/www.inforesidencias.com\/blog\/#website"},"datePublished":"2020-10-09T15:32:06+00:00","dateModified":"2020-10-09T15:32:06+00:00","author":{"@id":"https:\/\/www.inforesidencias.com\/blog\/#\/schema\/person\/9e146774d1eb3bc1c0316242a3898628"},"description":"En los programas de esta semana hablamos con dos expertos sobre la soledad no deseada, el edadismo y la situaci\u00f3n de los centros de d\u00eda durante la pandemia","breadcrumb":{"@id":"https:\/\/www.inforesidencias.com\/blog\/index.php\/2020\/10\/09\/hablando-de-los-centros-de-dia-la-soledad-y-el-edadismo\/#breadcrumb"},"inLanguage":"es","potentialAction":[{"@type":"ReadAction","target":["https:\/\/www.inforesidencias.com\/blog\/index.php\/2020\/10\/09\/hablando-de-los-centros-de-dia-la-soledad-y-el-edadismo\/"]}]},{"@type":"BreadcrumbList","@id":"https:\/\/www.inforesidencias.com\/blog\/index.php\/2020\/10\/09\/hablando-de-los-centros-de-dia-la-soledad-y-el-edadismo\/#breadcrumb","itemListElement":[{"@type":"ListItem","position":1,"name":"Home","item":"https:\/\/www.inforesidencias.com\/blog\/"},{"@type":"ListItem","position":2,"name":"Hablando de los centros de d\u00eda, la soledad y el edadismo"}]},{"@type":"WebSite","@id":"https:\/\/www.inforesidencias.com\/blog\/#website","url":"https:\/\/www.inforesidencias.com\/blog\/","name":"Blog Inforesidencias.com","description":"El buscador de residencias de la 3\u00aa edad","potentialAction":[{"@type":"SearchAction","target":{"@type":"EntryPoint","urlTemplate":"https:\/\/www.inforesidencias.com\/blog\/?s={search_term_string}"},"query-input":"required name=search_term_string"}],"inLanguage":"es"},{"@type":"Person","@id":"https:\/\/www.inforesidencias.com\/blog\/#\/schema\/person\/9e146774d1eb3bc1c0316242a3898628","name":"Josep de Mart\u00ed","image":{"@type":"ImageObject","inLanguage":"es","@id":"https:\/\/www.inforesidencias.com\/blog\/#\/schema\/person\/image\/","url":"https:\/\/secure.gravatar.com\/avatar\/de0302c4806c00c4cebff396a798c1ff?s=96&d=mm&r=g","contentUrl":"https:\/\/secure.gravatar.com\/avatar\/de0302c4806c00c4cebff396a798c1ff?s=96&d=mm&r=g","caption":"Josep de Mart\u00ed"},"sameAs":["https:\/\/www.inforesidencias.com","https:\/\/www.facebook.com\/josep.demarti","https:\/\/twitter.com\/blog-ir"],"url":"https:\/\/www.inforesidencias.com\/blog\/index.php\/author\/josepdemarti\/"}]}},"_links":{"self":[{"href":"https:\/\/www.inforesidencias.com\/blog\/index.php\/wp-json\/wp\/v2\/posts\/3630"}],"collection":[{"href":"https:\/\/www.inforesidencias.com\/blog\/index.php\/wp-json\/wp\/v2\/posts"}],"about":[{"href":"https:\/\/www.inforesidencias.com\/blog\/index.php\/wp-json\/wp\/v2\/types\/post"}],"author":[{"embeddable":true,"href":"https:\/\/www.inforesidencias.com\/blog\/index.php\/wp-json\/wp\/v2\/users\/2"}],"replies":[{"embeddable":true,"href":"https:\/\/www.inforesidencias.com\/blog\/index.php\/wp-json\/wp\/v2\/comments?post=3630"}],"version-history":[{"count":6,"href":"https:\/\/www.inforesidencias.com\/blog\/index.php\/wp-json\/wp\/v2\/posts\/3630\/revisions"}],"predecessor-version":[{"id":3636,"href":"https:\/\/www.inforesidencias.com\/blog\/index.php\/wp-json\/wp\/v2\/posts\/3630\/revisions\/3636"}],"wp:featuredmedia":[{"embeddable":true,"href":"https:\/\/www.inforesidencias.com\/blog\/index.php\/wp-json\/wp\/v2\/media\/3100"}],"wp:attachment":[{"href":"https:\/\/www.inforesidencias.com\/blog\/index.php\/wp-json\/wp\/v2\/media?parent=3630"}],"wp:term":[{"taxonomy":"category","embeddable":true,"href":"https:\/\/www.inforesidencias.com\/blog\/index.php\/wp-json\/wp\/v2\/categories?post=3630"},{"taxonomy":"post_tag","embeddable":true,"href":"https:\/\/www.inforesidencias.com\/blog\/index.php\/wp-json\/wp\/v2\/tags?post=3630"}],"curies":[{"name":"wp","href":"https:\/\/api.w.org\/{rel}","templated":true}]}}