{"id":3652,"date":"2020-10-26T14:02:05","date_gmt":"2020-10-26T14:02:05","guid":{"rendered":"https:\/\/www.inforesidencias.com\/blog\/?p=3652"},"modified":"2020-10-26T14:02:05","modified_gmt":"2020-10-26T14:02:05","slug":"tests-rapidos-y-epis-para-las-residencias-y-la-reapertura-de-los-centros-rems","status":"publish","type":"post","link":"https:\/\/www.inforesidencias.com\/blog\/index.php\/2020\/10\/26\/tests-rapidos-y-epis-para-las-residencias-y-la-reapertura-de-los-centros-rems\/","title":{"rendered":"Tests r\u00e1pidos y Epis para las residencias y la reapertura de los centros REMS"},"content":{"rendered":"<p style=\"text-align: justify\">En el <a href=\"https:\/\/www.estelfitxers.com\/audio\/20201021-17_00ESGRANSERGRAN.MP3\">programa del mi\u00e9rcoles<\/a> de \u201c\u00c9s gran ser gran\u201d empezamos hablando de Eutanasia. Recordamos que no falta mucho para que se apruebe la ley de la Eutanasia y el debate y reflexi\u00f3n que esta ley ha generado y el que generar\u00e1. Adem\u00e1s a\u00f1adidos el componente de la <a href=\"https:\/\/dependencia.info\/noticia\/3890\/salud\/al-respecto-de-la-proposicion-de-ley-de-regulacion-de-la-eutanasia.html\">demencia en el tema de la eutanasi<\/a>a y el testamento vital.<\/p>\n<p style=\"text-align: justify\">La entrevista del d\u00eda la hicimos al Dr. Paco P\u00e9rez. El <a href=\"https:\/\/www.inforesidencias.com\/blog\/index.php\/2020\/01\/17\/un-medico-de-cuatro-residencias-y-el-porque-de-un-centro-de-dia\/\">doctor ya ha participado varias veces en el programa<\/a> y en esta ocasi\u00f3n hablamos con \u00e9l sobre la Covid19. Primero de todo le pedimos que valorara r\u00e1pidamente la situaci\u00f3n sanitaria actual. El doctor no fue muy optimista pero si que dijo que en la actualidad estamos un poco mejor preparados que lo que est\u00e1bamos en la primera ola. Seguidamente hablamos sobre la situaci\u00f3n sanitaria en las residencias de mayores en las que trabaja.<\/p>\n<p style=\"text-align: justify\"><a href=\"https:\/\/www.inforesidencias.com\/blog\/wp-content\/uploads\/2020\/01\/doctor-francisco-perez.jpg\"><img decoding=\"async\" loading=\"lazy\" class=\"alignleft wp-image-2672\" src=\"https:\/\/www.inforesidencias.com\/blog\/wp-content\/uploads\/2020\/01\/doctor-francisco-perez.jpg\" alt=\"tests r\u00e1pidos dr paco perez\" width=\"300\" height=\"225\" \/><\/a><\/p>\n<p style=\"text-align: justify\">Sobre esta situaci\u00f3n en residencias el doctor explic\u00f3 que ahora <a href=\"https:\/\/www.inforesidencias.com\/blog\/index.php\/2020\/03\/20\/cuatro-acciones-tomar-ya-evitar-mueran-mas-mayores-viven-residencias\/\">dispon\u00edan de m\u00e1s EPI<\/a>S para proteger a los trabajadores y residentes aunque fue un poco critico con la gesti\u00f3n de la administraci\u00f3n y especialmente sobre la burocratizaci\u00f3n del trabajo de los centros de mayores que se les requiere. En diferentes momentos de las entrevistas Paco mostr\u00f3 su vehemencia para la realizaci\u00f3n de test cada dos semanas para las personas que viven en residencias y la poblaci\u00f3n en general y m\u00e1s ahora que se est\u00e1 empezando a distribuir unos nuevos tests r\u00e1pidos y muy baratos.<\/p>\n<p style=\"text-align: justify\">Finalmente el doctor desde su perspectiva m\u00e9dica dio un mensaje claro para todo aquel que quiera ir a vivir a una residencia o bien piensen llevar a un familiar a una residencia: Es seguro ir a vivir a las residencias de mayores.<\/p>\n<p style=\"text-align: justify\">En la recta final del programa, en la consulta del trabajador social, respondimos la consulta de una oyente sobre la afectaci\u00f3n de la Covid 19 en residencias. La pregunta iba orientada a como pod\u00eda afectar la Covid en una residencia de mayores ahora si todav\u00eda aun nunca hab\u00eda entrado.<\/p>\n<p style=\"text-align: justify\">El <a href=\"https:\/\/www.estelfitxers.com\/audio\/20201022-17_00ESGRANSERGRAN.MP3\">programa del jueves<\/a> lo empezamos hablando de confinamiento, el cual mucha gente que piensa que se volver\u00eda a producir, y de buenos h\u00e1bitos cuando estamos encerrados. Eso es esencial para la salud f\u00edsica y mental\u00a0 de cada d\u00eda pero m\u00e1s especialmente durante un confinamiento.<\/p>\n<p style=\"text-align: justify\">En la entrevista del d\u00eda hablamos con M\u00f2nica Duaig\u00fces del <a href=\"https:\/\/www.fundaciocatalunya-lapedrera.com\/es\/programa-rems\">programa REMS<\/a> de la Fundaci\u00f3n Catalunya la pedrera. Con M\u00f2nica repasamos el objetivo del programa REMS dirigida a personas con deterioro cognitivo leve-moderado. M\u00f2nica explic\u00f3 como trabajo con los usuarios que acuden a a sus centros y con sus familiares y como se combina ahora los ejercicios presenciales y los online que iniciaron durante el pasado confinamiento.<\/p>\n<p style=\"text-align: justify\">En la consulta del trabajador social despu\u00e9s de la bolsa de trabajo hablamos, a ra\u00edz de una pregunta recibida, como pod\u00edan ser las navidades con la Covid19. La pregunta estaba dirigida a saber si seria posible en este contexto de Coronavirus llevarse a pasar las navidades en casa a un familiar que vive en una residencia de mayores<\/p>\n<p>&nbsp;<\/p>\n<p>Descubre <a href=\"https:\/\/www.inforesidencias.com\/centros\/buscador\/busquedas-predefinidas\/centros-de-dia-galicia\">que centros de d\u00eda hay en Galicia<\/a><\/p>\n","protected":false},"excerpt":{"rendered":"<p>En el programa del mi\u00e9rcoles de \u201c\u00c9s gran ser gran\u201d empezamos hablando de Eutanasia. Recordamos que no falta mucho para que se apruebe la ley de la Eutanasia y el debate y reflexi\u00f3n que esta ley ha generado y el que generar\u00e1. Adem\u00e1s a\u00f1adidos el componente de la demencia en el tema de la eutanasia y el testamento vital. La entrevista del d\u00eda la hicimos al Dr. Paco P\u00e9rez. El doctor ya ha participado varias veces en el programa y en esta ocasi\u00f3n hablamos con \u00e9l sobre la Covid19. Primero de todo le pedimos que valorara r\u00e1pidamente la situaci\u00f3n sanitaria actual. El doctor no fue muy optimista pero si que dijo que en la actualidad estamos un poco mejor preparados que lo que est\u00e1bamos en la primera ola. Seguidamente hablamos sobre la situaci\u00f3n sanitaria en las residencias de mayores en las que trabaja. Sobre esta situaci\u00f3n en residencias el doctor [&hellip;]<\/p>\n","protected":false},"author":2,"featured_media":0,"comment_status":"open","ping_status":"open","sticky":false,"template":"","format":"standard","meta":{"footnotes":""},"categories":[1],"tags":[],"yoast_head":"<!-- This site is optimized with the Yoast SEO plugin v21.7 - https:\/\/yoast.com\/wordpress\/plugins\/seo\/ -->\n<title>Tests r\u00e1pidos y Epis para las residencias y la reapertura de los centros REMS - Blog Inforesidencias.com<\/title>\n<meta name=\"description\" content=\"Esta semana hablamos de los nuevos tests rapidos de Covid19 con el Dr. Paco Perez y de la reapertura de los centros REMS con M\u00f2nica Duaig\u00fces\" \/>\n<meta name=\"robots\" content=\"index, follow, max-snippet:-1, max-image-preview:large, max-video-preview:-1\" \/>\n<link rel=\"canonical\" href=\"https:\/\/www.inforesidencias.com\/blog\/index.php\/2020\/10\/26\/tests-rapidos-y-epis-para-las-residencias-y-la-reapertura-de-los-centros-rems\/\" \/>\n<meta property=\"og:locale\" content=\"es_ES\" \/>\n<meta property=\"og:type\" content=\"article\" \/>\n<meta property=\"og:title\" content=\"Tests r\u00e1pidos y Epis para las residencias y la reapertura de los centros REMS - Blog Inforesidencias.com\" \/>\n<meta property=\"og:description\" content=\"Esta semana hablamos de los nuevos tests rapidos de Covid19 con el Dr. Paco Perez y de la reapertura de los centros REMS con M\u00f2nica Duaig\u00fces\" \/>\n<meta property=\"og:url\" content=\"https:\/\/www.inforesidencias.com\/blog\/index.php\/2020\/10\/26\/tests-rapidos-y-epis-para-las-residencias-y-la-reapertura-de-los-centros-rems\/\" \/>\n<meta property=\"og:site_name\" content=\"Blog Inforesidencias.com\" \/>\n<meta property=\"article:publisher\" content=\"https:\/\/www.facebook.com\/Inforesidencias\/\" \/>\n<meta property=\"article:author\" content=\"https:\/\/www.facebook.com\/josep.demarti\" \/>\n<meta property=\"article:published_time\" content=\"2020-10-26T14:02:05+00:00\" \/>\n<meta property=\"og:image\" content=\"https:\/\/www.inforesidencias.com\/blog\/wp-content\/uploads\/2020\/01\/doctor-francisco-perez.jpg\" \/>\n<meta name=\"author\" content=\"Josep de Mart\u00ed\" \/>\n<meta name=\"twitter:card\" content=\"summary_large_image\" \/>\n<meta name=\"twitter:creator\" content=\"@blog-ir\" \/>\n<meta name=\"twitter:site\" content=\"@inforesidencias\" \/>\n<meta name=\"twitter:label1\" content=\"Escrito por\" \/>\n\t<meta name=\"twitter:data1\" content=\"Josep de Mart\u00ed\" \/>\n\t<meta name=\"twitter:label2\" content=\"Tiempo de lectura\" \/>\n\t<meta name=\"twitter:data2\" content=\"3 minutos\" \/>\n<script type=\"application\/ld+json\" class=\"yoast-schema-graph\">{\"@context\":\"https:\/\/schema.org\",\"@graph\":[{\"@type\":\"WebPage\",\"@id\":\"https:\/\/www.inforesidencias.com\/blog\/index.php\/2020\/10\/26\/tests-rapidos-y-epis-para-las-residencias-y-la-reapertura-de-los-centros-rems\/\",\"url\":\"https:\/\/www.inforesidencias.com\/blog\/index.php\/2020\/10\/26\/tests-rapidos-y-epis-para-las-residencias-y-la-reapertura-de-los-centros-rems\/\",\"name\":\"Tests r\u00e1pidos y Epis para las residencias y la reapertura de los centros REMS - Blog Inforesidencias.com\",\"isPartOf\":{\"@id\":\"https:\/\/www.inforesidencias.com\/blog\/#website\"},\"datePublished\":\"2020-10-26T14:02:05+00:00\",\"dateModified\":\"2020-10-26T14:02:05+00:00\",\"author\":{\"@id\":\"https:\/\/www.inforesidencias.com\/blog\/#\/schema\/person\/9e146774d1eb3bc1c0316242a3898628\"},\"description\":\"Esta semana hablamos de los nuevos tests rapidos de Covid19 con el Dr. Paco Perez y de la reapertura de los centros REMS con M\u00f2nica Duaig\u00fces\",\"breadcrumb\":{\"@id\":\"https:\/\/www.inforesidencias.com\/blog\/index.php\/2020\/10\/26\/tests-rapidos-y-epis-para-las-residencias-y-la-reapertura-de-los-centros-rems\/#breadcrumb\"},\"inLanguage\":\"es\",\"potentialAction\":[{\"@type\":\"ReadAction\",\"target\":[\"https:\/\/www.inforesidencias.com\/blog\/index.php\/2020\/10\/26\/tests-rapidos-y-epis-para-las-residencias-y-la-reapertura-de-los-centros-rems\/\"]}]},{\"@type\":\"BreadcrumbList\",\"@id\":\"https:\/\/www.inforesidencias.com\/blog\/index.php\/2020\/10\/26\/tests-rapidos-y-epis-para-las-residencias-y-la-reapertura-de-los-centros-rems\/#breadcrumb\",\"itemListElement\":[{\"@type\":\"ListItem\",\"position\":1,\"name\":\"Home\",\"item\":\"https:\/\/www.inforesidencias.com\/blog\/\"},{\"@type\":\"ListItem\",\"position\":2,\"name\":\"Tests r\u00e1pidos y Epis para las residencias y la reapertura de los centros REMS\"}]},{\"@type\":\"WebSite\",\"@id\":\"https:\/\/www.inforesidencias.com\/blog\/#website\",\"url\":\"https:\/\/www.inforesidencias.com\/blog\/\",\"name\":\"Blog Inforesidencias.com\",\"description\":\"El buscador de residencias de la 3\u00aa edad\",\"potentialAction\":[{\"@type\":\"SearchAction\",\"target\":{\"@type\":\"EntryPoint\",\"urlTemplate\":\"https:\/\/www.inforesidencias.com\/blog\/?s={search_term_string}\"},\"query-input\":\"required name=search_term_string\"}],\"inLanguage\":\"es\"},{\"@type\":\"Person\",\"@id\":\"https:\/\/www.inforesidencias.com\/blog\/#\/schema\/person\/9e146774d1eb3bc1c0316242a3898628\",\"name\":\"Josep de Mart\u00ed\",\"image\":{\"@type\":\"ImageObject\",\"inLanguage\":\"es\",\"@id\":\"https:\/\/www.inforesidencias.com\/blog\/#\/schema\/person\/image\/\",\"url\":\"https:\/\/secure.gravatar.com\/avatar\/de0302c4806c00c4cebff396a798c1ff?s=96&d=mm&r=g\",\"contentUrl\":\"https:\/\/secure.gravatar.com\/avatar\/de0302c4806c00c4cebff396a798c1ff?s=96&d=mm&r=g\",\"caption\":\"Josep de Mart\u00ed\"},\"sameAs\":[\"https:\/\/www.inforesidencias.com\",\"https:\/\/www.facebook.com\/josep.demarti\",\"https:\/\/twitter.com\/blog-ir\"],\"url\":\"https:\/\/www.inforesidencias.com\/blog\/index.php\/author\/josepdemarti\/\"}]}<\/script>\n<!-- \/ Yoast SEO plugin. -->","yoast_head_json":{"title":"Tests r\u00e1pidos y Epis para las residencias y la reapertura de los centros REMS - Blog Inforesidencias.com","description":"Esta semana hablamos de los nuevos tests rapidos de Covid19 con el Dr. Paco Perez y de la reapertura de los centros REMS con M\u00f2nica Duaig\u00fces","robots":{"index":"index","follow":"follow","max-snippet":"max-snippet:-1","max-image-preview":"max-image-preview:large","max-video-preview":"max-video-preview:-1"},"canonical":"https:\/\/www.inforesidencias.com\/blog\/index.php\/2020\/10\/26\/tests-rapidos-y-epis-para-las-residencias-y-la-reapertura-de-los-centros-rems\/","og_locale":"es_ES","og_type":"article","og_title":"Tests r\u00e1pidos y Epis para las residencias y la reapertura de los centros REMS - Blog Inforesidencias.com","og_description":"Esta semana hablamos de los nuevos tests rapidos de Covid19 con el Dr. Paco Perez y de la reapertura de los centros REMS con M\u00f2nica Duaig\u00fces","og_url":"https:\/\/www.inforesidencias.com\/blog\/index.php\/2020\/10\/26\/tests-rapidos-y-epis-para-las-residencias-y-la-reapertura-de-los-centros-rems\/","og_site_name":"Blog Inforesidencias.com","article_publisher":"https:\/\/www.facebook.com\/Inforesidencias\/","article_author":"https:\/\/www.facebook.com\/josep.demarti","article_published_time":"2020-10-26T14:02:05+00:00","og_image":[{"url":"https:\/\/www.inforesidencias.com\/blog\/wp-content\/uploads\/2020\/01\/doctor-francisco-perez.jpg"}],"author":"Josep de Mart\u00ed","twitter_card":"summary_large_image","twitter_creator":"@blog-ir","twitter_site":"@inforesidencias","twitter_misc":{"Escrito por":"Josep de Mart\u00ed","Tiempo de lectura":"3 minutos"},"schema":{"@context":"https:\/\/schema.org","@graph":[{"@type":"WebPage","@id":"https:\/\/www.inforesidencias.com\/blog\/index.php\/2020\/10\/26\/tests-rapidos-y-epis-para-las-residencias-y-la-reapertura-de-los-centros-rems\/","url":"https:\/\/www.inforesidencias.com\/blog\/index.php\/2020\/10\/26\/tests-rapidos-y-epis-para-las-residencias-y-la-reapertura-de-los-centros-rems\/","name":"Tests r\u00e1pidos y Epis para las residencias y la reapertura de los centros REMS - Blog Inforesidencias.com","isPartOf":{"@id":"https:\/\/www.inforesidencias.com\/blog\/#website"},"datePublished":"2020-10-26T14:02:05+00:00","dateModified":"2020-10-26T14:02:05+00:00","author":{"@id":"https:\/\/www.inforesidencias.com\/blog\/#\/schema\/person\/9e146774d1eb3bc1c0316242a3898628"},"description":"Esta semana hablamos de los nuevos tests rapidos de Covid19 con el Dr. Paco Perez y de la reapertura de los centros REMS con M\u00f2nica Duaig\u00fces","breadcrumb":{"@id":"https:\/\/www.inforesidencias.com\/blog\/index.php\/2020\/10\/26\/tests-rapidos-y-epis-para-las-residencias-y-la-reapertura-de-los-centros-rems\/#breadcrumb"},"inLanguage":"es","potentialAction":[{"@type":"ReadAction","target":["https:\/\/www.inforesidencias.com\/blog\/index.php\/2020\/10\/26\/tests-rapidos-y-epis-para-las-residencias-y-la-reapertura-de-los-centros-rems\/"]}]},{"@type":"BreadcrumbList","@id":"https:\/\/www.inforesidencias.com\/blog\/index.php\/2020\/10\/26\/tests-rapidos-y-epis-para-las-residencias-y-la-reapertura-de-los-centros-rems\/#breadcrumb","itemListElement":[{"@type":"ListItem","position":1,"name":"Home","item":"https:\/\/www.inforesidencias.com\/blog\/"},{"@type":"ListItem","position":2,"name":"Tests r\u00e1pidos y Epis para las residencias y la reapertura de los centros REMS"}]},{"@type":"WebSite","@id":"https:\/\/www.inforesidencias.com\/blog\/#website","url":"https:\/\/www.inforesidencias.com\/blog\/","name":"Blog Inforesidencias.com","description":"El buscador de residencias de la 3\u00aa edad","potentialAction":[{"@type":"SearchAction","target":{"@type":"EntryPoint","urlTemplate":"https:\/\/www.inforesidencias.com\/blog\/?s={search_term_string}"},"query-input":"required name=search_term_string"}],"inLanguage":"es"},{"@type":"Person","@id":"https:\/\/www.inforesidencias.com\/blog\/#\/schema\/person\/9e146774d1eb3bc1c0316242a3898628","name":"Josep de Mart\u00ed","image":{"@type":"ImageObject","inLanguage":"es","@id":"https:\/\/www.inforesidencias.com\/blog\/#\/schema\/person\/image\/","url":"https:\/\/secure.gravatar.com\/avatar\/de0302c4806c00c4cebff396a798c1ff?s=96&d=mm&r=g","contentUrl":"https:\/\/secure.gravatar.com\/avatar\/de0302c4806c00c4cebff396a798c1ff?s=96&d=mm&r=g","caption":"Josep de Mart\u00ed"},"sameAs":["https:\/\/www.inforesidencias.com","https:\/\/www.facebook.com\/josep.demarti","https:\/\/twitter.com\/blog-ir"],"url":"https:\/\/www.inforesidencias.com\/blog\/index.php\/author\/josepdemarti\/"}]}},"_links":{"self":[{"href":"https:\/\/www.inforesidencias.com\/blog\/index.php\/wp-json\/wp\/v2\/posts\/3652"}],"collection":[{"href":"https:\/\/www.inforesidencias.com\/blog\/index.php\/wp-json\/wp\/v2\/posts"}],"about":[{"href":"https:\/\/www.inforesidencias.com\/blog\/index.php\/wp-json\/wp\/v2\/types\/post"}],"author":[{"embeddable":true,"href":"https:\/\/www.inforesidencias.com\/blog\/index.php\/wp-json\/wp\/v2\/users\/2"}],"replies":[{"embeddable":true,"href":"https:\/\/www.inforesidencias.com\/blog\/index.php\/wp-json\/wp\/v2\/comments?post=3652"}],"version-history":[{"count":6,"href":"https:\/\/www.inforesidencias.com\/blog\/index.php\/wp-json\/wp\/v2\/posts\/3652\/revisions"}],"predecessor-version":[{"id":3668,"href":"https:\/\/www.inforesidencias.com\/blog\/index.php\/wp-json\/wp\/v2\/posts\/3652\/revisions\/3668"}],"wp:attachment":[{"href":"https:\/\/www.inforesidencias.com\/blog\/index.php\/wp-json\/wp\/v2\/media?parent=3652"}],"wp:term":[{"taxonomy":"category","embeddable":true,"href":"https:\/\/www.inforesidencias.com\/blog\/index.php\/wp-json\/wp\/v2\/categories?post=3652"},{"taxonomy":"post_tag","embeddable":true,"href":"https:\/\/www.inforesidencias.com\/blog\/index.php\/wp-json\/wp\/v2\/tags?post=3652"}],"curies":[{"name":"wp","href":"https:\/\/api.w.org\/{rel}","templated":true}]}}