{"id":3698,"date":"2020-10-30T08:16:45","date_gmt":"2020-10-30T08:16:45","guid":{"rendered":"https:\/\/www.inforesidencias.com\/blog\/?p=3698"},"modified":"2020-10-30T08:16:45","modified_gmt":"2020-10-30T08:16:45","slug":"la-sexualidad-de-los-mayores-en-las-residencias-y-una-residencia-en-terrassa","status":"publish","type":"post","link":"https:\/\/www.inforesidencias.com\/blog\/index.php\/2020\/10\/30\/la-sexualidad-de-los-mayores-en-las-residencias-y-una-residencia-en-terrassa\/","title":{"rendered":"La sexualidad de los mayores en las residencias y una residencia en Terrassa"},"content":{"rendered":"<p style=\"text-align: justify\">Iniciamos el <a href=\"https:\/\/www.estelfitxers.com\/audio\/20201028-17_00ESGRANSERGRAN.MP3\">programa del mi\u00e9rcoles<\/a> de \u201c\u00c9s gran ser gran\u201d conversando sobre la Covid19 y lo que uno puede encontrar por internet cuando busca informaci\u00f3n sobre como\u00a0 prevenirla. Unos consejos que, como opinaba Josep, hemos mencionado otras veces\u00a0 y que sirven para otras muchas enfermedades. No hay formas especificas probadas a parte de la mascarilla y la distancia de seguridad a la hora de prevenir el Coronavirus.<\/p>\n<p style=\"text-align: justify\">En la entrevista del d\u00eda contamos con Ainhoa Cresp\u00e1n, responsable de administraci\u00f3n de la <a href=\"https:\/\/www.inforesidencias.com\/centros\/residencia\/7864\/residencia-san-jose-terrassa\">residencia Sant Josep de Terrassa<\/a> y la Sra. Natividad G\u00f3mez, una residente. Con Ainhoa hablamos de donde est\u00e1 situada la residencia y de que fue creada hace m\u00e1s de 30 a\u00f1os por una congregaci\u00f3n religiosa llamada Hijas de San Jos\u00e9. Charlamos tambi\u00e9n sobre como han afrontado la pandemia desde marzo y como ante el aislamiento que comportaba esta situaci\u00f3n crearon nuevas v\u00edas de comunicaci\u00f3n entre familiares y residentes. Finalmente con Ainhoa hablamos del procedimiento para hacer ingresos.<\/p>\n<p style=\"text-align: justify\">Seguidamente la residente, la Sra. Natividad G\u00f3mez nos explic\u00f3 cuanto tiempo lleva viviendo en la residencia Sant Josep y como ha pasado toda la pandemia hasta el d\u00eda de hoy. Coment\u00f3 que se ha sentido muy protegida muy cuidada y de c\u00f3mo ha disfrutado de las actividades e instalaciones de la residencia, como el jard\u00edn. M\u00e1s adelante hablamos sobre sus primeros d\u00edas en el centro y como tom\u00f3 la decisi\u00f3n de dejar su casa para ir a Sant Josep.<\/p>\n<p style=\"text-align: justify\"><a href=\"https:\/\/www.inforesidencias.com\/blog\/wp-content\/uploads\/2020\/04\/Coronavirus-en-las-residencias-de-mayores1.png\"><img decoding=\"async\" loading=\"lazy\" class=\"alignleft wp-image-3100\" src=\"https:\/\/www.inforesidencias.com\/blog\/wp-content\/uploads\/2020\/04\/Coronavirus-en-las-residencias-de-mayores1.png\" alt=\"sexualidad de los mayores\" width=\"350\" height=\"282\" \/><\/a><\/p>\n<p style=\"text-align: justify\">Despu\u00e9s de la bolsa de empleo, en la consulta del trabajador social la pregunta que nos hicieron estaba orientada a la posibilidad de que una persona con una enfermedad mental pueda ir a una residencia de mayores. Como explicamos, la pregunta estuvo muy bien hecha ya que no es nada f\u00e1cil encontrar una residencia de personas mayores para una persona que tenga una enfermedad mental.<\/p>\n<p style=\"text-align: justify\">El <a href=\"https:\/\/www.estelfitxers.com\/audio\/20201029-17_00ESGRANSERGRAN.MP3\">programa del jueves<\/a> lo empezamos hablando sobre el edadismo. Se conoce como edadismo la discriminaci\u00f3n de las personas debido a su edad. Hemos hablado algunas veces sobre ello y hemos <a href=\"https:\/\/www.inforesidencias.com\/blog\/index.php\/2020\/10\/09\/hablando-de-los-centros-de-dia-la-soledad-y-el-edadismo\/\">invitado al programa a algunos expertos<\/a> para hablar de este tema tan desafortunadamente habitual. Otras veces tambi\u00e9n hemos hablado sobre el <a href=\"https:\/\/www.inforesidencias.com\/blog\/index.php\/2019\/06\/26\/una-residencia-de-la-tercera-edad-en-tordera-y-el-maltrato-a-los-mayores\/\">maltrato a las personas mayores<\/a>.<\/p>\n<p style=\"text-align: justify\">En este \u00faltimo programa de la semana tuvimos la suerte de poder entrevistar a Feliciano Villar, catedr\u00e1tico de psicologia evolutiva de la Universidad de Barcelona y director del master de psicogerontolog\u00eda de la misma universidad. Con \u00e9l hablamos de lo que es un tab\u00fa para muchos como es la sexualidad y las personas mayores. Feliciano explic\u00f3 que estos tab\u00fas y prejuicios hac\u00eda la sexualidad en personas mayores poco a poco van desapareciendo pero queda mucho por hacer ya que por ejemplo hoy en dia los propios mayores se ven influenciados por estos propios prejuicios. Explicamos tambi\u00e9n que no es f\u00e1cil encontrar datos para cuantificar las actividades sexuales en pareja o solo en los mayores.<\/p>\n<p style=\"text-align: justify\">Seguidamente nos ense\u00f1\u00f3 las diferencias en los ideales de sexualidad de los m\u00e1s j\u00f3venes y ls de las tercera edad, marcados sobretodo por la \u00abemocionalidad\u00bb y los sentimientos durante el acto sexual. Hablando de residencias, Feliciano nos dijo que por desgracia las residencias no est\u00e1n preparadas para la intimidad sexualidad de los residentes. No obstante, explic\u00f3 alguna iniciativa de algunos centros que ha visto como por ejemplo proporcionar juguetes o habitaciones destinadas espec\u00edficamente a la actividad sexual. Dijo que no es la soluci\u00f3n final, pero si un paso en la buena direcci\u00f3n.<\/p>\n<p style=\"text-align: justify\">Para acabar la entrevista nos dio su opini\u00f3n personal como\u00a0catedr\u00e1tico sobre el futuro de un modelo de residencias en donde se tenga en cuenta la opini\u00f3n y diversidad sexual de los residentes.<\/p>\n<p style=\"text-align: justify\">En la recta final del programa, en la consulta del trabajador social, respondimos una pregunta sobre la podolog\u00eda en residencias. Explicamos la importancia y la necesidad de la figura del pod\u00f3logo en las residencias de mayores y m\u00e1s teniendo en cuenta que cuanto mayores nos hacemos m\u00e1s necesitamos de cuidados para nuestros pies.<\/p>\n<p style=\"text-align: justify\">Conoce algunas residencias del <a href=\"https:\/\/www.inforesidencias.com\/centros\/buscador\/busquedas-predefinidas\/residencias-geriatricas-en-el-valles-oriental\">Vall\u00e8s Oriental<\/a>.<\/p>\n","protected":false},"excerpt":{"rendered":"<p>Iniciamos el programa del mi\u00e9rcoles de \u201c\u00c9s gran ser gran\u201d conversando sobre la Covid19 y lo que uno puede encontrar por internet cuando busca informaci\u00f3n sobre como\u00a0 prevenirla. Unos consejos que, como opinaba Josep, hemos mencionado otras veces\u00a0 y que sirven para otras muchas enfermedades. No hay formas especificas probadas a parte de la mascarilla y la distancia de seguridad a la hora de prevenir el Coronavirus. En la entrevista del d\u00eda contamos con Ainhoa Cresp\u00e1n, responsable de administraci\u00f3n de la residencia Sant Josep de Terrassa y la Sra. Natividad G\u00f3mez, una residente. Con Ainhoa hablamos de donde est\u00e1 situada la residencia y de que fue creada hace m\u00e1s de 30 a\u00f1os por una congregaci\u00f3n religiosa llamada Hijas de San Jos\u00e9. Charlamos tambi\u00e9n sobre como han afrontado la pandemia desde marzo y como ante el aislamiento que comportaba esta situaci\u00f3n crearon nuevas v\u00edas de comunicaci\u00f3n entre familiares y residentes. Finalmente [&hellip;]<\/p>\n","protected":false},"author":2,"featured_media":3100,"comment_status":"open","ping_status":"open","sticky":false,"template":"","format":"standard","meta":{"footnotes":""},"categories":[1],"tags":[],"yoast_head":"<!-- This site is optimized with the Yoast SEO plugin v21.7 - https:\/\/yoast.com\/wordpress\/plugins\/seo\/ -->\n<title>La sexualidad de los mayores en las residencias y una residencia en Terrassa - Blog Inforesidencias.com<\/title>\n<meta name=\"description\" content=\"Esta semana hablamos de la residencia de religiosas Sant Josep de Terrassa y con Feliciano Villar sobre la sexualidad de los mayores y en las residencias\" \/>\n<meta name=\"robots\" content=\"index, follow, max-snippet:-1, max-image-preview:large, max-video-preview:-1\" \/>\n<link rel=\"canonical\" href=\"https:\/\/www.inforesidencias.com\/blog\/index.php\/2020\/10\/30\/la-sexualidad-de-los-mayores-en-las-residencias-y-una-residencia-en-terrassa\/\" \/>\n<meta property=\"og:locale\" content=\"es_ES\" \/>\n<meta property=\"og:type\" content=\"article\" \/>\n<meta property=\"og:title\" content=\"La sexualidad de los mayores en las residencias y una residencia en Terrassa - Blog Inforesidencias.com\" \/>\n<meta property=\"og:description\" content=\"Esta semana hablamos de la residencia de religiosas Sant Josep de Terrassa y con Feliciano Villar sobre la sexualidad de los mayores y en las residencias\" \/>\n<meta property=\"og:url\" content=\"https:\/\/www.inforesidencias.com\/blog\/index.php\/2020\/10\/30\/la-sexualidad-de-los-mayores-en-las-residencias-y-una-residencia-en-terrassa\/\" \/>\n<meta property=\"og:site_name\" content=\"Blog Inforesidencias.com\" \/>\n<meta property=\"article:publisher\" content=\"https:\/\/www.facebook.com\/Inforesidencias\/\" \/>\n<meta property=\"article:author\" content=\"https:\/\/www.facebook.com\/josep.demarti\" \/>\n<meta property=\"article:published_time\" content=\"2020-10-30T08:16:45+00:00\" \/>\n<meta property=\"og:image\" content=\"https:\/\/www.inforesidencias.com\/blog\/wp-content\/uploads\/2020\/04\/Coronavirus-en-las-residencias-de-mayores1.png\" \/>\n\t<meta property=\"og:image:width\" content=\"400\" \/>\n\t<meta property=\"og:image:height\" content=\"322\" \/>\n\t<meta property=\"og:image:type\" content=\"image\/png\" \/>\n<meta name=\"author\" content=\"Josep de Mart\u00ed\" \/>\n<meta name=\"twitter:card\" content=\"summary_large_image\" \/>\n<meta name=\"twitter:creator\" content=\"@blog-ir\" \/>\n<meta name=\"twitter:site\" content=\"@inforesidencias\" \/>\n<meta name=\"twitter:label1\" content=\"Escrito por\" \/>\n\t<meta name=\"twitter:data1\" content=\"Josep de Mart\u00ed\" \/>\n\t<meta name=\"twitter:label2\" content=\"Tiempo de lectura\" \/>\n\t<meta name=\"twitter:data2\" content=\"4 minutos\" \/>\n<script type=\"application\/ld+json\" class=\"yoast-schema-graph\">{\"@context\":\"https:\/\/schema.org\",\"@graph\":[{\"@type\":\"WebPage\",\"@id\":\"https:\/\/www.inforesidencias.com\/blog\/index.php\/2020\/10\/30\/la-sexualidad-de-los-mayores-en-las-residencias-y-una-residencia-en-terrassa\/\",\"url\":\"https:\/\/www.inforesidencias.com\/blog\/index.php\/2020\/10\/30\/la-sexualidad-de-los-mayores-en-las-residencias-y-una-residencia-en-terrassa\/\",\"name\":\"La sexualidad de los mayores en las residencias y una residencia en Terrassa - Blog Inforesidencias.com\",\"isPartOf\":{\"@id\":\"https:\/\/www.inforesidencias.com\/blog\/#website\"},\"datePublished\":\"2020-10-30T08:16:45+00:00\",\"dateModified\":\"2020-10-30T08:16:45+00:00\",\"author\":{\"@id\":\"https:\/\/www.inforesidencias.com\/blog\/#\/schema\/person\/9e146774d1eb3bc1c0316242a3898628\"},\"description\":\"Esta semana hablamos de la residencia de religiosas Sant Josep de Terrassa y con Feliciano Villar sobre la sexualidad de los mayores y en las residencias\",\"breadcrumb\":{\"@id\":\"https:\/\/www.inforesidencias.com\/blog\/index.php\/2020\/10\/30\/la-sexualidad-de-los-mayores-en-las-residencias-y-una-residencia-en-terrassa\/#breadcrumb\"},\"inLanguage\":\"es\",\"potentialAction\":[{\"@type\":\"ReadAction\",\"target\":[\"https:\/\/www.inforesidencias.com\/blog\/index.php\/2020\/10\/30\/la-sexualidad-de-los-mayores-en-las-residencias-y-una-residencia-en-terrassa\/\"]}]},{\"@type\":\"BreadcrumbList\",\"@id\":\"https:\/\/www.inforesidencias.com\/blog\/index.php\/2020\/10\/30\/la-sexualidad-de-los-mayores-en-las-residencias-y-una-residencia-en-terrassa\/#breadcrumb\",\"itemListElement\":[{\"@type\":\"ListItem\",\"position\":1,\"name\":\"Home\",\"item\":\"https:\/\/www.inforesidencias.com\/blog\/\"},{\"@type\":\"ListItem\",\"position\":2,\"name\":\"La sexualidad de los mayores en las residencias y una residencia en Terrassa\"}]},{\"@type\":\"WebSite\",\"@id\":\"https:\/\/www.inforesidencias.com\/blog\/#website\",\"url\":\"https:\/\/www.inforesidencias.com\/blog\/\",\"name\":\"Blog Inforesidencias.com\",\"description\":\"El buscador de residencias de la 3\u00aa edad\",\"potentialAction\":[{\"@type\":\"SearchAction\",\"target\":{\"@type\":\"EntryPoint\",\"urlTemplate\":\"https:\/\/www.inforesidencias.com\/blog\/?s={search_term_string}\"},\"query-input\":\"required name=search_term_string\"}],\"inLanguage\":\"es\"},{\"@type\":\"Person\",\"@id\":\"https:\/\/www.inforesidencias.com\/blog\/#\/schema\/person\/9e146774d1eb3bc1c0316242a3898628\",\"name\":\"Josep de Mart\u00ed\",\"image\":{\"@type\":\"ImageObject\",\"inLanguage\":\"es\",\"@id\":\"https:\/\/www.inforesidencias.com\/blog\/#\/schema\/person\/image\/\",\"url\":\"https:\/\/secure.gravatar.com\/avatar\/de0302c4806c00c4cebff396a798c1ff?s=96&d=mm&r=g\",\"contentUrl\":\"https:\/\/secure.gravatar.com\/avatar\/de0302c4806c00c4cebff396a798c1ff?s=96&d=mm&r=g\",\"caption\":\"Josep de Mart\u00ed\"},\"sameAs\":[\"https:\/\/www.inforesidencias.com\",\"https:\/\/www.facebook.com\/josep.demarti\",\"https:\/\/twitter.com\/blog-ir\"],\"url\":\"https:\/\/www.inforesidencias.com\/blog\/index.php\/author\/josepdemarti\/\"}]}<\/script>\n<!-- \/ Yoast SEO plugin. -->","yoast_head_json":{"title":"La sexualidad de los mayores en las residencias y una residencia en Terrassa - Blog Inforesidencias.com","description":"Esta semana hablamos de la residencia de religiosas Sant Josep de Terrassa y con Feliciano Villar sobre la sexualidad de los mayores y en las residencias","robots":{"index":"index","follow":"follow","max-snippet":"max-snippet:-1","max-image-preview":"max-image-preview:large","max-video-preview":"max-video-preview:-1"},"canonical":"https:\/\/www.inforesidencias.com\/blog\/index.php\/2020\/10\/30\/la-sexualidad-de-los-mayores-en-las-residencias-y-una-residencia-en-terrassa\/","og_locale":"es_ES","og_type":"article","og_title":"La sexualidad de los mayores en las residencias y una residencia en Terrassa - Blog Inforesidencias.com","og_description":"Esta semana hablamos de la residencia de religiosas Sant Josep de Terrassa y con Feliciano Villar sobre la sexualidad de los mayores y en las residencias","og_url":"https:\/\/www.inforesidencias.com\/blog\/index.php\/2020\/10\/30\/la-sexualidad-de-los-mayores-en-las-residencias-y-una-residencia-en-terrassa\/","og_site_name":"Blog Inforesidencias.com","article_publisher":"https:\/\/www.facebook.com\/Inforesidencias\/","article_author":"https:\/\/www.facebook.com\/josep.demarti","article_published_time":"2020-10-30T08:16:45+00:00","og_image":[{"width":400,"height":322,"url":"https:\/\/www.inforesidencias.com\/blog\/wp-content\/uploads\/2020\/04\/Coronavirus-en-las-residencias-de-mayores1.png","type":"image\/png"}],"author":"Josep de Mart\u00ed","twitter_card":"summary_large_image","twitter_creator":"@blog-ir","twitter_site":"@inforesidencias","twitter_misc":{"Escrito por":"Josep de Mart\u00ed","Tiempo de lectura":"4 minutos"},"schema":{"@context":"https:\/\/schema.org","@graph":[{"@type":"WebPage","@id":"https:\/\/www.inforesidencias.com\/blog\/index.php\/2020\/10\/30\/la-sexualidad-de-los-mayores-en-las-residencias-y-una-residencia-en-terrassa\/","url":"https:\/\/www.inforesidencias.com\/blog\/index.php\/2020\/10\/30\/la-sexualidad-de-los-mayores-en-las-residencias-y-una-residencia-en-terrassa\/","name":"La sexualidad de los mayores en las residencias y una residencia en Terrassa - Blog Inforesidencias.com","isPartOf":{"@id":"https:\/\/www.inforesidencias.com\/blog\/#website"},"datePublished":"2020-10-30T08:16:45+00:00","dateModified":"2020-10-30T08:16:45+00:00","author":{"@id":"https:\/\/www.inforesidencias.com\/blog\/#\/schema\/person\/9e146774d1eb3bc1c0316242a3898628"},"description":"Esta semana hablamos de la residencia de religiosas Sant Josep de Terrassa y con Feliciano Villar sobre la sexualidad de los mayores y en las residencias","breadcrumb":{"@id":"https:\/\/www.inforesidencias.com\/blog\/index.php\/2020\/10\/30\/la-sexualidad-de-los-mayores-en-las-residencias-y-una-residencia-en-terrassa\/#breadcrumb"},"inLanguage":"es","potentialAction":[{"@type":"ReadAction","target":["https:\/\/www.inforesidencias.com\/blog\/index.php\/2020\/10\/30\/la-sexualidad-de-los-mayores-en-las-residencias-y-una-residencia-en-terrassa\/"]}]},{"@type":"BreadcrumbList","@id":"https:\/\/www.inforesidencias.com\/blog\/index.php\/2020\/10\/30\/la-sexualidad-de-los-mayores-en-las-residencias-y-una-residencia-en-terrassa\/#breadcrumb","itemListElement":[{"@type":"ListItem","position":1,"name":"Home","item":"https:\/\/www.inforesidencias.com\/blog\/"},{"@type":"ListItem","position":2,"name":"La sexualidad de los mayores en las residencias y una residencia en Terrassa"}]},{"@type":"WebSite","@id":"https:\/\/www.inforesidencias.com\/blog\/#website","url":"https:\/\/www.inforesidencias.com\/blog\/","name":"Blog Inforesidencias.com","description":"El buscador de residencias de la 3\u00aa edad","potentialAction":[{"@type":"SearchAction","target":{"@type":"EntryPoint","urlTemplate":"https:\/\/www.inforesidencias.com\/blog\/?s={search_term_string}"},"query-input":"required name=search_term_string"}],"inLanguage":"es"},{"@type":"Person","@id":"https:\/\/www.inforesidencias.com\/blog\/#\/schema\/person\/9e146774d1eb3bc1c0316242a3898628","name":"Josep de Mart\u00ed","image":{"@type":"ImageObject","inLanguage":"es","@id":"https:\/\/www.inforesidencias.com\/blog\/#\/schema\/person\/image\/","url":"https:\/\/secure.gravatar.com\/avatar\/de0302c4806c00c4cebff396a798c1ff?s=96&d=mm&r=g","contentUrl":"https:\/\/secure.gravatar.com\/avatar\/de0302c4806c00c4cebff396a798c1ff?s=96&d=mm&r=g","caption":"Josep de Mart\u00ed"},"sameAs":["https:\/\/www.inforesidencias.com","https:\/\/www.facebook.com\/josep.demarti","https:\/\/twitter.com\/blog-ir"],"url":"https:\/\/www.inforesidencias.com\/blog\/index.php\/author\/josepdemarti\/"}]}},"_links":{"self":[{"href":"https:\/\/www.inforesidencias.com\/blog\/index.php\/wp-json\/wp\/v2\/posts\/3698"}],"collection":[{"href":"https:\/\/www.inforesidencias.com\/blog\/index.php\/wp-json\/wp\/v2\/posts"}],"about":[{"href":"https:\/\/www.inforesidencias.com\/blog\/index.php\/wp-json\/wp\/v2\/types\/post"}],"author":[{"embeddable":true,"href":"https:\/\/www.inforesidencias.com\/blog\/index.php\/wp-json\/wp\/v2\/users\/2"}],"replies":[{"embeddable":true,"href":"https:\/\/www.inforesidencias.com\/blog\/index.php\/wp-json\/wp\/v2\/comments?post=3698"}],"version-history":[{"count":8,"href":"https:\/\/www.inforesidencias.com\/blog\/index.php\/wp-json\/wp\/v2\/posts\/3698\/revisions"}],"predecessor-version":[{"id":3706,"href":"https:\/\/www.inforesidencias.com\/blog\/index.php\/wp-json\/wp\/v2\/posts\/3698\/revisions\/3706"}],"wp:featuredmedia":[{"embeddable":true,"href":"https:\/\/www.inforesidencias.com\/blog\/index.php\/wp-json\/wp\/v2\/media\/3100"}],"wp:attachment":[{"href":"https:\/\/www.inforesidencias.com\/blog\/index.php\/wp-json\/wp\/v2\/media?parent=3698"}],"wp:term":[{"taxonomy":"category","embeddable":true,"href":"https:\/\/www.inforesidencias.com\/blog\/index.php\/wp-json\/wp\/v2\/categories?post=3698"},{"taxonomy":"post_tag","embeddable":true,"href":"https:\/\/www.inforesidencias.com\/blog\/index.php\/wp-json\/wp\/v2\/tags?post=3698"}],"curies":[{"name":"wp","href":"https:\/\/api.w.org\/{rel}","templated":true}]}}