{"id":3719,"date":"2020-11-03T07:13:22","date_gmt":"2020-11-03T07:13:22","guid":{"rendered":"https:\/\/www.inforesidencias.com\/blog\/?p=3719"},"modified":"2020-11-03T07:17:59","modified_gmt":"2020-11-03T07:17:59","slug":"3719","status":"publish","type":"post","link":"https:\/\/www.inforesidencias.com\/blog\/index.php\/2020\/11\/03\/3719\/","title":{"rendered":"Diagn\u00f3stico de covid-19 en asintom\u00e1ticos por la forma de toser"},"content":{"rendered":"<p>Imaginemos que se pudiese hacer un diagn\u00f3stico de covid-19 en asintom\u00e1ticos por la forma de toserAquellos que han estado contagiados con Covid-19 pero no muestran ninguno de los s\u00edntomas propios de la enfermedad son las conocidas como personas <strong>asintom\u00e1ticas<\/strong>.\u00a0 Esa caracter\u00edstica hace que sea menos probable que se hagan tests o que busquen ayuda por lo que contagian a otros sin saberlo y sin hacer nada al respecto.<\/p>\n<p>La investigaci\u00f3n y la inteligencia artificial est\u00e1n haciendo que eso cambie algo. Los investigadores del MIT, Instituto de Tecnolog\u00eda de Massachusetts)\u00a0 han descubierto que las personas asintom\u00e1ticas pueden estar haciendo algo de forma diferente a como lo hacen las personas sana: la forma de toser. Estas diferencias no son tan sutiles que no son\u00a0 detectables por el o\u00eddo humano. Ah\u00ed entra la\u00a0 inteligencia artificial IA.<\/p>\n<p>En un <a href=\"https:\/\/news.mit.edu\/2020\/covid-19-cough-cellphone-detection-1029\">art\u00edculo publicado<\/a> recientemente en el IEEE Journal of Engineering in Medicine and Biology, se informa sobre un modelo de IA\u00a0capaz de distinguir a las personas enfermas asintom\u00e1ticas de las personas sanas mediante grabaciones de tos forzada, que las personas env\u00edan voluntariamente a trav\u00e9s de navegadores web y dispositivos como tel\u00e9fonos m\u00f3viles y ordenadores<\/p>\n<h3>Diagn\u00f3stico de covid-19 en asintom\u00e1ticos por la forma de toser<\/h3>\n<p>Los investigadores\u00a0alimentaron la herramienta con\u00a0 decenas de miles de muestras de toses, as\u00ed como palabras habladas. Una vez procesada la informaci\u00f3n, el sistema fue capaz de identificar con precisi\u00f3n el 98,5% de las toses de las personas que, mediante tests, se hab\u00eda confirmado que ten\u00edan Covid-19, incluido el 100 por ciento de las toses de los asintom\u00e1ticos, que informaron que no ten\u00edan s\u00edntomas, pero hab\u00edan dado positivo en la prueba del virus.<\/p>\n<div id=\"attachment_3721\" style=\"width: 460px\" class=\"wp-caption aligncenter\"><a href=\"https:\/\/www.inforesidencias.com\/blog\/wp-content\/uploads\/2020\/11\/catarro-comun-en-ancianos.jpg\"><img aria-describedby=\"caption-attachment-3721\" decoding=\"async\" loading=\"lazy\" class=\"size-full wp-image-3721\" src=\"https:\/\/www.inforesidencias.com\/blog\/wp-content\/uploads\/2020\/11\/catarro-comun-en-ancianos.jpg\" alt=\"La forma de toser puede servir para diagnosticar covid19 en asitnomaticos\" width=\"450\" height=\"300\" \/><\/a><p id=\"caption-attachment-3721\" class=\"wp-caption-text\">La forma de toser puede servir para diagnosticar covid19 en asitnomaticos<\/p><\/div>\n<p>El equipo est\u00e1 trabajando para incorporar el modelo en una aplicaci\u00f3n f\u00e1cil de usar, que si llegase a ser aprobado por la Administraci\u00f3nla FDA (instituci\u00f3n estadounidense que autoriza medicamentos, alimentos y aparatos de uso m\u00e9dico)\u00a0 y llegase a adoptarse a gran escala podr\u00eda ser una herramienta de preselecci\u00f3n gratuita, c\u00f3moda de usar y no invasiva para identificar a las personas que probablemente sean asintom\u00e1ticas para Covid-19. . Un usuario puede iniciar sesi\u00f3n a diario, toser en su tel\u00e9fono y obtener informaci\u00f3n al instante sobre si podr\u00eda estar infectado y, por lo tanto, debe confirmar con una prueba formal.<\/p>\n<div id=\"attachment_3726\" style=\"width: 310px\" class=\"wp-caption alignleft\"><a href=\"https:\/\/www.inforesidencias.com\/contenidos\/seminarios\/nacional\/webinario-online-como-afecta-ahora-y-en-el-futuro-una-pandemia-en-la-arquitectura-de-una-residencia\"><img aria-describedby=\"caption-attachment-3726\" decoding=\"async\" loading=\"lazy\" class=\"size-full wp-image-3726\" src=\"https:\/\/www.inforesidencias.com\/blog\/wp-content\/uploads\/2020\/11\/Banner-noviembre-20-300x225.png\" alt=\"Webinario sobre dise\u00f1o de residencias de tercera edad  y covid-19\" width=\"300\" height=\"225\" \/><\/a><p id=\"caption-attachment-3726\" class=\"wp-caption-text\">Webinario sobre dise\u00f1o de residencias de tercera edad y covid-19<\/p><\/div>\n<p>Y esto puede ser s\u00f3lo una de las m\u00faltiples aplicaciones de la Inteligencia Artificial en el diagn\u00f3stico:\u00a0Con su nuevo marco de IA, el mismo equipo equipo de investigadores ha incorpor\u00f3ado grabaciones de audio, incluidas las de pacientes con Alzheimer llegando a descubrir que pod\u00eda identificar las muestras de Alzheimer mejor que los modelos existentes. Los resultados mostraron que, en conjunto, la fuerza de las cuerdas vocales, el sentimiento, el desempe\u00f1o pulmonar y respiratorio y la degradaci\u00f3n muscular eran biomarcadores efectivos para diagnosticar la enfermedad.<\/p>\n<p>El aspecto \u00e9tico surge, como siempre que se trata de inteligencia artificial.\u00a0 Podemos imaginar unos micr\u00f3fonos incorporados en los tel\u00e9fonos m\u00f3viles o altavoces con asistentes personales que de forma discreta analizan c\u00f3mo hablamos y tosemos en b\u00fasqueda de enfermedades ocultas. \u00bfPodemos imaginar su uso en <strong>residencias de ancianos?<\/strong>\u00a0 \u00bfEs eso posible?\u00a0 Seguro.\u00a0 \u00bfPodr\u00eda tener derivaciones no queridas?<\/p>\n<p>Diagn\u00f3stico de covid-19 en asintom\u00e1ticos por la forma de toser<\/p>\n<p>&nbsp;<\/p>\n","protected":false},"excerpt":{"rendered":"<p>Imaginemos que se pudiese hacer un diagn\u00f3stico de covid-19 en asintom\u00e1ticos por la forma de toserAquellos que han estado contagiados con Covid-19 pero no muestran ninguno de los s\u00edntomas propios de la enfermedad son las conocidas como personas asintom\u00e1ticas.\u00a0 Esa caracter\u00edstica hace que sea menos probable que se hagan tests o que busquen ayuda por lo que contagian a otros sin saberlo y sin hacer nada al respecto. La investigaci\u00f3n y la inteligencia artificial est\u00e1n haciendo que eso cambie algo. Los investigadores del MIT, Instituto de Tecnolog\u00eda de Massachusetts)\u00a0 han descubierto que las personas asintom\u00e1ticas pueden estar haciendo algo de forma diferente a como lo hacen las personas sana: la forma de toser. Estas diferencias no son tan sutiles que no son\u00a0 detectables por el o\u00eddo humano. Ah\u00ed entra la\u00a0 inteligencia artificial IA. En un art\u00edculo publicado recientemente en el IEEE Journal of Engineering in Medicine and Biology, se informa [&hellip;]<\/p>\n","protected":false},"author":2,"featured_media":3721,"comment_status":"open","ping_status":"open","sticky":false,"template":"","format":"standard","meta":{"footnotes":""},"categories":[91,1],"tags":[],"yoast_head":"<!-- This site is optimized with the Yoast SEO plugin v21.7 - https:\/\/yoast.com\/wordpress\/plugins\/seo\/ -->\n<title>Diagn\u00f3stico de covid-19 en asintom\u00e1ticos por la forma de toser - Blog Inforesidencias.com<\/title>\n<meta name=\"description\" content=\"Se puede hacer un Diagn\u00f3stico de covid-19 en asintom\u00e1ticos por la forma de toser\" \/>\n<meta name=\"robots\" content=\"index, follow, max-snippet:-1, max-image-preview:large, max-video-preview:-1\" \/>\n<link rel=\"canonical\" href=\"https:\/\/www.inforesidencias.com\/blog\/index.php\/2020\/11\/03\/3719\/\" \/>\n<meta property=\"og:locale\" content=\"es_ES\" \/>\n<meta property=\"og:type\" content=\"article\" \/>\n<meta property=\"og:title\" content=\"Diagn\u00f3stico de covid-19 en asintom\u00e1ticos por la forma de toser - Blog Inforesidencias.com\" \/>\n<meta property=\"og:description\" content=\"Se puede hacer un Diagn\u00f3stico de covid-19 en asintom\u00e1ticos por la forma de toser\" \/>\n<meta property=\"og:url\" content=\"https:\/\/www.inforesidencias.com\/blog\/index.php\/2020\/11\/03\/3719\/\" \/>\n<meta property=\"og:site_name\" content=\"Blog Inforesidencias.com\" \/>\n<meta property=\"article:publisher\" content=\"https:\/\/www.facebook.com\/Inforesidencias\/\" \/>\n<meta property=\"article:author\" content=\"https:\/\/www.facebook.com\/josep.demarti\" \/>\n<meta property=\"article:published_time\" content=\"2020-11-03T07:13:22+00:00\" \/>\n<meta property=\"article:modified_time\" content=\"2020-11-03T07:17:59+00:00\" \/>\n<meta property=\"og:image\" content=\"https:\/\/www.inforesidencias.com\/blog\/wp-content\/uploads\/2020\/11\/catarro-comun-en-ancianos.jpg\" \/>\n\t<meta property=\"og:image:width\" content=\"450\" \/>\n\t<meta property=\"og:image:height\" content=\"300\" \/>\n\t<meta property=\"og:image:type\" content=\"image\/jpeg\" \/>\n<meta name=\"author\" content=\"Josep de Mart\u00ed\" \/>\n<meta name=\"twitter:card\" content=\"summary_large_image\" \/>\n<meta name=\"twitter:creator\" content=\"@blog-ir\" \/>\n<meta name=\"twitter:site\" content=\"@inforesidencias\" \/>\n<meta name=\"twitter:label1\" content=\"Escrito por\" \/>\n\t<meta name=\"twitter:data1\" content=\"Josep de Mart\u00ed\" \/>\n\t<meta name=\"twitter:label2\" content=\"Tiempo de lectura\" \/>\n\t<meta name=\"twitter:data2\" content=\"3 minutos\" \/>\n<script type=\"application\/ld+json\" class=\"yoast-schema-graph\">{\"@context\":\"https:\/\/schema.org\",\"@graph\":[{\"@type\":\"WebPage\",\"@id\":\"https:\/\/www.inforesidencias.com\/blog\/index.php\/2020\/11\/03\/3719\/\",\"url\":\"https:\/\/www.inforesidencias.com\/blog\/index.php\/2020\/11\/03\/3719\/\",\"name\":\"Diagn\u00f3stico de covid-19 en asintom\u00e1ticos por la forma de toser - Blog Inforesidencias.com\",\"isPartOf\":{\"@id\":\"https:\/\/www.inforesidencias.com\/blog\/#website\"},\"datePublished\":\"2020-11-03T07:13:22+00:00\",\"dateModified\":\"2020-11-03T07:17:59+00:00\",\"author\":{\"@id\":\"https:\/\/www.inforesidencias.com\/blog\/#\/schema\/person\/9e146774d1eb3bc1c0316242a3898628\"},\"description\":\"Se puede hacer un Diagn\u00f3stico de covid-19 en asintom\u00e1ticos por la forma de toser\",\"breadcrumb\":{\"@id\":\"https:\/\/www.inforesidencias.com\/blog\/index.php\/2020\/11\/03\/3719\/#breadcrumb\"},\"inLanguage\":\"es\",\"potentialAction\":[{\"@type\":\"ReadAction\",\"target\":[\"https:\/\/www.inforesidencias.com\/blog\/index.php\/2020\/11\/03\/3719\/\"]}]},{\"@type\":\"BreadcrumbList\",\"@id\":\"https:\/\/www.inforesidencias.com\/blog\/index.php\/2020\/11\/03\/3719\/#breadcrumb\",\"itemListElement\":[{\"@type\":\"ListItem\",\"position\":1,\"name\":\"Home\",\"item\":\"https:\/\/www.inforesidencias.com\/blog\/\"},{\"@type\":\"ListItem\",\"position\":2,\"name\":\"Diagn\u00f3stico de covid-19 en asintom\u00e1ticos por la forma de toser\"}]},{\"@type\":\"WebSite\",\"@id\":\"https:\/\/www.inforesidencias.com\/blog\/#website\",\"url\":\"https:\/\/www.inforesidencias.com\/blog\/\",\"name\":\"Blog Inforesidencias.com\",\"description\":\"El buscador de residencias de la 3\u00aa edad\",\"potentialAction\":[{\"@type\":\"SearchAction\",\"target\":{\"@type\":\"EntryPoint\",\"urlTemplate\":\"https:\/\/www.inforesidencias.com\/blog\/?s={search_term_string}\"},\"query-input\":\"required name=search_term_string\"}],\"inLanguage\":\"es\"},{\"@type\":\"Person\",\"@id\":\"https:\/\/www.inforesidencias.com\/blog\/#\/schema\/person\/9e146774d1eb3bc1c0316242a3898628\",\"name\":\"Josep de Mart\u00ed\",\"image\":{\"@type\":\"ImageObject\",\"inLanguage\":\"es\",\"@id\":\"https:\/\/www.inforesidencias.com\/blog\/#\/schema\/person\/image\/\",\"url\":\"https:\/\/secure.gravatar.com\/avatar\/de0302c4806c00c4cebff396a798c1ff?s=96&d=mm&r=g\",\"contentUrl\":\"https:\/\/secure.gravatar.com\/avatar\/de0302c4806c00c4cebff396a798c1ff?s=96&d=mm&r=g\",\"caption\":\"Josep de Mart\u00ed\"},\"sameAs\":[\"https:\/\/www.inforesidencias.com\",\"https:\/\/www.facebook.com\/josep.demarti\",\"https:\/\/twitter.com\/blog-ir\"],\"url\":\"https:\/\/www.inforesidencias.com\/blog\/index.php\/author\/josepdemarti\/\"}]}<\/script>\n<!-- \/ Yoast SEO plugin. -->","yoast_head_json":{"title":"Diagn\u00f3stico de covid-19 en asintom\u00e1ticos por la forma de toser - Blog Inforesidencias.com","description":"Se puede hacer un Diagn\u00f3stico de covid-19 en asintom\u00e1ticos por la forma de toser","robots":{"index":"index","follow":"follow","max-snippet":"max-snippet:-1","max-image-preview":"max-image-preview:large","max-video-preview":"max-video-preview:-1"},"canonical":"https:\/\/www.inforesidencias.com\/blog\/index.php\/2020\/11\/03\/3719\/","og_locale":"es_ES","og_type":"article","og_title":"Diagn\u00f3stico de covid-19 en asintom\u00e1ticos por la forma de toser - Blog Inforesidencias.com","og_description":"Se puede hacer un Diagn\u00f3stico de covid-19 en asintom\u00e1ticos por la forma de toser","og_url":"https:\/\/www.inforesidencias.com\/blog\/index.php\/2020\/11\/03\/3719\/","og_site_name":"Blog Inforesidencias.com","article_publisher":"https:\/\/www.facebook.com\/Inforesidencias\/","article_author":"https:\/\/www.facebook.com\/josep.demarti","article_published_time":"2020-11-03T07:13:22+00:00","article_modified_time":"2020-11-03T07:17:59+00:00","og_image":[{"width":450,"height":300,"url":"https:\/\/www.inforesidencias.com\/blog\/wp-content\/uploads\/2020\/11\/catarro-comun-en-ancianos.jpg","type":"image\/jpeg"}],"author":"Josep de Mart\u00ed","twitter_card":"summary_large_image","twitter_creator":"@blog-ir","twitter_site":"@inforesidencias","twitter_misc":{"Escrito por":"Josep de Mart\u00ed","Tiempo de lectura":"3 minutos"},"schema":{"@context":"https:\/\/schema.org","@graph":[{"@type":"WebPage","@id":"https:\/\/www.inforesidencias.com\/blog\/index.php\/2020\/11\/03\/3719\/","url":"https:\/\/www.inforesidencias.com\/blog\/index.php\/2020\/11\/03\/3719\/","name":"Diagn\u00f3stico de covid-19 en asintom\u00e1ticos por la forma de toser - Blog Inforesidencias.com","isPartOf":{"@id":"https:\/\/www.inforesidencias.com\/blog\/#website"},"datePublished":"2020-11-03T07:13:22+00:00","dateModified":"2020-11-03T07:17:59+00:00","author":{"@id":"https:\/\/www.inforesidencias.com\/blog\/#\/schema\/person\/9e146774d1eb3bc1c0316242a3898628"},"description":"Se puede hacer un Diagn\u00f3stico de covid-19 en asintom\u00e1ticos por la forma de toser","breadcrumb":{"@id":"https:\/\/www.inforesidencias.com\/blog\/index.php\/2020\/11\/03\/3719\/#breadcrumb"},"inLanguage":"es","potentialAction":[{"@type":"ReadAction","target":["https:\/\/www.inforesidencias.com\/blog\/index.php\/2020\/11\/03\/3719\/"]}]},{"@type":"BreadcrumbList","@id":"https:\/\/www.inforesidencias.com\/blog\/index.php\/2020\/11\/03\/3719\/#breadcrumb","itemListElement":[{"@type":"ListItem","position":1,"name":"Home","item":"https:\/\/www.inforesidencias.com\/blog\/"},{"@type":"ListItem","position":2,"name":"Diagn\u00f3stico de covid-19 en asintom\u00e1ticos por la forma de toser"}]},{"@type":"WebSite","@id":"https:\/\/www.inforesidencias.com\/blog\/#website","url":"https:\/\/www.inforesidencias.com\/blog\/","name":"Blog Inforesidencias.com","description":"El buscador de residencias de la 3\u00aa edad","potentialAction":[{"@type":"SearchAction","target":{"@type":"EntryPoint","urlTemplate":"https:\/\/www.inforesidencias.com\/blog\/?s={search_term_string}"},"query-input":"required name=search_term_string"}],"inLanguage":"es"},{"@type":"Person","@id":"https:\/\/www.inforesidencias.com\/blog\/#\/schema\/person\/9e146774d1eb3bc1c0316242a3898628","name":"Josep de Mart\u00ed","image":{"@type":"ImageObject","inLanguage":"es","@id":"https:\/\/www.inforesidencias.com\/blog\/#\/schema\/person\/image\/","url":"https:\/\/secure.gravatar.com\/avatar\/de0302c4806c00c4cebff396a798c1ff?s=96&d=mm&r=g","contentUrl":"https:\/\/secure.gravatar.com\/avatar\/de0302c4806c00c4cebff396a798c1ff?s=96&d=mm&r=g","caption":"Josep de Mart\u00ed"},"sameAs":["https:\/\/www.inforesidencias.com","https:\/\/www.facebook.com\/josep.demarti","https:\/\/twitter.com\/blog-ir"],"url":"https:\/\/www.inforesidencias.com\/blog\/index.php\/author\/josepdemarti\/"}]}},"_links":{"self":[{"href":"https:\/\/www.inforesidencias.com\/blog\/index.php\/wp-json\/wp\/v2\/posts\/3719"}],"collection":[{"href":"https:\/\/www.inforesidencias.com\/blog\/index.php\/wp-json\/wp\/v2\/posts"}],"about":[{"href":"https:\/\/www.inforesidencias.com\/blog\/index.php\/wp-json\/wp\/v2\/types\/post"}],"author":[{"embeddable":true,"href":"https:\/\/www.inforesidencias.com\/blog\/index.php\/wp-json\/wp\/v2\/users\/2"}],"replies":[{"embeddable":true,"href":"https:\/\/www.inforesidencias.com\/blog\/index.php\/wp-json\/wp\/v2\/comments?post=3719"}],"version-history":[{"count":6,"href":"https:\/\/www.inforesidencias.com\/blog\/index.php\/wp-json\/wp\/v2\/posts\/3719\/revisions"}],"predecessor-version":[{"id":3727,"href":"https:\/\/www.inforesidencias.com\/blog\/index.php\/wp-json\/wp\/v2\/posts\/3719\/revisions\/3727"}],"wp:featuredmedia":[{"embeddable":true,"href":"https:\/\/www.inforesidencias.com\/blog\/index.php\/wp-json\/wp\/v2\/media\/3721"}],"wp:attachment":[{"href":"https:\/\/www.inforesidencias.com\/blog\/index.php\/wp-json\/wp\/v2\/media?parent=3719"}],"wp:term":[{"taxonomy":"category","embeddable":true,"href":"https:\/\/www.inforesidencias.com\/blog\/index.php\/wp-json\/wp\/v2\/categories?post=3719"},{"taxonomy":"post_tag","embeddable":true,"href":"https:\/\/www.inforesidencias.com\/blog\/index.php\/wp-json\/wp\/v2\/tags?post=3719"}],"curies":[{"name":"wp","href":"https:\/\/api.w.org\/{rel}","templated":true}]}}