{"id":3830,"date":"2020-12-07T08:46:00","date_gmt":"2020-12-07T07:46:00","guid":{"rendered":"https:\/\/www.inforesidencias.com\/blog\/?p=3830"},"modified":"2020-12-10T13:15:38","modified_gmt":"2020-12-10T12:15:38","slug":"la-osteoartritis-aumenta-el-riesgo-de-caidas","status":"publish","type":"post","link":"https:\/\/www.inforesidencias.com\/blog\/index.php\/2020\/12\/07\/la-osteoartritis-aumenta-el-riesgo-de-caidas\/","title":{"rendered":"\u00bfLa osteoartritis aumenta el riesgo de ca\u00eddas?"},"content":{"rendered":"\n<p>Hoy nos escriben para el blog los profesionales de Doctoranytime para hablarnos de la osteoatritis. \u00bfSabes lo que es? <\/p>\n\n\n\n<p>Al llegar a la tercera edad, las probabilidad de sufrir ca\u00eddas aumenta. Esto no es necesariamente en relaci\u00f3n a la p\u00e9rdida del sentido del equilibrio o la orientaci\u00f3n, ya que puede haber otros factores que las provoquen. Uno de ellos es la osteoartritis. Esta enfermedad afecta a millones de personas alrededor del mundo, mermando su capacidad de vivir una vida totalmente independiente. Sin embargo, \u00bfla osteoartritis puede ser tratada y permite tener una rutina cotidiana?<\/p>\n\n\n\n<p><strong>\u00bfQu\u00e9 es la osteoartritis?<\/strong><\/p>\n\n\n\n<p>Este padecimiento tambi\u00e9n se conoce como artrosis. Cuando una persona sufre de un desgaste en los cart\u00edlagos que protege que las articulaciones de los huesos no choquen entre s\u00ed, se denomina que el padecimiento que tiene es <a href=\"https:\/\/www.doctoranytime.mx\/p\/osteoartritis\" target=\"_blank\" rel=\"noreferrer noopener\">osteoartritis (OA).<\/a> Cuando los cart\u00edlagos se ven afectados y las articulaciones comienzan a rozar, se empieza a sufrir de dolor en esas extremidades.<\/p>\n\n\n\n<p>Las zonas que se ven afectadas en la mayor\u00eda de los casos, son aquellas que se usan con m\u00e1s frecuencia como las manos, rodillas y la columna vertebral. Hay que recalcar que los da\u00f1os que se generan a las articulaciones no pueden ser reparados. Sin embargo, con una terapia y seguimiento adecuado se puede vivir una vida perfectamente normal.<\/p>\n\n\n\n<p>S\u00ed, es una realidad que esta enfermedad aumenta el <a href=\"https:\/\/www.inforesidencias.com\/blog\/index.php\/2019\/07\/14\/las-caidas-en-la-tercera-edad\/\">riesgo de ca\u00eddas<\/a> en los pacientes que est\u00e1n entrando en la tercera edad. La raz\u00f3n de que esto suceda es que las articulaciones ya no responden como antes dado el desgaste del cart\u00edlago. Consecuentemente, el rango de movimiento normal se ve mermado. Tambi\u00e9n tienen <a href=\"https:\/\/www.inforesidencias.com\/blog\/index.php\/2019\/09\/18\/personas-mayores-con-sindrome-de-down\/\" target=\"_blank\" rel=\"noreferrer noopener\">riesgo alto de sufrir osteoartitis las personas mayores con s\u00edndrome de down<\/a>.<\/p>\n\n\n\n<p>Por otro lado, hay diferentes factores o caracter\u00edsticas que hacen que una persona tenga m\u00e1s probabilidades de padecer esta enfermedad como:<\/p>\n\n\n\n<p><br>\u25cf Sexo: Esta enfermedad es m\u00e1s comun entre las mujeres que superan los 60 a\u00f1os de edad. Sin embargo, los hombres tambi\u00e9n se ven afectados.<br>\u25cf Edad: Las personas mayores de 40 a\u00f1os son m\u00e1s propensas a sufrir este desgaste en sus cart\u00edlagos. Hay casos en que pacientes de 30 a\u00f1os comienzan a tener signos de osteoartritis, pero esto es poco com\u00fan.<\/p>\n\n\n\n<div class=\"wp-block-image\"><figure class=\"alignleft size-large\"><img decoding=\"async\" loading=\"lazy\" width=\"400\" height=\"270\" src=\"https:\/\/www.inforesidencias.com\/blog\/wp-content\/uploads\/2020\/11\/osteoartritis-1.png\" alt=\"\" class=\"wp-image-3835\" srcset=\"https:\/\/www.inforesidencias.com\/blog\/wp-content\/uploads\/2020\/11\/osteoartritis-1.png 400w, https:\/\/www.inforesidencias.com\/blog\/wp-content\/uploads\/2020\/11\/osteoartritis-1-300x203.png 300w\" sizes=\"(max-width: 400px) 100vw, 400px\" \/><\/figure><\/div>\n\n\n\n<p><\/p>\n\n\n\n<p>\u25cf Lesiones: Si ha sufrido alguna lesi\u00f3n en sus articulaciones, debe de tener un seguimiento por parte de su doctor para prevenir que sus cart\u00edlagos se vean afectados.<\/p>\n\n\n\n<p><br>\u25cf Uso excesivo de alguna articulaci\u00f3n: Las personas que practican deportes de forma constante o incluso profesional, pueden sufrir OA en el futuro debido a que se usa una articulaci\u00f3n de forma excesiva. Esto genera un da\u00f1o en las articulaciones y en el cart\u00edlago.<\/p>\n\n\n\n<p><br>\u25cf Sufrir de sobrepeso u obesidad: Al tener un peso superior al adecuado, las articulaciones tienden a resentirlo. Esto debido a que est\u00e1n cargando m\u00e1s peso del necesario, lo que contribuye a su desgaste.<\/p>\n\n\n\n<p><strong>Estos son los s\u00edntomas<\/strong><\/p>\n\n\n\n<p>Los s\u00edntomas de la osteoartritis pueden variar de paciente a paciente. Depender\u00e1 mucho del estilo de vida y el caso que presente cada persona. Sin embargo, hay algunos focos de alerta que pueden ayudar a identificar de manera temprana esta enfermedad. Recuerde que la temprana detecci\u00f3n mejora las probabilidades de recibir un tratamiento oportuno que no le impida tener una vida normal.<\/p>\n\n\n\n<p>Entre los s\u00edntomas m\u00e1s comunes podemos encontrar:<\/p>\n\n\n\n<p><br>\u25cf Rigidez: Las zonas donde se encuentran articulaciones que m\u00e1s se utilizan, como las manos o las rodillas, pueden sentirse r\u00edgidas despu\u00e9s de despertarse o mantenerse inactivo por mucho tiempo. Se debe de cuidar que el movimiento inicial sea lento para no estresar de m\u00e1s a las articulaciones.<br>\u25cf Dolor en la zona afectada: Al mover las articulaciones afectadas, se puede experimentar dolor a pesar de hacer movimientos leves.<br>\u25cf Aparici\u00f3n de huesos extras: Estos huesos, cuyo t\u00e9rmino cl\u00ednico correcto para definirlos es osteofitos, suelen aparecer en las zonas articulares donde inicia esta enfermedad. Se sienten como bultos muy duros y en la mayor\u00eda de los casos aparecen en las manos.<br>\u25cf Problemas en la flexibilidad: Dada la hinchaz\u00f3n y el dolor que viene con esta enfermedad, el paciente ver\u00e1 mermada la capacidad de mover y flexionar sus articulaciones normalmente.<br>\u25cf Sonidos provenientes de las articulaciones: Si al mover sus articulaciones, se escuchan sonidos similares a chirridos o chasquidos, puede ser una se\u00f1al de que est\u00e1 desarrollando Osteoartritis.<\/p>\n\n\n\n<p><strong>\u00bfSe puede prevenir?<\/strong><\/p>\n\n\n\n<p>No es posible prevenir en su totalidad la aparici\u00f3n de la osteoartritis. Este es el tipo m\u00e1s com\u00fan de artritis y, desgraciadamente, cada vez m\u00e1s personas la padecen. Si bien no se puede asegurar que una persona no vaya a sufrirla, si es posible tomar ciertas medidas para reducir las probabilidades de padecerla como:<\/p>\n\n\n\n<p>\u25cf Hacer ejercicio evitando sobrecarga de peso<br>\u25cf Prevenir lesiones articulares<br>\u25cf Acudir al m\u00e9dico si presenta alguna molestia en las articulaciones<br>\u25cf En caso de tener ca\u00eddas frecuentes, ir con su m\u00e9dico para prevenir complicaciones graves<\/p>\n\n\n\n<p>Su m\u00e9dico especialista puede orientarlo mejor acerca de la manera adecuada de vivir con esta enfermedad y poder mantener su independencia. Recuerde que esta es una enfermedad muy com\u00fan y existen diversas actividades y tratamientos que lo ayudar\u00e1n a mejorar su calidad de vida junto con su rutina diaria.Agradecemos la colaboraci\u00f3n del m\u00e9dico geriatra <a href=\"https:\/\/www.doctoranytime.mx\/d\/geriatra\/dr-jose-almeida-alvarado\">Dr. Jos\u00e9 Al<\/a><a href=\"https:\/\/www.doctoranytime.mx\/d\/geriatra\/dr-jose-almeida-alvarado\" target=\"_blank\" rel=\"noreferrer noopener\">meida Alvarado,<\/a> por validar y aportar informaci\u00f3n para la elaboraci\u00f3n de este art\u00edculo. Es M\u00e9dico Cirujano graduado por la Universidad Aut\u00f3noma de Quer\u00e9taro.<\/p>\n\n\n\n<p>Referencias:<br>Mayo Clinic<br>Centros para el Control y la Prevenci\u00f3n de las Enfermedades<br>Instituto Nacional de Enfermedades Muscoesquel\u00e9ticas y de la Piel<br>American College of Rheumatology<br>Arthrolink<br>San Diego Health<br>Sanofi<br>Departamento de Salud P\u00fablica de Illinois<\/p>\n","protected":false},"excerpt":{"rendered":"<p>Hoy nos escriben para el blog los profesionales de Doctoranytime para hablarnos de la osteoatritis. \u00bfSabes lo que es? Al llegar a la tercera edad, las probabilidad de sufrir ca\u00eddas aumenta. Esto no es necesariamente en relaci\u00f3n a la p\u00e9rdida del sentido del equilibrio o la orientaci\u00f3n, ya que puede haber otros factores que las provoquen. Uno de ellos es la osteoartritis. Esta enfermedad afecta a millones de personas alrededor del mundo, mermando su capacidad de vivir una vida totalmente independiente. Sin embargo, \u00bfla osteoartritis puede ser tratada y permite tener una rutina cotidiana? \u00bfQu\u00e9 es la osteoartritis? Este padecimiento tambi\u00e9n se conoce como artrosis. Cuando una persona sufre de un desgaste en los cart\u00edlagos que protege que las articulaciones de los huesos no choquen entre s\u00ed, se denomina que el padecimiento que tiene es osteoartritis (OA). Cuando los cart\u00edlagos se ven afectados y las articulaciones comienzan a rozar, se [&hellip;]<\/p>\n","protected":false},"author":2,"featured_media":3834,"comment_status":"open","ping_status":"open","sticky":false,"template":"","format":"standard","meta":{"footnotes":""},"categories":[1],"tags":[],"yoast_head":"<!-- This site is optimized with the Yoast SEO plugin v21.7 - https:\/\/yoast.com\/wordpress\/plugins\/seo\/ -->\n<title>\u00bfLa osteoartritis aumenta el riesgo de ca\u00eddas? - Blog Inforesidencias.com<\/title>\n<meta name=\"description\" content=\"La osteoartritis se muestra como una causa directa del riesgo e ca\u00eddas en personas mayores debido al desgaste de las articulaciones\" \/>\n<meta name=\"robots\" content=\"index, follow, max-snippet:-1, max-image-preview:large, max-video-preview:-1\" \/>\n<link rel=\"canonical\" href=\"https:\/\/www.inforesidencias.com\/blog\/index.php\/2020\/12\/07\/la-osteoartritis-aumenta-el-riesgo-de-caidas\/\" \/>\n<meta property=\"og:locale\" content=\"es_ES\" \/>\n<meta property=\"og:type\" content=\"article\" \/>\n<meta property=\"og:title\" content=\"\u00bfLa osteoartritis aumenta el riesgo de ca\u00eddas? - Blog Inforesidencias.com\" \/>\n<meta property=\"og:description\" content=\"La osteoartritis se muestra como una causa directa del riesgo e ca\u00eddas en personas mayores debido al desgaste de las articulaciones\" \/>\n<meta property=\"og:url\" content=\"https:\/\/www.inforesidencias.com\/blog\/index.php\/2020\/12\/07\/la-osteoartritis-aumenta-el-riesgo-de-caidas\/\" \/>\n<meta property=\"og:site_name\" content=\"Blog Inforesidencias.com\" \/>\n<meta property=\"article:publisher\" content=\"https:\/\/www.facebook.com\/Inforesidencias\/\" \/>\n<meta property=\"article:author\" content=\"https:\/\/www.facebook.com\/josep.demarti\" \/>\n<meta property=\"article:published_time\" content=\"2020-12-07T07:46:00+00:00\" \/>\n<meta property=\"article:modified_time\" content=\"2020-12-10T12:15:38+00:00\" \/>\n<meta property=\"og:image\" content=\"https:\/\/www.inforesidencias.com\/blog\/wp-content\/uploads\/2020\/11\/osteoartritis.png\" \/>\n\t<meta property=\"og:image:width\" content=\"400\" \/>\n\t<meta property=\"og:image:height\" content=\"270\" \/>\n\t<meta property=\"og:image:type\" content=\"image\/png\" \/>\n<meta name=\"author\" content=\"Josep de Mart\u00ed\" \/>\n<meta name=\"twitter:card\" content=\"summary_large_image\" \/>\n<meta name=\"twitter:creator\" content=\"@blog-ir\" \/>\n<meta name=\"twitter:site\" content=\"@inforesidencias\" \/>\n<meta name=\"twitter:label1\" content=\"Escrito por\" \/>\n\t<meta name=\"twitter:data1\" content=\"Josep de Mart\u00ed\" \/>\n\t<meta name=\"twitter:label2\" content=\"Tiempo de lectura\" \/>\n\t<meta name=\"twitter:data2\" content=\"5 minutos\" \/>\n<script type=\"application\/ld+json\" class=\"yoast-schema-graph\">{\"@context\":\"https:\/\/schema.org\",\"@graph\":[{\"@type\":\"WebPage\",\"@id\":\"https:\/\/www.inforesidencias.com\/blog\/index.php\/2020\/12\/07\/la-osteoartritis-aumenta-el-riesgo-de-caidas\/\",\"url\":\"https:\/\/www.inforesidencias.com\/blog\/index.php\/2020\/12\/07\/la-osteoartritis-aumenta-el-riesgo-de-caidas\/\",\"name\":\"\u00bfLa osteoartritis aumenta el riesgo de ca\u00eddas? - Blog Inforesidencias.com\",\"isPartOf\":{\"@id\":\"https:\/\/www.inforesidencias.com\/blog\/#website\"},\"datePublished\":\"2020-12-07T07:46:00+00:00\",\"dateModified\":\"2020-12-10T12:15:38+00:00\",\"author\":{\"@id\":\"https:\/\/www.inforesidencias.com\/blog\/#\/schema\/person\/9e146774d1eb3bc1c0316242a3898628\"},\"description\":\"La osteoartritis se muestra como una causa directa del riesgo e ca\u00eddas en personas mayores debido al desgaste de las articulaciones\",\"breadcrumb\":{\"@id\":\"https:\/\/www.inforesidencias.com\/blog\/index.php\/2020\/12\/07\/la-osteoartritis-aumenta-el-riesgo-de-caidas\/#breadcrumb\"},\"inLanguage\":\"es\",\"potentialAction\":[{\"@type\":\"ReadAction\",\"target\":[\"https:\/\/www.inforesidencias.com\/blog\/index.php\/2020\/12\/07\/la-osteoartritis-aumenta-el-riesgo-de-caidas\/\"]}]},{\"@type\":\"BreadcrumbList\",\"@id\":\"https:\/\/www.inforesidencias.com\/blog\/index.php\/2020\/12\/07\/la-osteoartritis-aumenta-el-riesgo-de-caidas\/#breadcrumb\",\"itemListElement\":[{\"@type\":\"ListItem\",\"position\":1,\"name\":\"Home\",\"item\":\"https:\/\/www.inforesidencias.com\/blog\/\"},{\"@type\":\"ListItem\",\"position\":2,\"name\":\"\u00bfLa osteoartritis aumenta el riesgo de ca\u00eddas?\"}]},{\"@type\":\"WebSite\",\"@id\":\"https:\/\/www.inforesidencias.com\/blog\/#website\",\"url\":\"https:\/\/www.inforesidencias.com\/blog\/\",\"name\":\"Blog Inforesidencias.com\",\"description\":\"El buscador de residencias de la 3\u00aa edad\",\"potentialAction\":[{\"@type\":\"SearchAction\",\"target\":{\"@type\":\"EntryPoint\",\"urlTemplate\":\"https:\/\/www.inforesidencias.com\/blog\/?s={search_term_string}\"},\"query-input\":\"required name=search_term_string\"}],\"inLanguage\":\"es\"},{\"@type\":\"Person\",\"@id\":\"https:\/\/www.inforesidencias.com\/blog\/#\/schema\/person\/9e146774d1eb3bc1c0316242a3898628\",\"name\":\"Josep de Mart\u00ed\",\"image\":{\"@type\":\"ImageObject\",\"inLanguage\":\"es\",\"@id\":\"https:\/\/www.inforesidencias.com\/blog\/#\/schema\/person\/image\/\",\"url\":\"https:\/\/secure.gravatar.com\/avatar\/de0302c4806c00c4cebff396a798c1ff?s=96&d=mm&r=g\",\"contentUrl\":\"https:\/\/secure.gravatar.com\/avatar\/de0302c4806c00c4cebff396a798c1ff?s=96&d=mm&r=g\",\"caption\":\"Josep de Mart\u00ed\"},\"sameAs\":[\"https:\/\/www.inforesidencias.com\",\"https:\/\/www.facebook.com\/josep.demarti\",\"https:\/\/twitter.com\/blog-ir\"],\"url\":\"https:\/\/www.inforesidencias.com\/blog\/index.php\/author\/josepdemarti\/\"}]}<\/script>\n<!-- \/ Yoast SEO plugin. -->","yoast_head_json":{"title":"\u00bfLa osteoartritis aumenta el riesgo de ca\u00eddas? - Blog Inforesidencias.com","description":"La osteoartritis se muestra como una causa directa del riesgo e ca\u00eddas en personas mayores debido al desgaste de las articulaciones","robots":{"index":"index","follow":"follow","max-snippet":"max-snippet:-1","max-image-preview":"max-image-preview:large","max-video-preview":"max-video-preview:-1"},"canonical":"https:\/\/www.inforesidencias.com\/blog\/index.php\/2020\/12\/07\/la-osteoartritis-aumenta-el-riesgo-de-caidas\/","og_locale":"es_ES","og_type":"article","og_title":"\u00bfLa osteoartritis aumenta el riesgo de ca\u00eddas? - Blog Inforesidencias.com","og_description":"La osteoartritis se muestra como una causa directa del riesgo e ca\u00eddas en personas mayores debido al desgaste de las articulaciones","og_url":"https:\/\/www.inforesidencias.com\/blog\/index.php\/2020\/12\/07\/la-osteoartritis-aumenta-el-riesgo-de-caidas\/","og_site_name":"Blog Inforesidencias.com","article_publisher":"https:\/\/www.facebook.com\/Inforesidencias\/","article_author":"https:\/\/www.facebook.com\/josep.demarti","article_published_time":"2020-12-07T07:46:00+00:00","article_modified_time":"2020-12-10T12:15:38+00:00","og_image":[{"width":400,"height":270,"url":"https:\/\/www.inforesidencias.com\/blog\/wp-content\/uploads\/2020\/11\/osteoartritis.png","type":"image\/png"}],"author":"Josep de Mart\u00ed","twitter_card":"summary_large_image","twitter_creator":"@blog-ir","twitter_site":"@inforesidencias","twitter_misc":{"Escrito por":"Josep de Mart\u00ed","Tiempo de lectura":"5 minutos"},"schema":{"@context":"https:\/\/schema.org","@graph":[{"@type":"WebPage","@id":"https:\/\/www.inforesidencias.com\/blog\/index.php\/2020\/12\/07\/la-osteoartritis-aumenta-el-riesgo-de-caidas\/","url":"https:\/\/www.inforesidencias.com\/blog\/index.php\/2020\/12\/07\/la-osteoartritis-aumenta-el-riesgo-de-caidas\/","name":"\u00bfLa osteoartritis aumenta el riesgo de ca\u00eddas? - Blog Inforesidencias.com","isPartOf":{"@id":"https:\/\/www.inforesidencias.com\/blog\/#website"},"datePublished":"2020-12-07T07:46:00+00:00","dateModified":"2020-12-10T12:15:38+00:00","author":{"@id":"https:\/\/www.inforesidencias.com\/blog\/#\/schema\/person\/9e146774d1eb3bc1c0316242a3898628"},"description":"La osteoartritis se muestra como una causa directa del riesgo e ca\u00eddas en personas mayores debido al desgaste de las articulaciones","breadcrumb":{"@id":"https:\/\/www.inforesidencias.com\/blog\/index.php\/2020\/12\/07\/la-osteoartritis-aumenta-el-riesgo-de-caidas\/#breadcrumb"},"inLanguage":"es","potentialAction":[{"@type":"ReadAction","target":["https:\/\/www.inforesidencias.com\/blog\/index.php\/2020\/12\/07\/la-osteoartritis-aumenta-el-riesgo-de-caidas\/"]}]},{"@type":"BreadcrumbList","@id":"https:\/\/www.inforesidencias.com\/blog\/index.php\/2020\/12\/07\/la-osteoartritis-aumenta-el-riesgo-de-caidas\/#breadcrumb","itemListElement":[{"@type":"ListItem","position":1,"name":"Home","item":"https:\/\/www.inforesidencias.com\/blog\/"},{"@type":"ListItem","position":2,"name":"\u00bfLa osteoartritis aumenta el riesgo de ca\u00eddas?"}]},{"@type":"WebSite","@id":"https:\/\/www.inforesidencias.com\/blog\/#website","url":"https:\/\/www.inforesidencias.com\/blog\/","name":"Blog Inforesidencias.com","description":"El buscador de residencias de la 3\u00aa edad","potentialAction":[{"@type":"SearchAction","target":{"@type":"EntryPoint","urlTemplate":"https:\/\/www.inforesidencias.com\/blog\/?s={search_term_string}"},"query-input":"required name=search_term_string"}],"inLanguage":"es"},{"@type":"Person","@id":"https:\/\/www.inforesidencias.com\/blog\/#\/schema\/person\/9e146774d1eb3bc1c0316242a3898628","name":"Josep de Mart\u00ed","image":{"@type":"ImageObject","inLanguage":"es","@id":"https:\/\/www.inforesidencias.com\/blog\/#\/schema\/person\/image\/","url":"https:\/\/secure.gravatar.com\/avatar\/de0302c4806c00c4cebff396a798c1ff?s=96&d=mm&r=g","contentUrl":"https:\/\/secure.gravatar.com\/avatar\/de0302c4806c00c4cebff396a798c1ff?s=96&d=mm&r=g","caption":"Josep de Mart\u00ed"},"sameAs":["https:\/\/www.inforesidencias.com","https:\/\/www.facebook.com\/josep.demarti","https:\/\/twitter.com\/blog-ir"],"url":"https:\/\/www.inforesidencias.com\/blog\/index.php\/author\/josepdemarti\/"}]}},"_links":{"self":[{"href":"https:\/\/www.inforesidencias.com\/blog\/index.php\/wp-json\/wp\/v2\/posts\/3830"}],"collection":[{"href":"https:\/\/www.inforesidencias.com\/blog\/index.php\/wp-json\/wp\/v2\/posts"}],"about":[{"href":"https:\/\/www.inforesidencias.com\/blog\/index.php\/wp-json\/wp\/v2\/types\/post"}],"author":[{"embeddable":true,"href":"https:\/\/www.inforesidencias.com\/blog\/index.php\/wp-json\/wp\/v2\/users\/2"}],"replies":[{"embeddable":true,"href":"https:\/\/www.inforesidencias.com\/blog\/index.php\/wp-json\/wp\/v2\/comments?post=3830"}],"version-history":[{"count":13,"href":"https:\/\/www.inforesidencias.com\/blog\/index.php\/wp-json\/wp\/v2\/posts\/3830\/revisions"}],"predecessor-version":[{"id":3857,"href":"https:\/\/www.inforesidencias.com\/blog\/index.php\/wp-json\/wp\/v2\/posts\/3830\/revisions\/3857"}],"wp:featuredmedia":[{"embeddable":true,"href":"https:\/\/www.inforesidencias.com\/blog\/index.php\/wp-json\/wp\/v2\/media\/3834"}],"wp:attachment":[{"href":"https:\/\/www.inforesidencias.com\/blog\/index.php\/wp-json\/wp\/v2\/media?parent=3830"}],"wp:term":[{"taxonomy":"category","embeddable":true,"href":"https:\/\/www.inforesidencias.com\/blog\/index.php\/wp-json\/wp\/v2\/categories?post=3830"},{"taxonomy":"post_tag","embeddable":true,"href":"https:\/\/www.inforesidencias.com\/blog\/index.php\/wp-json\/wp\/v2\/tags?post=3830"}],"curies":[{"name":"wp","href":"https:\/\/api.w.org\/{rel}","templated":true}]}}