{"id":3847,"date":"2020-12-04T14:31:34","date_gmt":"2020-12-04T13:31:34","guid":{"rendered":"https:\/\/www.inforesidencias.com\/blog\/?p=3847"},"modified":"2020-12-04T14:31:35","modified_gmt":"2020-12-04T13:31:35","slug":"las-navidades-de-la-covid-y-los-impuestos-de-un-testamento","status":"publish","type":"post","link":"https:\/\/www.inforesidencias.com\/blog\/index.php\/2020\/12\/04\/las-navidades-de-la-covid-y-los-impuestos-de-un-testamento\/","title":{"rendered":"Las Navidades de la Covid y los impuestos de un testamento"},"content":{"rendered":"\n<p>El programa de \u00ab\u00c9s gran ser gran\u00bb del<a href=\"https:\/\/www.estelfitxers.com\/audio\/20201202-17_00ESGRANSERGRAN.MP3\"> prim<\/a><a href=\"https:\/\/www.estelfitxers.com\/audio\/20201202-17_00ESGRANSERGRAN.MP3\" target=\"_blank\" rel=\"noreferrer noopener\">er mi\u00e9rcoles de diciembre <\/a>lo empezamos hablando de c\u00f3mo pueden ser las Navidades debido a la Covid y cuanta gente podr\u00edamos llegar a reunirnos. Explicamos lo que hemos o\u00eddo que tienen pensado hacer algunas familias. Ideas que no siempre son las m\u00e1s adecuadas.<\/p>\n\n\n\n<p>En la entrevista del d\u00eda contamos de nuevo con <a href=\"http:\/\/ebratabogados.com\/\">Alejandro Ebrat, abogado especializado en derecho tribut<\/a><a href=\"http:\/\/ebratabogados.com\/\" target=\"_blank\" rel=\"noreferrer noopener\">ario,<\/a> testamentos y herencias. En esta ocasi\u00f3n Alejandro nos dio un dato muy interesante. Las herencias suelen \u201cromper\u201d muchas familias, haya por medio un testamento o no, aunque claro est\u00e1 cuando el fallecido ha hecho un testamento todo est\u00e1 m\u00e1s claro. Adem\u00e1s cuando no hacemos testamentos quien manda es la ley. Defini\u00f3 el testamento como el \u00edndice de transmisi\u00f3n de patrimonio de un fallecido hac\u00eda los que \u00e9l haya decidido. Sea como sea, recurrir a un abogado especializado para asesorarse en un testamento puede ahorrarnos muchos impuestos.<\/p>\n\n\n\n<div class=\"wp-block-image\"><figure class=\"alignright size-large\"><img decoding=\"async\" loading=\"lazy\" width=\"259\" height=\"229\" src=\"https:\/\/www.inforesidencias.com\/blog\/wp-content\/uploads\/2016\/08\/Captura-de-pantalla-2016-08-22-a-las-17.16.45.png\" alt=\"Especialista en testamentos, sucesiones e impuestos\" class=\"wp-image-816\" \/><figcaption>Alejandro Ebrat, abogado especialista en <br>testamentos e impuestos<\/figcaption><\/figure><\/div>\n\n\n\n<p>Continuamos hablando de impuestos y explicamos los que se deben pagar por una herencia y a parte los impuestos en general,. Y es que puede haber diferencias abismales entre lo que se debe\u00a0 pagar en una comunidad aut\u00f3noma u otra. Pusimos el ejemplo de una noticia reciente de la multa que ha puesto la Generalitat a varias personas por haber simulado vivir en otras comunidades para evitar pagar tantos impuestos. Unas multas millonarias. Es importante menciona que en el caso concreto de Catalu\u00f1a los impuestos para recibir una herencia han aumentado hasta casi 7 veces desde mayo de este a\u00f1o. Como opin\u00f3 Alejandro, a veces parece que \u201cse nos castigue por ahorrar\u201d.<\/p>\n\n\n\n<p>En la recta final del programa, en la consulta del trabajador social hablamos de la propuesta del gobierno espa\u00f1ol sobre que podremos hacer o no durante las fiestas de Navidad y tambi\u00e9n cuales son las instrucciones de la Generalitat de Catalu\u00f1a. Asimismo comentamos brevemente cual es la intenci\u00f3n de otras comunidades como Madrid y Andaluc\u00eda.<\/p>\n\n\n\n<p>El <a href=\"https:\/\/www.estelfitxers.com\/audio\/20201203-17_00ESGRANSERGRAN.MP3\">pro<\/a><a href=\"https:\/\/www.estelfitxers.com\/audio\/20201203-17_00ESGRANSERGRAN.MP3\" target=\"_blank\" rel=\"noreferrer noopener\">grama del jueves<\/a> nos preguntamos para empezar \u00bfcuando nos empezamos a sentir mayores?. El no poder hacer cosas que antes hac\u00edamos es uno de los momentos y para ello hay que intentar hacer de formas diferentes cosas que hac\u00edamos\u00a0 para poder seguir haci\u00e9ndolas.<\/p>\n\n\n\n<p>En los minutos de la entrevista volvimos a contar con el Dr. Francisco P\u00e9rez, m\u00e9dico geriatra que trabaja en varias residencias de mayores. \u00a0Pedimos al doctor que una vez m\u00e1s volviera al programa para hablar de la vacuna de la Covid19.\u00a0 Nos explic\u00f3 el momento crucial que nos encontramos para no iniciar una tercera ola o empeorar esta segunda, seg\u00fan se mire. Tambi\u00e9n di\u00f3 su opini\u00f3n sobre las reuniones familiares de las pr\u00f3ximas fiestas navide\u00f1as y m\u00e1s concretamente que hacer con los familiares que tenemos viviendo en una residencia de mayores.<\/p>\n\n\n\n<p>A continuaci\u00f3n, explic\u00f3 que una vez nos vacunemos todo no vuelve autom\u00e1ticamente a la normalidad ya que por un lado debe estar vacunada la mayor parte de la poblaci\u00f3n y adem\u00e1s debemos generar anticuerpos. El doctor nos confes\u00f3 en un momento dado que \u00e9l mismo ha pasado la enfermedad en casa de manera asintom\u00e1tica y hace muy pocos d\u00edas que la \u00faltima PCR le ha dado negativo.<\/p>\n\n\n\n<div class=\"wp-block-image\"><figure class=\"alignleft size-large is-resized\"><img decoding=\"async\" loading=\"lazy\" src=\"https:\/\/www.inforesidencias.com\/blog\/wp-content\/uploads\/2020\/04\/Coronavirus-en-las-residencias-de-mayores1.png\" alt=\"navidades de la Covid\" class=\"wp-image-3100\" width=\"270\" height=\"217\" \/><\/figure><\/div>\n\n\n\n<p>Acabamos la entrevista con un mensaje del doctor para que todo el mundo se vacune ya que es necesario. La vacuna es segura y por lo tanto no hay que tener miedo.<\/p>\n\n\n\n<p>En los minutos finales del programa despu\u00e9s de la bolsa de empleo, en la consulta del trabajador social, hablamos de lo que bautizamos como las Navidades de la Covid y respondimos una pregunta que recibimos sobre este tema. La pregunta del d\u00eda la hizo una oyente sobre si le recomend\u00e1bamos tener familiares a casa para comer. Le explicamos que mejor que no invite a nadie pero que lo esencial es no estar al 100% solo. Para acabar dimos unos consejos si decidiera tener invitados en casa por Navidad.<\/p>\n\n\n\n<p>Si quieres saber m\u00e1s sobre herencias y testamentos haz <a href=\"https:\/\/www.inforesidencias.com\/blog\/index.php\/2020\/12\/01\/como-hacer-un-testamento\/\">click a<\/a><a href=\"https:\/\/www.inforesidencias.com\/blog\/index.php\/2020\/12\/01\/como-hacer-un-testamento\/\" target=\"_blank\" rel=\"noreferrer noopener\">qu\u00ed<\/a><\/p>\n\n\n\n<p>Descubre que <a href=\"https:\/\/www.inforesidencias.com\/centros\/buscador\/busquedas-predefinidas\/residencias-de-mayores-acreditadas-ley-dependencia\" target=\"_blank\" rel=\"noreferrer noopener\">residencias hay asociadas en inforesidencias que est\u00e9n acreditadas<\/a> para acoger personas beneficiarias de la ley de dependencia<\/p>\n","protected":false},"excerpt":{"rendered":"<p>El programa de \u00ab\u00c9s gran ser gran\u00bb del primer mi\u00e9rcoles de diciembre lo empezamos hablando de c\u00f3mo pueden ser las Navidades debido a la Covid y cuanta gente podr\u00edamos llegar a reunirnos. Explicamos lo que hemos o\u00eddo que tienen pensado hacer algunas familias. Ideas que no siempre son las m\u00e1s adecuadas. En la entrevista del d\u00eda contamos de nuevo con Alejandro Ebrat, abogado especializado en derecho tributario, testamentos y herencias. En esta ocasi\u00f3n Alejandro nos dio un dato muy interesante. Las herencias suelen \u201cromper\u201d muchas familias, haya por medio un testamento o no, aunque claro est\u00e1 cuando el fallecido ha hecho un testamento todo est\u00e1 m\u00e1s claro. Adem\u00e1s cuando no hacemos testamentos quien manda es la ley. Defini\u00f3 el testamento como el \u00edndice de transmisi\u00f3n de patrimonio de un fallecido hac\u00eda los que \u00e9l haya decidido. Sea como sea, recurrir a un abogado especializado para asesorarse en un testamento puede [&hellip;]<\/p>\n","protected":false},"author":2,"featured_media":3100,"comment_status":"open","ping_status":"open","sticky":false,"template":"","format":"standard","meta":{"footnotes":""},"categories":[1],"tags":[],"yoast_head":"<!-- This site is optimized with the Yoast SEO plugin v21.7 - https:\/\/yoast.com\/wordpress\/plugins\/seo\/ -->\n<title>Las Navidades de la Covid y los impuestos de un testamento - Blog Inforesidencias.com<\/title>\n<meta name=\"description\" content=\"A falta de pocas semanas para fin de a\u00f1o hablamos de lo que llamamos las navidades de la Covid y de los impuestos en una herencia\" \/>\n<meta name=\"robots\" content=\"index, follow, max-snippet:-1, max-image-preview:large, max-video-preview:-1\" \/>\n<link rel=\"canonical\" href=\"https:\/\/www.inforesidencias.com\/blog\/index.php\/2020\/12\/04\/las-navidades-de-la-covid-y-los-impuestos-de-un-testamento\/\" \/>\n<meta property=\"og:locale\" content=\"es_ES\" \/>\n<meta property=\"og:type\" content=\"article\" \/>\n<meta property=\"og:title\" content=\"Las Navidades de la Covid y los impuestos de un testamento - Blog Inforesidencias.com\" \/>\n<meta property=\"og:description\" content=\"A falta de pocas semanas para fin de a\u00f1o hablamos de lo que llamamos las navidades de la Covid y de los impuestos en una herencia\" \/>\n<meta property=\"og:url\" content=\"https:\/\/www.inforesidencias.com\/blog\/index.php\/2020\/12\/04\/las-navidades-de-la-covid-y-los-impuestos-de-un-testamento\/\" \/>\n<meta property=\"og:site_name\" content=\"Blog Inforesidencias.com\" \/>\n<meta property=\"article:publisher\" content=\"https:\/\/www.facebook.com\/Inforesidencias\/\" \/>\n<meta property=\"article:author\" content=\"https:\/\/www.facebook.com\/josep.demarti\" \/>\n<meta property=\"article:published_time\" content=\"2020-12-04T13:31:34+00:00\" \/>\n<meta property=\"article:modified_time\" content=\"2020-12-04T13:31:35+00:00\" \/>\n<meta property=\"og:image\" content=\"https:\/\/www.inforesidencias.com\/blog\/wp-content\/uploads\/2020\/04\/Coronavirus-en-las-residencias-de-mayores1.png\" \/>\n\t<meta property=\"og:image:width\" content=\"400\" \/>\n\t<meta property=\"og:image:height\" content=\"322\" \/>\n\t<meta property=\"og:image:type\" content=\"image\/png\" \/>\n<meta name=\"author\" content=\"Josep de Mart\u00ed\" \/>\n<meta name=\"twitter:card\" content=\"summary_large_image\" \/>\n<meta name=\"twitter:creator\" content=\"@blog-ir\" \/>\n<meta name=\"twitter:site\" content=\"@inforesidencias\" \/>\n<meta name=\"twitter:label1\" content=\"Escrito por\" \/>\n\t<meta name=\"twitter:data1\" content=\"Josep de Mart\u00ed\" \/>\n\t<meta name=\"twitter:label2\" content=\"Tiempo de lectura\" \/>\n\t<meta name=\"twitter:data2\" content=\"4 minutos\" \/>\n<script type=\"application\/ld+json\" class=\"yoast-schema-graph\">{\"@context\":\"https:\/\/schema.org\",\"@graph\":[{\"@type\":\"WebPage\",\"@id\":\"https:\/\/www.inforesidencias.com\/blog\/index.php\/2020\/12\/04\/las-navidades-de-la-covid-y-los-impuestos-de-un-testamento\/\",\"url\":\"https:\/\/www.inforesidencias.com\/blog\/index.php\/2020\/12\/04\/las-navidades-de-la-covid-y-los-impuestos-de-un-testamento\/\",\"name\":\"Las Navidades de la Covid y los impuestos de un testamento - Blog Inforesidencias.com\",\"isPartOf\":{\"@id\":\"https:\/\/www.inforesidencias.com\/blog\/#website\"},\"datePublished\":\"2020-12-04T13:31:34+00:00\",\"dateModified\":\"2020-12-04T13:31:35+00:00\",\"author\":{\"@id\":\"https:\/\/www.inforesidencias.com\/blog\/#\/schema\/person\/9e146774d1eb3bc1c0316242a3898628\"},\"description\":\"A falta de pocas semanas para fin de a\u00f1o hablamos de lo que llamamos las navidades de la Covid y de los impuestos en una herencia\",\"breadcrumb\":{\"@id\":\"https:\/\/www.inforesidencias.com\/blog\/index.php\/2020\/12\/04\/las-navidades-de-la-covid-y-los-impuestos-de-un-testamento\/#breadcrumb\"},\"inLanguage\":\"es\",\"potentialAction\":[{\"@type\":\"ReadAction\",\"target\":[\"https:\/\/www.inforesidencias.com\/blog\/index.php\/2020\/12\/04\/las-navidades-de-la-covid-y-los-impuestos-de-un-testamento\/\"]}]},{\"@type\":\"BreadcrumbList\",\"@id\":\"https:\/\/www.inforesidencias.com\/blog\/index.php\/2020\/12\/04\/las-navidades-de-la-covid-y-los-impuestos-de-un-testamento\/#breadcrumb\",\"itemListElement\":[{\"@type\":\"ListItem\",\"position\":1,\"name\":\"Home\",\"item\":\"https:\/\/www.inforesidencias.com\/blog\/\"},{\"@type\":\"ListItem\",\"position\":2,\"name\":\"Las Navidades de la Covid y los impuestos de un testamento\"}]},{\"@type\":\"WebSite\",\"@id\":\"https:\/\/www.inforesidencias.com\/blog\/#website\",\"url\":\"https:\/\/www.inforesidencias.com\/blog\/\",\"name\":\"Blog Inforesidencias.com\",\"description\":\"El buscador de residencias de la 3\u00aa edad\",\"potentialAction\":[{\"@type\":\"SearchAction\",\"target\":{\"@type\":\"EntryPoint\",\"urlTemplate\":\"https:\/\/www.inforesidencias.com\/blog\/?s={search_term_string}\"},\"query-input\":\"required name=search_term_string\"}],\"inLanguage\":\"es\"},{\"@type\":\"Person\",\"@id\":\"https:\/\/www.inforesidencias.com\/blog\/#\/schema\/person\/9e146774d1eb3bc1c0316242a3898628\",\"name\":\"Josep de Mart\u00ed\",\"image\":{\"@type\":\"ImageObject\",\"inLanguage\":\"es\",\"@id\":\"https:\/\/www.inforesidencias.com\/blog\/#\/schema\/person\/image\/\",\"url\":\"https:\/\/secure.gravatar.com\/avatar\/de0302c4806c00c4cebff396a798c1ff?s=96&d=mm&r=g\",\"contentUrl\":\"https:\/\/secure.gravatar.com\/avatar\/de0302c4806c00c4cebff396a798c1ff?s=96&d=mm&r=g\",\"caption\":\"Josep de Mart\u00ed\"},\"sameAs\":[\"https:\/\/www.inforesidencias.com\",\"https:\/\/www.facebook.com\/josep.demarti\",\"https:\/\/twitter.com\/blog-ir\"],\"url\":\"https:\/\/www.inforesidencias.com\/blog\/index.php\/author\/josepdemarti\/\"}]}<\/script>\n<!-- \/ Yoast SEO plugin. -->","yoast_head_json":{"title":"Las Navidades de la Covid y los impuestos de un testamento - Blog Inforesidencias.com","description":"A falta de pocas semanas para fin de a\u00f1o hablamos de lo que llamamos las navidades de la Covid y de los impuestos en una herencia","robots":{"index":"index","follow":"follow","max-snippet":"max-snippet:-1","max-image-preview":"max-image-preview:large","max-video-preview":"max-video-preview:-1"},"canonical":"https:\/\/www.inforesidencias.com\/blog\/index.php\/2020\/12\/04\/las-navidades-de-la-covid-y-los-impuestos-de-un-testamento\/","og_locale":"es_ES","og_type":"article","og_title":"Las Navidades de la Covid y los impuestos de un testamento - Blog Inforesidencias.com","og_description":"A falta de pocas semanas para fin de a\u00f1o hablamos de lo que llamamos las navidades de la Covid y de los impuestos en una herencia","og_url":"https:\/\/www.inforesidencias.com\/blog\/index.php\/2020\/12\/04\/las-navidades-de-la-covid-y-los-impuestos-de-un-testamento\/","og_site_name":"Blog Inforesidencias.com","article_publisher":"https:\/\/www.facebook.com\/Inforesidencias\/","article_author":"https:\/\/www.facebook.com\/josep.demarti","article_published_time":"2020-12-04T13:31:34+00:00","article_modified_time":"2020-12-04T13:31:35+00:00","og_image":[{"width":400,"height":322,"url":"https:\/\/www.inforesidencias.com\/blog\/wp-content\/uploads\/2020\/04\/Coronavirus-en-las-residencias-de-mayores1.png","type":"image\/png"}],"author":"Josep de Mart\u00ed","twitter_card":"summary_large_image","twitter_creator":"@blog-ir","twitter_site":"@inforesidencias","twitter_misc":{"Escrito por":"Josep de Mart\u00ed","Tiempo de lectura":"4 minutos"},"schema":{"@context":"https:\/\/schema.org","@graph":[{"@type":"WebPage","@id":"https:\/\/www.inforesidencias.com\/blog\/index.php\/2020\/12\/04\/las-navidades-de-la-covid-y-los-impuestos-de-un-testamento\/","url":"https:\/\/www.inforesidencias.com\/blog\/index.php\/2020\/12\/04\/las-navidades-de-la-covid-y-los-impuestos-de-un-testamento\/","name":"Las Navidades de la Covid y los impuestos de un testamento - Blog Inforesidencias.com","isPartOf":{"@id":"https:\/\/www.inforesidencias.com\/blog\/#website"},"datePublished":"2020-12-04T13:31:34+00:00","dateModified":"2020-12-04T13:31:35+00:00","author":{"@id":"https:\/\/www.inforesidencias.com\/blog\/#\/schema\/person\/9e146774d1eb3bc1c0316242a3898628"},"description":"A falta de pocas semanas para fin de a\u00f1o hablamos de lo que llamamos las navidades de la Covid y de los impuestos en una herencia","breadcrumb":{"@id":"https:\/\/www.inforesidencias.com\/blog\/index.php\/2020\/12\/04\/las-navidades-de-la-covid-y-los-impuestos-de-un-testamento\/#breadcrumb"},"inLanguage":"es","potentialAction":[{"@type":"ReadAction","target":["https:\/\/www.inforesidencias.com\/blog\/index.php\/2020\/12\/04\/las-navidades-de-la-covid-y-los-impuestos-de-un-testamento\/"]}]},{"@type":"BreadcrumbList","@id":"https:\/\/www.inforesidencias.com\/blog\/index.php\/2020\/12\/04\/las-navidades-de-la-covid-y-los-impuestos-de-un-testamento\/#breadcrumb","itemListElement":[{"@type":"ListItem","position":1,"name":"Home","item":"https:\/\/www.inforesidencias.com\/blog\/"},{"@type":"ListItem","position":2,"name":"Las Navidades de la Covid y los impuestos de un testamento"}]},{"@type":"WebSite","@id":"https:\/\/www.inforesidencias.com\/blog\/#website","url":"https:\/\/www.inforesidencias.com\/blog\/","name":"Blog Inforesidencias.com","description":"El buscador de residencias de la 3\u00aa edad","potentialAction":[{"@type":"SearchAction","target":{"@type":"EntryPoint","urlTemplate":"https:\/\/www.inforesidencias.com\/blog\/?s={search_term_string}"},"query-input":"required name=search_term_string"}],"inLanguage":"es"},{"@type":"Person","@id":"https:\/\/www.inforesidencias.com\/blog\/#\/schema\/person\/9e146774d1eb3bc1c0316242a3898628","name":"Josep de Mart\u00ed","image":{"@type":"ImageObject","inLanguage":"es","@id":"https:\/\/www.inforesidencias.com\/blog\/#\/schema\/person\/image\/","url":"https:\/\/secure.gravatar.com\/avatar\/de0302c4806c00c4cebff396a798c1ff?s=96&d=mm&r=g","contentUrl":"https:\/\/secure.gravatar.com\/avatar\/de0302c4806c00c4cebff396a798c1ff?s=96&d=mm&r=g","caption":"Josep de Mart\u00ed"},"sameAs":["https:\/\/www.inforesidencias.com","https:\/\/www.facebook.com\/josep.demarti","https:\/\/twitter.com\/blog-ir"],"url":"https:\/\/www.inforesidencias.com\/blog\/index.php\/author\/josepdemarti\/"}]}},"_links":{"self":[{"href":"https:\/\/www.inforesidencias.com\/blog\/index.php\/wp-json\/wp\/v2\/posts\/3847"}],"collection":[{"href":"https:\/\/www.inforesidencias.com\/blog\/index.php\/wp-json\/wp\/v2\/posts"}],"about":[{"href":"https:\/\/www.inforesidencias.com\/blog\/index.php\/wp-json\/wp\/v2\/types\/post"}],"author":[{"embeddable":true,"href":"https:\/\/www.inforesidencias.com\/blog\/index.php\/wp-json\/wp\/v2\/users\/2"}],"replies":[{"embeddable":true,"href":"https:\/\/www.inforesidencias.com\/blog\/index.php\/wp-json\/wp\/v2\/comments?post=3847"}],"version-history":[{"count":8,"href":"https:\/\/www.inforesidencias.com\/blog\/index.php\/wp-json\/wp\/v2\/posts\/3847\/revisions"}],"predecessor-version":[{"id":3855,"href":"https:\/\/www.inforesidencias.com\/blog\/index.php\/wp-json\/wp\/v2\/posts\/3847\/revisions\/3855"}],"wp:featuredmedia":[{"embeddable":true,"href":"https:\/\/www.inforesidencias.com\/blog\/index.php\/wp-json\/wp\/v2\/media\/3100"}],"wp:attachment":[{"href":"https:\/\/www.inforesidencias.com\/blog\/index.php\/wp-json\/wp\/v2\/media?parent=3847"}],"wp:term":[{"taxonomy":"category","embeddable":true,"href":"https:\/\/www.inforesidencias.com\/blog\/index.php\/wp-json\/wp\/v2\/categories?post=3847"},{"taxonomy":"post_tag","embeddable":true,"href":"https:\/\/www.inforesidencias.com\/blog\/index.php\/wp-json\/wp\/v2\/tags?post=3847"}],"curies":[{"name":"wp","href":"https:\/\/api.w.org\/{rel}","templated":true}]}}