{"id":3858,"date":"2020-12-14T08:39:00","date_gmt":"2020-12-14T07:39:00","guid":{"rendered":"https:\/\/www.inforesidencias.com\/blog\/?p=3858"},"modified":"2020-12-10T13:40:04","modified_gmt":"2020-12-10T12:40:04","slug":"5-consejos-para-cuidar-de-personas-mayores-en-tiempos-de-covid","status":"publish","type":"post","link":"https:\/\/www.inforesidencias.com\/blog\/index.php\/2020\/12\/14\/5-consejos-para-cuidar-de-personas-mayores-en-tiempos-de-covid\/","title":{"rendered":"5 consejos para cuidar de personas mayores en tiempos de covid"},"content":{"rendered":"\n<p>Las personas mayores a 65 a\u00f1os de edad, representan el principal grupo de riesgo ante el Covid-19, por su inmunidad reducida y porque presentan mayor probabilidad de padecer enfermedades cr\u00f3nicas, como hipertensi\u00f3n, diabetes, enfermedades pulmonares cr\u00f3nicas, inmunodeficiencias, enfermedades cardiovasculares y c\u00e1ncer, lo cual los coloca en una situaci\u00f3n muy delicada y requieren de mayores cuidados y prevenci\u00f3n para no exponerlos al virus.<\/p>\n\n\n\n<p>Lamentablemente las cifras mundiales indican que la mayor tasa de mortalidad por coronavirus est\u00e1 enfocada en los mayores. Para este grupo de personas, las medidas de cuidados deben ser m\u00e1s extremas, se recomienda que mientras haya confinamiento se queden en sus casas, evitando salidas innecesarias, y apoy\u00e1ndoles en tareas diarias como, sacar la basura, realizar las compras, etc. Po eso hemos escrito 5 consejos especialmente \u00fatiles en \u00e9poca de pandemia para cuidar a nuestros mayores.<\/p>\n\n\n\n<p>De igual modo, se deben extremar las medidas de higiene, haciendo \u00e9nfasis en el lavado de las manos con agua y jab\u00f3n, la limpieza de las superficies, limpieza de los productos adquiridos en las compras. Todo esto acompa\u00f1ado de una buena alimentaci\u00f3n que los mantenga bien nutridos, y actividades de recreaci\u00f3n dentro de la casa, para mantener en alto el \u00e1nimo.<\/p>\n\n\n\n<p> <strong>5 consejos para cuidar de personas mayores en tiempos de Covid-19<\/strong><\/p>\n\n\n\n<p>A continuaci\u00f3n presentamos 5 consejos o recomendaciones para realizar un buen cuidado de las personas mayores en tiempos de Covid-19:<\/p>\n\n\n\n<p><strong>1. Activar la comunicaci\u00f3n<\/strong>, es de suma importancia apoyar a nuestros mayores en estos tiempos dif\u00edciles de confinamiento, hacerlos sentir que no est\u00e1n solos, en el caso de que no podamos estar con ellos f\u00edsicamente, debemos procurar la comunicaci\u00f3n v\u00eda telef\u00f3nica, o a trav\u00e9s del internet, hablarles a diario o en los momentos que tengamos que estar ausentes, bien sea por el trabajo o por actividades que no se puedan postergar. Las personas mayores son m\u00e1s sensibles a caer en estados depresivos, en sentirse solos, desamparados, o que ya no le importan a sus seres queridos.De igual forma, cuando estemos con ellos, hablarles, explicarles los riesgos que existen afuera para ellos, hacerles entender que estas medidas extremas son por su bien y para su cuidado. Procuremos entretenerlos, hacerles sentir que son importantes y valiosos. <\/p>\n\n\n\n<p>Tambi\u00e9n se les debe asesorar en cuanto al bombardeo de informaci\u00f3n que se recibe a trav\u00e9s de los medios o de las redes sociales, se les debe controlar el exceso de informaci\u00f3n que pueda alterarlos o angustiarlos por tantos rumores o fake news.<br><\/p>\n\n\n\n<p><strong>2. Tomar precauciones extremas<\/strong>, se deben evitar al m\u00e1ximo las salidas, buscar ayuda para realizar las compras de productos b\u00e1sicos, por parte de familiares, vecinos o allegados. Medidas de bioseguridad estrictas si tiene que exponerse al contacto con otras personas, es decir, uso de mascarilla, gel desinfectante, control de temperatura, uso de guantes, desinfecci\u00f3n de la ropa y los art\u00edculos expuestos en la calle en caso de tener que salir. De la misma manera, desinfecci\u00f3n de las superficies de la casa, mantener la toma de sus medicamentos puntualmente.<\/p>\n\n\n\n<p>Hay personas mayores muy recelosas con su privacidad y a veces les cuesta pedir ayuda o permitir que vecinos le colaboren pero debemos hacerles entender que es una crisis en la que debemos apoyarnos juntos y cuidarnos. Lo ideal es que est\u00e9n bajo el cuidado de una familiar o una persona contratada para tal fin, pero en caso de estar solas, se les debe hacer comprender los cuidados que se deben tomar y que deben aceptar la ayuda ofrecida por personas de su familia o cercanas a su entorno.<\/p>\n\n\n\n<div class=\"wp-block-image\"><figure class=\"alignleft size-large is-resized\"><img decoding=\"async\" loading=\"lazy\" src=\"https:\/\/www.inforesidencias.com\/blog\/wp-content\/uploads\/2020\/12\/5-consejos-para-cuidar-en-Covid-1.jpeg\" alt=\"\" class=\"wp-image-3862\" width=\"353\" height=\"236\" srcset=\"https:\/\/www.inforesidencias.com\/blog\/wp-content\/uploads\/2020\/12\/5-consejos-para-cuidar-en-Covid-1.jpeg 400w, https:\/\/www.inforesidencias.com\/blog\/wp-content\/uploads\/2020\/12\/5-consejos-para-cuidar-en-Covid-1-300x200.jpeg 300w\" sizes=\"(max-width: 353px) 100vw, 353px\" \/><\/figure><\/div>\n\n\n\n<p><strong>3. Vigila su salud,<\/strong> es muy importante mantener al d\u00eda los tratamientos m\u00e9dicos que requiera la persona mayor, su estricto control y dosificaci\u00f3n, as\u00ed como estar muy atentos ante cualquier s\u00edntoma que pueda presentar y est\u00e9 asociado al Covid-19, como fiebre, tos, dolor de garganta, diarrea, ante esta situaci\u00f3n se requiere el contacto con un m\u00e9dico de confianza al que podamos consultar la sintomatolog\u00eda y contar son su asesor\u00eda y orientaci\u00f3n. Tampoco hay que olvidar que el <a href=\"https:\/\/www.inforesidencias.com\/blog\/index.php\/2020\/11\/23\/como-deben-afrontar-las-personas-mayores-el-invierno-y-la-covid-19\/\">invierno es una \u00e9poca<\/a><a href=\"https:\/\/www.inforesidencias.com\/blog\/index.php\/2020\/11\/23\/como-deben-afrontar-las-personas-mayores-el-invierno-y-la-covid-19\/\" target=\"_blank\" rel=\"noreferrer noopener\"> complicada <\/a>de por si.<\/p>\n\n\n\n<p>Para esta \u00e9poca de pandemia se ha vuelto muy popular la contrataci\u00f3n de servicios m\u00e9dicos que incluyen consultas por videollamadas las cuales tienen como beneficio, el hecho de no exponer a los mayores a una salida que los ponga en riesgo por el contacto con personas que puedan estar infectadas. Adicionalmente est\u00e1 la opci\u00f3n de contratar un buen <a href=\"https:\/\/sanitascontrata.es\/\">segu<\/a><a href=\"https:\/\/sanitascontrata.es\/\" target=\"_blank\" rel=\"noreferrer noopener\">ro m\u00e9dico,<\/a> que est\u00e9 adaptado a la situaci\u00f3n. Tambi\u00e9n debemos tener un eficiente autocuidado y llevar una alimentaci\u00f3n saludable, <\/p>\n\n\n\n<p>4. <strong>Mantenerlos activos<\/strong>, en la medida de lo posible debemos buscar entretener si la persona est\u00e1 bajo nuestro cuidado, ya que por las restricciones de salida su estado de \u00e1nimo puede verse muy afectado, para ello podemos apoyarnos en herramientas como rompecabezas, crucigramas, sopas de letras, recorridos virtuales por museos con visitas guiadas, conciertos por internet o por televisi\u00f3n, escuchar m\u00fasica, bailar un poco, leer, cantar, jugar a las cartas o preparar recetas de cocina.<\/p>\n\n\n\n<p>Y si el ambiente y las condiciones de salud lo permiten, se puede recurrir a realizar peque\u00f1as caminatas alrededor de la casa o del vecindario, claro est\u00e1 con los debidos cuidados, hay numerosas ofertas de andadores con ruedas que sirven de gran apoyo a los adultos mayores que presenten alg\u00fan inconveniente con su movilidad natural. Debemos comprender la importancia de apoyar a las personas mayores en este dif\u00edcil momento que vivimos.<\/p>\n\n\n\n<p><strong>5. Mantener la calma<\/strong>, a pesar de los momentos de angustia, incertidumbre y caos por el que estamos pasando todos, debemos respirar hondo y mantener la calma, recordar que los mayores fueron quienes cuidaron de nosotros cuando \u00e9ramos ni\u00f1os, quienes nos dieron su amor y apoyo durante toda su vida y ahora requieren de nuestra ayuda, de nuestro tiempo, amor y dedicaci\u00f3n.<\/p>\n\n\n\n<p>Estos 5 consejos quiz\u00e1 ya son conocidos por gran parte de la poblaci\u00f3n, pero es probable que no los tengamos tan en cuenta como deber\u00edamos. Esta \u00e9poca ha servido para reflexionar ya que a muchos nos ha permitido tener tiempo libre para compartir con la familia, para entender que aunque el trabajo es muy importante, la vida y la salud es mucho m\u00e1s importante, ya que sin ella no somos nada. Manifestemos la comprensi\u00f3n y el apoyo que tanto necesitan.<\/p>\n\n\n\n<p>Descubre algunas <a href=\"https:\/\/www.inforesidencias.com\/blog\/index.php\/2020\/05\/18\/envejecimiento-en-red-publica-estudio-de-la-poblacion-en-las-residencias-de-mayores\/\" target=\"_blank\" rel=\"noreferrer noopener\">caracter\u00edsticas de las personas mayores que viven en residencias<\/a><\/p>\n","protected":false},"excerpt":{"rendered":"<p>Las personas mayores a 65 a\u00f1os de edad, representan el principal grupo de riesgo ante el Covid-19, por su inmunidad reducida y porque presentan mayor probabilidad de padecer enfermedades cr\u00f3nicas, como hipertensi\u00f3n, diabetes, enfermedades pulmonares cr\u00f3nicas, inmunodeficiencias, enfermedades cardiovasculares y c\u00e1ncer, lo cual los coloca en una situaci\u00f3n muy delicada y requieren de mayores cuidados y prevenci\u00f3n para no exponerlos al virus. Lamentablemente las cifras mundiales indican que la mayor tasa de mortalidad por coronavirus est\u00e1 enfocada en los mayores. Para este grupo de personas, las medidas de cuidados deben ser m\u00e1s extremas, se recomienda que mientras haya confinamiento se queden en sus casas, evitando salidas innecesarias, y apoy\u00e1ndoles en tareas diarias como, sacar la basura, realizar las compras, etc. Po eso hemos escrito 5 consejos especialmente \u00fatiles en \u00e9poca de pandemia para cuidar a nuestros mayores. De igual modo, se deben extremar las medidas de higiene, haciendo \u00e9nfasis en [&hellip;]<\/p>\n","protected":false},"author":2,"featured_media":3861,"comment_status":"open","ping_status":"open","sticky":false,"template":"","format":"standard","meta":{"footnotes":""},"categories":[1],"tags":[],"yoast_head":"<!-- This site is optimized with the Yoast SEO plugin v21.7 - https:\/\/yoast.com\/wordpress\/plugins\/seo\/ -->\n<title>5 consejos para cuidar de personas mayores en tiempos de covid - Blog Inforesidencias.com<\/title>\n<meta name=\"description\" content=\"Conoce 5 consejos \u00fatiles a tener en cuenta para el cuidado de las personas mayores en esta \u00e9poca de pandemia por el covid-19\" \/>\n<meta name=\"robots\" content=\"index, follow, max-snippet:-1, max-image-preview:large, max-video-preview:-1\" \/>\n<link rel=\"canonical\" href=\"https:\/\/www.inforesidencias.com\/blog\/index.php\/2020\/12\/14\/5-consejos-para-cuidar-de-personas-mayores-en-tiempos-de-covid\/\" \/>\n<meta property=\"og:locale\" content=\"es_ES\" \/>\n<meta property=\"og:type\" content=\"article\" \/>\n<meta property=\"og:title\" content=\"5 consejos para cuidar de personas mayores en tiempos de covid - Blog Inforesidencias.com\" \/>\n<meta property=\"og:description\" content=\"Conoce 5 consejos \u00fatiles a tener en cuenta para el cuidado de las personas mayores en esta \u00e9poca de pandemia por el covid-19\" \/>\n<meta property=\"og:url\" content=\"https:\/\/www.inforesidencias.com\/blog\/index.php\/2020\/12\/14\/5-consejos-para-cuidar-de-personas-mayores-en-tiempos-de-covid\/\" \/>\n<meta property=\"og:site_name\" content=\"Blog Inforesidencias.com\" \/>\n<meta property=\"article:publisher\" content=\"https:\/\/www.facebook.com\/Inforesidencias\/\" \/>\n<meta property=\"article:author\" content=\"https:\/\/www.facebook.com\/josep.demarti\" \/>\n<meta property=\"article:published_time\" content=\"2020-12-14T07:39:00+00:00\" \/>\n<meta property=\"article:modified_time\" content=\"2020-12-10T12:40:04+00:00\" \/>\n<meta property=\"og:image\" content=\"https:\/\/www.inforesidencias.com\/blog\/wp-content\/uploads\/2020\/12\/5-consejos-para-cuidar-en-Covid.jpeg\" \/>\n\t<meta property=\"og:image:width\" content=\"400\" \/>\n\t<meta property=\"og:image:height\" content=\"267\" \/>\n\t<meta property=\"og:image:type\" content=\"image\/jpeg\" \/>\n<meta name=\"author\" content=\"Josep de Mart\u00ed\" \/>\n<meta name=\"twitter:card\" content=\"summary_large_image\" \/>\n<meta name=\"twitter:creator\" content=\"@blog-ir\" \/>\n<meta name=\"twitter:site\" content=\"@inforesidencias\" \/>\n<meta name=\"twitter:label1\" content=\"Escrito por\" \/>\n\t<meta name=\"twitter:data1\" content=\"Josep de Mart\u00ed\" \/>\n\t<meta name=\"twitter:label2\" content=\"Tiempo de lectura\" \/>\n\t<meta name=\"twitter:data2\" content=\"5 minutos\" \/>\n<script type=\"application\/ld+json\" class=\"yoast-schema-graph\">{\"@context\":\"https:\/\/schema.org\",\"@graph\":[{\"@type\":\"WebPage\",\"@id\":\"https:\/\/www.inforesidencias.com\/blog\/index.php\/2020\/12\/14\/5-consejos-para-cuidar-de-personas-mayores-en-tiempos-de-covid\/\",\"url\":\"https:\/\/www.inforesidencias.com\/blog\/index.php\/2020\/12\/14\/5-consejos-para-cuidar-de-personas-mayores-en-tiempos-de-covid\/\",\"name\":\"5 consejos para cuidar de personas mayores en tiempos de covid - Blog Inforesidencias.com\",\"isPartOf\":{\"@id\":\"https:\/\/www.inforesidencias.com\/blog\/#website\"},\"datePublished\":\"2020-12-14T07:39:00+00:00\",\"dateModified\":\"2020-12-10T12:40:04+00:00\",\"author\":{\"@id\":\"https:\/\/www.inforesidencias.com\/blog\/#\/schema\/person\/9e146774d1eb3bc1c0316242a3898628\"},\"description\":\"Conoce 5 consejos \u00fatiles a tener en cuenta para el cuidado de las personas mayores en esta \u00e9poca de pandemia por el covid-19\",\"breadcrumb\":{\"@id\":\"https:\/\/www.inforesidencias.com\/blog\/index.php\/2020\/12\/14\/5-consejos-para-cuidar-de-personas-mayores-en-tiempos-de-covid\/#breadcrumb\"},\"inLanguage\":\"es\",\"potentialAction\":[{\"@type\":\"ReadAction\",\"target\":[\"https:\/\/www.inforesidencias.com\/blog\/index.php\/2020\/12\/14\/5-consejos-para-cuidar-de-personas-mayores-en-tiempos-de-covid\/\"]}]},{\"@type\":\"BreadcrumbList\",\"@id\":\"https:\/\/www.inforesidencias.com\/blog\/index.php\/2020\/12\/14\/5-consejos-para-cuidar-de-personas-mayores-en-tiempos-de-covid\/#breadcrumb\",\"itemListElement\":[{\"@type\":\"ListItem\",\"position\":1,\"name\":\"Home\",\"item\":\"https:\/\/www.inforesidencias.com\/blog\/\"},{\"@type\":\"ListItem\",\"position\":2,\"name\":\"5 consejos para cuidar de personas mayores en tiempos de covid\"}]},{\"@type\":\"WebSite\",\"@id\":\"https:\/\/www.inforesidencias.com\/blog\/#website\",\"url\":\"https:\/\/www.inforesidencias.com\/blog\/\",\"name\":\"Blog Inforesidencias.com\",\"description\":\"El buscador de residencias de la 3\u00aa edad\",\"potentialAction\":[{\"@type\":\"SearchAction\",\"target\":{\"@type\":\"EntryPoint\",\"urlTemplate\":\"https:\/\/www.inforesidencias.com\/blog\/?s={search_term_string}\"},\"query-input\":\"required name=search_term_string\"}],\"inLanguage\":\"es\"},{\"@type\":\"Person\",\"@id\":\"https:\/\/www.inforesidencias.com\/blog\/#\/schema\/person\/9e146774d1eb3bc1c0316242a3898628\",\"name\":\"Josep de Mart\u00ed\",\"image\":{\"@type\":\"ImageObject\",\"inLanguage\":\"es\",\"@id\":\"https:\/\/www.inforesidencias.com\/blog\/#\/schema\/person\/image\/\",\"url\":\"https:\/\/secure.gravatar.com\/avatar\/de0302c4806c00c4cebff396a798c1ff?s=96&d=mm&r=g\",\"contentUrl\":\"https:\/\/secure.gravatar.com\/avatar\/de0302c4806c00c4cebff396a798c1ff?s=96&d=mm&r=g\",\"caption\":\"Josep de Mart\u00ed\"},\"sameAs\":[\"https:\/\/www.inforesidencias.com\",\"https:\/\/www.facebook.com\/josep.demarti\",\"https:\/\/twitter.com\/blog-ir\"],\"url\":\"https:\/\/www.inforesidencias.com\/blog\/index.php\/author\/josepdemarti\/\"}]}<\/script>\n<!-- \/ Yoast SEO plugin. -->","yoast_head_json":{"title":"5 consejos para cuidar de personas mayores en tiempos de covid - Blog Inforesidencias.com","description":"Conoce 5 consejos \u00fatiles a tener en cuenta para el cuidado de las personas mayores en esta \u00e9poca de pandemia por el covid-19","robots":{"index":"index","follow":"follow","max-snippet":"max-snippet:-1","max-image-preview":"max-image-preview:large","max-video-preview":"max-video-preview:-1"},"canonical":"https:\/\/www.inforesidencias.com\/blog\/index.php\/2020\/12\/14\/5-consejos-para-cuidar-de-personas-mayores-en-tiempos-de-covid\/","og_locale":"es_ES","og_type":"article","og_title":"5 consejos para cuidar de personas mayores en tiempos de covid - Blog Inforesidencias.com","og_description":"Conoce 5 consejos \u00fatiles a tener en cuenta para el cuidado de las personas mayores en esta \u00e9poca de pandemia por el covid-19","og_url":"https:\/\/www.inforesidencias.com\/blog\/index.php\/2020\/12\/14\/5-consejos-para-cuidar-de-personas-mayores-en-tiempos-de-covid\/","og_site_name":"Blog Inforesidencias.com","article_publisher":"https:\/\/www.facebook.com\/Inforesidencias\/","article_author":"https:\/\/www.facebook.com\/josep.demarti","article_published_time":"2020-12-14T07:39:00+00:00","article_modified_time":"2020-12-10T12:40:04+00:00","og_image":[{"width":400,"height":267,"url":"https:\/\/www.inforesidencias.com\/blog\/wp-content\/uploads\/2020\/12\/5-consejos-para-cuidar-en-Covid.jpeg","type":"image\/jpeg"}],"author":"Josep de Mart\u00ed","twitter_card":"summary_large_image","twitter_creator":"@blog-ir","twitter_site":"@inforesidencias","twitter_misc":{"Escrito por":"Josep de Mart\u00ed","Tiempo de lectura":"5 minutos"},"schema":{"@context":"https:\/\/schema.org","@graph":[{"@type":"WebPage","@id":"https:\/\/www.inforesidencias.com\/blog\/index.php\/2020\/12\/14\/5-consejos-para-cuidar-de-personas-mayores-en-tiempos-de-covid\/","url":"https:\/\/www.inforesidencias.com\/blog\/index.php\/2020\/12\/14\/5-consejos-para-cuidar-de-personas-mayores-en-tiempos-de-covid\/","name":"5 consejos para cuidar de personas mayores en tiempos de covid - Blog Inforesidencias.com","isPartOf":{"@id":"https:\/\/www.inforesidencias.com\/blog\/#website"},"datePublished":"2020-12-14T07:39:00+00:00","dateModified":"2020-12-10T12:40:04+00:00","author":{"@id":"https:\/\/www.inforesidencias.com\/blog\/#\/schema\/person\/9e146774d1eb3bc1c0316242a3898628"},"description":"Conoce 5 consejos \u00fatiles a tener en cuenta para el cuidado de las personas mayores en esta \u00e9poca de pandemia por el covid-19","breadcrumb":{"@id":"https:\/\/www.inforesidencias.com\/blog\/index.php\/2020\/12\/14\/5-consejos-para-cuidar-de-personas-mayores-en-tiempos-de-covid\/#breadcrumb"},"inLanguage":"es","potentialAction":[{"@type":"ReadAction","target":["https:\/\/www.inforesidencias.com\/blog\/index.php\/2020\/12\/14\/5-consejos-para-cuidar-de-personas-mayores-en-tiempos-de-covid\/"]}]},{"@type":"BreadcrumbList","@id":"https:\/\/www.inforesidencias.com\/blog\/index.php\/2020\/12\/14\/5-consejos-para-cuidar-de-personas-mayores-en-tiempos-de-covid\/#breadcrumb","itemListElement":[{"@type":"ListItem","position":1,"name":"Home","item":"https:\/\/www.inforesidencias.com\/blog\/"},{"@type":"ListItem","position":2,"name":"5 consejos para cuidar de personas mayores en tiempos de covid"}]},{"@type":"WebSite","@id":"https:\/\/www.inforesidencias.com\/blog\/#website","url":"https:\/\/www.inforesidencias.com\/blog\/","name":"Blog Inforesidencias.com","description":"El buscador de residencias de la 3\u00aa edad","potentialAction":[{"@type":"SearchAction","target":{"@type":"EntryPoint","urlTemplate":"https:\/\/www.inforesidencias.com\/blog\/?s={search_term_string}"},"query-input":"required name=search_term_string"}],"inLanguage":"es"},{"@type":"Person","@id":"https:\/\/www.inforesidencias.com\/blog\/#\/schema\/person\/9e146774d1eb3bc1c0316242a3898628","name":"Josep de Mart\u00ed","image":{"@type":"ImageObject","inLanguage":"es","@id":"https:\/\/www.inforesidencias.com\/blog\/#\/schema\/person\/image\/","url":"https:\/\/secure.gravatar.com\/avatar\/de0302c4806c00c4cebff396a798c1ff?s=96&d=mm&r=g","contentUrl":"https:\/\/secure.gravatar.com\/avatar\/de0302c4806c00c4cebff396a798c1ff?s=96&d=mm&r=g","caption":"Josep de Mart\u00ed"},"sameAs":["https:\/\/www.inforesidencias.com","https:\/\/www.facebook.com\/josep.demarti","https:\/\/twitter.com\/blog-ir"],"url":"https:\/\/www.inforesidencias.com\/blog\/index.php\/author\/josepdemarti\/"}]}},"_links":{"self":[{"href":"https:\/\/www.inforesidencias.com\/blog\/index.php\/wp-json\/wp\/v2\/posts\/3858"}],"collection":[{"href":"https:\/\/www.inforesidencias.com\/blog\/index.php\/wp-json\/wp\/v2\/posts"}],"about":[{"href":"https:\/\/www.inforesidencias.com\/blog\/index.php\/wp-json\/wp\/v2\/types\/post"}],"author":[{"embeddable":true,"href":"https:\/\/www.inforesidencias.com\/blog\/index.php\/wp-json\/wp\/v2\/users\/2"}],"replies":[{"embeddable":true,"href":"https:\/\/www.inforesidencias.com\/blog\/index.php\/wp-json\/wp\/v2\/comments?post=3858"}],"version-history":[{"count":17,"href":"https:\/\/www.inforesidencias.com\/blog\/index.php\/wp-json\/wp\/v2\/posts\/3858\/revisions"}],"predecessor-version":[{"id":3877,"href":"https:\/\/www.inforesidencias.com\/blog\/index.php\/wp-json\/wp\/v2\/posts\/3858\/revisions\/3877"}],"wp:featuredmedia":[{"embeddable":true,"href":"https:\/\/www.inforesidencias.com\/blog\/index.php\/wp-json\/wp\/v2\/media\/3861"}],"wp:attachment":[{"href":"https:\/\/www.inforesidencias.com\/blog\/index.php\/wp-json\/wp\/v2\/media?parent=3858"}],"wp:term":[{"taxonomy":"category","embeddable":true,"href":"https:\/\/www.inforesidencias.com\/blog\/index.php\/wp-json\/wp\/v2\/categories?post=3858"},{"taxonomy":"post_tag","embeddable":true,"href":"https:\/\/www.inforesidencias.com\/blog\/index.php\/wp-json\/wp\/v2\/tags?post=3858"}],"curies":[{"name":"wp","href":"https:\/\/api.w.org\/{rel}","templated":true}]}}