{"id":3878,"date":"2020-12-11T12:11:13","date_gmt":"2020-12-11T11:11:13","guid":{"rendered":"https:\/\/www.inforesidencias.com\/blog\/?p=3878"},"modified":"2020-12-11T12:11:15","modified_gmt":"2020-12-11T11:11:15","slug":"tests-de-covid-en-residencias-y-formacion-online","status":"publish","type":"post","link":"https:\/\/www.inforesidencias.com\/blog\/index.php\/2020\/12\/11\/tests-de-covid-en-residencias-y-formacion-online\/","title":{"rendered":"Tests de Covid en residencias y formaci\u00f3n online"},"content":{"rendered":"\n<p>En el<a href=\"https:\/\/www.estelfitxers.com\/audio\/20201209-17_00ESGRANSERGRAN.MP3\"> programa de \u201c\u00c9s gran ser gran\u201d del mi\u00e9rcoles d\u00eda 10<\/a> empezamos hablando de la cantidad de gente que se ha visto por las calles de las principales ciudades del pa\u00eds durante este puente de la Constituci\u00f3n y de c\u00f3mo muchas de esas personas han aprovechado que la segunda parte del puente no hubo restricciones de movilidad para ir a pasar dos d\u00edas fuera. Tambi\u00e9n hablamos sobre la vacuna y los tests de Covid y de una se\u00f1ora de m\u00e1s de 80 a\u00f1os que ha sido la primera persona de Europa en administrarle la vacuna.<\/p>\n\n\n\n<p>Para hablar de la vacuna y de la informaci\u00f3n que tienen al respecto, entre otros temas, contamos con profesionales de la <a href=\"https:\/\/www.inforesidencias.com\/centros\/residencia\/7904\/centro-residencial-sanitas-altanova\" target=\"_blank\" rel=\"noreferrer noopener\">residencia Sanitas Altanova Sant Gervasi.<\/a> Primero de todo hablamos con Javier D\u00edez, director de la residencia. Javier nos explic\u00f3 donde est\u00e1 situada la residencia (muy pr\u00f3xima al Cosmo Caixa) y de c\u00f3mo pasaron los peores momentos de la pandemia que nos golpe\u00f3 fuerte por primera vez en el mes de marzo. Continuamos hablando acerca de c\u00f3mo tienen pensado estructurar las fiestas navide\u00f1as en cuanto a visitas de familiares y salidas de residentes. Nos qued\u00f3 claro que lo tienen bien organizado y m\u00e1s teniendo en cuenta que hacen tests de Covid semanal a todos los residentes.<\/p>\n\n\n\n<div class=\"wp-block-image\"><figure class=\"alignleft size-large is-resized\"><img decoding=\"async\" loading=\"lazy\" src=\"https:\/\/www.inforesidencias.com\/blog\/wp-content\/uploads\/2020\/04\/Coronavirus-en-las-residencias-de-mayores1.png\" alt=\"tests de covid\" class=\"wp-image-3100\" width=\"313\" height=\"252\" \/><\/figure><\/div>\n\n\n\n<p>Otra profesional de Sanitas Altanova Sant Gervasi que nos acompa\u00f1\u00f3 esta tarde de mi\u00e9rcoles fue Cristina Ortega, que es fisioterapeuta en esa residencia. Con Cristina vimos como organiz\u00f3 las <a href=\"https:\/\/www.inforesidencias.com\/contenidos\/profesionales\/nacional\/la-atencion-rehabilitadora-en-residencias-de-personas-mayores\">actividades de fisioterapia tan necesarias para los reside<\/a><a href=\"https:\/\/www.inforesidencias.com\/contenidos\/profesionales\/nacional\/la-atencion-rehabilitadora-en-residencias-de-personas-mayores\" target=\"_blank\" rel=\"noreferrer noopener\">ntes <\/a>cuando todo el mundo estaba confinado en sus habitaciones. Sobretodo, teniendo en cuenta que al moverse poco la musculatura se atrofia m\u00e1s r\u00e1pido. Por otro lado, fue muy interesante cuando nos explic\u00f3 como poco a poco est\u00e1n introduciendo la realidad virtual en las sesiones de fisioterapia.<\/p>\n\n\n\n<p>En la recta final del programa, en la consulta del trabajador social, despu\u00e9s de la bolsa de empleo, explicamos algunas de las medidas que ha propuesto la Generalitat de Catalu\u00f1a para estas fiestas navide\u00f1as en cuanto a las residencias y las personas mayores que viven en ellas a fin de poder tener unas fiestas lo m\u00e1s seguras posibles. Lo que est\u00e1 claro es que los tests de Covid siguen teniendo una importancia crucial.<\/p>\n\n\n\n<p>El <a href=\"https:\/\/www.estelfitxers.com\/audio\/20201210-17_00ESGRANSERGRAN.MP3\">pro<\/a><a href=\"https:\/\/www.estelfitxers.com\/audio\/20201210-17_00ESGRANSERGRAN.MP3\" target=\"_blank\" rel=\"noreferrer noopener\">grama del jueves <\/a>lo iniciamos explicando la importancia de formarnos a la hora de conseguir un mejor futuro laboral. Sobre este tema, comentamos el hecho de que muchas personas vieron truncada su formaci\u00f3n des del momento en el que estall\u00f3 la pandemia en marzo y cerraron todos los comercios y servicios no esenciales. En la misma situaci\u00f3n se encontraron por tanto todas aquellas personas que se estaban formando para poder obtener un t\u00edtulo que le habilitara para trabajar cuidando a personas mayores en residencias.<\/p>\n\n\n\n<p>Para hablar de formaci\u00f3n y de formaci\u00f3n en tiempos de pandemia contamos con Aurelio L\u00f3pez Barajas, Consejero Delegado de <a href=\"https:\/\/cuidadores.unir.net\/\">Supe<\/a><a href=\"https:\/\/cuidadores.unir.net\/\" target=\"_blank\" rel=\"noreferrer noopener\">rcuidadores<\/a>, una empresa de formaci\u00f3n especializada desde ya hace bastantes a\u00f1os en formaci\u00f3n reglada sociosanitaria online acreditada por el SEPE. Aurelio destac\u00f3 las ventajas de la formaci\u00f3n online (que no se vio) interrumpida ni durante los peores momentos de la primera ola de la pandemia) y de como esta tambi\u00e9n reforzada con las clases pr\u00e1cticas en diferentes centros de atenci\u00f3n a personas mayores de todo el pa\u00eds. La plataforma en donde se hace la formaci\u00f3n online est\u00e1 muy trabajada y es a la vez que destac\u00f3 que sea verdaderamente intuitiva cuando navegamos por ella.<\/p>\n\n\n\n<div class=\"wp-block-image\"><figure class=\"alignleft size-large is-resized\"><a href=\"https:\/\/cuidadores.unir.net\/\"><img decoding=\"async\" loading=\"lazy\" src=\"https:\/\/www.inforesidencias.com\/blog\/wp-content\/uploads\/2020\/12\/LOGO-SUPERCUIDADORES.png\" alt=\"\" class=\"wp-image-3889\" width=\"328\" height=\"45\" srcset=\"https:\/\/www.inforesidencias.com\/blog\/wp-content\/uploads\/2020\/12\/LOGO-SUPERCUIDADORES.png 423w, https:\/\/www.inforesidencias.com\/blog\/wp-content\/uploads\/2020\/12\/LOGO-SUPERCUIDADORES-300x41.png 300w\" sizes=\"(max-width: 328px) 100vw, 328px\" \/><\/a><\/figure><\/div>\n\n\n\n<p>Para hacer entender los pasos a seguir desde que pensamos en formarnos para trabajar en la atenci\u00f3n a personas mayores repasamos con Aurelio todo el proceso desde que pedimos informaci\u00f3n hasta que iniciamos el curso.  Para terminar tambi\u00e9n nos destac\u00f3 la alta empleabilidad actual para aquellas personas con los diferentes certificados oficiales que habilitan para trabaja en residencias, centros de d\u00eda y servicio de atenci\u00f3n domiciliaria.<\/p>\n\n\n\n<p>En los \u00faltimos minutos de \u201c\u00c9s gran ser gran\u201d de la semana, en la consulta del trabajador social respondimos una consulta que recibimos y que estaba relacionada con el hecho de que a la oyente que hizo la consulta (igual que mucha otra gente) les parece que las personas afectadas por algunos tipos de demencia vuelven a ser un poco como ni\u00f1os en algunos aspectos. Explicamos que esta aparente similitud ya fue analizada hace d\u00e9cadas y que recibe el nombre de retrog\u00e9nesis. Explicamos (gracias a un <a href=\"https:\/\/blog.fpmaragall.org\/teoria-retrogenesis-alzheimer\" target=\"_blank\" rel=\"noreferrer noopener\">art\u00edculo de la Fundaci\u00f3n Pascual Maragall<\/a>) en que consiste \u00e9sta retrog\u00e9nesis y los tipos que hay.<\/p>\n","protected":false},"excerpt":{"rendered":"<p>En el programa de \u201c\u00c9s gran ser gran\u201d del mi\u00e9rcoles d\u00eda 10 empezamos hablando de la cantidad de gente que se ha visto por las calles de las principales ciudades del pa\u00eds durante este puente de la Constituci\u00f3n y de c\u00f3mo muchas de esas personas han aprovechado que la segunda parte del puente no hubo restricciones de movilidad para ir a pasar dos d\u00edas fuera. Tambi\u00e9n hablamos sobre la vacuna y los tests de Covid y de una se\u00f1ora de m\u00e1s de 80 a\u00f1os que ha sido la primera persona de Europa en administrarle la vacuna. Para hablar de la vacuna y de la informaci\u00f3n que tienen al respecto, entre otros temas, contamos con profesionales de la residencia Sanitas Altanova Sant Gervasi. Primero de todo hablamos con Javier D\u00edez, director de la residencia. Javier nos explic\u00f3 donde est\u00e1 situada la residencia (muy pr\u00f3xima al Cosmo Caixa) y de c\u00f3mo pasaron [&hellip;]<\/p>\n","protected":false},"author":2,"featured_media":3100,"comment_status":"open","ping_status":"open","sticky":false,"template":"","format":"standard","meta":{"footnotes":""},"categories":[1],"tags":[],"yoast_head":"<!-- This site is optimized with the Yoast SEO plugin v21.7 - https:\/\/yoast.com\/wordpress\/plugins\/seo\/ -->\n<title>Tests de Covid en residencias y formaci\u00f3n online - Blog Inforesidencias.com<\/title>\n<meta name=\"description\" content=\"Hablamos con Sanitas Altanova de las navidades de 2020 y los tests de covid que hacen cada semana y con Supercudadores sobre formaci\u00f3n online\" \/>\n<meta name=\"robots\" content=\"index, follow, max-snippet:-1, max-image-preview:large, max-video-preview:-1\" \/>\n<link rel=\"canonical\" href=\"https:\/\/www.inforesidencias.com\/blog\/index.php\/2020\/12\/11\/tests-de-covid-en-residencias-y-formacion-online\/\" \/>\n<meta property=\"og:locale\" content=\"es_ES\" \/>\n<meta property=\"og:type\" content=\"article\" \/>\n<meta property=\"og:title\" content=\"Tests de Covid en residencias y formaci\u00f3n online - Blog Inforesidencias.com\" \/>\n<meta property=\"og:description\" content=\"Hablamos con Sanitas Altanova de las navidades de 2020 y los tests de covid que hacen cada semana y con Supercudadores sobre formaci\u00f3n online\" \/>\n<meta property=\"og:url\" content=\"https:\/\/www.inforesidencias.com\/blog\/index.php\/2020\/12\/11\/tests-de-covid-en-residencias-y-formacion-online\/\" \/>\n<meta property=\"og:site_name\" content=\"Blog Inforesidencias.com\" \/>\n<meta property=\"article:publisher\" content=\"https:\/\/www.facebook.com\/Inforesidencias\/\" \/>\n<meta property=\"article:author\" content=\"https:\/\/www.facebook.com\/josep.demarti\" \/>\n<meta property=\"article:published_time\" content=\"2020-12-11T11:11:13+00:00\" \/>\n<meta property=\"article:modified_time\" content=\"2020-12-11T11:11:15+00:00\" \/>\n<meta property=\"og:image\" content=\"https:\/\/www.inforesidencias.com\/blog\/wp-content\/uploads\/2020\/04\/Coronavirus-en-las-residencias-de-mayores1.png\" \/>\n\t<meta property=\"og:image:width\" content=\"400\" \/>\n\t<meta property=\"og:image:height\" content=\"322\" \/>\n\t<meta property=\"og:image:type\" content=\"image\/png\" \/>\n<meta name=\"author\" content=\"Josep de Mart\u00ed\" \/>\n<meta name=\"twitter:card\" content=\"summary_large_image\" \/>\n<meta name=\"twitter:creator\" content=\"@blog-ir\" \/>\n<meta name=\"twitter:site\" content=\"@inforesidencias\" \/>\n<meta name=\"twitter:label1\" content=\"Escrito por\" \/>\n\t<meta name=\"twitter:data1\" content=\"Josep de Mart\u00ed\" \/>\n\t<meta name=\"twitter:label2\" content=\"Tiempo de lectura\" \/>\n\t<meta name=\"twitter:data2\" content=\"4 minutos\" \/>\n<script type=\"application\/ld+json\" class=\"yoast-schema-graph\">{\"@context\":\"https:\/\/schema.org\",\"@graph\":[{\"@type\":\"WebPage\",\"@id\":\"https:\/\/www.inforesidencias.com\/blog\/index.php\/2020\/12\/11\/tests-de-covid-en-residencias-y-formacion-online\/\",\"url\":\"https:\/\/www.inforesidencias.com\/blog\/index.php\/2020\/12\/11\/tests-de-covid-en-residencias-y-formacion-online\/\",\"name\":\"Tests de Covid en residencias y formaci\u00f3n online - Blog Inforesidencias.com\",\"isPartOf\":{\"@id\":\"https:\/\/www.inforesidencias.com\/blog\/#website\"},\"datePublished\":\"2020-12-11T11:11:13+00:00\",\"dateModified\":\"2020-12-11T11:11:15+00:00\",\"author\":{\"@id\":\"https:\/\/www.inforesidencias.com\/blog\/#\/schema\/person\/9e146774d1eb3bc1c0316242a3898628\"},\"description\":\"Hablamos con Sanitas Altanova de las navidades de 2020 y los tests de covid que hacen cada semana y con Supercudadores sobre formaci\u00f3n online\",\"breadcrumb\":{\"@id\":\"https:\/\/www.inforesidencias.com\/blog\/index.php\/2020\/12\/11\/tests-de-covid-en-residencias-y-formacion-online\/#breadcrumb\"},\"inLanguage\":\"es\",\"potentialAction\":[{\"@type\":\"ReadAction\",\"target\":[\"https:\/\/www.inforesidencias.com\/blog\/index.php\/2020\/12\/11\/tests-de-covid-en-residencias-y-formacion-online\/\"]}]},{\"@type\":\"BreadcrumbList\",\"@id\":\"https:\/\/www.inforesidencias.com\/blog\/index.php\/2020\/12\/11\/tests-de-covid-en-residencias-y-formacion-online\/#breadcrumb\",\"itemListElement\":[{\"@type\":\"ListItem\",\"position\":1,\"name\":\"Home\",\"item\":\"https:\/\/www.inforesidencias.com\/blog\/\"},{\"@type\":\"ListItem\",\"position\":2,\"name\":\"Tests de Covid en residencias y formaci\u00f3n online\"}]},{\"@type\":\"WebSite\",\"@id\":\"https:\/\/www.inforesidencias.com\/blog\/#website\",\"url\":\"https:\/\/www.inforesidencias.com\/blog\/\",\"name\":\"Blog Inforesidencias.com\",\"description\":\"El buscador de residencias de la 3\u00aa edad\",\"potentialAction\":[{\"@type\":\"SearchAction\",\"target\":{\"@type\":\"EntryPoint\",\"urlTemplate\":\"https:\/\/www.inforesidencias.com\/blog\/?s={search_term_string}\"},\"query-input\":\"required name=search_term_string\"}],\"inLanguage\":\"es\"},{\"@type\":\"Person\",\"@id\":\"https:\/\/www.inforesidencias.com\/blog\/#\/schema\/person\/9e146774d1eb3bc1c0316242a3898628\",\"name\":\"Josep de Mart\u00ed\",\"image\":{\"@type\":\"ImageObject\",\"inLanguage\":\"es\",\"@id\":\"https:\/\/www.inforesidencias.com\/blog\/#\/schema\/person\/image\/\",\"url\":\"https:\/\/secure.gravatar.com\/avatar\/de0302c4806c00c4cebff396a798c1ff?s=96&d=mm&r=g\",\"contentUrl\":\"https:\/\/secure.gravatar.com\/avatar\/de0302c4806c00c4cebff396a798c1ff?s=96&d=mm&r=g\",\"caption\":\"Josep de Mart\u00ed\"},\"sameAs\":[\"https:\/\/www.inforesidencias.com\",\"https:\/\/www.facebook.com\/josep.demarti\",\"https:\/\/twitter.com\/blog-ir\"],\"url\":\"https:\/\/www.inforesidencias.com\/blog\/index.php\/author\/josepdemarti\/\"}]}<\/script>\n<!-- \/ Yoast SEO plugin. -->","yoast_head_json":{"title":"Tests de Covid en residencias y formaci\u00f3n online - Blog Inforesidencias.com","description":"Hablamos con Sanitas Altanova de las navidades de 2020 y los tests de covid que hacen cada semana y con Supercudadores sobre formaci\u00f3n online","robots":{"index":"index","follow":"follow","max-snippet":"max-snippet:-1","max-image-preview":"max-image-preview:large","max-video-preview":"max-video-preview:-1"},"canonical":"https:\/\/www.inforesidencias.com\/blog\/index.php\/2020\/12\/11\/tests-de-covid-en-residencias-y-formacion-online\/","og_locale":"es_ES","og_type":"article","og_title":"Tests de Covid en residencias y formaci\u00f3n online - Blog Inforesidencias.com","og_description":"Hablamos con Sanitas Altanova de las navidades de 2020 y los tests de covid que hacen cada semana y con Supercudadores sobre formaci\u00f3n online","og_url":"https:\/\/www.inforesidencias.com\/blog\/index.php\/2020\/12\/11\/tests-de-covid-en-residencias-y-formacion-online\/","og_site_name":"Blog Inforesidencias.com","article_publisher":"https:\/\/www.facebook.com\/Inforesidencias\/","article_author":"https:\/\/www.facebook.com\/josep.demarti","article_published_time":"2020-12-11T11:11:13+00:00","article_modified_time":"2020-12-11T11:11:15+00:00","og_image":[{"width":400,"height":322,"url":"https:\/\/www.inforesidencias.com\/blog\/wp-content\/uploads\/2020\/04\/Coronavirus-en-las-residencias-de-mayores1.png","type":"image\/png"}],"author":"Josep de Mart\u00ed","twitter_card":"summary_large_image","twitter_creator":"@blog-ir","twitter_site":"@inforesidencias","twitter_misc":{"Escrito por":"Josep de Mart\u00ed","Tiempo de lectura":"4 minutos"},"schema":{"@context":"https:\/\/schema.org","@graph":[{"@type":"WebPage","@id":"https:\/\/www.inforesidencias.com\/blog\/index.php\/2020\/12\/11\/tests-de-covid-en-residencias-y-formacion-online\/","url":"https:\/\/www.inforesidencias.com\/blog\/index.php\/2020\/12\/11\/tests-de-covid-en-residencias-y-formacion-online\/","name":"Tests de Covid en residencias y formaci\u00f3n online - Blog Inforesidencias.com","isPartOf":{"@id":"https:\/\/www.inforesidencias.com\/blog\/#website"},"datePublished":"2020-12-11T11:11:13+00:00","dateModified":"2020-12-11T11:11:15+00:00","author":{"@id":"https:\/\/www.inforesidencias.com\/blog\/#\/schema\/person\/9e146774d1eb3bc1c0316242a3898628"},"description":"Hablamos con Sanitas Altanova de las navidades de 2020 y los tests de covid que hacen cada semana y con Supercudadores sobre formaci\u00f3n online","breadcrumb":{"@id":"https:\/\/www.inforesidencias.com\/blog\/index.php\/2020\/12\/11\/tests-de-covid-en-residencias-y-formacion-online\/#breadcrumb"},"inLanguage":"es","potentialAction":[{"@type":"ReadAction","target":["https:\/\/www.inforesidencias.com\/blog\/index.php\/2020\/12\/11\/tests-de-covid-en-residencias-y-formacion-online\/"]}]},{"@type":"BreadcrumbList","@id":"https:\/\/www.inforesidencias.com\/blog\/index.php\/2020\/12\/11\/tests-de-covid-en-residencias-y-formacion-online\/#breadcrumb","itemListElement":[{"@type":"ListItem","position":1,"name":"Home","item":"https:\/\/www.inforesidencias.com\/blog\/"},{"@type":"ListItem","position":2,"name":"Tests de Covid en residencias y formaci\u00f3n online"}]},{"@type":"WebSite","@id":"https:\/\/www.inforesidencias.com\/blog\/#website","url":"https:\/\/www.inforesidencias.com\/blog\/","name":"Blog Inforesidencias.com","description":"El buscador de residencias de la 3\u00aa edad","potentialAction":[{"@type":"SearchAction","target":{"@type":"EntryPoint","urlTemplate":"https:\/\/www.inforesidencias.com\/blog\/?s={search_term_string}"},"query-input":"required name=search_term_string"}],"inLanguage":"es"},{"@type":"Person","@id":"https:\/\/www.inforesidencias.com\/blog\/#\/schema\/person\/9e146774d1eb3bc1c0316242a3898628","name":"Josep de Mart\u00ed","image":{"@type":"ImageObject","inLanguage":"es","@id":"https:\/\/www.inforesidencias.com\/blog\/#\/schema\/person\/image\/","url":"https:\/\/secure.gravatar.com\/avatar\/de0302c4806c00c4cebff396a798c1ff?s=96&d=mm&r=g","contentUrl":"https:\/\/secure.gravatar.com\/avatar\/de0302c4806c00c4cebff396a798c1ff?s=96&d=mm&r=g","caption":"Josep de Mart\u00ed"},"sameAs":["https:\/\/www.inforesidencias.com","https:\/\/www.facebook.com\/josep.demarti","https:\/\/twitter.com\/blog-ir"],"url":"https:\/\/www.inforesidencias.com\/blog\/index.php\/author\/josepdemarti\/"}]}},"_links":{"self":[{"href":"https:\/\/www.inforesidencias.com\/blog\/index.php\/wp-json\/wp\/v2\/posts\/3878"}],"collection":[{"href":"https:\/\/www.inforesidencias.com\/blog\/index.php\/wp-json\/wp\/v2\/posts"}],"about":[{"href":"https:\/\/www.inforesidencias.com\/blog\/index.php\/wp-json\/wp\/v2\/types\/post"}],"author":[{"embeddable":true,"href":"https:\/\/www.inforesidencias.com\/blog\/index.php\/wp-json\/wp\/v2\/users\/2"}],"replies":[{"embeddable":true,"href":"https:\/\/www.inforesidencias.com\/blog\/index.php\/wp-json\/wp\/v2\/comments?post=3878"}],"version-history":[{"count":15,"href":"https:\/\/www.inforesidencias.com\/blog\/index.php\/wp-json\/wp\/v2\/posts\/3878\/revisions"}],"predecessor-version":[{"id":3894,"href":"https:\/\/www.inforesidencias.com\/blog\/index.php\/wp-json\/wp\/v2\/posts\/3878\/revisions\/3894"}],"wp:featuredmedia":[{"embeddable":true,"href":"https:\/\/www.inforesidencias.com\/blog\/index.php\/wp-json\/wp\/v2\/media\/3100"}],"wp:attachment":[{"href":"https:\/\/www.inforesidencias.com\/blog\/index.php\/wp-json\/wp\/v2\/media?parent=3878"}],"wp:term":[{"taxonomy":"category","embeddable":true,"href":"https:\/\/www.inforesidencias.com\/blog\/index.php\/wp-json\/wp\/v2\/categories?post=3878"},{"taxonomy":"post_tag","embeddable":true,"href":"https:\/\/www.inforesidencias.com\/blog\/index.php\/wp-json\/wp\/v2\/tags?post=3878"}],"curies":[{"name":"wp","href":"https:\/\/api.w.org\/{rel}","templated":true}]}}