{"id":39,"date":"2007-09-24T08:49:00","date_gmt":"2007-09-24T08:49:00","guid":{"rendered":"http:\/\/inforesidencias.wordpress.com\/2007\/09\/24\/de-viaje-por-suecia"},"modified":"2007-09-24T08:49:00","modified_gmt":"2007-09-24T08:49:00","slug":"de-viaje-por-suecia","status":"publish","type":"post","link":"https:\/\/www.inforesidencias.com\/blog\/index.php\/2007\/09\/24\/de-viaje-por-suecia\/","title":{"rendered":">DE VIAJE POR SUECIA"},"content":{"rendered":"<p>&gt;Pasar una semana en Suecia visitando residencias, centros de d\u00eda, servicios de atenci\u00f3n domiciliaria y administraciones puede resultar muy ilustrativo y enriquecedor para alguien que trabaje en el \u00e1mbito geroasitencial espa\u00f1ol. <\/p>\n<p>Eso es lo que pensamos en Inforesidencias.com y  AMRTE as\u00ed que,  a finales de junio, nos fuimos de viaje para ver qu\u00e9 pod\u00edamos aprender en tierras suecas con la inestimable ayuda de Astrid Linstrom.<\/p>\n<p>Lo primero que nos sorprendi\u00f3 es saber que reciben tantas visitas \u201cgeroasistenciales\u201d que el gobierno sueco ha decidido crear una empresa p\u00fablica que se dedica a coordinar a los grupos que llegan para conocer su sistema de servicios sociales. Lo segundo, el concepto mismo de residencia que pudimos ver en las diferentes visitas.<\/p>\n<p>Suecia es un pa\u00eds en el que los servicios sociales dirigidos a personas mayores tiene una tradici\u00f3n casi centenaria por lo que los sistemas de atenci\u00f3n han sufrido sucesivas reformas hasta llegar en nuestros d\u00edas a unas residencias formadas por grupos de ocho o diez mini-apartamentos (entre 20 y 40m2) de uso individual situados alrededor de un espacio com\u00fan de unos 70 m2 en el que los residentes del grupo pasan parte del d\u00eda.  En ese espacio suele haber una cocina de tipo americano en la que las auxiliares preparan parte de la comida (las mismas auxiliares que cuidan, limpian y hacen las habitaciones).  Cada uno de esos m\u00f3dulos son atendidos por dos auxiliares en turno de ma\u00f1ana, una en turno de tarde.  Por la noche se queda una auxiliar para cada dos o tres m\u00f3dulos.  Adem\u00e1s de las auxiliares hay enfermeras contratadas, personal de direcci\u00f3n y mantenimiento. \u00bfM\u00e9dicos, psic\u00f3logos, terapeutas ocupacionales..? \u201cDurante los a\u00f1os 70 y parte de los 80 ten\u00edamos mucho personal especializado pero despu\u00e9s nos dimos cuenta de que una residencia debe ser lo m\u00e1s parecido a un hogar y no a un hospital por lo que el personal sanitario y el especializado s\u00f3lo viene cuando se les necesita, igual que pasa cuando una persona mayor vive en su casa\u201d, estas palabras del director quedaron en nuestra memoria.  <\/p>\n<p>Pudimos ver registros y programas de funcionamiento de los centros (con claras explicaciones en espa\u00f1ol procedentes de auxiliares chilenos).  Conocimos c\u00f3mo funciona un sistema de ayuda a domicilio que atiende a los mayores en sus casas, en muchas ocasiones, dos o tres veces al d\u00eda.  Nos explicaron c\u00f3mo el 10% de la poblaci\u00f3n total de Suecia tiene teleasistencia y como cada a\u00f1o 60.000 personas mayores ven c\u00f3mo la administraci\u00f3n arregla su casa para hacerla accesible.<\/p>\n<p>Y de forma machacona en cada una de las visitas nos aparec\u00eda las mismas dos preguntas: \u00bfCu\u00e1nto vale y quien lo paga?<\/p>\n<p>El coste de la atenci\u00f3n en una residencia oscila entre los 100 y los 160\u20ac diarios (a parte est\u00e1 el coste \u201chotelero\u201d).  Una hora de atenci\u00f3n domiciliaria se paga a 28\u20ac.  Las personas mayores tienen un copago que depende de su capacidad econ\u00f3mica y que raramente sobrepasa el 30% del coste total. \u00bfQu\u00e9 gana la gente?  Un auxiliar, unos 1.300\u20ac\/mes, una enfermera unos 2.400.<\/p>\n<p>Pero en algo si nos parecemos.  Desde hace un tiempo se han dado cuenta de que la gesti\u00f3n privada de servicios p\u00fablicos es m\u00e1s eficiente por lo que en los \u00faltimos a\u00f1os se est\u00e1 produciendo un acusado proceso de privatizaci\u00f3n de la gesti\u00f3n.<\/p>\n","protected":false},"excerpt":{"rendered":"<p>&gt;Pasar una semana en Suecia visitando residencias, centros de d\u00eda, servicios de atenci\u00f3n domiciliaria y administraciones puede resultar muy ilustrativo y enriquecedor para alguien que trabaje en el \u00e1mbito geroasitencial espa\u00f1ol. Eso es lo que pensamos en Inforesidencias.com y AMRTE as\u00ed que, a finales de junio, nos fuimos de viaje para ver qu\u00e9 pod\u00edamos aprender en tierras suecas con la inestimable ayuda de Astrid Linstrom. Lo primero que nos sorprendi\u00f3 es saber que reciben tantas visitas \u201cgeroasistenciales\u201d que el gobierno sueco ha decidido crear una empresa p\u00fablica que se dedica a coordinar a los grupos que llegan para conocer su sistema de servicios sociales. Lo segundo, el concepto mismo de residencia que pudimos ver en las diferentes visitas. Suecia es un pa\u00eds en el que los servicios sociales dirigidos a personas mayores tiene una tradici\u00f3n casi centenaria por lo que los sistemas de atenci\u00f3n han sufrido sucesivas reformas hasta llegar [&hellip;]<\/p>\n","protected":false},"author":2,"featured_media":0,"comment_status":"open","ping_status":"open","sticky":false,"template":"","format":"standard","meta":{"footnotes":""},"categories":[1],"tags":[],"yoast_head":"<!-- This site is optimized with the Yoast SEO plugin v21.7 - https:\/\/yoast.com\/wordpress\/plugins\/seo\/ -->\n<title>&gt;DE VIAJE POR SUECIA - Blog Inforesidencias.com<\/title>\n<meta name=\"robots\" content=\"index, follow, max-snippet:-1, max-image-preview:large, max-video-preview:-1\" \/>\n<link rel=\"canonical\" href=\"https:\/\/www.inforesidencias.com\/blog\/index.php\/2007\/09\/24\/de-viaje-por-suecia\/\" \/>\n<meta property=\"og:locale\" content=\"es_ES\" \/>\n<meta property=\"og:type\" content=\"article\" \/>\n<meta property=\"og:title\" content=\"&gt;DE VIAJE POR SUECIA - Blog Inforesidencias.com\" \/>\n<meta property=\"og:description\" content=\"&gt;Pasar una semana en Suecia visitando residencias, centros de d\u00eda, servicios de atenci\u00f3n domiciliaria y administraciones puede resultar muy ilustrativo y enriquecedor para alguien que trabaje en el \u00e1mbito geroasitencial espa\u00f1ol. Eso es lo que pensamos en Inforesidencias.com y AMRTE as\u00ed que, a finales de junio, nos fuimos de viaje para ver qu\u00e9 pod\u00edamos aprender en tierras suecas con la inestimable ayuda de Astrid Linstrom. Lo primero que nos sorprendi\u00f3 es saber que reciben tantas visitas \u201cgeroasistenciales\u201d que el gobierno sueco ha decidido crear una empresa p\u00fablica que se dedica a coordinar a los grupos que llegan para conocer su sistema de servicios sociales. Lo segundo, el concepto mismo de residencia que pudimos ver en las diferentes visitas. Suecia es un pa\u00eds en el que los servicios sociales dirigidos a personas mayores tiene una tradici\u00f3n casi centenaria por lo que los sistemas de atenci\u00f3n han sufrido sucesivas reformas hasta llegar [&hellip;]\" \/>\n<meta property=\"og:url\" content=\"https:\/\/www.inforesidencias.com\/blog\/index.php\/2007\/09\/24\/de-viaje-por-suecia\/\" \/>\n<meta property=\"og:site_name\" content=\"Blog Inforesidencias.com\" \/>\n<meta property=\"article:publisher\" content=\"https:\/\/www.facebook.com\/Inforesidencias\/\" \/>\n<meta property=\"article:author\" content=\"https:\/\/www.facebook.com\/josep.demarti\" \/>\n<meta property=\"article:published_time\" content=\"2007-09-24T08:49:00+00:00\" \/>\n<meta name=\"author\" content=\"Josep de Mart\u00ed\" \/>\n<meta name=\"twitter:card\" content=\"summary_large_image\" \/>\n<meta name=\"twitter:creator\" content=\"@blog-ir\" \/>\n<meta name=\"twitter:site\" content=\"@inforesidencias\" \/>\n<meta name=\"twitter:label1\" content=\"Escrito por\" \/>\n\t<meta name=\"twitter:data1\" content=\"Josep de Mart\u00ed\" \/>\n\t<meta name=\"twitter:label2\" content=\"Tiempo de lectura\" \/>\n\t<meta name=\"twitter:data2\" content=\"3 minutos\" \/>\n<script type=\"application\/ld+json\" class=\"yoast-schema-graph\">{\"@context\":\"https:\/\/schema.org\",\"@graph\":[{\"@type\":\"WebPage\",\"@id\":\"https:\/\/www.inforesidencias.com\/blog\/index.php\/2007\/09\/24\/de-viaje-por-suecia\/\",\"url\":\"https:\/\/www.inforesidencias.com\/blog\/index.php\/2007\/09\/24\/de-viaje-por-suecia\/\",\"name\":\">DE VIAJE POR SUECIA - Blog Inforesidencias.com\",\"isPartOf\":{\"@id\":\"https:\/\/www.inforesidencias.com\/blog\/#website\"},\"datePublished\":\"2007-09-24T08:49:00+00:00\",\"dateModified\":\"2007-09-24T08:49:00+00:00\",\"author\":{\"@id\":\"https:\/\/www.inforesidencias.com\/blog\/#\/schema\/person\/9e146774d1eb3bc1c0316242a3898628\"},\"breadcrumb\":{\"@id\":\"https:\/\/www.inforesidencias.com\/blog\/index.php\/2007\/09\/24\/de-viaje-por-suecia\/#breadcrumb\"},\"inLanguage\":\"es\",\"potentialAction\":[{\"@type\":\"ReadAction\",\"target\":[\"https:\/\/www.inforesidencias.com\/blog\/index.php\/2007\/09\/24\/de-viaje-por-suecia\/\"]}]},{\"@type\":\"BreadcrumbList\",\"@id\":\"https:\/\/www.inforesidencias.com\/blog\/index.php\/2007\/09\/24\/de-viaje-por-suecia\/#breadcrumb\",\"itemListElement\":[{\"@type\":\"ListItem\",\"position\":1,\"name\":\"Home\",\"item\":\"https:\/\/www.inforesidencias.com\/blog\/\"},{\"@type\":\"ListItem\",\"position\":2,\"name\":\">DE VIAJE POR SUECIA\"}]},{\"@type\":\"WebSite\",\"@id\":\"https:\/\/www.inforesidencias.com\/blog\/#website\",\"url\":\"https:\/\/www.inforesidencias.com\/blog\/\",\"name\":\"Blog Inforesidencias.com\",\"description\":\"El buscador de residencias de la 3\u00aa edad\",\"potentialAction\":[{\"@type\":\"SearchAction\",\"target\":{\"@type\":\"EntryPoint\",\"urlTemplate\":\"https:\/\/www.inforesidencias.com\/blog\/?s={search_term_string}\"},\"query-input\":\"required name=search_term_string\"}],\"inLanguage\":\"es\"},{\"@type\":\"Person\",\"@id\":\"https:\/\/www.inforesidencias.com\/blog\/#\/schema\/person\/9e146774d1eb3bc1c0316242a3898628\",\"name\":\"Josep de Mart\u00ed\",\"image\":{\"@type\":\"ImageObject\",\"inLanguage\":\"es\",\"@id\":\"https:\/\/www.inforesidencias.com\/blog\/#\/schema\/person\/image\/\",\"url\":\"https:\/\/secure.gravatar.com\/avatar\/de0302c4806c00c4cebff396a798c1ff?s=96&d=mm&r=g\",\"contentUrl\":\"https:\/\/secure.gravatar.com\/avatar\/de0302c4806c00c4cebff396a798c1ff?s=96&d=mm&r=g\",\"caption\":\"Josep de Mart\u00ed\"},\"sameAs\":[\"https:\/\/www.inforesidencias.com\",\"https:\/\/www.facebook.com\/josep.demarti\",\"https:\/\/twitter.com\/blog-ir\"],\"url\":\"https:\/\/www.inforesidencias.com\/blog\/index.php\/author\/josepdemarti\/\"}]}<\/script>\n<!-- \/ Yoast SEO plugin. -->","yoast_head_json":{"title":">DE VIAJE POR SUECIA - Blog Inforesidencias.com","robots":{"index":"index","follow":"follow","max-snippet":"max-snippet:-1","max-image-preview":"max-image-preview:large","max-video-preview":"max-video-preview:-1"},"canonical":"https:\/\/www.inforesidencias.com\/blog\/index.php\/2007\/09\/24\/de-viaje-por-suecia\/","og_locale":"es_ES","og_type":"article","og_title":">DE VIAJE POR SUECIA - Blog Inforesidencias.com","og_description":"&gt;Pasar una semana en Suecia visitando residencias, centros de d\u00eda, servicios de atenci\u00f3n domiciliaria y administraciones puede resultar muy ilustrativo y enriquecedor para alguien que trabaje en el \u00e1mbito geroasitencial espa\u00f1ol. Eso es lo que pensamos en Inforesidencias.com y AMRTE as\u00ed que, a finales de junio, nos fuimos de viaje para ver qu\u00e9 pod\u00edamos aprender en tierras suecas con la inestimable ayuda de Astrid Linstrom. Lo primero que nos sorprendi\u00f3 es saber que reciben tantas visitas \u201cgeroasistenciales\u201d que el gobierno sueco ha decidido crear una empresa p\u00fablica que se dedica a coordinar a los grupos que llegan para conocer su sistema de servicios sociales. Lo segundo, el concepto mismo de residencia que pudimos ver en las diferentes visitas. Suecia es un pa\u00eds en el que los servicios sociales dirigidos a personas mayores tiene una tradici\u00f3n casi centenaria por lo que los sistemas de atenci\u00f3n han sufrido sucesivas reformas hasta llegar [&hellip;]","og_url":"https:\/\/www.inforesidencias.com\/blog\/index.php\/2007\/09\/24\/de-viaje-por-suecia\/","og_site_name":"Blog Inforesidencias.com","article_publisher":"https:\/\/www.facebook.com\/Inforesidencias\/","article_author":"https:\/\/www.facebook.com\/josep.demarti","article_published_time":"2007-09-24T08:49:00+00:00","author":"Josep de Mart\u00ed","twitter_card":"summary_large_image","twitter_creator":"@blog-ir","twitter_site":"@inforesidencias","twitter_misc":{"Escrito por":"Josep de Mart\u00ed","Tiempo de lectura":"3 minutos"},"schema":{"@context":"https:\/\/schema.org","@graph":[{"@type":"WebPage","@id":"https:\/\/www.inforesidencias.com\/blog\/index.php\/2007\/09\/24\/de-viaje-por-suecia\/","url":"https:\/\/www.inforesidencias.com\/blog\/index.php\/2007\/09\/24\/de-viaje-por-suecia\/","name":">DE VIAJE POR SUECIA - Blog Inforesidencias.com","isPartOf":{"@id":"https:\/\/www.inforesidencias.com\/blog\/#website"},"datePublished":"2007-09-24T08:49:00+00:00","dateModified":"2007-09-24T08:49:00+00:00","author":{"@id":"https:\/\/www.inforesidencias.com\/blog\/#\/schema\/person\/9e146774d1eb3bc1c0316242a3898628"},"breadcrumb":{"@id":"https:\/\/www.inforesidencias.com\/blog\/index.php\/2007\/09\/24\/de-viaje-por-suecia\/#breadcrumb"},"inLanguage":"es","potentialAction":[{"@type":"ReadAction","target":["https:\/\/www.inforesidencias.com\/blog\/index.php\/2007\/09\/24\/de-viaje-por-suecia\/"]}]},{"@type":"BreadcrumbList","@id":"https:\/\/www.inforesidencias.com\/blog\/index.php\/2007\/09\/24\/de-viaje-por-suecia\/#breadcrumb","itemListElement":[{"@type":"ListItem","position":1,"name":"Home","item":"https:\/\/www.inforesidencias.com\/blog\/"},{"@type":"ListItem","position":2,"name":">DE VIAJE POR SUECIA"}]},{"@type":"WebSite","@id":"https:\/\/www.inforesidencias.com\/blog\/#website","url":"https:\/\/www.inforesidencias.com\/blog\/","name":"Blog Inforesidencias.com","description":"El buscador de residencias de la 3\u00aa edad","potentialAction":[{"@type":"SearchAction","target":{"@type":"EntryPoint","urlTemplate":"https:\/\/www.inforesidencias.com\/blog\/?s={search_term_string}"},"query-input":"required name=search_term_string"}],"inLanguage":"es"},{"@type":"Person","@id":"https:\/\/www.inforesidencias.com\/blog\/#\/schema\/person\/9e146774d1eb3bc1c0316242a3898628","name":"Josep de Mart\u00ed","image":{"@type":"ImageObject","inLanguage":"es","@id":"https:\/\/www.inforesidencias.com\/blog\/#\/schema\/person\/image\/","url":"https:\/\/secure.gravatar.com\/avatar\/de0302c4806c00c4cebff396a798c1ff?s=96&d=mm&r=g","contentUrl":"https:\/\/secure.gravatar.com\/avatar\/de0302c4806c00c4cebff396a798c1ff?s=96&d=mm&r=g","caption":"Josep de Mart\u00ed"},"sameAs":["https:\/\/www.inforesidencias.com","https:\/\/www.facebook.com\/josep.demarti","https:\/\/twitter.com\/blog-ir"],"url":"https:\/\/www.inforesidencias.com\/blog\/index.php\/author\/josepdemarti\/"}]}},"_links":{"self":[{"href":"https:\/\/www.inforesidencias.com\/blog\/index.php\/wp-json\/wp\/v2\/posts\/39"}],"collection":[{"href":"https:\/\/www.inforesidencias.com\/blog\/index.php\/wp-json\/wp\/v2\/posts"}],"about":[{"href":"https:\/\/www.inforesidencias.com\/blog\/index.php\/wp-json\/wp\/v2\/types\/post"}],"author":[{"embeddable":true,"href":"https:\/\/www.inforesidencias.com\/blog\/index.php\/wp-json\/wp\/v2\/users\/2"}],"replies":[{"embeddable":true,"href":"https:\/\/www.inforesidencias.com\/blog\/index.php\/wp-json\/wp\/v2\/comments?post=39"}],"version-history":[{"count":0,"href":"https:\/\/www.inforesidencias.com\/blog\/index.php\/wp-json\/wp\/v2\/posts\/39\/revisions"}],"wp:attachment":[{"href":"https:\/\/www.inforesidencias.com\/blog\/index.php\/wp-json\/wp\/v2\/media?parent=39"}],"wp:term":[{"taxonomy":"category","embeddable":true,"href":"https:\/\/www.inforesidencias.com\/blog\/index.php\/wp-json\/wp\/v2\/categories?post=39"},{"taxonomy":"post_tag","embeddable":true,"href":"https:\/\/www.inforesidencias.com\/blog\/index.php\/wp-json\/wp\/v2\/tags?post=39"}],"curies":[{"name":"wp","href":"https:\/\/api.w.org\/{rel}","templated":true}]}}