{"id":3922,"date":"2021-01-07T10:32:34","date_gmt":"2021-01-07T09:32:34","guid":{"rendered":"https:\/\/www.inforesidencias.com\/blog\/?p=3922"},"modified":"2021-01-07T10:32:36","modified_gmt":"2021-01-07T09:32:36","slug":"2021-hagamos-un-primer-analisis-de-la-pandemia-en-las-residencias","status":"publish","type":"post","link":"https:\/\/www.inforesidencias.com\/blog\/index.php\/2021\/01\/07\/2021-hagamos-un-primer-analisis-de-la-pandemia-en-las-residencias\/","title":{"rendered":"2021, hagamos un primer an\u00e1lisis de la pandemia en las residencias"},"content":{"rendered":"\n<p>El a\u00f1o 2020 ha puesto de relieve carencias y pr\u00e1cticas que deber\u00edan cambiar con respecto al cuidado de las personas mayores. No se trata se\u00f1alar o fustigarse, sino de analizar qu\u00e9 aspectos han hecho que las personas m\u00e1s vulnerables no hayan estado todo lo protegidas que deb\u00edan ante la pandemia de COVID-19.<\/p>\n\n\n\n<p>Posiblemente, la raz\u00f3n m\u00e1s importante es que nadie piensa en que algo as\u00ed puede ocurrir ni cuando se proyecta una residencia ni cuando se dise\u00f1an los servicios. No es ignorancia, es que el ser humano trabaja con probabilidades y certezas, y la llegada de una pandemia mundial no entraba en ninguna de las dos posibilidades desde nuestra visi\u00f3n del mundo en nuestro entorno.<\/p>\n\n\n\n<p>Hasta la llegada de la pandemia, los servicios sociosanitarios que tienen como usuarios a los mayores, sobre todo a los mayores dependientes, ofrec\u00edan unos recursos que, en general, se consideraban suficientes. No faltaban las denuncias sobre maltrato, asistencia deficiente o problemas con la alimentaci\u00f3n, pero lo cierto es que la inmensa mayor\u00eda de las residencias para mayores cumpl\u00edan unos est\u00e1ndares de atenci\u00f3n que se consideraban razonables y adecuados. Sin embargo, tras la experiencia que hemos vivido y que seguimos viviendo, cabe plantearse si eso que se daba por bueno era suficiente o era un modelo que ten\u00eda fallos y carencias que no se habr\u00edan detectado.<\/p>\n\n\n\n<p><a href=\"https:\/\/www.inforesidencias.com\/blog\/index.php\/2020\/07\/06\/muertos-en-residencias-por-covid-cuando-sabremos-los-numeros-de-verdad\/\" target=\"_blank\" rel=\"noreferrer noopener\">Los centros de mayores han sido las dianas donde m\u00e1s se ha cebado el virus de la COVID-19<\/a>, con un resultado terrible de fallecimientos que, adem\u00e1s, se han producido alejados de la familia. Esta terrible experiencia ha derivado en m\u00e1s controles, aislamiento y, tambi\u00e9n en muchos casos, en un replanteamiento del paradigma de atenci\u00f3n. La vulnerabilidad de las personas mayores se ha puesto de manifiesto de manera muy cruda y eso ha llevado a pensar que es necesario redise\u00f1ar en el modelo de atenci\u00f3n y, quiz\u00e1, replantearse algunas cuestiones que se consideraban secundaria o no se ten\u00edan en cuenta.<\/p>\n\n\n\n<p>Es cierto que, antes de la pandemia, ya se estaban dando cambios muy importantes que llevaban a una humanizaci\u00f3n de la asistencia a las personas mayores. Las residencias entran en programas para eliminar contenciones mec\u00e1nicas y qu\u00edmicas, se potencian terapias con m\u00fasica, mascotas, talleres de recuerdos, convivencia con escuelas infantiles, acompa\u00f1amiento\u2026 Tambi\u00e9n se plantean modelos de atenci\u00f3n personalizados, con planes de vida y con dise\u00f1os de espacio que potencian una sensibilidad distinta y un acercamiento que supera lo asistencial. Muchos centros estaban en este camino y algunos proyectos ya se estaban materializado. Lo mismo que modelos alternativos como las comunidades de viviendas con servicios comunes.<\/p>\n\n\n\n<figure class=\"wp-block-image size-large\"><img decoding=\"async\" loading=\"lazy\" width=\"1024\" height=\"677\" src=\"https:\/\/www.inforesidencias.com\/blog\/wp-content\/uploads\/2021\/01\/vacunacio\u0301n-pandemia-1024x677.png\" alt=\"\" class=\"wp-image-3926\" srcset=\"https:\/\/www.inforesidencias.com\/blog\/wp-content\/uploads\/2021\/01\/vacunacio\u0301n-pandemia-1024x677.png 1024w, https:\/\/www.inforesidencias.com\/blog\/wp-content\/uploads\/2021\/01\/vacunacio\u0301n-pandemia-300x198.png 300w, https:\/\/www.inforesidencias.com\/blog\/wp-content\/uploads\/2021\/01\/vacunacio\u0301n-pandemia-768x507.png 768w, https:\/\/www.inforesidencias.com\/blog\/wp-content\/uploads\/2021\/01\/vacunacio\u0301n-pandemia.png 1356w\" sizes=\"(max-width: 1024px) 100vw, 1024px\" \/><\/figure>\n\n\n\n<p>La pandemia, sin embargo, ha paralizado muchos de estos planes y, tambi\u00e9n, ha puesto a la vista de la sociedad una realidad que prefiere no ver: la vejez. En un mundo en el que priman la belleza, lo saludable, lo rentable\u2026 valores asociados a la juventud, las personas mayores no tienen la visibilidad ni la importancia suficiente como para que se las tenga en cuenta. Y cuando se vuelven dependientes, todav\u00eda menos. Las residencias son sitios aparte de la sociedad no por voluntad propia, sino porque no representan unos valores con los que sentirse identificados por el conjunto de la sociedad que prefiere verse reflejada en modelos j\u00f3venes y vigorosos.<\/p>\n\n\n\n<p>Pero, en poco tiempo, algo ha cambiado. La COVID-19 ha hecho que esas personas que viv\u00edan en centros se convirtieran en los padres y los abuelos de todos, que dejaran de importar solo a los familiares cercanos, pues nos han puesto delante qu\u00e9 significa la vida, la muerte y la soledad.<\/p>\n\n\n\n<p>Por eso, a pesar de la tragedia que se ha vivido y que sigue, es posible pensar que ha habido aprendizajes que llevar\u00e1n a cambiar mentalidades y pr\u00e1cticas y, en consecuencia, a hacer las cosas mejor.<\/p>\n\n\n\n<p>Los mayores de las residencias son los primeros en recibir las vacunas, junto con los trabajadores que los atienden. Aparte de cuestiones sanitarias, es de justicia que quienes m\u00e1s han sufrido y que son, adem\u00e1s, los m\u00e1s vulnerables, reciban los primeros la vacuna que les permita volver lo antes posible a retomar su vida. El cuidado y atenci\u00f3n con ellos es una deuda que tiene la sociedad y la vacuna es el primer paso para la atenci\u00f3n prioritaria de los mayores cuando se trata de enfermedades a las que son especialmente vulnerables.<\/p>\n\n\n\n<p><a href=\"https:\/\/www.inforesidencias.com\/blog\/index.php\/2020\/12\/26\/despedir-en-residencias-por-no-vacunarse\/\">\u00bfNos pue<\/a><a href=\"https:\/\/www.inforesidencias.com\/blog\/index.php\/2020\/12\/26\/despedir-en-residencias-por-no-vacunarse\/\" target=\"_blank\" rel=\"noreferrer noopener\">den echar por no vacunarnos?<\/a><\/p>\n\n\n\n<p>Tambi\u00e9n se impone una reflexi\u00f3n acerca del modelo residencial. La atenci\u00f3n ha ido cambiando seg\u00fan los usos, costumbres y visiones de la sociedad. Los \u00abasilos de viejecitos\u00bb han dado paso a residencias con muchos usuarios y ahora se est\u00e1 dando una diversificaci\u00f3n en la que conviven modelos de grandes centros con otros m\u00e1s peque\u00f1os, viviendas tuteladas y cohousing.<\/p>\n\n\n\n<p>Ahora, ante una crisis sanitaria como la que estamos viviendo, se ha abierto una gran reflexi\u00f3n sobre hasta qu\u00e9 punto las residencias o las otras soluciones de vida deben estar medicalizadas o no, qu\u00e9 tipo de asistencia sanitaria deben tener, hasta d\u00f3nde llega el cuidado y en qu\u00e9 punto se debe derivar a una persona a un centro hospitalario. Tambi\u00e9n sobre el personal m\u00e9dico de las residencias: geriatras, enfermeras\u2026 \u00bfSon las ratios suficientes?<\/p>\n\n\n\n<p>Tampoco se debe perder de vista todo lo logrado antes de la llegada de la COVID-19. Corremos el riesgo de que logros como los planes de vida individualizados, programas de envejecimiento activo como deporte o actividades art\u00edsticas, terapias menos convencionales como las que aportan animales, los programas de voluntariado para combatir el aislamiento y la soledad\u2026 queden apartados ante la prioridad sanitaria y tenga dificultades para que se retomen una vez acabada esta. Si bien es fundamental la seguridad de las personas y su acceso a vacunas, protecci\u00f3n y cuidado, si no se mantienen o disminuyen las acciones mencionadas por temor o porque se ha entra en una atenci\u00f3n meramente asistencial, pues es menos costosa a nivel organizativo, estaremos ante un grave retroceso en la calidad de vida de las personas que viven en residencias.<br>Todas estas cuestiones son muy importantes y necesarias y deber\u00edan redundar en una mejora del funcionamiento de los centros que partiera de las decisiones conjuntas de las empresas prestadoras de servicios, la administraci\u00f3n y, sobre todo, los agentes sociales y las propias personas que viven en los centros.<\/p>\n\n\n\n<p><a href=\"https:\/\/www.inforesidencias.com\/blog\/index.php\/2020\/12\/28\/covid-19-pueden-obligarnos-a-ponernos-la-vacuna\/\">\u00bfNos pued<\/a><a href=\"https:\/\/www.inforesidencias.com\/blog\/index.php\/2020\/12\/28\/covid-19-pueden-obligarnos-a-ponernos-la-vacuna\/\" target=\"_blank\" rel=\"noreferrer noopener\">en obligar a vacunar?<\/a><\/p>\n\n\n\n<p>Hemos aprendido muchas cosas durante esta pandemia. Una fundamental es que las vidas de nuestros mayores son importantes, que la edad no implica p\u00e9rdida de derechos y que tanto su sufrimiento como su bienestar son responsabilidad de todos en conjunto. Podemos, gracias a lo aprendido, mejorar las vidas de las personas que viven en las residencias en todos los niveles. Su bienestar y felicidad son los nuestros.<\/p>\n","protected":false},"excerpt":{"rendered":"<p>El a\u00f1o 2020 ha puesto de relieve carencias y pr\u00e1cticas que deber\u00edan cambiar con respecto al cuidado de las personas mayores. No se trata se\u00f1alar o fustigarse, sino de analizar qu\u00e9 aspectos han hecho que las personas m\u00e1s vulnerables no hayan estado todo lo protegidas que deb\u00edan ante la pandemia de COVID-19. Posiblemente, la raz\u00f3n m\u00e1s importante es que nadie piensa en que algo as\u00ed puede ocurrir ni cuando se proyecta una residencia ni cuando se dise\u00f1an los servicios. No es ignorancia, es que el ser humano trabaja con probabilidades y certezas, y la llegada de una pandemia mundial no entraba en ninguna de las dos posibilidades desde nuestra visi\u00f3n del mundo en nuestro entorno. Hasta la llegada de la pandemia, los servicios sociosanitarios que tienen como usuarios a los mayores, sobre todo a los mayores dependientes, ofrec\u00edan unos recursos que, en general, se consideraban suficientes. No faltaban las denuncias [&hellip;]<\/p>\n","protected":false},"author":2,"featured_media":0,"comment_status":"open","ping_status":"open","sticky":false,"template":"","format":"standard","meta":{"footnotes":""},"categories":[1],"tags":[],"yoast_head":"<!-- This site is optimized with the Yoast SEO plugin v21.7 - https:\/\/yoast.com\/wordpress\/plugins\/seo\/ -->\n<title>2021, hagamos un primer an\u00e1lisis de la pandemia en las residencias - Blog Inforesidencias.com<\/title>\n<meta name=\"description\" content=\"Las diferentes olas de la pandemia, sobretodo la primera, afect\u00f3 mucho a las personas mayores y residencias. Es hora de un primer an\u00e1lisis\" \/>\n<meta name=\"robots\" content=\"index, follow, max-snippet:-1, max-image-preview:large, max-video-preview:-1\" \/>\n<link rel=\"canonical\" href=\"https:\/\/www.inforesidencias.com\/blog\/index.php\/2021\/01\/07\/2021-hagamos-un-primer-analisis-de-la-pandemia-en-las-residencias\/\" \/>\n<meta property=\"og:locale\" content=\"es_ES\" \/>\n<meta property=\"og:type\" content=\"article\" \/>\n<meta property=\"og:title\" content=\"2021, hagamos un primer an\u00e1lisis de la pandemia en las residencias - Blog Inforesidencias.com\" \/>\n<meta property=\"og:description\" content=\"Las diferentes olas de la pandemia, sobretodo la primera, afect\u00f3 mucho a las personas mayores y residencias. Es hora de un primer an\u00e1lisis\" \/>\n<meta property=\"og:url\" content=\"https:\/\/www.inforesidencias.com\/blog\/index.php\/2021\/01\/07\/2021-hagamos-un-primer-analisis-de-la-pandemia-en-las-residencias\/\" \/>\n<meta property=\"og:site_name\" content=\"Blog Inforesidencias.com\" \/>\n<meta property=\"article:publisher\" content=\"https:\/\/www.facebook.com\/Inforesidencias\/\" \/>\n<meta property=\"article:author\" content=\"https:\/\/www.facebook.com\/josep.demarti\" \/>\n<meta property=\"article:published_time\" content=\"2021-01-07T09:32:34+00:00\" \/>\n<meta property=\"article:modified_time\" content=\"2021-01-07T09:32:36+00:00\" \/>\n<meta name=\"author\" content=\"Josep de Mart\u00ed\" \/>\n<meta name=\"twitter:card\" content=\"summary_large_image\" \/>\n<meta name=\"twitter:creator\" content=\"@blog-ir\" \/>\n<meta name=\"twitter:site\" content=\"@inforesidencias\" \/>\n<meta name=\"twitter:label1\" content=\"Escrito por\" \/>\n\t<meta name=\"twitter:data1\" content=\"Josep de Mart\u00ed\" \/>\n\t<meta name=\"twitter:label2\" content=\"Tiempo de lectura\" \/>\n\t<meta name=\"twitter:data2\" content=\"6 minutos\" \/>\n<script type=\"application\/ld+json\" class=\"yoast-schema-graph\">{\"@context\":\"https:\/\/schema.org\",\"@graph\":[{\"@type\":\"WebPage\",\"@id\":\"https:\/\/www.inforesidencias.com\/blog\/index.php\/2021\/01\/07\/2021-hagamos-un-primer-analisis-de-la-pandemia-en-las-residencias\/\",\"url\":\"https:\/\/www.inforesidencias.com\/blog\/index.php\/2021\/01\/07\/2021-hagamos-un-primer-analisis-de-la-pandemia-en-las-residencias\/\",\"name\":\"2021, hagamos un primer an\u00e1lisis de la pandemia en las residencias - Blog Inforesidencias.com\",\"isPartOf\":{\"@id\":\"https:\/\/www.inforesidencias.com\/blog\/#website\"},\"datePublished\":\"2021-01-07T09:32:34+00:00\",\"dateModified\":\"2021-01-07T09:32:36+00:00\",\"author\":{\"@id\":\"https:\/\/www.inforesidencias.com\/blog\/#\/schema\/person\/9e146774d1eb3bc1c0316242a3898628\"},\"description\":\"Las diferentes olas de la pandemia, sobretodo la primera, afect\u00f3 mucho a las personas mayores y residencias. Es hora de un primer an\u00e1lisis\",\"breadcrumb\":{\"@id\":\"https:\/\/www.inforesidencias.com\/blog\/index.php\/2021\/01\/07\/2021-hagamos-un-primer-analisis-de-la-pandemia-en-las-residencias\/#breadcrumb\"},\"inLanguage\":\"es\",\"potentialAction\":[{\"@type\":\"ReadAction\",\"target\":[\"https:\/\/www.inforesidencias.com\/blog\/index.php\/2021\/01\/07\/2021-hagamos-un-primer-analisis-de-la-pandemia-en-las-residencias\/\"]}]},{\"@type\":\"BreadcrumbList\",\"@id\":\"https:\/\/www.inforesidencias.com\/blog\/index.php\/2021\/01\/07\/2021-hagamos-un-primer-analisis-de-la-pandemia-en-las-residencias\/#breadcrumb\",\"itemListElement\":[{\"@type\":\"ListItem\",\"position\":1,\"name\":\"Home\",\"item\":\"https:\/\/www.inforesidencias.com\/blog\/\"},{\"@type\":\"ListItem\",\"position\":2,\"name\":\"2021, hagamos un primer an\u00e1lisis de la pandemia en las residencias\"}]},{\"@type\":\"WebSite\",\"@id\":\"https:\/\/www.inforesidencias.com\/blog\/#website\",\"url\":\"https:\/\/www.inforesidencias.com\/blog\/\",\"name\":\"Blog Inforesidencias.com\",\"description\":\"El buscador de residencias de la 3\u00aa edad\",\"potentialAction\":[{\"@type\":\"SearchAction\",\"target\":{\"@type\":\"EntryPoint\",\"urlTemplate\":\"https:\/\/www.inforesidencias.com\/blog\/?s={search_term_string}\"},\"query-input\":\"required name=search_term_string\"}],\"inLanguage\":\"es\"},{\"@type\":\"Person\",\"@id\":\"https:\/\/www.inforesidencias.com\/blog\/#\/schema\/person\/9e146774d1eb3bc1c0316242a3898628\",\"name\":\"Josep de Mart\u00ed\",\"image\":{\"@type\":\"ImageObject\",\"inLanguage\":\"es\",\"@id\":\"https:\/\/www.inforesidencias.com\/blog\/#\/schema\/person\/image\/\",\"url\":\"https:\/\/secure.gravatar.com\/avatar\/de0302c4806c00c4cebff396a798c1ff?s=96&d=mm&r=g\",\"contentUrl\":\"https:\/\/secure.gravatar.com\/avatar\/de0302c4806c00c4cebff396a798c1ff?s=96&d=mm&r=g\",\"caption\":\"Josep de Mart\u00ed\"},\"sameAs\":[\"https:\/\/www.inforesidencias.com\",\"https:\/\/www.facebook.com\/josep.demarti\",\"https:\/\/twitter.com\/blog-ir\"],\"url\":\"https:\/\/www.inforesidencias.com\/blog\/index.php\/author\/josepdemarti\/\"}]}<\/script>\n<!-- \/ Yoast SEO plugin. -->","yoast_head_json":{"title":"2021, hagamos un primer an\u00e1lisis de la pandemia en las residencias - Blog Inforesidencias.com","description":"Las diferentes olas de la pandemia, sobretodo la primera, afect\u00f3 mucho a las personas mayores y residencias. Es hora de un primer an\u00e1lisis","robots":{"index":"index","follow":"follow","max-snippet":"max-snippet:-1","max-image-preview":"max-image-preview:large","max-video-preview":"max-video-preview:-1"},"canonical":"https:\/\/www.inforesidencias.com\/blog\/index.php\/2021\/01\/07\/2021-hagamos-un-primer-analisis-de-la-pandemia-en-las-residencias\/","og_locale":"es_ES","og_type":"article","og_title":"2021, hagamos un primer an\u00e1lisis de la pandemia en las residencias - Blog Inforesidencias.com","og_description":"Las diferentes olas de la pandemia, sobretodo la primera, afect\u00f3 mucho a las personas mayores y residencias. Es hora de un primer an\u00e1lisis","og_url":"https:\/\/www.inforesidencias.com\/blog\/index.php\/2021\/01\/07\/2021-hagamos-un-primer-analisis-de-la-pandemia-en-las-residencias\/","og_site_name":"Blog Inforesidencias.com","article_publisher":"https:\/\/www.facebook.com\/Inforesidencias\/","article_author":"https:\/\/www.facebook.com\/josep.demarti","article_published_time":"2021-01-07T09:32:34+00:00","article_modified_time":"2021-01-07T09:32:36+00:00","author":"Josep de Mart\u00ed","twitter_card":"summary_large_image","twitter_creator":"@blog-ir","twitter_site":"@inforesidencias","twitter_misc":{"Escrito por":"Josep de Mart\u00ed","Tiempo de lectura":"6 minutos"},"schema":{"@context":"https:\/\/schema.org","@graph":[{"@type":"WebPage","@id":"https:\/\/www.inforesidencias.com\/blog\/index.php\/2021\/01\/07\/2021-hagamos-un-primer-analisis-de-la-pandemia-en-las-residencias\/","url":"https:\/\/www.inforesidencias.com\/blog\/index.php\/2021\/01\/07\/2021-hagamos-un-primer-analisis-de-la-pandemia-en-las-residencias\/","name":"2021, hagamos un primer an\u00e1lisis de la pandemia en las residencias - Blog Inforesidencias.com","isPartOf":{"@id":"https:\/\/www.inforesidencias.com\/blog\/#website"},"datePublished":"2021-01-07T09:32:34+00:00","dateModified":"2021-01-07T09:32:36+00:00","author":{"@id":"https:\/\/www.inforesidencias.com\/blog\/#\/schema\/person\/9e146774d1eb3bc1c0316242a3898628"},"description":"Las diferentes olas de la pandemia, sobretodo la primera, afect\u00f3 mucho a las personas mayores y residencias. Es hora de un primer an\u00e1lisis","breadcrumb":{"@id":"https:\/\/www.inforesidencias.com\/blog\/index.php\/2021\/01\/07\/2021-hagamos-un-primer-analisis-de-la-pandemia-en-las-residencias\/#breadcrumb"},"inLanguage":"es","potentialAction":[{"@type":"ReadAction","target":["https:\/\/www.inforesidencias.com\/blog\/index.php\/2021\/01\/07\/2021-hagamos-un-primer-analisis-de-la-pandemia-en-las-residencias\/"]}]},{"@type":"BreadcrumbList","@id":"https:\/\/www.inforesidencias.com\/blog\/index.php\/2021\/01\/07\/2021-hagamos-un-primer-analisis-de-la-pandemia-en-las-residencias\/#breadcrumb","itemListElement":[{"@type":"ListItem","position":1,"name":"Home","item":"https:\/\/www.inforesidencias.com\/blog\/"},{"@type":"ListItem","position":2,"name":"2021, hagamos un primer an\u00e1lisis de la pandemia en las residencias"}]},{"@type":"WebSite","@id":"https:\/\/www.inforesidencias.com\/blog\/#website","url":"https:\/\/www.inforesidencias.com\/blog\/","name":"Blog Inforesidencias.com","description":"El buscador de residencias de la 3\u00aa edad","potentialAction":[{"@type":"SearchAction","target":{"@type":"EntryPoint","urlTemplate":"https:\/\/www.inforesidencias.com\/blog\/?s={search_term_string}"},"query-input":"required name=search_term_string"}],"inLanguage":"es"},{"@type":"Person","@id":"https:\/\/www.inforesidencias.com\/blog\/#\/schema\/person\/9e146774d1eb3bc1c0316242a3898628","name":"Josep de Mart\u00ed","image":{"@type":"ImageObject","inLanguage":"es","@id":"https:\/\/www.inforesidencias.com\/blog\/#\/schema\/person\/image\/","url":"https:\/\/secure.gravatar.com\/avatar\/de0302c4806c00c4cebff396a798c1ff?s=96&d=mm&r=g","contentUrl":"https:\/\/secure.gravatar.com\/avatar\/de0302c4806c00c4cebff396a798c1ff?s=96&d=mm&r=g","caption":"Josep de Mart\u00ed"},"sameAs":["https:\/\/www.inforesidencias.com","https:\/\/www.facebook.com\/josep.demarti","https:\/\/twitter.com\/blog-ir"],"url":"https:\/\/www.inforesidencias.com\/blog\/index.php\/author\/josepdemarti\/"}]}},"_links":{"self":[{"href":"https:\/\/www.inforesidencias.com\/blog\/index.php\/wp-json\/wp\/v2\/posts\/3922"}],"collection":[{"href":"https:\/\/www.inforesidencias.com\/blog\/index.php\/wp-json\/wp\/v2\/posts"}],"about":[{"href":"https:\/\/www.inforesidencias.com\/blog\/index.php\/wp-json\/wp\/v2\/types\/post"}],"author":[{"embeddable":true,"href":"https:\/\/www.inforesidencias.com\/blog\/index.php\/wp-json\/wp\/v2\/users\/2"}],"replies":[{"embeddable":true,"href":"https:\/\/www.inforesidencias.com\/blog\/index.php\/wp-json\/wp\/v2\/comments?post=3922"}],"version-history":[{"count":5,"href":"https:\/\/www.inforesidencias.com\/blog\/index.php\/wp-json\/wp\/v2\/posts\/3922\/revisions"}],"predecessor-version":[{"id":3928,"href":"https:\/\/www.inforesidencias.com\/blog\/index.php\/wp-json\/wp\/v2\/posts\/3922\/revisions\/3928"}],"wp:attachment":[{"href":"https:\/\/www.inforesidencias.com\/blog\/index.php\/wp-json\/wp\/v2\/media?parent=3922"}],"wp:term":[{"taxonomy":"category","embeddable":true,"href":"https:\/\/www.inforesidencias.com\/blog\/index.php\/wp-json\/wp\/v2\/categories?post=3922"},{"taxonomy":"post_tag","embeddable":true,"href":"https:\/\/www.inforesidencias.com\/blog\/index.php\/wp-json\/wp\/v2\/tags?post=3922"}],"curies":[{"name":"wp","href":"https:\/\/api.w.org\/{rel}","templated":true}]}}