{"id":3956,"date":"2021-01-19T20:26:03","date_gmt":"2021-01-19T19:26:03","guid":{"rendered":"https:\/\/www.inforesidencias.com\/blog\/?p=3956"},"modified":"2022-11-01T18:20:12","modified_gmt":"2022-11-01T17:20:12","slug":"tablas-salariales-del-convenio-de-la-dependencia-para-2021","status":"publish","type":"post","link":"https:\/\/www.inforesidencias.com\/blog\/index.php\/2021\/01\/19\/tablas-salariales-del-convenio-de-la-dependencia-para-2021\/","title":{"rendered":"Tablas salariales del Convenio de la Dependencia para 2021 (actualizado 2022)"},"content":{"rendered":"\n<h2 class=\"wp-block-heading\">\u00bfCu\u00e1l es la subida salarial del Convenio de la Dependencia que rige la mayor\u00eda de residencias de mayores en Espa\u00f1a para 2021 (y 2022)?<\/h2>\n\n\n\n<p><\/p>\n\n\n\n<p><a href=\"https:\/\/www.inforesidencias.com\/contenidos\/noticias\/nacional\/estas-son-las-tablas-salariales-para-2022-del-vii-convenio-colectivo-de-la-dependencia\" target=\"_blank\" rel=\"noreferrer noopener\"><strong>\u00bfQuieres ver qu\u00e9 ha pasado con las Tablas Salariales de 2022?  Entra aqu\u00ed y te explicamos la subida del 6,5%<\/strong><\/a><\/p>\n\n\n\n<figure class=\"wp-block-embed-youtube wp-block-embed is-type-video is-provider-youtube wp-embed-aspect-16-9 wp-has-aspect-ratio\"><div class=\"wp-block-embed__wrapper\">\n<iframe loading=\"lazy\" title=\"\u00bfQu\u00e9 pasa con las tablas salariales de residencias de 2022? (explicado en tres minutos\" width=\"500\" height=\"281\" src=\"https:\/\/www.youtube.com\/embed\/Lpd0FWqwg0M?feature=oembed\" frameborder=\"0\" allow=\"accelerometer; autoplay; clipboard-write; encrypted-media; gyroscope; picture-in-picture\" allowfullscreen><\/iframe>\n<\/div><\/figure>\n\n\n\n<p><a rel=\"noreferrer noopener\" href=\"https:\/\/www.inforesidencias.com\/resources\/public\/biblioteca\/documentos\/ley-de-dependencia\/vii-convenio-dependencia-publicado-boe.pdf\" target=\"_blank\">VII Convenio Colectivo marco estatal de servicios de atenci\u00f3n a las personas dependientes y desarrollo de la atenci\u00f3n a la autonom\u00eda personal<\/a> dice en su art. 8 \u00ab<em>se incrementar\u00e1n anualmente, en el mes de enero, los conceptos retributivos en la misma cuant\u00eda que el \u00edndice de precios al consumo (IPC) real del a\u00f1o anterior, todo ello sin perjuicio de lo dispuesto en la disposici\u00f3n final del presente convenio<\/em>.\u00bb<\/p>\n\n\n\n<p><br>La Disposici\u00f3n final establece que la cl\u00e1usula de revisi\u00f3n salarial autom\u00e1tica para el caso de ultraactividad del presente convenio colectivo contenida en el p\u00e1rrafo segundo del art\u00edculo 8 operar\u00e1 en el caso de que, en el momento de ser aplicada, el producto interior bruto (PIB) de la econom\u00eda espa\u00f1ola publicado por el INE u organismo p\u00fablico o privado que haga sus veces, haya experimentado un incremento anual superior al 2 %.<\/p>\n\n\n\n<p>El convenio sigue vigente porque todav\u00eda no se ha firmado el VIII.<\/p>\n\n\n\n<p>Como en 2020 el IPC ha sido negativo <a href=\"https:\/\/www.ine.es\/daco\/daco42\/daco421\/ipcia1220.pdf\">ver enlace al Instituto Nacional de estad\u00edstica<\/a> por lo que NO HAY SUBIDA DE SALARIOS PARA 2021. <\/p>\n\n\n\n<p>Como tampoco hubo subida a principios de 2020, seguir\u00e1n en vigor las tablas de 2019<\/p>\n\n\n\n<figure class=\"wp-block-table\"><table><tbody><tr><td class=\"has-text-align-center\" data-align=\"center\"><a href=\"https:\/\/www.inforesidencias.com\/resources\/public\/biblioteca\/documentos\/ley-de-dependencia\/vii-convenio-dependencia-publicado-boe.pdf\" target=\"_blank\" rel=\"noreferrer noopener\"><img decoding=\"async\" src=\"https:\/\/1.bp.blogspot.com\/-wUgYMTooOEw\/XHMhuw0MipI\/AAAAAAAABWU\/K8W_qLwGX_wyg00FVsg7eqrjtWk8noCygCPcBGAYYCw\/s200\/516snmfksLL.jpg\" alt=\"La imagen tiene un atributo ALT vac\u00edo; su nombre de archivo es 516snmfksLL.jpg\"><\/a><a href=\"https:\/\/www.amazon.es\/gp\/product\/B0874L1X8B\/ref=as_li_tl?ie=UTF8&amp;camp=3638&amp;creative=24630&amp;creativeASIN=B0874L1X8B&amp;linkCode=as2&amp;tag=asesorlaboralista-21&amp;linkId=0518b3f2a21ec11efb93102bd65f85c8\" target=\"_blank\" rel=\"noreferrer noopener\"><\/a><\/td><\/tr><tr><td class=\"has-text-align-center\" data-align=\"center\">Consulta el texto del convenio<\/td><\/tr><\/tbody><\/table><\/figure>\n\n\n\n<p><a href=\"https:\/\/www.inforesidencias.com\/bolsa\/ofertas-de-trabajo\" target=\"_blank\" rel=\"noreferrer noopener\">\u00bfQuieres trabajar en una residencia de mayores?<\/a><\/p>\n\n\n\n<p>Nos quedamos con las tablas salariales del 2019 <\/p>\n\n\n\n<h2 class=\"wp-block-heading\">\u00bfCu\u00e1nto ganan en 2021 los trabajadores de residencias de tercera edad?<\/h2>\n\n\n\n<figure class=\"wp-block-image\"><img decoding=\"async\" src=\"https:\/\/dependencia.info\/fotos\/editor\/2521\/tablas-salariales-1-2019.jpg\" alt=\"\" \/><\/figure>\n\n\n\n<figure class=\"wp-block-image\"><img decoding=\"async\" src=\"https:\/\/dependencia.info\/fotos\/editor\/2521\/tablas-salariales-2-2019.jpg\" alt=\"\" \/><\/figure>\n\n\n\n<p><a href=\"https:\/\/www.inforesidencias.com\/centros\/buscador\/busquedas-predefinidas\/residencias-que-comparten-su-acta-de-inspeccion\" target=\"_blank\" rel=\"noreferrer noopener\">Estas residencias comparten sus actas de inspecci\u00f3n en Inforesidencias<\/a><\/p>\n","protected":false},"excerpt":{"rendered":"<p>\u00bfCu\u00e1l es la subida salarial del Convenio de la Dependencia que rige la mayor\u00eda de residencias de mayores en Espa\u00f1a para 2021 (y 2022)? \u00bfQuieres ver qu\u00e9 ha pasado con las Tablas Salariales de 2022? Entra aqu\u00ed y te explicamos la subida del 6,5% VII Convenio Colectivo marco estatal de servicios de atenci\u00f3n a las personas dependientes y desarrollo de la atenci\u00f3n a la autonom\u00eda personal dice en su art. 8 \u00abse incrementar\u00e1n anualmente, en el mes de enero, los conceptos retributivos en la misma cuant\u00eda que el \u00edndice de precios al consumo (IPC) real del a\u00f1o anterior, todo ello sin perjuicio de lo dispuesto en la disposici\u00f3n final del presente convenio.\u00bb La Disposici\u00f3n final establece que la cl\u00e1usula de revisi\u00f3n salarial autom\u00e1tica para el caso de ultraactividad del presente convenio colectivo contenida en el p\u00e1rrafo segundo del art\u00edculo 8 operar\u00e1 en el caso de que, en el momento de [&hellip;]<\/p>\n","protected":false},"author":2,"featured_media":0,"comment_status":"open","ping_status":"open","sticky":false,"template":"","format":"standard","meta":{"footnotes":""},"categories":[1],"tags":[],"yoast_head":"<!-- This site is optimized with the Yoast SEO plugin v21.7 - https:\/\/yoast.com\/wordpress\/plugins\/seo\/ -->\n<title>Tablas salariales del Convenio de la Dependencia para 2021 (actualizado 2022) - Blog Inforesidencias.com<\/title>\n<meta name=\"robots\" content=\"index, follow, max-snippet:-1, max-image-preview:large, max-video-preview:-1\" \/>\n<link rel=\"canonical\" href=\"https:\/\/www.inforesidencias.com\/blog\/index.php\/2021\/01\/19\/tablas-salariales-del-convenio-de-la-dependencia-para-2021\/\" \/>\n<meta property=\"og:locale\" content=\"es_ES\" \/>\n<meta property=\"og:type\" content=\"article\" \/>\n<meta property=\"og:title\" content=\"Tablas salariales del Convenio de la Dependencia para 2021 (actualizado 2022) - Blog Inforesidencias.com\" \/>\n<meta property=\"og:description\" content=\"\u00bfCu\u00e1l es la subida salarial del Convenio de la Dependencia que rige la mayor\u00eda de residencias de mayores en Espa\u00f1a para 2021 (y 2022)? \u00bfQuieres ver qu\u00e9 ha pasado con las Tablas Salariales de 2022? Entra aqu\u00ed y te explicamos la subida del 6,5% VII Convenio Colectivo marco estatal de servicios de atenci\u00f3n a las personas dependientes y desarrollo de la atenci\u00f3n a la autonom\u00eda personal dice en su art. 8 \u00abse incrementar\u00e1n anualmente, en el mes de enero, los conceptos retributivos en la misma cuant\u00eda que el \u00edndice de precios al consumo (IPC) real del a\u00f1o anterior, todo ello sin perjuicio de lo dispuesto en la disposici\u00f3n final del presente convenio.\u00bb La Disposici\u00f3n final establece que la cl\u00e1usula de revisi\u00f3n salarial autom\u00e1tica para el caso de ultraactividad del presente convenio colectivo contenida en el p\u00e1rrafo segundo del art\u00edculo 8 operar\u00e1 en el caso de que, en el momento de [&hellip;]\" \/>\n<meta property=\"og:url\" content=\"https:\/\/www.inforesidencias.com\/blog\/index.php\/2021\/01\/19\/tablas-salariales-del-convenio-de-la-dependencia-para-2021\/\" \/>\n<meta property=\"og:site_name\" content=\"Blog Inforesidencias.com\" \/>\n<meta property=\"article:publisher\" content=\"https:\/\/www.facebook.com\/Inforesidencias\/\" \/>\n<meta property=\"article:author\" content=\"https:\/\/www.facebook.com\/josep.demarti\" \/>\n<meta property=\"article:published_time\" content=\"2021-01-19T19:26:03+00:00\" \/>\n<meta property=\"article:modified_time\" content=\"2022-11-01T17:20:12+00:00\" \/>\n<meta property=\"og:image\" content=\"https:\/\/1.bp.blogspot.com\/-wUgYMTooOEw\/XHMhuw0MipI\/AAAAAAAABWU\/K8W_qLwGX_wyg00FVsg7eqrjtWk8noCygCPcBGAYYCw\/s200\/516snmfksLL.jpg\" \/>\n<meta name=\"author\" content=\"Josep de Mart\u00ed\" \/>\n<meta name=\"twitter:card\" content=\"summary_large_image\" \/>\n<meta name=\"twitter:creator\" content=\"@blog-ir\" \/>\n<meta name=\"twitter:site\" content=\"@inforesidencias\" \/>\n<meta name=\"twitter:label1\" content=\"Escrito por\" \/>\n\t<meta name=\"twitter:data1\" content=\"Josep de Mart\u00ed\" \/>\n\t<meta name=\"twitter:label2\" content=\"Tiempo de lectura\" \/>\n\t<meta name=\"twitter:data2\" content=\"1 minuto\" \/>\n<script type=\"application\/ld+json\" class=\"yoast-schema-graph\">{\"@context\":\"https:\/\/schema.org\",\"@graph\":[{\"@type\":\"WebPage\",\"@id\":\"https:\/\/www.inforesidencias.com\/blog\/index.php\/2021\/01\/19\/tablas-salariales-del-convenio-de-la-dependencia-para-2021\/\",\"url\":\"https:\/\/www.inforesidencias.com\/blog\/index.php\/2021\/01\/19\/tablas-salariales-del-convenio-de-la-dependencia-para-2021\/\",\"name\":\"Tablas salariales del Convenio de la Dependencia para 2021 (actualizado 2022) - Blog Inforesidencias.com\",\"isPartOf\":{\"@id\":\"https:\/\/www.inforesidencias.com\/blog\/#website\"},\"datePublished\":\"2021-01-19T19:26:03+00:00\",\"dateModified\":\"2022-11-01T17:20:12+00:00\",\"author\":{\"@id\":\"https:\/\/www.inforesidencias.com\/blog\/#\/schema\/person\/9e146774d1eb3bc1c0316242a3898628\"},\"breadcrumb\":{\"@id\":\"https:\/\/www.inforesidencias.com\/blog\/index.php\/2021\/01\/19\/tablas-salariales-del-convenio-de-la-dependencia-para-2021\/#breadcrumb\"},\"inLanguage\":\"es\",\"potentialAction\":[{\"@type\":\"ReadAction\",\"target\":[\"https:\/\/www.inforesidencias.com\/blog\/index.php\/2021\/01\/19\/tablas-salariales-del-convenio-de-la-dependencia-para-2021\/\"]}]},{\"@type\":\"BreadcrumbList\",\"@id\":\"https:\/\/www.inforesidencias.com\/blog\/index.php\/2021\/01\/19\/tablas-salariales-del-convenio-de-la-dependencia-para-2021\/#breadcrumb\",\"itemListElement\":[{\"@type\":\"ListItem\",\"position\":1,\"name\":\"Home\",\"item\":\"https:\/\/www.inforesidencias.com\/blog\/\"},{\"@type\":\"ListItem\",\"position\":2,\"name\":\"Tablas salariales del Convenio de la Dependencia para 2021 (actualizado 2022)\"}]},{\"@type\":\"WebSite\",\"@id\":\"https:\/\/www.inforesidencias.com\/blog\/#website\",\"url\":\"https:\/\/www.inforesidencias.com\/blog\/\",\"name\":\"Blog Inforesidencias.com\",\"description\":\"El buscador de residencias de la 3\u00aa edad\",\"potentialAction\":[{\"@type\":\"SearchAction\",\"target\":{\"@type\":\"EntryPoint\",\"urlTemplate\":\"https:\/\/www.inforesidencias.com\/blog\/?s={search_term_string}\"},\"query-input\":\"required name=search_term_string\"}],\"inLanguage\":\"es\"},{\"@type\":\"Person\",\"@id\":\"https:\/\/www.inforesidencias.com\/blog\/#\/schema\/person\/9e146774d1eb3bc1c0316242a3898628\",\"name\":\"Josep de Mart\u00ed\",\"image\":{\"@type\":\"ImageObject\",\"inLanguage\":\"es\",\"@id\":\"https:\/\/www.inforesidencias.com\/blog\/#\/schema\/person\/image\/\",\"url\":\"https:\/\/secure.gravatar.com\/avatar\/de0302c4806c00c4cebff396a798c1ff?s=96&d=mm&r=g\",\"contentUrl\":\"https:\/\/secure.gravatar.com\/avatar\/de0302c4806c00c4cebff396a798c1ff?s=96&d=mm&r=g\",\"caption\":\"Josep de Mart\u00ed\"},\"sameAs\":[\"https:\/\/www.inforesidencias.com\",\"https:\/\/www.facebook.com\/josep.demarti\",\"https:\/\/twitter.com\/blog-ir\"],\"url\":\"https:\/\/www.inforesidencias.com\/blog\/index.php\/author\/josepdemarti\/\"}]}<\/script>\n<!-- \/ Yoast SEO plugin. -->","yoast_head_json":{"title":"Tablas salariales del Convenio de la Dependencia para 2021 (actualizado 2022) - Blog Inforesidencias.com","robots":{"index":"index","follow":"follow","max-snippet":"max-snippet:-1","max-image-preview":"max-image-preview:large","max-video-preview":"max-video-preview:-1"},"canonical":"https:\/\/www.inforesidencias.com\/blog\/index.php\/2021\/01\/19\/tablas-salariales-del-convenio-de-la-dependencia-para-2021\/","og_locale":"es_ES","og_type":"article","og_title":"Tablas salariales del Convenio de la Dependencia para 2021 (actualizado 2022) - Blog Inforesidencias.com","og_description":"\u00bfCu\u00e1l es la subida salarial del Convenio de la Dependencia que rige la mayor\u00eda de residencias de mayores en Espa\u00f1a para 2021 (y 2022)? \u00bfQuieres ver qu\u00e9 ha pasado con las Tablas Salariales de 2022? Entra aqu\u00ed y te explicamos la subida del 6,5% VII Convenio Colectivo marco estatal de servicios de atenci\u00f3n a las personas dependientes y desarrollo de la atenci\u00f3n a la autonom\u00eda personal dice en su art. 8 \u00abse incrementar\u00e1n anualmente, en el mes de enero, los conceptos retributivos en la misma cuant\u00eda que el \u00edndice de precios al consumo (IPC) real del a\u00f1o anterior, todo ello sin perjuicio de lo dispuesto en la disposici\u00f3n final del presente convenio.\u00bb La Disposici\u00f3n final establece que la cl\u00e1usula de revisi\u00f3n salarial autom\u00e1tica para el caso de ultraactividad del presente convenio colectivo contenida en el p\u00e1rrafo segundo del art\u00edculo 8 operar\u00e1 en el caso de que, en el momento de [&hellip;]","og_url":"https:\/\/www.inforesidencias.com\/blog\/index.php\/2021\/01\/19\/tablas-salariales-del-convenio-de-la-dependencia-para-2021\/","og_site_name":"Blog Inforesidencias.com","article_publisher":"https:\/\/www.facebook.com\/Inforesidencias\/","article_author":"https:\/\/www.facebook.com\/josep.demarti","article_published_time":"2021-01-19T19:26:03+00:00","article_modified_time":"2022-11-01T17:20:12+00:00","og_image":[{"url":"https:\/\/1.bp.blogspot.com\/-wUgYMTooOEw\/XHMhuw0MipI\/AAAAAAAABWU\/K8W_qLwGX_wyg00FVsg7eqrjtWk8noCygCPcBGAYYCw\/s200\/516snmfksLL.jpg"}],"author":"Josep de Mart\u00ed","twitter_card":"summary_large_image","twitter_creator":"@blog-ir","twitter_site":"@inforesidencias","twitter_misc":{"Escrito por":"Josep de Mart\u00ed","Tiempo de lectura":"1 minuto"},"schema":{"@context":"https:\/\/schema.org","@graph":[{"@type":"WebPage","@id":"https:\/\/www.inforesidencias.com\/blog\/index.php\/2021\/01\/19\/tablas-salariales-del-convenio-de-la-dependencia-para-2021\/","url":"https:\/\/www.inforesidencias.com\/blog\/index.php\/2021\/01\/19\/tablas-salariales-del-convenio-de-la-dependencia-para-2021\/","name":"Tablas salariales del Convenio de la Dependencia para 2021 (actualizado 2022) - Blog Inforesidencias.com","isPartOf":{"@id":"https:\/\/www.inforesidencias.com\/blog\/#website"},"datePublished":"2021-01-19T19:26:03+00:00","dateModified":"2022-11-01T17:20:12+00:00","author":{"@id":"https:\/\/www.inforesidencias.com\/blog\/#\/schema\/person\/9e146774d1eb3bc1c0316242a3898628"},"breadcrumb":{"@id":"https:\/\/www.inforesidencias.com\/blog\/index.php\/2021\/01\/19\/tablas-salariales-del-convenio-de-la-dependencia-para-2021\/#breadcrumb"},"inLanguage":"es","potentialAction":[{"@type":"ReadAction","target":["https:\/\/www.inforesidencias.com\/blog\/index.php\/2021\/01\/19\/tablas-salariales-del-convenio-de-la-dependencia-para-2021\/"]}]},{"@type":"BreadcrumbList","@id":"https:\/\/www.inforesidencias.com\/blog\/index.php\/2021\/01\/19\/tablas-salariales-del-convenio-de-la-dependencia-para-2021\/#breadcrumb","itemListElement":[{"@type":"ListItem","position":1,"name":"Home","item":"https:\/\/www.inforesidencias.com\/blog\/"},{"@type":"ListItem","position":2,"name":"Tablas salariales del Convenio de la Dependencia para 2021 (actualizado 2022)"}]},{"@type":"WebSite","@id":"https:\/\/www.inforesidencias.com\/blog\/#website","url":"https:\/\/www.inforesidencias.com\/blog\/","name":"Blog Inforesidencias.com","description":"El buscador de residencias de la 3\u00aa edad","potentialAction":[{"@type":"SearchAction","target":{"@type":"EntryPoint","urlTemplate":"https:\/\/www.inforesidencias.com\/blog\/?s={search_term_string}"},"query-input":"required name=search_term_string"}],"inLanguage":"es"},{"@type":"Person","@id":"https:\/\/www.inforesidencias.com\/blog\/#\/schema\/person\/9e146774d1eb3bc1c0316242a3898628","name":"Josep de Mart\u00ed","image":{"@type":"ImageObject","inLanguage":"es","@id":"https:\/\/www.inforesidencias.com\/blog\/#\/schema\/person\/image\/","url":"https:\/\/secure.gravatar.com\/avatar\/de0302c4806c00c4cebff396a798c1ff?s=96&d=mm&r=g","contentUrl":"https:\/\/secure.gravatar.com\/avatar\/de0302c4806c00c4cebff396a798c1ff?s=96&d=mm&r=g","caption":"Josep de Mart\u00ed"},"sameAs":["https:\/\/www.inforesidencias.com","https:\/\/www.facebook.com\/josep.demarti","https:\/\/twitter.com\/blog-ir"],"url":"https:\/\/www.inforesidencias.com\/blog\/index.php\/author\/josepdemarti\/"}]}},"_links":{"self":[{"href":"https:\/\/www.inforesidencias.com\/blog\/index.php\/wp-json\/wp\/v2\/posts\/3956"}],"collection":[{"href":"https:\/\/www.inforesidencias.com\/blog\/index.php\/wp-json\/wp\/v2\/posts"}],"about":[{"href":"https:\/\/www.inforesidencias.com\/blog\/index.php\/wp-json\/wp\/v2\/types\/post"}],"author":[{"embeddable":true,"href":"https:\/\/www.inforesidencias.com\/blog\/index.php\/wp-json\/wp\/v2\/users\/2"}],"replies":[{"embeddable":true,"href":"https:\/\/www.inforesidencias.com\/blog\/index.php\/wp-json\/wp\/v2\/comments?post=3956"}],"version-history":[{"count":5,"href":"https:\/\/www.inforesidencias.com\/blog\/index.php\/wp-json\/wp\/v2\/posts\/3956\/revisions"}],"predecessor-version":[{"id":6110,"href":"https:\/\/www.inforesidencias.com\/blog\/index.php\/wp-json\/wp\/v2\/posts\/3956\/revisions\/6110"}],"wp:attachment":[{"href":"https:\/\/www.inforesidencias.com\/blog\/index.php\/wp-json\/wp\/v2\/media?parent=3956"}],"wp:term":[{"taxonomy":"category","embeddable":true,"href":"https:\/\/www.inforesidencias.com\/blog\/index.php\/wp-json\/wp\/v2\/categories?post=3956"},{"taxonomy":"post_tag","embeddable":true,"href":"https:\/\/www.inforesidencias.com\/blog\/index.php\/wp-json\/wp\/v2\/tags?post=3956"}],"curies":[{"name":"wp","href":"https:\/\/api.w.org\/{rel}","templated":true}]}}