{"id":3958,"date":"2021-01-22T16:16:47","date_gmt":"2021-01-22T15:16:47","guid":{"rendered":"https:\/\/www.inforesidencias.com\/blog\/?p=3958"},"modified":"2021-01-22T16:16:49","modified_gmt":"2021-01-22T15:16:49","slug":"vacunas-en-amavir-y-herencias-condicionadas","status":"publish","type":"post","link":"https:\/\/www.inforesidencias.com\/blog\/index.php\/2021\/01\/22\/vacunas-en-amavir-y-herencias-condicionadas\/","title":{"rendered":"Vacunas en Amavir y herencias condicionadas"},"content":{"rendered":"\n<p>El <a href=\"https:\/\/www.estelfitxers.com\/audio\/20210120-17_00ESGRANSERGRAN.MP3\">programa del <\/a><a href=\"https:\/\/www.estelfitxers.com\/audio\/20210120-17_00ESGRANSERGRAN.MP3\" target=\"_blank\" rel=\"noreferrer noopener\">mi\u00e9rcoles <\/a>de \u201c\u00c9s gran ser gran\u201d lo empezamos hablando de una noticia de \u00faltima hora sobre una explosi\u00f3n de un edificio en el centro de Madrid. Hablamos tambi\u00e9n brevemente de los plazos que est\u00e1n previstos para vacunar a los diferentes sectores de la poblaci\u00f3n.<\/p>\n\n\n\n<p>En la entrevista del d\u00eda contamos Alejandro Ebrat, de <a href=\"http:\/\/ebratabogados.com\/\">Ebrat abogad<\/a><a href=\"http:\/\/ebratabogados.com\/\" target=\"_blank\" rel=\"noreferrer noopener\">os<\/a><a href=\"http:\/\/ebratabogados.com\/\">.<\/a> Nuestro experto \u201cde cabecera\u201d en testamentos y herencias nos habl\u00f3 esta vez sobre el hecho de evitar que ciertos familiares lleguen a percibir una parte de nuestra herencia. Nos dijo que una consulta frecuente era sobre este tema y sobre como evitar que cierta familia pol\u00edtica que no queremos reciba algo. Cont\u00f3 algunas formas de intentar evitar que estas situaciones puedan llegar a ocurrir y vimos que algunas de estas formas parecen de pel\u00edcula. No obstante, Alejandro Ebrat nos dijo que es m\u00e1s habitual de lo que pensamos. Tambi\u00e9n tuvimos tambi\u00e9n unos minutos en los que hablamos especialmente de la herencia de joyas.<\/p>\n\n\n\n<p><a href=\"https:\/\/www.inforesidencias.com\/blog\/index.php\/2020\/12\/01\/como-hacer-un-testamento\/\">\u00bfC\u00f3mo h<\/a><a href=\"https:\/\/www.inforesidencias.com\/blog\/index.php\/2020\/12\/01\/como-hacer-un-testamento\/\" target=\"_blank\" rel=\"noreferrer noopener\">acer un testamento?<\/a><\/p>\n\n\n\n<div class=\"wp-block-image\"><figure class=\"alignleft size-large is-resized\"><img decoding=\"async\" loading=\"lazy\" src=\"https:\/\/www.inforesidencias.com\/blog\/wp-content\/uploads\/2020\/04\/Coronavirus-en-las-residencias-de-mayores1.png\" alt=\"Amavir Horta y Ebrat\" class=\"wp-image-3100\" width=\"336\" height=\"270\" \/><\/figure><\/div>\n\n\n\n<p>Seguidamente Marc le pregunt\u00f3 Alejandro si un padre le puede negar la leg\u00edtima a un hijo y \u00e9l respondi\u00f3 que aunque no es frecuente, hay una serie de situaciones (que se deben demostrar) en las que esto se puede hacer. Puso un ejemplo de un caso concreto en Catalu\u00f1a, en que si se demuestra falta de relaci\u00f3n continua entre padres e hijos se puede conseguir que el hijo\/a no reciba la leg\u00edtima.<\/p>\n\n\n\n<p>En los minutos de la consulta del trabajador social, hablamos sobre vacunas y como afectan al cuerpo humano y la inmunidad que generan. Explicamos que con las dos vacunas se genera una inmunidad de m\u00e1s del 90% pero comentamos que con la primera dosis la inmunidad ya es de un 50% m\u00e1s o menos. Adem\u00e1s, si antes de recibir la segunda vacuna enfermamos, seguramente la afectaci\u00f3n ser\u00e1 mucho m\u00e1s leve.<\/p>\n\n\n\n<p>El <a href=\"https:\/\/www.estelfitxers.com\/audio\/20210121-17_00ESGRANSERGRAN.MP3\">programa<\/a><a href=\"https:\/\/www.estelfitxers.com\/audio\/20210121-17_00ESGRANSERGRAN.MP3\" target=\"_blank\" rel=\"noreferrer noopener\"> del jueves<\/a><a href=\"https:\/\/www.estelfitxers.com\/audio\/20210121-17_00ESGRANSERGRAN.MP3\"> <\/a>lo iniciamos como terminamos el programa del mi\u00e9rcoles, hablando de vacunas y que hay que intentar limitar al m\u00e1ximo las visitas a las residencias sobretodo entre que se ha recibido la primera y la segunda vacuna. Un impas en el que todav\u00eda podemos contagiarnos.<\/p>\n\n\n\n<p>A continuaci\u00f3n, en los minutos para la entrevista hablamos con Joan Carles Oliv\u00e9, coordinador de enfermer\u00eda de la<a href=\"https:\/\/www.inforesidencias.com\/centros\/residencia\/10508\/residencia-para-mayores-amavir-horta\"> residencia Amavir <\/a><a href=\"https:\/\/www.inforesidencias.com\/centros\/residencia\/10508\/residencia-para-mayores-amavir-horta\" target=\"_blank\" rel=\"noreferrer noopener\">Horta<\/a>. Empezamos conversando acerca de cuando recibieron la primera dosis de la vacuna en la residencia, hace ya algunas semanas. Una dosis que se administr\u00f3 a residentes y trabajadores y nadie de ellos tuvo efectos secundarios. Joan Carles opin\u00f3 que ahora mismo cree que no hay ahora mismo lugar m\u00e1s seguro en que una residencia de mayores. Una clara muestra de ello, a parte de las vacunas, fue su explicaci\u00f3n de como est\u00e1 organizado ahora el centro de Amavir y es que lo tienen todo sectorizado por unidades de convivencia para que todo sea todav\u00eda m\u00e1s seguro.<\/p>\n\n\n\n<p>De la residencia tambi\u00e9n nos acompa\u00f1\u00f3 una residente, la Sra. Elisa Asins. Ella nos explic\u00f3 como ha sido su d\u00eda, en la residencia. Un d\u00eda que esta muy lejos de ser aburrido ya que Elisa no ha parado en toda la jornada. Ella entr\u00f3 a vivir en la residencia hace un a\u00f1o, un mes y poco antes de que \u201cestallar\u00e1 la pandemia\u201d relat\u00f3. Hab\u00eda tenido una ca\u00edda y estaba nmuy afectada y ahora est\u00e1 mucho mejor gracias a la recuperaci\u00f3n en la residencia<\/p>\n\n\n\n<p>En la recta final del programa, en la consulta del trabajador social, despu\u00e9s de la bolsa de empleo, hablamos sobre las nuevas normas de la Generalitat sobre las visitas y salidas en residencias de mayores. Explicamos que, a partir de ahora, la persona que quiera ir a ver a un familiar que vive en una residencia debe realizarse una prueba r\u00e1pida de Covid en la propia residencia y si es positiva no se podr\u00e1 entrar en el centro. Por otro lado, durante unas semanas se proh\u00edben las salidas de menos de 3 d\u00edas.<\/p>\n\n\n\n<p>Descubre otras alternativas a las residencias como las <a href=\"https:\/\/www.inforesidencias.com\/contenidos\/mayores-y-familia\/nacional\/vivienda-para-mayores\">viviendas con se<\/a><a href=\"https:\/\/www.inforesidencias.com\/contenidos\/mayores-y-familia\/nacional\/vivienda-para-mayores\" target=\"_blank\" rel=\"noreferrer noopener\">rvicios<\/a><\/p>\n","protected":false},"excerpt":{"rendered":"<p>El programa del mi\u00e9rcoles de \u201c\u00c9s gran ser gran\u201d lo empezamos hablando de una noticia de \u00faltima hora sobre una explosi\u00f3n de un edificio en el centro de Madrid. Hablamos tambi\u00e9n brevemente de los plazos que est\u00e1n previstos para vacunar a los diferentes sectores de la poblaci\u00f3n. En la entrevista del d\u00eda contamos Alejandro Ebrat, de Ebrat abogados. Nuestro experto \u201cde cabecera\u201d en testamentos y herencias nos habl\u00f3 esta vez sobre el hecho de evitar que ciertos familiares lleguen a percibir una parte de nuestra herencia. Nos dijo que una consulta frecuente era sobre este tema y sobre como evitar que cierta familia pol\u00edtica que no queremos reciba algo. Cont\u00f3 algunas formas de intentar evitar que estas situaciones puedan llegar a ocurrir y vimos que algunas de estas formas parecen de pel\u00edcula. No obstante, Alejandro Ebrat nos dijo que es m\u00e1s habitual de lo que pensamos. Tambi\u00e9n tuvimos tambi\u00e9n unos [&hellip;]<\/p>\n","protected":false},"author":2,"featured_media":3100,"comment_status":"open","ping_status":"open","sticky":false,"template":"","format":"standard","meta":{"footnotes":""},"categories":[1],"tags":[],"yoast_head":"<!-- This site is optimized with the Yoast SEO plugin v21.7 - https:\/\/yoast.com\/wordpress\/plugins\/seo\/ -->\n<title>Vacunas en Amavir y herencias condicionadas - Blog Inforesidencias.com<\/title>\n<meta name=\"description\" content=\"Hablamos con Alejandro Ebrat sobre herencias y con nuestros amigos de la residencia Amavir Horta sobre las vacunas que ya han recibido\" \/>\n<meta name=\"robots\" content=\"index, follow, max-snippet:-1, max-image-preview:large, max-video-preview:-1\" \/>\n<link rel=\"canonical\" href=\"https:\/\/www.inforesidencias.com\/blog\/index.php\/2021\/01\/22\/vacunas-en-amavir-y-herencias-condicionadas\/\" \/>\n<meta property=\"og:locale\" content=\"es_ES\" \/>\n<meta property=\"og:type\" content=\"article\" \/>\n<meta property=\"og:title\" content=\"Vacunas en Amavir y herencias condicionadas - Blog Inforesidencias.com\" \/>\n<meta property=\"og:description\" content=\"Hablamos con Alejandro Ebrat sobre herencias y con nuestros amigos de la residencia Amavir Horta sobre las vacunas que ya han recibido\" \/>\n<meta property=\"og:url\" content=\"https:\/\/www.inforesidencias.com\/blog\/index.php\/2021\/01\/22\/vacunas-en-amavir-y-herencias-condicionadas\/\" \/>\n<meta property=\"og:site_name\" content=\"Blog Inforesidencias.com\" \/>\n<meta property=\"article:publisher\" content=\"https:\/\/www.facebook.com\/Inforesidencias\/\" \/>\n<meta property=\"article:author\" content=\"https:\/\/www.facebook.com\/josep.demarti\" \/>\n<meta property=\"article:published_time\" content=\"2021-01-22T15:16:47+00:00\" \/>\n<meta property=\"article:modified_time\" content=\"2021-01-22T15:16:49+00:00\" \/>\n<meta property=\"og:image\" content=\"https:\/\/www.inforesidencias.com\/blog\/wp-content\/uploads\/2020\/04\/Coronavirus-en-las-residencias-de-mayores1.png\" \/>\n\t<meta property=\"og:image:width\" content=\"400\" \/>\n\t<meta property=\"og:image:height\" content=\"322\" \/>\n\t<meta property=\"og:image:type\" content=\"image\/png\" \/>\n<meta name=\"author\" content=\"Josep de Mart\u00ed\" \/>\n<meta name=\"twitter:card\" content=\"summary_large_image\" \/>\n<meta name=\"twitter:creator\" content=\"@blog-ir\" \/>\n<meta name=\"twitter:site\" content=\"@inforesidencias\" \/>\n<meta name=\"twitter:label1\" content=\"Escrito por\" \/>\n\t<meta name=\"twitter:data1\" content=\"Josep de Mart\u00ed\" \/>\n\t<meta name=\"twitter:label2\" content=\"Tiempo de lectura\" \/>\n\t<meta name=\"twitter:data2\" content=\"3 minutos\" \/>\n<script type=\"application\/ld+json\" class=\"yoast-schema-graph\">{\"@context\":\"https:\/\/schema.org\",\"@graph\":[{\"@type\":\"WebPage\",\"@id\":\"https:\/\/www.inforesidencias.com\/blog\/index.php\/2021\/01\/22\/vacunas-en-amavir-y-herencias-condicionadas\/\",\"url\":\"https:\/\/www.inforesidencias.com\/blog\/index.php\/2021\/01\/22\/vacunas-en-amavir-y-herencias-condicionadas\/\",\"name\":\"Vacunas en Amavir y herencias condicionadas - Blog Inforesidencias.com\",\"isPartOf\":{\"@id\":\"https:\/\/www.inforesidencias.com\/blog\/#website\"},\"datePublished\":\"2021-01-22T15:16:47+00:00\",\"dateModified\":\"2021-01-22T15:16:49+00:00\",\"author\":{\"@id\":\"https:\/\/www.inforesidencias.com\/blog\/#\/schema\/person\/9e146774d1eb3bc1c0316242a3898628\"},\"description\":\"Hablamos con Alejandro Ebrat sobre herencias y con nuestros amigos de la residencia Amavir Horta sobre las vacunas que ya han recibido\",\"breadcrumb\":{\"@id\":\"https:\/\/www.inforesidencias.com\/blog\/index.php\/2021\/01\/22\/vacunas-en-amavir-y-herencias-condicionadas\/#breadcrumb\"},\"inLanguage\":\"es\",\"potentialAction\":[{\"@type\":\"ReadAction\",\"target\":[\"https:\/\/www.inforesidencias.com\/blog\/index.php\/2021\/01\/22\/vacunas-en-amavir-y-herencias-condicionadas\/\"]}]},{\"@type\":\"BreadcrumbList\",\"@id\":\"https:\/\/www.inforesidencias.com\/blog\/index.php\/2021\/01\/22\/vacunas-en-amavir-y-herencias-condicionadas\/#breadcrumb\",\"itemListElement\":[{\"@type\":\"ListItem\",\"position\":1,\"name\":\"Home\",\"item\":\"https:\/\/www.inforesidencias.com\/blog\/\"},{\"@type\":\"ListItem\",\"position\":2,\"name\":\"Vacunas en Amavir y herencias condicionadas\"}]},{\"@type\":\"WebSite\",\"@id\":\"https:\/\/www.inforesidencias.com\/blog\/#website\",\"url\":\"https:\/\/www.inforesidencias.com\/blog\/\",\"name\":\"Blog Inforesidencias.com\",\"description\":\"El buscador de residencias de la 3\u00aa edad\",\"potentialAction\":[{\"@type\":\"SearchAction\",\"target\":{\"@type\":\"EntryPoint\",\"urlTemplate\":\"https:\/\/www.inforesidencias.com\/blog\/?s={search_term_string}\"},\"query-input\":\"required name=search_term_string\"}],\"inLanguage\":\"es\"},{\"@type\":\"Person\",\"@id\":\"https:\/\/www.inforesidencias.com\/blog\/#\/schema\/person\/9e146774d1eb3bc1c0316242a3898628\",\"name\":\"Josep de Mart\u00ed\",\"image\":{\"@type\":\"ImageObject\",\"inLanguage\":\"es\",\"@id\":\"https:\/\/www.inforesidencias.com\/blog\/#\/schema\/person\/image\/\",\"url\":\"https:\/\/secure.gravatar.com\/avatar\/de0302c4806c00c4cebff396a798c1ff?s=96&d=mm&r=g\",\"contentUrl\":\"https:\/\/secure.gravatar.com\/avatar\/de0302c4806c00c4cebff396a798c1ff?s=96&d=mm&r=g\",\"caption\":\"Josep de Mart\u00ed\"},\"sameAs\":[\"https:\/\/www.inforesidencias.com\",\"https:\/\/www.facebook.com\/josep.demarti\",\"https:\/\/twitter.com\/blog-ir\"],\"url\":\"https:\/\/www.inforesidencias.com\/blog\/index.php\/author\/josepdemarti\/\"}]}<\/script>\n<!-- \/ Yoast SEO plugin. -->","yoast_head_json":{"title":"Vacunas en Amavir y herencias condicionadas - Blog Inforesidencias.com","description":"Hablamos con Alejandro Ebrat sobre herencias y con nuestros amigos de la residencia Amavir Horta sobre las vacunas que ya han recibido","robots":{"index":"index","follow":"follow","max-snippet":"max-snippet:-1","max-image-preview":"max-image-preview:large","max-video-preview":"max-video-preview:-1"},"canonical":"https:\/\/www.inforesidencias.com\/blog\/index.php\/2021\/01\/22\/vacunas-en-amavir-y-herencias-condicionadas\/","og_locale":"es_ES","og_type":"article","og_title":"Vacunas en Amavir y herencias condicionadas - Blog Inforesidencias.com","og_description":"Hablamos con Alejandro Ebrat sobre herencias y con nuestros amigos de la residencia Amavir Horta sobre las vacunas que ya han recibido","og_url":"https:\/\/www.inforesidencias.com\/blog\/index.php\/2021\/01\/22\/vacunas-en-amavir-y-herencias-condicionadas\/","og_site_name":"Blog Inforesidencias.com","article_publisher":"https:\/\/www.facebook.com\/Inforesidencias\/","article_author":"https:\/\/www.facebook.com\/josep.demarti","article_published_time":"2021-01-22T15:16:47+00:00","article_modified_time":"2021-01-22T15:16:49+00:00","og_image":[{"width":400,"height":322,"url":"https:\/\/www.inforesidencias.com\/blog\/wp-content\/uploads\/2020\/04\/Coronavirus-en-las-residencias-de-mayores1.png","type":"image\/png"}],"author":"Josep de Mart\u00ed","twitter_card":"summary_large_image","twitter_creator":"@blog-ir","twitter_site":"@inforesidencias","twitter_misc":{"Escrito por":"Josep de Mart\u00ed","Tiempo de lectura":"3 minutos"},"schema":{"@context":"https:\/\/schema.org","@graph":[{"@type":"WebPage","@id":"https:\/\/www.inforesidencias.com\/blog\/index.php\/2021\/01\/22\/vacunas-en-amavir-y-herencias-condicionadas\/","url":"https:\/\/www.inforesidencias.com\/blog\/index.php\/2021\/01\/22\/vacunas-en-amavir-y-herencias-condicionadas\/","name":"Vacunas en Amavir y herencias condicionadas - Blog Inforesidencias.com","isPartOf":{"@id":"https:\/\/www.inforesidencias.com\/blog\/#website"},"datePublished":"2021-01-22T15:16:47+00:00","dateModified":"2021-01-22T15:16:49+00:00","author":{"@id":"https:\/\/www.inforesidencias.com\/blog\/#\/schema\/person\/9e146774d1eb3bc1c0316242a3898628"},"description":"Hablamos con Alejandro Ebrat sobre herencias y con nuestros amigos de la residencia Amavir Horta sobre las vacunas que ya han recibido","breadcrumb":{"@id":"https:\/\/www.inforesidencias.com\/blog\/index.php\/2021\/01\/22\/vacunas-en-amavir-y-herencias-condicionadas\/#breadcrumb"},"inLanguage":"es","potentialAction":[{"@type":"ReadAction","target":["https:\/\/www.inforesidencias.com\/blog\/index.php\/2021\/01\/22\/vacunas-en-amavir-y-herencias-condicionadas\/"]}]},{"@type":"BreadcrumbList","@id":"https:\/\/www.inforesidencias.com\/blog\/index.php\/2021\/01\/22\/vacunas-en-amavir-y-herencias-condicionadas\/#breadcrumb","itemListElement":[{"@type":"ListItem","position":1,"name":"Home","item":"https:\/\/www.inforesidencias.com\/blog\/"},{"@type":"ListItem","position":2,"name":"Vacunas en Amavir y herencias condicionadas"}]},{"@type":"WebSite","@id":"https:\/\/www.inforesidencias.com\/blog\/#website","url":"https:\/\/www.inforesidencias.com\/blog\/","name":"Blog Inforesidencias.com","description":"El buscador de residencias de la 3\u00aa edad","potentialAction":[{"@type":"SearchAction","target":{"@type":"EntryPoint","urlTemplate":"https:\/\/www.inforesidencias.com\/blog\/?s={search_term_string}"},"query-input":"required name=search_term_string"}],"inLanguage":"es"},{"@type":"Person","@id":"https:\/\/www.inforesidencias.com\/blog\/#\/schema\/person\/9e146774d1eb3bc1c0316242a3898628","name":"Josep de Mart\u00ed","image":{"@type":"ImageObject","inLanguage":"es","@id":"https:\/\/www.inforesidencias.com\/blog\/#\/schema\/person\/image\/","url":"https:\/\/secure.gravatar.com\/avatar\/de0302c4806c00c4cebff396a798c1ff?s=96&d=mm&r=g","contentUrl":"https:\/\/secure.gravatar.com\/avatar\/de0302c4806c00c4cebff396a798c1ff?s=96&d=mm&r=g","caption":"Josep de Mart\u00ed"},"sameAs":["https:\/\/www.inforesidencias.com","https:\/\/www.facebook.com\/josep.demarti","https:\/\/twitter.com\/blog-ir"],"url":"https:\/\/www.inforesidencias.com\/blog\/index.php\/author\/josepdemarti\/"}]}},"_links":{"self":[{"href":"https:\/\/www.inforesidencias.com\/blog\/index.php\/wp-json\/wp\/v2\/posts\/3958"}],"collection":[{"href":"https:\/\/www.inforesidencias.com\/blog\/index.php\/wp-json\/wp\/v2\/posts"}],"about":[{"href":"https:\/\/www.inforesidencias.com\/blog\/index.php\/wp-json\/wp\/v2\/types\/post"}],"author":[{"embeddable":true,"href":"https:\/\/www.inforesidencias.com\/blog\/index.php\/wp-json\/wp\/v2\/users\/2"}],"replies":[{"embeddable":true,"href":"https:\/\/www.inforesidencias.com\/blog\/index.php\/wp-json\/wp\/v2\/comments?post=3958"}],"version-history":[{"count":5,"href":"https:\/\/www.inforesidencias.com\/blog\/index.php\/wp-json\/wp\/v2\/posts\/3958\/revisions"}],"predecessor-version":[{"id":3963,"href":"https:\/\/www.inforesidencias.com\/blog\/index.php\/wp-json\/wp\/v2\/posts\/3958\/revisions\/3963"}],"wp:featuredmedia":[{"embeddable":true,"href":"https:\/\/www.inforesidencias.com\/blog\/index.php\/wp-json\/wp\/v2\/media\/3100"}],"wp:attachment":[{"href":"https:\/\/www.inforesidencias.com\/blog\/index.php\/wp-json\/wp\/v2\/media?parent=3958"}],"wp:term":[{"taxonomy":"category","embeddable":true,"href":"https:\/\/www.inforesidencias.com\/blog\/index.php\/wp-json\/wp\/v2\/categories?post=3958"},{"taxonomy":"post_tag","embeddable":true,"href":"https:\/\/www.inforesidencias.com\/blog\/index.php\/wp-json\/wp\/v2\/tags?post=3958"}],"curies":[{"name":"wp","href":"https:\/\/api.w.org\/{rel}","templated":true}]}}