{"id":3974,"date":"2021-01-26T10:49:36","date_gmt":"2021-01-26T09:49:36","guid":{"rendered":"https:\/\/www.inforesidencias.com\/blog\/?p=3974"},"modified":"2021-01-26T10:49:38","modified_gmt":"2021-01-26T09:49:38","slug":"mejorar-la-consultoria-a-residencias-con-los-viajes-geroasistenciales","status":"publish","type":"post","link":"https:\/\/www.inforesidencias.com\/blog\/index.php\/2021\/01\/26\/mejorar-la-consultoria-a-residencias-con-los-viajes-geroasistenciales\/","title":{"rendered":"Mejorar la consultor\u00eda a residencias con los viajes geroasistenciales"},"content":{"rendered":"\n<p><\/p>\n\n\n\n<p>Inforesidencias ofrece el servicio de consultor\u00eda en residencias y otros servicios sociales a trav\u00e9s de EAI Consultor\u00eda en aspectos como planes de viabilidad, estudios de marketing, reformas o construcci\u00f3n de residencias (arquitectura), organizaci\u00f3n y gesti\u00f3n de personal etc. Para ello contamos con consultores expertos que llevan muchos a\u00f1os trabajando con nosotros y con una larga experiencia en el \u00e1mbito geroasistencial.<\/p>\n\n\n\n<figure class=\"wp-block-embed-youtube wp-block-embed is-type-video is-provider-youtube wp-embed-aspect-16-9 wp-has-aspect-ratio\"><div class=\"wp-block-embed__wrapper\">\n<iframe loading=\"lazy\" title=\"Xavier Paradell, consultor. Habla del viaje a Noruega para visitar residencias\" width=\"500\" height=\"281\" src=\"https:\/\/www.youtube.com\/embed\/DDyT7DrsgIc?feature=oembed\" frameborder=\"0\" allow=\"accelerometer; autoplay; clipboard-write; encrypted-media; gyroscope; picture-in-picture\" allowfullscreen><\/iframe>\n<\/div><\/figure>\n\n\n\n<p>En uno de los <a href=\"https:\/\/www.inforesidencias.com\/contenidos\/viajes\">viajes geroasistenciales al extranjero <\/a>que organizamos para saber como se trabaja en otras zonas de Europa en el sector de atenci\u00f3n a las personas mayores, nos acompa\u00f1\u00f3 uno de los principales consultores con el que trabajamos. \u00c9l es <a href=\"https:\/\/es.linkedin.com\/in\/paradell\">Xavier Pa<\/a><a rel=\"noreferrer noopener\" href=\"https:\/\/es.linkedin.com\/in\/paradell\" target=\"_blank\">radell, <\/a>licenciado en administraci\u00f3n y direcci\u00f3n de empresas. Xavier particip\u00f3 en un viaje que organizamos a Noruega en 2018 para conocer m\u00e1s de cerca como son los servicios dirigidos a la tercera edad en esa zona de Escandinavia. En uno de los d\u00edas en ese pa\u00eds, <a href=\"https:\/\/es.linkedin.com\/in\/josep-de-mart%C3%AD-vall%C3%A9s-84062836\">Josep de Marti, directo<\/a><a rel=\"noreferrer noopener\" href=\"https:\/\/es.linkedin.com\/in\/josep-de-mart%C3%AD-vall%C3%A9s-84062836\" target=\"_blank\">r de inforesidencias<\/a>, aprovech\u00f3 para hacerle una entrevista sobre su experiencia y aprendizaje en el pa\u00eds noruego.<\/p>\n\n\n\n<p>Xavier destac\u00f3 que aprende en los viajes que organiza inforesidencias y como le sirven luego estos aprendizajes para ofrecer sus servicios de consultor\u00eda a las residencias que lo soliciten. <\/p>\n\n\n\n<p>\u00bfNecesitas el<a href=\"https:\/\/www.inforesidencias.com\/contenidos\/profesionales\/nacional\/eai-consultoria\"> servici<\/a><a href=\"https:\/\/www.inforesidencias.com\/contenidos\/profesionales\/nacional\/eai-consultoria\" target=\"_blank\" rel=\"noreferrer noopener\">o de consultor\u00eda <\/a>para tu residencia?<\/p>\n\n\n\n<div class=\"wp-block-image\"><figure class=\"aligncenter size-large\"><img decoding=\"async\" loading=\"lazy\" width=\"259\" height=\"70\" src=\"https:\/\/www.inforesidencias.com\/blog\/wp-content\/uploads\/2021\/01\/images-eai-logo-2.gif\" alt=\"\" class=\"wp-image-3984\" \/><\/figure><\/div>\n\n\n\n<p>Xavier que, entre otros aspectos es experto en planes de viabilidad, opin\u00f3 acerca de la viabilidad econ\u00f3mica de hacer en Espa\u00f1a unidades de convivencia de 6 u 8 plazas a fin de potenciar la atenci\u00f3n centrada en la persona. Coment\u00f3 cual ser\u00eda el tama\u00f1o adecuado, los perfiles profesionales y las ratios necesarias en nuestro pa\u00eds. Otro aspecto que Xavier domina es la organizaci\u00f3n de personal y horarios.<\/p>\n\n\n\n<p>De este viaje, ya publicamos otro art\u00edculo hace un tiempo en el que pusimos un video sobre <a href=\"https:\/\/www.inforesidencias.com\/blog\/index.php\/2018\/10\/02\/espacios-significativos-en-una-residencia-de-noruega\/\">espacios singulares de una re<\/a><a href=\"https:\/\/www.inforesidencias.com\/blog\/index.php\/2018\/10\/02\/espacios-significativos-en-una-residencia-de-noruega\/\" target=\"_blank\" rel=\"noreferrer noopener\">sidencia noruega<\/a> en donde en el s\u00f3tano hicieron calles, restaurante y hasta un supermercado para los residentes.   En otras ocasiones otros consultores con los que trabajamos, como el arquitecto especializado en residencias <a href=\"https:\/\/es.linkedin.com\/in\/marc-trepat-carbonell-03445b44\">Marc T<\/a><a href=\"https:\/\/es.linkedin.com\/in\/marc-trepat-carbonell-03445b44\" target=\"_blank\" rel=\"noreferrer noopener\">repat,<\/a> han escrito art\u00edculos sobre arquitectura de servicios para mayores a partir de otros viajes. Uno de ellos sobre el <a href=\"https:\/\/www.inforesidencias.com\/blog\/index.php\/2016\/11\/20\/el-cohousing-para-mayores-en-estocolmo-la-vision-del-arquitecto-marc-trepat\/\">coh<\/a><a href=\"https:\/\/www.inforesidencias.com\/blog\/index.php\/2016\/11\/20\/el-cohousing-para-mayores-en-estocolmo-la-vision-del-arquitecto-marc-trepat\/\" target=\"_blank\" rel=\"noreferrer noopener\">ousing<\/a>.<\/p>\n","protected":false},"excerpt":{"rendered":"<p>Inforesidencias ofrece el servicio de consultor\u00eda en residencias y otros servicios sociales a trav\u00e9s de EAI Consultor\u00eda en aspectos como planes de viabilidad, estudios de marketing, reformas o construcci\u00f3n de residencias (arquitectura), organizaci\u00f3n y gesti\u00f3n de personal etc. Para ello contamos con consultores expertos que llevan muchos a\u00f1os trabajando con nosotros y con una larga experiencia en el \u00e1mbito geroasistencial. En uno de los viajes geroasistenciales al extranjero que organizamos para saber como se trabaja en otras zonas de Europa en el sector de atenci\u00f3n a las personas mayores, nos acompa\u00f1\u00f3 uno de los principales consultores con el que trabajamos. \u00c9l es Xavier Paradell, licenciado en administraci\u00f3n y direcci\u00f3n de empresas. Xavier particip\u00f3 en un viaje que organizamos a Noruega en 2018 para conocer m\u00e1s de cerca como son los servicios dirigidos a la tercera edad en esa zona de Escandinavia. En uno de los d\u00edas en ese pa\u00eds, Josep [&hellip;]<\/p>\n","protected":false},"author":2,"featured_media":3984,"comment_status":"open","ping_status":"open","sticky":false,"template":"","format":"standard","meta":{"footnotes":""},"categories":[1],"tags":[],"yoast_head":"<!-- This site is optimized with the Yoast SEO plugin v21.7 - https:\/\/yoast.com\/wordpress\/plugins\/seo\/ -->\n<title>Mejorar la consultor\u00eda a residencias con los viajes geroasistenciales - Blog Inforesidencias.com<\/title>\n<meta name=\"description\" content=\"Los consultores y el equipo de inforesidencias aprovechamos los viajes geroasistenciales para mejorar nuestros servicios de consultor\u00eda\" \/>\n<meta name=\"robots\" content=\"index, follow, max-snippet:-1, max-image-preview:large, max-video-preview:-1\" \/>\n<link rel=\"canonical\" href=\"https:\/\/www.inforesidencias.com\/blog\/index.php\/2021\/01\/26\/mejorar-la-consultoria-a-residencias-con-los-viajes-geroasistenciales\/\" \/>\n<meta property=\"og:locale\" content=\"es_ES\" \/>\n<meta property=\"og:type\" content=\"article\" \/>\n<meta property=\"og:title\" content=\"Mejorar la consultor\u00eda a residencias con los viajes geroasistenciales - Blog Inforesidencias.com\" \/>\n<meta property=\"og:description\" content=\"Los consultores y el equipo de inforesidencias aprovechamos los viajes geroasistenciales para mejorar nuestros servicios de consultor\u00eda\" \/>\n<meta property=\"og:url\" content=\"https:\/\/www.inforesidencias.com\/blog\/index.php\/2021\/01\/26\/mejorar-la-consultoria-a-residencias-con-los-viajes-geroasistenciales\/\" \/>\n<meta property=\"og:site_name\" content=\"Blog Inforesidencias.com\" \/>\n<meta property=\"article:publisher\" content=\"https:\/\/www.facebook.com\/Inforesidencias\/\" \/>\n<meta property=\"article:author\" content=\"https:\/\/www.facebook.com\/josep.demarti\" \/>\n<meta property=\"article:published_time\" content=\"2021-01-26T09:49:36+00:00\" \/>\n<meta property=\"article:modified_time\" content=\"2021-01-26T09:49:38+00:00\" \/>\n<meta property=\"og:image\" content=\"https:\/\/www.inforesidencias.com\/blog\/wp-content\/uploads\/2021\/01\/images-eai-logo-2.gif\" \/>\n\t<meta property=\"og:image:width\" content=\"259\" \/>\n\t<meta property=\"og:image:height\" content=\"70\" \/>\n\t<meta property=\"og:image:type\" content=\"image\/gif\" \/>\n<meta name=\"author\" content=\"Josep de Mart\u00ed\" \/>\n<meta name=\"twitter:card\" content=\"summary_large_image\" \/>\n<meta name=\"twitter:creator\" content=\"@blog-ir\" \/>\n<meta name=\"twitter:site\" content=\"@inforesidencias\" \/>\n<meta name=\"twitter:label1\" content=\"Escrito por\" \/>\n\t<meta name=\"twitter:data1\" content=\"Josep de Mart\u00ed\" \/>\n\t<meta name=\"twitter:label2\" content=\"Tiempo de lectura\" \/>\n\t<meta name=\"twitter:data2\" content=\"2 minutos\" \/>\n<script type=\"application\/ld+json\" class=\"yoast-schema-graph\">{\"@context\":\"https:\/\/schema.org\",\"@graph\":[{\"@type\":\"WebPage\",\"@id\":\"https:\/\/www.inforesidencias.com\/blog\/index.php\/2021\/01\/26\/mejorar-la-consultoria-a-residencias-con-los-viajes-geroasistenciales\/\",\"url\":\"https:\/\/www.inforesidencias.com\/blog\/index.php\/2021\/01\/26\/mejorar-la-consultoria-a-residencias-con-los-viajes-geroasistenciales\/\",\"name\":\"Mejorar la consultor\u00eda a residencias con los viajes geroasistenciales - Blog Inforesidencias.com\",\"isPartOf\":{\"@id\":\"https:\/\/www.inforesidencias.com\/blog\/#website\"},\"datePublished\":\"2021-01-26T09:49:36+00:00\",\"dateModified\":\"2021-01-26T09:49:38+00:00\",\"author\":{\"@id\":\"https:\/\/www.inforesidencias.com\/blog\/#\/schema\/person\/9e146774d1eb3bc1c0316242a3898628\"},\"description\":\"Los consultores y el equipo de inforesidencias aprovechamos los viajes geroasistenciales para mejorar nuestros servicios de consultor\u00eda\",\"breadcrumb\":{\"@id\":\"https:\/\/www.inforesidencias.com\/blog\/index.php\/2021\/01\/26\/mejorar-la-consultoria-a-residencias-con-los-viajes-geroasistenciales\/#breadcrumb\"},\"inLanguage\":\"es\",\"potentialAction\":[{\"@type\":\"ReadAction\",\"target\":[\"https:\/\/www.inforesidencias.com\/blog\/index.php\/2021\/01\/26\/mejorar-la-consultoria-a-residencias-con-los-viajes-geroasistenciales\/\"]}]},{\"@type\":\"BreadcrumbList\",\"@id\":\"https:\/\/www.inforesidencias.com\/blog\/index.php\/2021\/01\/26\/mejorar-la-consultoria-a-residencias-con-los-viajes-geroasistenciales\/#breadcrumb\",\"itemListElement\":[{\"@type\":\"ListItem\",\"position\":1,\"name\":\"Home\",\"item\":\"https:\/\/www.inforesidencias.com\/blog\/\"},{\"@type\":\"ListItem\",\"position\":2,\"name\":\"Mejorar la consultor\u00eda a residencias con los viajes geroasistenciales\"}]},{\"@type\":\"WebSite\",\"@id\":\"https:\/\/www.inforesidencias.com\/blog\/#website\",\"url\":\"https:\/\/www.inforesidencias.com\/blog\/\",\"name\":\"Blog Inforesidencias.com\",\"description\":\"El buscador de residencias de la 3\u00aa edad\",\"potentialAction\":[{\"@type\":\"SearchAction\",\"target\":{\"@type\":\"EntryPoint\",\"urlTemplate\":\"https:\/\/www.inforesidencias.com\/blog\/?s={search_term_string}\"},\"query-input\":\"required name=search_term_string\"}],\"inLanguage\":\"es\"},{\"@type\":\"Person\",\"@id\":\"https:\/\/www.inforesidencias.com\/blog\/#\/schema\/person\/9e146774d1eb3bc1c0316242a3898628\",\"name\":\"Josep de Mart\u00ed\",\"image\":{\"@type\":\"ImageObject\",\"inLanguage\":\"es\",\"@id\":\"https:\/\/www.inforesidencias.com\/blog\/#\/schema\/person\/image\/\",\"url\":\"https:\/\/secure.gravatar.com\/avatar\/de0302c4806c00c4cebff396a798c1ff?s=96&d=mm&r=g\",\"contentUrl\":\"https:\/\/secure.gravatar.com\/avatar\/de0302c4806c00c4cebff396a798c1ff?s=96&d=mm&r=g\",\"caption\":\"Josep de Mart\u00ed\"},\"sameAs\":[\"https:\/\/www.inforesidencias.com\",\"https:\/\/www.facebook.com\/josep.demarti\",\"https:\/\/twitter.com\/blog-ir\"],\"url\":\"https:\/\/www.inforesidencias.com\/blog\/index.php\/author\/josepdemarti\/\"}]}<\/script>\n<!-- \/ Yoast SEO plugin. -->","yoast_head_json":{"title":"Mejorar la consultor\u00eda a residencias con los viajes geroasistenciales - Blog Inforesidencias.com","description":"Los consultores y el equipo de inforesidencias aprovechamos los viajes geroasistenciales para mejorar nuestros servicios de consultor\u00eda","robots":{"index":"index","follow":"follow","max-snippet":"max-snippet:-1","max-image-preview":"max-image-preview:large","max-video-preview":"max-video-preview:-1"},"canonical":"https:\/\/www.inforesidencias.com\/blog\/index.php\/2021\/01\/26\/mejorar-la-consultoria-a-residencias-con-los-viajes-geroasistenciales\/","og_locale":"es_ES","og_type":"article","og_title":"Mejorar la consultor\u00eda a residencias con los viajes geroasistenciales - Blog Inforesidencias.com","og_description":"Los consultores y el equipo de inforesidencias aprovechamos los viajes geroasistenciales para mejorar nuestros servicios de consultor\u00eda","og_url":"https:\/\/www.inforesidencias.com\/blog\/index.php\/2021\/01\/26\/mejorar-la-consultoria-a-residencias-con-los-viajes-geroasistenciales\/","og_site_name":"Blog Inforesidencias.com","article_publisher":"https:\/\/www.facebook.com\/Inforesidencias\/","article_author":"https:\/\/www.facebook.com\/josep.demarti","article_published_time":"2021-01-26T09:49:36+00:00","article_modified_time":"2021-01-26T09:49:38+00:00","og_image":[{"width":259,"height":70,"url":"https:\/\/www.inforesidencias.com\/blog\/wp-content\/uploads\/2021\/01\/images-eai-logo-2.gif","type":"image\/gif"}],"author":"Josep de Mart\u00ed","twitter_card":"summary_large_image","twitter_creator":"@blog-ir","twitter_site":"@inforesidencias","twitter_misc":{"Escrito por":"Josep de Mart\u00ed","Tiempo de lectura":"2 minutos"},"schema":{"@context":"https:\/\/schema.org","@graph":[{"@type":"WebPage","@id":"https:\/\/www.inforesidencias.com\/blog\/index.php\/2021\/01\/26\/mejorar-la-consultoria-a-residencias-con-los-viajes-geroasistenciales\/","url":"https:\/\/www.inforesidencias.com\/blog\/index.php\/2021\/01\/26\/mejorar-la-consultoria-a-residencias-con-los-viajes-geroasistenciales\/","name":"Mejorar la consultor\u00eda a residencias con los viajes geroasistenciales - Blog Inforesidencias.com","isPartOf":{"@id":"https:\/\/www.inforesidencias.com\/blog\/#website"},"datePublished":"2021-01-26T09:49:36+00:00","dateModified":"2021-01-26T09:49:38+00:00","author":{"@id":"https:\/\/www.inforesidencias.com\/blog\/#\/schema\/person\/9e146774d1eb3bc1c0316242a3898628"},"description":"Los consultores y el equipo de inforesidencias aprovechamos los viajes geroasistenciales para mejorar nuestros servicios de consultor\u00eda","breadcrumb":{"@id":"https:\/\/www.inforesidencias.com\/blog\/index.php\/2021\/01\/26\/mejorar-la-consultoria-a-residencias-con-los-viajes-geroasistenciales\/#breadcrumb"},"inLanguage":"es","potentialAction":[{"@type":"ReadAction","target":["https:\/\/www.inforesidencias.com\/blog\/index.php\/2021\/01\/26\/mejorar-la-consultoria-a-residencias-con-los-viajes-geroasistenciales\/"]}]},{"@type":"BreadcrumbList","@id":"https:\/\/www.inforesidencias.com\/blog\/index.php\/2021\/01\/26\/mejorar-la-consultoria-a-residencias-con-los-viajes-geroasistenciales\/#breadcrumb","itemListElement":[{"@type":"ListItem","position":1,"name":"Home","item":"https:\/\/www.inforesidencias.com\/blog\/"},{"@type":"ListItem","position":2,"name":"Mejorar la consultor\u00eda a residencias con los viajes geroasistenciales"}]},{"@type":"WebSite","@id":"https:\/\/www.inforesidencias.com\/blog\/#website","url":"https:\/\/www.inforesidencias.com\/blog\/","name":"Blog Inforesidencias.com","description":"El buscador de residencias de la 3\u00aa edad","potentialAction":[{"@type":"SearchAction","target":{"@type":"EntryPoint","urlTemplate":"https:\/\/www.inforesidencias.com\/blog\/?s={search_term_string}"},"query-input":"required name=search_term_string"}],"inLanguage":"es"},{"@type":"Person","@id":"https:\/\/www.inforesidencias.com\/blog\/#\/schema\/person\/9e146774d1eb3bc1c0316242a3898628","name":"Josep de Mart\u00ed","image":{"@type":"ImageObject","inLanguage":"es","@id":"https:\/\/www.inforesidencias.com\/blog\/#\/schema\/person\/image\/","url":"https:\/\/secure.gravatar.com\/avatar\/de0302c4806c00c4cebff396a798c1ff?s=96&d=mm&r=g","contentUrl":"https:\/\/secure.gravatar.com\/avatar\/de0302c4806c00c4cebff396a798c1ff?s=96&d=mm&r=g","caption":"Josep de Mart\u00ed"},"sameAs":["https:\/\/www.inforesidencias.com","https:\/\/www.facebook.com\/josep.demarti","https:\/\/twitter.com\/blog-ir"],"url":"https:\/\/www.inforesidencias.com\/blog\/index.php\/author\/josepdemarti\/"}]}},"_links":{"self":[{"href":"https:\/\/www.inforesidencias.com\/blog\/index.php\/wp-json\/wp\/v2\/posts\/3974"}],"collection":[{"href":"https:\/\/www.inforesidencias.com\/blog\/index.php\/wp-json\/wp\/v2\/posts"}],"about":[{"href":"https:\/\/www.inforesidencias.com\/blog\/index.php\/wp-json\/wp\/v2\/types\/post"}],"author":[{"embeddable":true,"href":"https:\/\/www.inforesidencias.com\/blog\/index.php\/wp-json\/wp\/v2\/users\/2"}],"replies":[{"embeddable":true,"href":"https:\/\/www.inforesidencias.com\/blog\/index.php\/wp-json\/wp\/v2\/comments?post=3974"}],"version-history":[{"count":10,"href":"https:\/\/www.inforesidencias.com\/blog\/index.php\/wp-json\/wp\/v2\/posts\/3974\/revisions"}],"predecessor-version":[{"id":3986,"href":"https:\/\/www.inforesidencias.com\/blog\/index.php\/wp-json\/wp\/v2\/posts\/3974\/revisions\/3986"}],"wp:featuredmedia":[{"embeddable":true,"href":"https:\/\/www.inforesidencias.com\/blog\/index.php\/wp-json\/wp\/v2\/media\/3984"}],"wp:attachment":[{"href":"https:\/\/www.inforesidencias.com\/blog\/index.php\/wp-json\/wp\/v2\/media?parent=3974"}],"wp:term":[{"taxonomy":"category","embeddable":true,"href":"https:\/\/www.inforesidencias.com\/blog\/index.php\/wp-json\/wp\/v2\/categories?post=3974"},{"taxonomy":"post_tag","embeddable":true,"href":"https:\/\/www.inforesidencias.com\/blog\/index.php\/wp-json\/wp\/v2\/tags?post=3974"}],"curies":[{"name":"wp","href":"https:\/\/api.w.org\/{rel}","templated":true}]}}