{"id":3993,"date":"2021-01-29T12:42:28","date_gmt":"2021-01-29T11:42:28","guid":{"rendered":"https:\/\/www.inforesidencias.com\/blog\/?p=3993"},"modified":"2021-01-29T12:43:04","modified_gmt":"2021-01-29T11:43:04","slug":"la-romanica-de-barbera-del-valles-y-la-fundacion-domusvi","status":"publish","type":"post","link":"https:\/\/www.inforesidencias.com\/blog\/index.php\/2021\/01\/29\/la-romanica-de-barbera-del-valles-y-la-fundacion-domusvi\/","title":{"rendered":"La Rom\u00e0nica de Barber\u00e0 del Vall\u00e8s y la Fundaci\u00f3n DomusVi"},"content":{"rendered":"\n<p><\/p>\n\n\n\n<p><\/p>\n\n\n\n<p>El <a href=\"https:\/\/www.estelfitxers.com\/audio\/20210127-17_00ESGRANSERGRAN.MP3\">progra<\/a><a rel=\"noreferrer noopener\" href=\"https:\/\/www.estelfitxers.com\/audio\/20210127-17_00ESGRANSERGRAN.MP3\" target=\"_blank\">ma del mi\u00e9rcoles <\/a>por la tarde lo empezamos explicando la posibilidad de con los muertos a trav\u00e9s de la tecnolog\u00eda. Josep cont\u00f3 que est\u00e1n surgiendo sistemas de inteligencia artificial que permiten estas \u201cproezas\u201d que aun nos asustan un poco a todos. No obstante, conseguimos sacarle un buen uso comentando que podr\u00eda utilizarse quiz\u00e1 con personas con alzheimer para recordar a personas de su entorno que ya no est\u00e1n con ellos.<\/p>\n\n\n\n<p>La entrevista del d\u00eda la empezamos con Georgina Ramos, directora de la residencia la <a href=\"https:\/\/www.inforesidencias.com\/centros\/residencia\/12774\/residencia-i-centre-de-dia-la-romanica\" target=\"_blank\" rel=\"noreferrer noopener\">Rom\u00e0nica de Barber\u00e1 del Vall\u00e9s<\/a>. La residencia la Rom\u00e0nica es un peque\u00f1o centro familiar de 25 plazas en el casco antiguo y que algunas personas han definido como un peque\u00f1o hotel con mucha luz.<\/p>\n\n\n\n<p>Nos dijo Georgina que a principios de enero recibido la primera dosis de la vacuna y que est\u00e1n esperando recibir la segunda. A continuaci\u00f3n, nos dijo como est\u00e1n procediendo a la hora de hacer los ingresos de nuevas personas que vayan a vivir en la residencia. Adem\u00e1s, en su caso no han tenido ning\u00fan caso de Covid.<\/p>\n\n\n\n<p>Seguidamente hablamos con una residente,  Encarna Rodriguez. Ella dio un mensaje a quienes est\u00e1n pensando en ir a vivir en una residencia para animar a dar el paso y no tener miedo si realmente lo necesitan. Continu\u00f3 hablando de como es un d\u00eda en la residencia, y la verdad es que Encarna (aunque imaginamos que como muchos otros residentes) no para quieta.<\/p>\n\n\n\n<p>En la consulta del trabajador social, despu\u00e9s de la bolsa de empleo, hablamos sobre algunos consejos a tener en cuenta la hora de escoger la residencia de mayores en la que queremos vivir o en la que va a vivir un ser querido. Pero esta vez los consejos fueron centrados en aspectos a tener en cuenta en tiempos de Covid19. Unas recomendaciones que esperemos no necesitar en un futuro pr\u00f3ximo pero que en la actualidad son muy importantes.<\/p>\n\n\n\n<p>El inicio del <a href=\"https:\/\/www.estelfitxers.com\/audio\/20210128-17_00ESGRANSERGRAN.MP3\">programa <\/a><a href=\"https:\/\/www.estelfitxers.com\/audio\/20210128-17_00ESGRANSERGRAN.MP3\" target=\"_blank\" rel=\"noreferrer noopener\">del jueves<\/a> tambi\u00e9n lo iniciamos hablando, al igual que el d\u00eda anterior, de tecnolog\u00eda. Recordamos las palabras del experto en tecnolog\u00eda y tercera edad Juan Pablo Correa sobre los edificios o residencias que \u00absienten\u00bb. Josep de Marti explic\u00f3 alguna de las ventajas que tendr\u00edan estos edificios y como podr\u00edamos atender y cuidar mejor a una persona gracias a la inteligencia artificial.<\/p>\n\n\n\n<div class=\"wp-block-image\"><figure class=\"alignleft size-large is-resized\"><a href=\"https:\/\/www.domustree.es\/\"><img decoding=\"async\" loading=\"lazy\" src=\"https:\/\/www.inforesidencias.com\/blog\/wp-content\/uploads\/2021\/01\/domusvi-domustree.png\" alt=\"\" class=\"wp-image-4001\" width=\"215\" height=\"158\" srcset=\"https:\/\/www.inforesidencias.com\/blog\/wp-content\/uploads\/2021\/01\/domusvi-domustree.png 300w, https:\/\/www.inforesidencias.com\/blog\/wp-content\/uploads\/2021\/01\/domusvi-domustree-260x190.png 260w\" sizes=\"(max-width: 215px) 100vw, 215px\" \/><\/a><\/figure><\/div>\n\n\n\n<p>En el tiempo para la entrevista contamos con Javier Jimenez, director de la <a href=\"https:\/\/www.domusvi.es\/fundacion-domusvi-el-alma-social\/\" target=\"_blank\" rel=\"noreferrer noopener\">Fundaci\u00f3n DomusVi.<\/a> Javier nos habl\u00f3 de los objetivos de la Fundaci\u00f3n DomusVi y las grandes \u00e1reas en que se enfoca: Innovaci\u00f3n,  Acci\u00f3n social, Formaci\u00f3n de su personal directivo en un convenio con la Universidad de Barcelona y su comit\u00e9 de \u00e9tica. En este comit\u00e9 \u00faltimamente han debatido bastante situaciones que se encontraban en sus centros sobre p<a href=\"https:\/\/www.inforesidencias.com\/blog\/index.php\/2020\/12\/28\/covid-19-pueden-obligarnos-a-ponernos-la-vacuna\/\">ersonas que se negaban a recibir la vacuna contra la C<\/a><a href=\"https:\/\/www.inforesidencias.com\/blog\/index.php\/2020\/12\/28\/covid-19-pueden-obligarnos-a-ponernos-la-vacuna\/\" target=\"_blank\" rel=\"noreferrer noopener\">ovid19.<\/a> Finalmente hablamos de su iniciativa <a href=\"https:\/\/www.domustree.es\/\">Dom<\/a><a href=\"https:\/\/www.domustree.es\/\" target=\"_blank\" rel=\"noreferrer noopener\">usTree <\/a>de llegar a plantar 10.000 \u00e1rboles en homenaje a los fallecidos por la pandemia.<\/p>\n\n\n\n<p>En los minutos finales de emisi\u00f3n, en la consulta del trabajador social respondimos una pregunta de una oyente sobre cuando se restablecer\u00edan las salidas al exterior de las residencias para aquellas personas que viven en centros en los que ya han recibido las dos dosis de la vacunas.<\/p>\n\n\n\n<p>Descubre algunas de las <a href=\"https:\/\/www.inforesidencias.com\/centros\/buscador\/directorio\/grupos\/grupo-domusvi\">residencia<\/a><a href=\"https:\/\/www.inforesidencias.com\/centros\/buscador\/directorio\/grupos\/grupo-domusvi\" target=\"_blank\" rel=\"noreferrer noopener\">s DomusVi en Espa\u00f1a<\/a><\/p>\n","protected":false},"excerpt":{"rendered":"<p>El programa del mi\u00e9rcoles por la tarde lo empezamos explicando la posibilidad de con los muertos a trav\u00e9s de la tecnolog\u00eda. Josep cont\u00f3 que est\u00e1n surgiendo sistemas de inteligencia artificial que permiten estas \u201cproezas\u201d que aun nos asustan un poco a todos. No obstante, conseguimos sacarle un buen uso comentando que podr\u00eda utilizarse quiz\u00e1 con personas con alzheimer para recordar a personas de su entorno que ya no est\u00e1n con ellos. La entrevista del d\u00eda la empezamos con Georgina Ramos, directora de la residencia la Rom\u00e0nica de Barber\u00e1 del Vall\u00e9s. La residencia la Rom\u00e0nica es un peque\u00f1o centro familiar de 25 plazas en el casco antiguo y que algunas personas han definido como un peque\u00f1o hotel con mucha luz. Nos dijo Georgina que a principios de enero recibido la primera dosis de la vacuna y que est\u00e1n esperando recibir la segunda. A continuaci\u00f3n, nos dijo como est\u00e1n procediendo a la [&hellip;]<\/p>\n","protected":false},"author":2,"featured_media":3100,"comment_status":"open","ping_status":"open","sticky":false,"template":"","format":"standard","meta":{"footnotes":""},"categories":[1],"tags":[],"yoast_head":"<!-- This site is optimized with the Yoast SEO plugin v21.7 - https:\/\/yoast.com\/wordpress\/plugins\/seo\/ -->\n<title>La Rom\u00e0nica de Barber\u00e0 del Vall\u00e8s y la Fundaci\u00f3n DomusVi - Blog Inforesidencias.com<\/title>\n<meta name=\"description\" content=\"Esta semana hemos hablado con invitados de la residencia la Rom\u00e0nica, de Barber\u00e0 del Vall\u00e8s, y con el Director del a Fundaci\u00f3n DomusVi\" \/>\n<meta name=\"robots\" content=\"index, follow, max-snippet:-1, max-image-preview:large, max-video-preview:-1\" \/>\n<link rel=\"canonical\" href=\"https:\/\/www.inforesidencias.com\/blog\/index.php\/2021\/01\/29\/la-romanica-de-barbera-del-valles-y-la-fundacion-domusvi\/\" \/>\n<meta property=\"og:locale\" content=\"es_ES\" \/>\n<meta property=\"og:type\" content=\"article\" \/>\n<meta property=\"og:title\" content=\"La Rom\u00e0nica de Barber\u00e0 del Vall\u00e8s y la Fundaci\u00f3n DomusVi - Blog Inforesidencias.com\" \/>\n<meta property=\"og:description\" content=\"Esta semana hemos hablado con invitados de la residencia la Rom\u00e0nica, de Barber\u00e0 del Vall\u00e8s, y con el Director del a Fundaci\u00f3n DomusVi\" \/>\n<meta property=\"og:url\" content=\"https:\/\/www.inforesidencias.com\/blog\/index.php\/2021\/01\/29\/la-romanica-de-barbera-del-valles-y-la-fundacion-domusvi\/\" \/>\n<meta property=\"og:site_name\" content=\"Blog Inforesidencias.com\" \/>\n<meta property=\"article:publisher\" content=\"https:\/\/www.facebook.com\/Inforesidencias\/\" \/>\n<meta property=\"article:author\" content=\"https:\/\/www.facebook.com\/josep.demarti\" \/>\n<meta property=\"article:published_time\" content=\"2021-01-29T11:42:28+00:00\" \/>\n<meta property=\"article:modified_time\" content=\"2021-01-29T11:43:04+00:00\" \/>\n<meta property=\"og:image\" content=\"https:\/\/www.inforesidencias.com\/blog\/wp-content\/uploads\/2020\/04\/Coronavirus-en-las-residencias-de-mayores1.png\" \/>\n\t<meta property=\"og:image:width\" content=\"400\" \/>\n\t<meta property=\"og:image:height\" content=\"322\" \/>\n\t<meta property=\"og:image:type\" content=\"image\/png\" \/>\n<meta name=\"author\" content=\"Josep de Mart\u00ed\" \/>\n<meta name=\"twitter:card\" content=\"summary_large_image\" \/>\n<meta name=\"twitter:creator\" content=\"@blog-ir\" \/>\n<meta name=\"twitter:site\" content=\"@inforesidencias\" \/>\n<meta name=\"twitter:label1\" content=\"Escrito por\" \/>\n\t<meta name=\"twitter:data1\" content=\"Josep de Mart\u00ed\" \/>\n\t<meta name=\"twitter:label2\" content=\"Tiempo de lectura\" \/>\n\t<meta name=\"twitter:data2\" content=\"3 minutos\" \/>\n<script type=\"application\/ld+json\" class=\"yoast-schema-graph\">{\"@context\":\"https:\/\/schema.org\",\"@graph\":[{\"@type\":\"WebPage\",\"@id\":\"https:\/\/www.inforesidencias.com\/blog\/index.php\/2021\/01\/29\/la-romanica-de-barbera-del-valles-y-la-fundacion-domusvi\/\",\"url\":\"https:\/\/www.inforesidencias.com\/blog\/index.php\/2021\/01\/29\/la-romanica-de-barbera-del-valles-y-la-fundacion-domusvi\/\",\"name\":\"La Rom\u00e0nica de Barber\u00e0 del Vall\u00e8s y la Fundaci\u00f3n DomusVi - Blog Inforesidencias.com\",\"isPartOf\":{\"@id\":\"https:\/\/www.inforesidencias.com\/blog\/#website\"},\"datePublished\":\"2021-01-29T11:42:28+00:00\",\"dateModified\":\"2021-01-29T11:43:04+00:00\",\"author\":{\"@id\":\"https:\/\/www.inforesidencias.com\/blog\/#\/schema\/person\/9e146774d1eb3bc1c0316242a3898628\"},\"description\":\"Esta semana hemos hablado con invitados de la residencia la Rom\u00e0nica, de Barber\u00e0 del Vall\u00e8s, y con el Director del a Fundaci\u00f3n DomusVi\",\"breadcrumb\":{\"@id\":\"https:\/\/www.inforesidencias.com\/blog\/index.php\/2021\/01\/29\/la-romanica-de-barbera-del-valles-y-la-fundacion-domusvi\/#breadcrumb\"},\"inLanguage\":\"es\",\"potentialAction\":[{\"@type\":\"ReadAction\",\"target\":[\"https:\/\/www.inforesidencias.com\/blog\/index.php\/2021\/01\/29\/la-romanica-de-barbera-del-valles-y-la-fundacion-domusvi\/\"]}]},{\"@type\":\"BreadcrumbList\",\"@id\":\"https:\/\/www.inforesidencias.com\/blog\/index.php\/2021\/01\/29\/la-romanica-de-barbera-del-valles-y-la-fundacion-domusvi\/#breadcrumb\",\"itemListElement\":[{\"@type\":\"ListItem\",\"position\":1,\"name\":\"Home\",\"item\":\"https:\/\/www.inforesidencias.com\/blog\/\"},{\"@type\":\"ListItem\",\"position\":2,\"name\":\"La Rom\u00e0nica de Barber\u00e0 del Vall\u00e8s y la Fundaci\u00f3n DomusVi\"}]},{\"@type\":\"WebSite\",\"@id\":\"https:\/\/www.inforesidencias.com\/blog\/#website\",\"url\":\"https:\/\/www.inforesidencias.com\/blog\/\",\"name\":\"Blog Inforesidencias.com\",\"description\":\"El buscador de residencias de la 3\u00aa edad\",\"potentialAction\":[{\"@type\":\"SearchAction\",\"target\":{\"@type\":\"EntryPoint\",\"urlTemplate\":\"https:\/\/www.inforesidencias.com\/blog\/?s={search_term_string}\"},\"query-input\":\"required name=search_term_string\"}],\"inLanguage\":\"es\"},{\"@type\":\"Person\",\"@id\":\"https:\/\/www.inforesidencias.com\/blog\/#\/schema\/person\/9e146774d1eb3bc1c0316242a3898628\",\"name\":\"Josep de Mart\u00ed\",\"image\":{\"@type\":\"ImageObject\",\"inLanguage\":\"es\",\"@id\":\"https:\/\/www.inforesidencias.com\/blog\/#\/schema\/person\/image\/\",\"url\":\"https:\/\/secure.gravatar.com\/avatar\/de0302c4806c00c4cebff396a798c1ff?s=96&d=mm&r=g\",\"contentUrl\":\"https:\/\/secure.gravatar.com\/avatar\/de0302c4806c00c4cebff396a798c1ff?s=96&d=mm&r=g\",\"caption\":\"Josep de Mart\u00ed\"},\"sameAs\":[\"https:\/\/www.inforesidencias.com\",\"https:\/\/www.facebook.com\/josep.demarti\",\"https:\/\/twitter.com\/blog-ir\"],\"url\":\"https:\/\/www.inforesidencias.com\/blog\/index.php\/author\/josepdemarti\/\"}]}<\/script>\n<!-- \/ Yoast SEO plugin. -->","yoast_head_json":{"title":"La Rom\u00e0nica de Barber\u00e0 del Vall\u00e8s y la Fundaci\u00f3n DomusVi - Blog Inforesidencias.com","description":"Esta semana hemos hablado con invitados de la residencia la Rom\u00e0nica, de Barber\u00e0 del Vall\u00e8s, y con el Director del a Fundaci\u00f3n DomusVi","robots":{"index":"index","follow":"follow","max-snippet":"max-snippet:-1","max-image-preview":"max-image-preview:large","max-video-preview":"max-video-preview:-1"},"canonical":"https:\/\/www.inforesidencias.com\/blog\/index.php\/2021\/01\/29\/la-romanica-de-barbera-del-valles-y-la-fundacion-domusvi\/","og_locale":"es_ES","og_type":"article","og_title":"La Rom\u00e0nica de Barber\u00e0 del Vall\u00e8s y la Fundaci\u00f3n DomusVi - Blog Inforesidencias.com","og_description":"Esta semana hemos hablado con invitados de la residencia la Rom\u00e0nica, de Barber\u00e0 del Vall\u00e8s, y con el Director del a Fundaci\u00f3n DomusVi","og_url":"https:\/\/www.inforesidencias.com\/blog\/index.php\/2021\/01\/29\/la-romanica-de-barbera-del-valles-y-la-fundacion-domusvi\/","og_site_name":"Blog Inforesidencias.com","article_publisher":"https:\/\/www.facebook.com\/Inforesidencias\/","article_author":"https:\/\/www.facebook.com\/josep.demarti","article_published_time":"2021-01-29T11:42:28+00:00","article_modified_time":"2021-01-29T11:43:04+00:00","og_image":[{"width":400,"height":322,"url":"https:\/\/www.inforesidencias.com\/blog\/wp-content\/uploads\/2020\/04\/Coronavirus-en-las-residencias-de-mayores1.png","type":"image\/png"}],"author":"Josep de Mart\u00ed","twitter_card":"summary_large_image","twitter_creator":"@blog-ir","twitter_site":"@inforesidencias","twitter_misc":{"Escrito por":"Josep de Mart\u00ed","Tiempo de lectura":"3 minutos"},"schema":{"@context":"https:\/\/schema.org","@graph":[{"@type":"WebPage","@id":"https:\/\/www.inforesidencias.com\/blog\/index.php\/2021\/01\/29\/la-romanica-de-barbera-del-valles-y-la-fundacion-domusvi\/","url":"https:\/\/www.inforesidencias.com\/blog\/index.php\/2021\/01\/29\/la-romanica-de-barbera-del-valles-y-la-fundacion-domusvi\/","name":"La Rom\u00e0nica de Barber\u00e0 del Vall\u00e8s y la Fundaci\u00f3n DomusVi - Blog Inforesidencias.com","isPartOf":{"@id":"https:\/\/www.inforesidencias.com\/blog\/#website"},"datePublished":"2021-01-29T11:42:28+00:00","dateModified":"2021-01-29T11:43:04+00:00","author":{"@id":"https:\/\/www.inforesidencias.com\/blog\/#\/schema\/person\/9e146774d1eb3bc1c0316242a3898628"},"description":"Esta semana hemos hablado con invitados de la residencia la Rom\u00e0nica, de Barber\u00e0 del Vall\u00e8s, y con el Director del a Fundaci\u00f3n DomusVi","breadcrumb":{"@id":"https:\/\/www.inforesidencias.com\/blog\/index.php\/2021\/01\/29\/la-romanica-de-barbera-del-valles-y-la-fundacion-domusvi\/#breadcrumb"},"inLanguage":"es","potentialAction":[{"@type":"ReadAction","target":["https:\/\/www.inforesidencias.com\/blog\/index.php\/2021\/01\/29\/la-romanica-de-barbera-del-valles-y-la-fundacion-domusvi\/"]}]},{"@type":"BreadcrumbList","@id":"https:\/\/www.inforesidencias.com\/blog\/index.php\/2021\/01\/29\/la-romanica-de-barbera-del-valles-y-la-fundacion-domusvi\/#breadcrumb","itemListElement":[{"@type":"ListItem","position":1,"name":"Home","item":"https:\/\/www.inforesidencias.com\/blog\/"},{"@type":"ListItem","position":2,"name":"La Rom\u00e0nica de Barber\u00e0 del Vall\u00e8s y la Fundaci\u00f3n DomusVi"}]},{"@type":"WebSite","@id":"https:\/\/www.inforesidencias.com\/blog\/#website","url":"https:\/\/www.inforesidencias.com\/blog\/","name":"Blog Inforesidencias.com","description":"El buscador de residencias de la 3\u00aa edad","potentialAction":[{"@type":"SearchAction","target":{"@type":"EntryPoint","urlTemplate":"https:\/\/www.inforesidencias.com\/blog\/?s={search_term_string}"},"query-input":"required name=search_term_string"}],"inLanguage":"es"},{"@type":"Person","@id":"https:\/\/www.inforesidencias.com\/blog\/#\/schema\/person\/9e146774d1eb3bc1c0316242a3898628","name":"Josep de Mart\u00ed","image":{"@type":"ImageObject","inLanguage":"es","@id":"https:\/\/www.inforesidencias.com\/blog\/#\/schema\/person\/image\/","url":"https:\/\/secure.gravatar.com\/avatar\/de0302c4806c00c4cebff396a798c1ff?s=96&d=mm&r=g","contentUrl":"https:\/\/secure.gravatar.com\/avatar\/de0302c4806c00c4cebff396a798c1ff?s=96&d=mm&r=g","caption":"Josep de Mart\u00ed"},"sameAs":["https:\/\/www.inforesidencias.com","https:\/\/www.facebook.com\/josep.demarti","https:\/\/twitter.com\/blog-ir"],"url":"https:\/\/www.inforesidencias.com\/blog\/index.php\/author\/josepdemarti\/"}]}},"_links":{"self":[{"href":"https:\/\/www.inforesidencias.com\/blog\/index.php\/wp-json\/wp\/v2\/posts\/3993"}],"collection":[{"href":"https:\/\/www.inforesidencias.com\/blog\/index.php\/wp-json\/wp\/v2\/posts"}],"about":[{"href":"https:\/\/www.inforesidencias.com\/blog\/index.php\/wp-json\/wp\/v2\/types\/post"}],"author":[{"embeddable":true,"href":"https:\/\/www.inforesidencias.com\/blog\/index.php\/wp-json\/wp\/v2\/users\/2"}],"replies":[{"embeddable":true,"href":"https:\/\/www.inforesidencias.com\/blog\/index.php\/wp-json\/wp\/v2\/comments?post=3993"}],"version-history":[{"count":13,"href":"https:\/\/www.inforesidencias.com\/blog\/index.php\/wp-json\/wp\/v2\/posts\/3993\/revisions"}],"predecessor-version":[{"id":4007,"href":"https:\/\/www.inforesidencias.com\/blog\/index.php\/wp-json\/wp\/v2\/posts\/3993\/revisions\/4007"}],"wp:featuredmedia":[{"embeddable":true,"href":"https:\/\/www.inforesidencias.com\/blog\/index.php\/wp-json\/wp\/v2\/media\/3100"}],"wp:attachment":[{"href":"https:\/\/www.inforesidencias.com\/blog\/index.php\/wp-json\/wp\/v2\/media?parent=3993"}],"wp:term":[{"taxonomy":"category","embeddable":true,"href":"https:\/\/www.inforesidencias.com\/blog\/index.php\/wp-json\/wp\/v2\/categories?post=3993"},{"taxonomy":"post_tag","embeddable":true,"href":"https:\/\/www.inforesidencias.com\/blog\/index.php\/wp-json\/wp\/v2\/tags?post=3993"}],"curies":[{"name":"wp","href":"https:\/\/api.w.org\/{rel}","templated":true}]}}