{"id":4045,"date":"2021-02-03T19:56:00","date_gmt":"2021-02-03T18:56:00","guid":{"rendered":"https:\/\/www.inforesidencias.com\/blog\/?p=4045"},"modified":"2021-02-02T17:49:51","modified_gmt":"2021-02-02T16:49:51","slug":"iniciativas-en-avila-para-las-personas-mayores","status":"publish","type":"post","link":"https:\/\/www.inforesidencias.com\/blog\/index.php\/2021\/02\/03\/iniciativas-en-avila-para-las-personas-mayores\/","title":{"rendered":"Iniciativas en \u00c1vila para las personas mayores"},"content":{"rendered":"\n<p>\u00c1vila se sit\u00faa entre las 10 provincias es espa\u00f1olas con un \u00edndice de envejecimiento m\u00e1s elevado. La gran mayor\u00eda de personas de la tercera edad son un grupo que sigue participando de la vida diaria de la comunidad y adem\u00e1s muchos de ellos y ellas se asocian para poder realizar alguna actividad espec\u00edfica.  Por ejemplo, personas mayores que hacen tareas de voluntariado, se forman para poder ayudar a otras personas de su misma edad,. Debemos ver tambi\u00e9n a los mayores como un recurso que se debe aprovechar considerando que son personas con amplia experiencia que han vivido y pasado muchas situaciones y las han superado, con lo cual tienen mucho que ofrecer. Existen varias teor\u00edas sobre el proceso de envejecimiento en las que sus autores mencionan que las actividades sociales significativas son un componente esencial en la promoci\u00f3n y prevenci\u00f3n de la salud y del bienestar personal, entre los muchos beneficios que deja participar en actividades sociales, como por ejemplo:<\/p>\n\n\n\n<p>Mejora la salud f\u00edsica y mental: En las diferentes investigaciones que se han hecho con personas mayores que hacen una actividad fuera de su domicilio como alg\u00fan deporte, turismo-ocio, senderismo u otros,  se ha visto que tienen mejores elementos para afrontar situaciones dif\u00edciles en su vida diaria. Asimismo, dif\u00edcilmente caen en estados de tristeza, depresi\u00f3n, inapetencia o p\u00e9rdida  del sentido a la vida. Al contrario, tienen m\u00e1s herramientas y salen victoriosos. Por otro lado mejoran su salud f\u00edsica, se previenen enfermedades como la hipertensi\u00f3n, diabetes mellitus, obesidad y desnutrici\u00f3n o malnutrici\u00f3n.<\/p>\n\n\n\n<p><a href=\"https:\/\/www.inforesidencias.com\/contenidos\/noticias\/castilla-leon_avila\/usuarios-de-residencias-de-avila-participan-en-la-san-silvestre-solidaria\">\u00bfPueden participar personas que viven en residencias de mayores de \u00c1vila en la<\/a><a href=\"https:\/\/www.inforesidencias.com\/contenidos\/noticias\/castilla-leon_avila\/usuarios-de-residencias-de-avila-participan-en-la-san-silvestre-solidaria\" target=\"_blank\" rel=\"noreferrer noopener\"> carrera de San Silvestre?<\/a><\/p>\n\n\n\n<p>Las actividades sociales tambi\u00e9n mejoran el funcionamiento cognitivo ya que a mayor n\u00famero de amistades, m\u00e1s actividad intelectual, f\u00edsica y m\u00e1s relaci\u00f3n con el entorno. A su vez, disminuye el riesgo de demencia, paranoias y miedos a salir fuera del domicilio o del entorno. Se ampl\u00edan las redes de apoyo y hay m\u00e1s sensaci\u00f3n de seguridad en el medio en el que se desenvuelva la persona. <\/p>\n\n\n\n<p>Tambi\u00e9n mejoran los h\u00e1bitos de vida saludables ya que mantenerse activos motiva e ilusiona para seguir viviendo, para realizar m\u00e1s actividades, para conocer a m\u00e1s personas, estimula para mejorar los estilos de vida, se aprenden m\u00e1s cosas nuevas y se introducen cambios en la vida diaria. Por su parte, las actividades sociales proveen beneficios f\u00edsicos, psicol\u00f3gico ya que dan sentido de pertenencia, mejora la autoestima, dan un prop\u00f3sito a la vida. Todos estos cambios elevan el estado de bienestar f\u00edsico y psicol\u00f3gico.<\/p>\n\n\n\n<p>Otros de los ben\u00e9ficos de la actividad social,  tiene relaci\u00f3n con el padecimiento de menos enfermedades o m\u00e1s control de ellas, con lo cual la percepci\u00f3n de bienestar es mayor. Existe un incremento de la longevidad al haber menos patolog\u00edas o m\u00e1s controladas  y hay un menor riesgo comorbilidad o de muerte.<\/p>\n\n\n\n<p>A menos patolog\u00edas, m\u00e1s perfecci\u00f3n de bienestar, tranquilidad y paz.  Tambi\u00e9n menos visitas al m\u00e9dico, a hospitales, menos consumo de medicamentos, menos tratamientos, m\u00e1s independencia. etc. El resultado es tambi\u00e9n una reducci\u00f3n de los costos de salud f\u00edsica y mental.<\/p>\n\n\n\n<div class=\"wp-block-image\"><figure class=\"alignleft size-large is-resized\"><img decoding=\"async\" loading=\"lazy\" src=\"https:\/\/www.inforesidencias.com\/blog\/wp-content\/uploads\/2021\/02\/A\u0301vila-y-la-tercera-edad.jpg\" alt=\"\" class=\"wp-image-4051\" width=\"369\" height=\"193\" srcset=\"https:\/\/www.inforesidencias.com\/blog\/wp-content\/uploads\/2021\/02\/A\u0301vila-y-la-tercera-edad.jpg 401w, https:\/\/www.inforesidencias.com\/blog\/wp-content\/uploads\/2021\/02\/A\u0301vila-y-la-tercera-edad-300x157.jpg 300w\" sizes=\"(max-width: 369px) 100vw, 369px\" \/><\/figure><\/div>\n\n\n\n<p>En \u00c1vila el \u00e1rea de servicios sociales del ayuntamiento puso en marcha en la pasada navidad una iniciativa dirigida a los mayores que participan en los programas que se coordinan desde el Centro de Mayores Jes\u00fas Jim\u00e9nez Bustos en la cual los usuarios participaban en un v\u00eddeo dando consejos y recomendaci\u00f3n de como afrontar la soledad en la navidad.<\/p>\n\n\n\n<p><a href=\"https:\/\/www.inforesidencias.com\/centros\/buscador\/centros-de-dia-para-mayores\/castilla-leon\/avila\">\u00c1vila tiene un amplio abanico de actividades y recursos sociales<\/a> dirigidos a los mayores pero tambi\u00e9n de campa\u00f1as para concienciar a la poblaci\u00f3n joven de la importancia de los abuelos y abuelas, de sus necesidades y de c\u00f3mo poder ayudar a que su vida sea m\u00e1s f\u00e1cil. Se pretende hacer ver la importancia de hacer compa\u00f1\u00eda, de mejorar las instalaciones de edificios o espacios p\u00fablicos, respetar las se\u00f1alizaci\u00f3n y espacios dedicados a las personas mayores etc. Por otro lado, tambi\u00e9n fomenta que los mayores se asocien y participen en la vida diaria de la ciudad. Recursos como la ayuda a domicilio, la teleasistencia, las plazas de <a href=\"https:\/\/www.inforesidencias.com\/centros\/buscador\/residencias\/castilla-leon\/avila\">reside<\/a><a href=\"https:\/\/www.inforesidencias.com\/centros\/buscador\/residencias\/castilla-leon\/avila\" target=\"_blank\" rel=\"noreferrer noopener\">ncias geri\u00e1tricas,<\/a> los centros de d\u00eda y los apoyos econ\u00f3micos para adecuar algunas partes de la vivienda son fundamentales para una mejor calidad de vida de los mayores.<\/p>\n\n\n\n<p><\/p>\n\n\n\n<p>Os dejamos el <a href=\"https:\/\/www.inforesidencias.com\/centros\/buscador\/directorio\/castilla-leon\/avila\">directorio de servi<\/a><a href=\"https:\/\/www.inforesidencias.com\/centros\/buscador\/directorio\/castilla-leon\/avila\" target=\"_blank\" rel=\"noreferrer noopener\">cios para mayores<\/a><a href=\"https:\/\/www.inforesidencias.com\/centros\/buscador\/directorio\/castilla-leon\/avila\"> <\/a>de la provincia de \u00c1vila<\/p>\n","protected":false},"excerpt":{"rendered":"<p>\u00c1vila se sit\u00faa entre las 10 provincias es espa\u00f1olas con un \u00edndice de envejecimiento m\u00e1s elevado. La gran mayor\u00eda de personas de la tercera edad son un grupo que sigue participando de la vida diaria de la comunidad y adem\u00e1s muchos de ellos y ellas se asocian para poder realizar alguna actividad espec\u00edfica. Por ejemplo, personas mayores que hacen tareas de voluntariado, se forman para poder ayudar a otras personas de su misma edad,. Debemos ver tambi\u00e9n a los mayores como un recurso que se debe aprovechar considerando que son personas con amplia experiencia que han vivido y pasado muchas situaciones y las han superado, con lo cual tienen mucho que ofrecer. Existen varias teor\u00edas sobre el proceso de envejecimiento en las que sus autores mencionan que las actividades sociales significativas son un componente esencial en la promoci\u00f3n y prevenci\u00f3n de la salud y del bienestar personal, entre los muchos [&hellip;]<\/p>\n","protected":false},"author":2,"featured_media":4051,"comment_status":"open","ping_status":"open","sticky":false,"template":"","format":"standard","meta":{"footnotes":""},"categories":[1],"tags":[],"yoast_head":"<!-- This site is optimized with the Yoast SEO plugin v21.7 - https:\/\/yoast.com\/wordpress\/plugins\/seo\/ -->\n<title>Iniciativas en \u00c1vila para las personas mayores - Blog Inforesidencias.com<\/title>\n<meta name=\"description\" content=\"En \u00c1vila fomentan la participaci\u00f3n de los j\u00f3venes en los aspectos relacionados con las personas mayores a trav\u00e9s de diferentes iniciativas\" \/>\n<meta name=\"robots\" content=\"index, follow, max-snippet:-1, max-image-preview:large, max-video-preview:-1\" \/>\n<link rel=\"canonical\" href=\"https:\/\/www.inforesidencias.com\/blog\/index.php\/2021\/02\/03\/iniciativas-en-avila-para-las-personas-mayores\/\" \/>\n<meta property=\"og:locale\" content=\"es_ES\" \/>\n<meta property=\"og:type\" content=\"article\" \/>\n<meta property=\"og:title\" content=\"Iniciativas en \u00c1vila para las personas mayores - Blog Inforesidencias.com\" \/>\n<meta property=\"og:description\" content=\"En \u00c1vila fomentan la participaci\u00f3n de los j\u00f3venes en los aspectos relacionados con las personas mayores a trav\u00e9s de diferentes iniciativas\" \/>\n<meta property=\"og:url\" content=\"https:\/\/www.inforesidencias.com\/blog\/index.php\/2021\/02\/03\/iniciativas-en-avila-para-las-personas-mayores\/\" \/>\n<meta property=\"og:site_name\" content=\"Blog Inforesidencias.com\" \/>\n<meta property=\"article:publisher\" content=\"https:\/\/www.facebook.com\/Inforesidencias\/\" \/>\n<meta property=\"article:author\" content=\"https:\/\/www.facebook.com\/josep.demarti\" \/>\n<meta property=\"article:published_time\" content=\"2021-02-03T18:56:00+00:00\" \/>\n<meta property=\"article:modified_time\" content=\"2021-02-02T16:49:51+00:00\" \/>\n<meta property=\"og:image\" content=\"https:\/\/www.inforesidencias.com\/blog\/wp-content\/uploads\/2021\/02\/A\u0301vila-y-la-tercera-edad.jpg\" \/>\n\t<meta property=\"og:image:width\" content=\"401\" \/>\n\t<meta property=\"og:image:height\" content=\"210\" \/>\n\t<meta property=\"og:image:type\" content=\"image\/jpeg\" \/>\n<meta name=\"author\" content=\"Josep de Mart\u00ed\" \/>\n<meta name=\"twitter:card\" content=\"summary_large_image\" \/>\n<meta name=\"twitter:creator\" content=\"@blog-ir\" \/>\n<meta name=\"twitter:site\" content=\"@inforesidencias\" \/>\n<meta name=\"twitter:label1\" content=\"Escrito por\" \/>\n\t<meta name=\"twitter:data1\" content=\"Josep de Mart\u00ed\" \/>\n\t<meta name=\"twitter:label2\" content=\"Tiempo de lectura\" \/>\n\t<meta name=\"twitter:data2\" content=\"4 minutos\" \/>\n<script type=\"application\/ld+json\" class=\"yoast-schema-graph\">{\"@context\":\"https:\/\/schema.org\",\"@graph\":[{\"@type\":\"WebPage\",\"@id\":\"https:\/\/www.inforesidencias.com\/blog\/index.php\/2021\/02\/03\/iniciativas-en-avila-para-las-personas-mayores\/\",\"url\":\"https:\/\/www.inforesidencias.com\/blog\/index.php\/2021\/02\/03\/iniciativas-en-avila-para-las-personas-mayores\/\",\"name\":\"Iniciativas en \u00c1vila para las personas mayores - Blog Inforesidencias.com\",\"isPartOf\":{\"@id\":\"https:\/\/www.inforesidencias.com\/blog\/#website\"},\"datePublished\":\"2021-02-03T18:56:00+00:00\",\"dateModified\":\"2021-02-02T16:49:51+00:00\",\"author\":{\"@id\":\"https:\/\/www.inforesidencias.com\/blog\/#\/schema\/person\/9e146774d1eb3bc1c0316242a3898628\"},\"description\":\"En \u00c1vila fomentan la participaci\u00f3n de los j\u00f3venes en los aspectos relacionados con las personas mayores a trav\u00e9s de diferentes iniciativas\",\"breadcrumb\":{\"@id\":\"https:\/\/www.inforesidencias.com\/blog\/index.php\/2021\/02\/03\/iniciativas-en-avila-para-las-personas-mayores\/#breadcrumb\"},\"inLanguage\":\"es\",\"potentialAction\":[{\"@type\":\"ReadAction\",\"target\":[\"https:\/\/www.inforesidencias.com\/blog\/index.php\/2021\/02\/03\/iniciativas-en-avila-para-las-personas-mayores\/\"]}]},{\"@type\":\"BreadcrumbList\",\"@id\":\"https:\/\/www.inforesidencias.com\/blog\/index.php\/2021\/02\/03\/iniciativas-en-avila-para-las-personas-mayores\/#breadcrumb\",\"itemListElement\":[{\"@type\":\"ListItem\",\"position\":1,\"name\":\"Home\",\"item\":\"https:\/\/www.inforesidencias.com\/blog\/\"},{\"@type\":\"ListItem\",\"position\":2,\"name\":\"Iniciativas en \u00c1vila para las personas mayores\"}]},{\"@type\":\"WebSite\",\"@id\":\"https:\/\/www.inforesidencias.com\/blog\/#website\",\"url\":\"https:\/\/www.inforesidencias.com\/blog\/\",\"name\":\"Blog Inforesidencias.com\",\"description\":\"El buscador de residencias de la 3\u00aa edad\",\"potentialAction\":[{\"@type\":\"SearchAction\",\"target\":{\"@type\":\"EntryPoint\",\"urlTemplate\":\"https:\/\/www.inforesidencias.com\/blog\/?s={search_term_string}\"},\"query-input\":\"required name=search_term_string\"}],\"inLanguage\":\"es\"},{\"@type\":\"Person\",\"@id\":\"https:\/\/www.inforesidencias.com\/blog\/#\/schema\/person\/9e146774d1eb3bc1c0316242a3898628\",\"name\":\"Josep de Mart\u00ed\",\"image\":{\"@type\":\"ImageObject\",\"inLanguage\":\"es\",\"@id\":\"https:\/\/www.inforesidencias.com\/blog\/#\/schema\/person\/image\/\",\"url\":\"https:\/\/secure.gravatar.com\/avatar\/de0302c4806c00c4cebff396a798c1ff?s=96&d=mm&r=g\",\"contentUrl\":\"https:\/\/secure.gravatar.com\/avatar\/de0302c4806c00c4cebff396a798c1ff?s=96&d=mm&r=g\",\"caption\":\"Josep de Mart\u00ed\"},\"sameAs\":[\"https:\/\/www.inforesidencias.com\",\"https:\/\/www.facebook.com\/josep.demarti\",\"https:\/\/twitter.com\/blog-ir\"],\"url\":\"https:\/\/www.inforesidencias.com\/blog\/index.php\/author\/josepdemarti\/\"}]}<\/script>\n<!-- \/ Yoast SEO plugin. -->","yoast_head_json":{"title":"Iniciativas en \u00c1vila para las personas mayores - Blog Inforesidencias.com","description":"En \u00c1vila fomentan la participaci\u00f3n de los j\u00f3venes en los aspectos relacionados con las personas mayores a trav\u00e9s de diferentes iniciativas","robots":{"index":"index","follow":"follow","max-snippet":"max-snippet:-1","max-image-preview":"max-image-preview:large","max-video-preview":"max-video-preview:-1"},"canonical":"https:\/\/www.inforesidencias.com\/blog\/index.php\/2021\/02\/03\/iniciativas-en-avila-para-las-personas-mayores\/","og_locale":"es_ES","og_type":"article","og_title":"Iniciativas en \u00c1vila para las personas mayores - Blog Inforesidencias.com","og_description":"En \u00c1vila fomentan la participaci\u00f3n de los j\u00f3venes en los aspectos relacionados con las personas mayores a trav\u00e9s de diferentes iniciativas","og_url":"https:\/\/www.inforesidencias.com\/blog\/index.php\/2021\/02\/03\/iniciativas-en-avila-para-las-personas-mayores\/","og_site_name":"Blog Inforesidencias.com","article_publisher":"https:\/\/www.facebook.com\/Inforesidencias\/","article_author":"https:\/\/www.facebook.com\/josep.demarti","article_published_time":"2021-02-03T18:56:00+00:00","article_modified_time":"2021-02-02T16:49:51+00:00","og_image":[{"width":401,"height":210,"url":"https:\/\/www.inforesidencias.com\/blog\/wp-content\/uploads\/2021\/02\/A\u0301vila-y-la-tercera-edad.jpg","type":"image\/jpeg"}],"author":"Josep de Mart\u00ed","twitter_card":"summary_large_image","twitter_creator":"@blog-ir","twitter_site":"@inforesidencias","twitter_misc":{"Escrito por":"Josep de Mart\u00ed","Tiempo de lectura":"4 minutos"},"schema":{"@context":"https:\/\/schema.org","@graph":[{"@type":"WebPage","@id":"https:\/\/www.inforesidencias.com\/blog\/index.php\/2021\/02\/03\/iniciativas-en-avila-para-las-personas-mayores\/","url":"https:\/\/www.inforesidencias.com\/blog\/index.php\/2021\/02\/03\/iniciativas-en-avila-para-las-personas-mayores\/","name":"Iniciativas en \u00c1vila para las personas mayores - Blog Inforesidencias.com","isPartOf":{"@id":"https:\/\/www.inforesidencias.com\/blog\/#website"},"datePublished":"2021-02-03T18:56:00+00:00","dateModified":"2021-02-02T16:49:51+00:00","author":{"@id":"https:\/\/www.inforesidencias.com\/blog\/#\/schema\/person\/9e146774d1eb3bc1c0316242a3898628"},"description":"En \u00c1vila fomentan la participaci\u00f3n de los j\u00f3venes en los aspectos relacionados con las personas mayores a trav\u00e9s de diferentes iniciativas","breadcrumb":{"@id":"https:\/\/www.inforesidencias.com\/blog\/index.php\/2021\/02\/03\/iniciativas-en-avila-para-las-personas-mayores\/#breadcrumb"},"inLanguage":"es","potentialAction":[{"@type":"ReadAction","target":["https:\/\/www.inforesidencias.com\/blog\/index.php\/2021\/02\/03\/iniciativas-en-avila-para-las-personas-mayores\/"]}]},{"@type":"BreadcrumbList","@id":"https:\/\/www.inforesidencias.com\/blog\/index.php\/2021\/02\/03\/iniciativas-en-avila-para-las-personas-mayores\/#breadcrumb","itemListElement":[{"@type":"ListItem","position":1,"name":"Home","item":"https:\/\/www.inforesidencias.com\/blog\/"},{"@type":"ListItem","position":2,"name":"Iniciativas en \u00c1vila para las personas mayores"}]},{"@type":"WebSite","@id":"https:\/\/www.inforesidencias.com\/blog\/#website","url":"https:\/\/www.inforesidencias.com\/blog\/","name":"Blog Inforesidencias.com","description":"El buscador de residencias de la 3\u00aa edad","potentialAction":[{"@type":"SearchAction","target":{"@type":"EntryPoint","urlTemplate":"https:\/\/www.inforesidencias.com\/blog\/?s={search_term_string}"},"query-input":"required name=search_term_string"}],"inLanguage":"es"},{"@type":"Person","@id":"https:\/\/www.inforesidencias.com\/blog\/#\/schema\/person\/9e146774d1eb3bc1c0316242a3898628","name":"Josep de Mart\u00ed","image":{"@type":"ImageObject","inLanguage":"es","@id":"https:\/\/www.inforesidencias.com\/blog\/#\/schema\/person\/image\/","url":"https:\/\/secure.gravatar.com\/avatar\/de0302c4806c00c4cebff396a798c1ff?s=96&d=mm&r=g","contentUrl":"https:\/\/secure.gravatar.com\/avatar\/de0302c4806c00c4cebff396a798c1ff?s=96&d=mm&r=g","caption":"Josep de Mart\u00ed"},"sameAs":["https:\/\/www.inforesidencias.com","https:\/\/www.facebook.com\/josep.demarti","https:\/\/twitter.com\/blog-ir"],"url":"https:\/\/www.inforesidencias.com\/blog\/index.php\/author\/josepdemarti\/"}]}},"_links":{"self":[{"href":"https:\/\/www.inforesidencias.com\/blog\/index.php\/wp-json\/wp\/v2\/posts\/4045"}],"collection":[{"href":"https:\/\/www.inforesidencias.com\/blog\/index.php\/wp-json\/wp\/v2\/posts"}],"about":[{"href":"https:\/\/www.inforesidencias.com\/blog\/index.php\/wp-json\/wp\/v2\/types\/post"}],"author":[{"embeddable":true,"href":"https:\/\/www.inforesidencias.com\/blog\/index.php\/wp-json\/wp\/v2\/users\/2"}],"replies":[{"embeddable":true,"href":"https:\/\/www.inforesidencias.com\/blog\/index.php\/wp-json\/wp\/v2\/comments?post=4045"}],"version-history":[{"count":8,"href":"https:\/\/www.inforesidencias.com\/blog\/index.php\/wp-json\/wp\/v2\/posts\/4045\/revisions"}],"predecessor-version":[{"id":4056,"href":"https:\/\/www.inforesidencias.com\/blog\/index.php\/wp-json\/wp\/v2\/posts\/4045\/revisions\/4056"}],"wp:featuredmedia":[{"embeddable":true,"href":"https:\/\/www.inforesidencias.com\/blog\/index.php\/wp-json\/wp\/v2\/media\/4051"}],"wp:attachment":[{"href":"https:\/\/www.inforesidencias.com\/blog\/index.php\/wp-json\/wp\/v2\/media?parent=4045"}],"wp:term":[{"taxonomy":"category","embeddable":true,"href":"https:\/\/www.inforesidencias.com\/blog\/index.php\/wp-json\/wp\/v2\/categories?post=4045"},{"taxonomy":"post_tag","embeddable":true,"href":"https:\/\/www.inforesidencias.com\/blog\/index.php\/wp-json\/wp\/v2\/tags?post=4045"}],"curies":[{"name":"wp","href":"https:\/\/api.w.org\/{rel}","templated":true}]}}