{"id":4069,"date":"2021-02-05T13:48:58","date_gmt":"2021-02-05T12:48:58","guid":{"rendered":"https:\/\/www.inforesidencias.com\/blog\/?p=4069"},"modified":"2021-02-05T13:49:01","modified_gmt":"2021-02-05T12:49:01","slug":"transparencia-en-la-residencia-mossen-anton-y-el-voluntariado-en-residencias","status":"publish","type":"post","link":"https:\/\/www.inforesidencias.com\/blog\/index.php\/2021\/02\/05\/transparencia-en-la-residencia-mossen-anton-y-el-voluntariado-en-residencias\/","title":{"rendered":"Transparencia en la residencia Moss\u00e8n Ant\u00f3n y el voluntariado en residencias"},"content":{"rendered":"\n<p><\/p>\n\n\n\n<p><\/p>\n\n\n\n<p>En el <a href=\"https:\/\/www.estelfitxers.com\/audio\/20210203-17_00ESGRANSERGRAN.MP3\">programa del mi\u00e9rcoles de \u00ab\u00c9s gran ser gran\u00bb<\/a> empezamos hablando de Thomas Moore, una persona mayor de 99 a\u00f1os que empez\u00f3 una campa\u00f1a de ayuda de para recaudar fondos para luchar contra la Covid19. Esta persona, que hizo esta tan buena iniciativa, falleci\u00f3 recientemente con 100 a\u00f1os. Con su esfuerzo e idea consigui\u00f3 recaudar nada m\u00e1s y nada menos que 34 millones de euros.<\/p>\n\n\n\n<p>En la entrevista del d\u00eda, hablamos con Alicia Tarrag\u00f3n, directora de la <a href=\"https:\/\/www.inforesidencias.com\/centros\/residencia\/3066\/residencia-mossen-anton-san-adrian-del-besos\" target=\"_blank\" rel=\"noreferrer noopener\">residencia Moss\u00e8n Anton<\/a>, de Sant Adri\u00e0 del Bes\u00f2s. Empezamos hablando de su \u00abcolor\u00bb ya que son un centro verde sin casos de Covid19 y en el que ya han recibido las dos dosis de la vacuna.  Se trata de una residencia peque\u00f1ita y acogedora de 21 plazas que se abri\u00f3 hace 22 a\u00f1os y esta en una ubicaci\u00f3n peatonal privilegiada. Alicia ya <a href=\"https:\/\/www.inforesidencias.com\/blog\/index.php\/2020\/04\/30\/explicando-en-la-radio-la-crisis-del-coronavirus-en-las-residencias-de-mayores\/\">nos acompa\u00f1\u00f3 en el programa el pasado a<\/a><a href=\"https:\/\/www.inforesidencias.com\/blog\/index.php\/2020\/04\/30\/explicando-en-la-radio-la-crisis-del-coronavirus-en-las-residencias-de-mayores\/\" target=\"_blank\" rel=\"noreferrer noopener\">bril<\/a>, en el momento m\u00e1s duro de la pandemia para explicarnos como era la situaci\u00f3n en su residencia<\/p>\n\n\n\n<p>En cuanto a como es el d\u00eda a d\u00eda de la residencia, la principal novedad es que ahora no hay presencia de los familiares debido a las restricciones de visitas. Antes de la pandemia la entrada era completamente libre gracias a la apuesta de la residencia por la transparencia. Para suplir esa falta de visitas, han apostado todav\u00eda m\u00e1s su comunicaci\u00f3n virtual y su presencia en las redes sociales. Finalmente hablamos del estado an\u00edmico de los residentes debido a este aislamiento que ya dura casi un a\u00f1o.<\/p>\n\n\n\n<p>En la consulta del trabajador social, despu\u00e9s de una bolsa de empleo que dimos a conocer de forma segmentada por tipo de profesional demandado y en la que nos centramos en la necesidad de graduados en enfermer\u00eda, hablamos sobre la ley de dependencia. Recordamos muy r\u00e1pidamente los pasos que debe seguir una persona para solicitar que le vengan a valorar en casa si tiene dependencia y explicamos que en inforesidencias tenemos la llamada <a href=\"http:\/\/des.inforesidencias.com:8080\/servicios\/calculadora-dependencia\">\u201ccalculadora <\/a><a rel=\"noreferrer noopener\" href=\"http:\/\/des.inforesidencias.com:8080\/servicios\/calculadora-dependencia\" target=\"_blank\">de la dependencia\u201d <\/a>que puede servir para hacernos una idea de cual es nuestro grado de dependencia.<\/p>\n\n\n\n<p>El <a href=\"https:\/\/www.estelfitxers.com\/audio\/20210204-17_00ESGRANSERGRAN.MP3\">programa<\/a><a href=\"https:\/\/www.estelfitxers.com\/audio\/20210204-17_00ESGRANSERGRAN.MP3\" target=\"_blank\" rel=\"noreferrer noopener\"> del jueves<\/a> dio inicio con Josep hablando de las inc\u00f3gnitas de la vacunaci\u00f3n en muchos pa\u00edses en cuanto al orden de vacunaci\u00f3n una vez vacunados quienes viven y trabajan en residencias y otros servicios sanitarios.<\/p>\n\n\n\n<div class=\"wp-block-image\"><figure class=\"alignleft size-large is-resized\"><img decoding=\"async\" loading=\"lazy\" src=\"https:\/\/www.inforesidencias.com\/blog\/wp-content\/uploads\/2020\/04\/Coronavirus-en-las-residencias-de-mayores1.png\" alt=\"\" class=\"wp-image-3100\" width=\"287\" height=\"231\" \/><\/figure><\/div>\n\n\n\n<p>En los minutos para la entrevista contamos en esta ocasi\u00f3n con las coordinadoras y fundadoras de la <a href=\"http:\/\/www.astebcn.org\/quienes-somos.html\">asociac<\/a><a href=\"http:\/\/www.astebcn.org\/quienes-somos.html\" target=\"_blank\" rel=\"noreferrer noopener\">i\u00f3n ASTE,<\/a> Maite Echegaray y Luisa G\u00fcell. Empez\u00f3 primero Maite cont\u00e1ndonos que es la asociaci\u00f3n ASTE (asociaci\u00f3n solidaria con la tercera edad) y a qu\u00e9 se dedica. Esta asociaci\u00f3n trabaja para dar calidad de vida a las personas que viven en<a href=\"https:\/\/www.inforesidencias.com\/centros\/buscador\/residencias\/catalunya\/barcelona\"> residencias de la zona d<\/a><a href=\"https:\/\/www.inforesidencias.com\/centros\/buscador\/residencias\/catalunya\/barcelona\" target=\"_blank\" rel=\"noreferrer noopener\">e Barcelona <\/a>a trav\u00e9s del voluntariado realizado por universitarios\/as. Tambi\u00e9n nos cont\u00f3 como surgi\u00f3 la idea, como empez\u00f3 la actividad en 2015 y c\u00f3mo est\u00e1n ahora.<\/p>\n\n\n\n<p>Por su parte, Luisa nos cont\u00f3 de que manera la pandemia ha afectado a sus actividades  de voluntariado y como r\u00e1pidamente tomaron la decisi\u00f3n de buscar v\u00edas alternativas para seguir mantenimiento el contacto con las personas que viven en las residencias. En ese momento, combatir el <a href=\"https:\/\/www.inforesidencias.com\/blog\/index.php\/2020\/10\/09\/hablando-de-los-centros-de-dia-la-soledad-y-el-edadismo\/\">aislamiento y la so<\/a><a href=\"https:\/\/www.inforesidencias.com\/blog\/index.php\/2020\/10\/09\/hablando-de-los-centros-de-dia-la-soledad-y-el-edadismo\/\" target=\"_blank\" rel=\"noreferrer noopener\">ledad<\/a><a href=\"https:\/\/www.inforesidencias.com\/blog\/index.php\/2020\/10\/09\/hablando-de-los-centros-de-dia-la-soledad-y-el-edadismo\/\"> <\/a>a trav\u00e9s del voluntariado era la misi\u00f3n principal y lo sigue siendo. Des del principio, la digitalizaci\u00f3n y virtualizaci\u00f3n del contacto ha estado muy importante. Para acabar, explicaron su opini\u00f3n acerca de como deber\u00edan ser las residencia y como ellas a trav\u00e9s del voluntariado de ASTE colaboran en este objetivo.<\/p>\n\n\n\n<p>En la recta final del programa, en la consulta del trabajador social, respondimos una pregunta sobre los profesionales de las residencias. El oyente quer\u00eda saber si en una residencia de mayores, a parte del fisioterapeuta contratado por el propio centro, se pod\u00eda contratar a otro fisio de manera particular por parte de un residente para hacer terapia individual.<\/p>\n","protected":false},"excerpt":{"rendered":"<p>En el programa del mi\u00e9rcoles de \u00ab\u00c9s gran ser gran\u00bb empezamos hablando de Thomas Moore, una persona mayor de 99 a\u00f1os que empez\u00f3 una campa\u00f1a de ayuda de para recaudar fondos para luchar contra la Covid19. Esta persona, que hizo esta tan buena iniciativa, falleci\u00f3 recientemente con 100 a\u00f1os. Con su esfuerzo e idea consigui\u00f3 recaudar nada m\u00e1s y nada menos que 34 millones de euros. En la entrevista del d\u00eda, hablamos con Alicia Tarrag\u00f3n, directora de la residencia Moss\u00e8n Anton, de Sant Adri\u00e0 del Bes\u00f2s. Empezamos hablando de su \u00abcolor\u00bb ya que son un centro verde sin casos de Covid19 y en el que ya han recibido las dos dosis de la vacuna. Se trata de una residencia peque\u00f1ita y acogedora de 21 plazas que se abri\u00f3 hace 22 a\u00f1os y esta en una ubicaci\u00f3n peatonal privilegiada. Alicia ya nos acompa\u00f1\u00f3 en el programa el pasado abril, en el [&hellip;]<\/p>\n","protected":false},"author":2,"featured_media":4099,"comment_status":"open","ping_status":"open","sticky":false,"template":"","format":"standard","meta":{"footnotes":""},"categories":[1],"tags":[],"yoast_head":"<!-- This site is optimized with the Yoast SEO plugin v21.7 - https:\/\/yoast.com\/wordpress\/plugins\/seo\/ -->\n<title>Transparencia en la residencia Moss\u00e8n Ant\u00f3n y el voluntariado en residencias - Blog Inforesidencias.com<\/title>\n<meta name=\"description\" content=\"Esta semana hemos hablado con la residencia Moss\u00e8n Anton y su apuesta por la transparencia y con la asociaci\u00f3n ASTE de voluntariado universitarios\" \/>\n<meta name=\"robots\" content=\"index, follow, max-snippet:-1, max-image-preview:large, max-video-preview:-1\" \/>\n<link rel=\"canonical\" href=\"https:\/\/www.inforesidencias.com\/blog\/index.php\/2021\/02\/05\/transparencia-en-la-residencia-mossen-anton-y-el-voluntariado-en-residencias\/\" \/>\n<meta property=\"og:locale\" content=\"es_ES\" \/>\n<meta property=\"og:type\" content=\"article\" \/>\n<meta property=\"og:title\" content=\"Transparencia en la residencia Moss\u00e8n Ant\u00f3n y el voluntariado en residencias - Blog Inforesidencias.com\" \/>\n<meta property=\"og:description\" content=\"Esta semana hemos hablado con la residencia Moss\u00e8n Anton y su apuesta por la transparencia y con la asociaci\u00f3n ASTE de voluntariado universitarios\" \/>\n<meta property=\"og:url\" content=\"https:\/\/www.inforesidencias.com\/blog\/index.php\/2021\/02\/05\/transparencia-en-la-residencia-mossen-anton-y-el-voluntariado-en-residencias\/\" \/>\n<meta property=\"og:site_name\" content=\"Blog Inforesidencias.com\" \/>\n<meta property=\"article:publisher\" content=\"https:\/\/www.facebook.com\/Inforesidencias\/\" \/>\n<meta property=\"article:author\" content=\"https:\/\/www.facebook.com\/josep.demarti\" \/>\n<meta property=\"article:published_time\" content=\"2021-02-05T12:48:58+00:00\" \/>\n<meta property=\"article:modified_time\" content=\"2021-02-05T12:49:01+00:00\" \/>\n<meta property=\"og:image\" content=\"https:\/\/www.inforesidencias.com\/blog\/wp-content\/uploads\/2021\/02\/voluntariaado-en-residencias.png\" \/>\n\t<meta property=\"og:image:width\" content=\"400\" \/>\n\t<meta property=\"og:image:height\" content=\"322\" \/>\n\t<meta property=\"og:image:type\" content=\"image\/png\" \/>\n<meta name=\"author\" content=\"Josep de Mart\u00ed\" \/>\n<meta name=\"twitter:card\" content=\"summary_large_image\" \/>\n<meta name=\"twitter:creator\" content=\"@blog-ir\" \/>\n<meta name=\"twitter:site\" content=\"@inforesidencias\" \/>\n<meta name=\"twitter:label1\" content=\"Escrito por\" \/>\n\t<meta name=\"twitter:data1\" content=\"Josep de Mart\u00ed\" \/>\n\t<meta name=\"twitter:label2\" content=\"Tiempo de lectura\" \/>\n\t<meta name=\"twitter:data2\" content=\"3 minutos\" \/>\n<script type=\"application\/ld+json\" class=\"yoast-schema-graph\">{\"@context\":\"https:\/\/schema.org\",\"@graph\":[{\"@type\":\"WebPage\",\"@id\":\"https:\/\/www.inforesidencias.com\/blog\/index.php\/2021\/02\/05\/transparencia-en-la-residencia-mossen-anton-y-el-voluntariado-en-residencias\/\",\"url\":\"https:\/\/www.inforesidencias.com\/blog\/index.php\/2021\/02\/05\/transparencia-en-la-residencia-mossen-anton-y-el-voluntariado-en-residencias\/\",\"name\":\"Transparencia en la residencia Moss\u00e8n Ant\u00f3n y el voluntariado en residencias - Blog Inforesidencias.com\",\"isPartOf\":{\"@id\":\"https:\/\/www.inforesidencias.com\/blog\/#website\"},\"datePublished\":\"2021-02-05T12:48:58+00:00\",\"dateModified\":\"2021-02-05T12:49:01+00:00\",\"author\":{\"@id\":\"https:\/\/www.inforesidencias.com\/blog\/#\/schema\/person\/9e146774d1eb3bc1c0316242a3898628\"},\"description\":\"Esta semana hemos hablado con la residencia Moss\u00e8n Anton y su apuesta por la transparencia y con la asociaci\u00f3n ASTE de voluntariado universitarios\",\"breadcrumb\":{\"@id\":\"https:\/\/www.inforesidencias.com\/blog\/index.php\/2021\/02\/05\/transparencia-en-la-residencia-mossen-anton-y-el-voluntariado-en-residencias\/#breadcrumb\"},\"inLanguage\":\"es\",\"potentialAction\":[{\"@type\":\"ReadAction\",\"target\":[\"https:\/\/www.inforesidencias.com\/blog\/index.php\/2021\/02\/05\/transparencia-en-la-residencia-mossen-anton-y-el-voluntariado-en-residencias\/\"]}]},{\"@type\":\"BreadcrumbList\",\"@id\":\"https:\/\/www.inforesidencias.com\/blog\/index.php\/2021\/02\/05\/transparencia-en-la-residencia-mossen-anton-y-el-voluntariado-en-residencias\/#breadcrumb\",\"itemListElement\":[{\"@type\":\"ListItem\",\"position\":1,\"name\":\"Home\",\"item\":\"https:\/\/www.inforesidencias.com\/blog\/\"},{\"@type\":\"ListItem\",\"position\":2,\"name\":\"Transparencia en la residencia Moss\u00e8n Ant\u00f3n y el voluntariado en residencias\"}]},{\"@type\":\"WebSite\",\"@id\":\"https:\/\/www.inforesidencias.com\/blog\/#website\",\"url\":\"https:\/\/www.inforesidencias.com\/blog\/\",\"name\":\"Blog Inforesidencias.com\",\"description\":\"El buscador de residencias de la 3\u00aa edad\",\"potentialAction\":[{\"@type\":\"SearchAction\",\"target\":{\"@type\":\"EntryPoint\",\"urlTemplate\":\"https:\/\/www.inforesidencias.com\/blog\/?s={search_term_string}\"},\"query-input\":\"required name=search_term_string\"}],\"inLanguage\":\"es\"},{\"@type\":\"Person\",\"@id\":\"https:\/\/www.inforesidencias.com\/blog\/#\/schema\/person\/9e146774d1eb3bc1c0316242a3898628\",\"name\":\"Josep de Mart\u00ed\",\"image\":{\"@type\":\"ImageObject\",\"inLanguage\":\"es\",\"@id\":\"https:\/\/www.inforesidencias.com\/blog\/#\/schema\/person\/image\/\",\"url\":\"https:\/\/secure.gravatar.com\/avatar\/de0302c4806c00c4cebff396a798c1ff?s=96&d=mm&r=g\",\"contentUrl\":\"https:\/\/secure.gravatar.com\/avatar\/de0302c4806c00c4cebff396a798c1ff?s=96&d=mm&r=g\",\"caption\":\"Josep de Mart\u00ed\"},\"sameAs\":[\"https:\/\/www.inforesidencias.com\",\"https:\/\/www.facebook.com\/josep.demarti\",\"https:\/\/twitter.com\/blog-ir\"],\"url\":\"https:\/\/www.inforesidencias.com\/blog\/index.php\/author\/josepdemarti\/\"}]}<\/script>\n<!-- \/ Yoast SEO plugin. -->","yoast_head_json":{"title":"Transparencia en la residencia Moss\u00e8n Ant\u00f3n y el voluntariado en residencias - Blog Inforesidencias.com","description":"Esta semana hemos hablado con la residencia Moss\u00e8n Anton y su apuesta por la transparencia y con la asociaci\u00f3n ASTE de voluntariado universitarios","robots":{"index":"index","follow":"follow","max-snippet":"max-snippet:-1","max-image-preview":"max-image-preview:large","max-video-preview":"max-video-preview:-1"},"canonical":"https:\/\/www.inforesidencias.com\/blog\/index.php\/2021\/02\/05\/transparencia-en-la-residencia-mossen-anton-y-el-voluntariado-en-residencias\/","og_locale":"es_ES","og_type":"article","og_title":"Transparencia en la residencia Moss\u00e8n Ant\u00f3n y el voluntariado en residencias - Blog Inforesidencias.com","og_description":"Esta semana hemos hablado con la residencia Moss\u00e8n Anton y su apuesta por la transparencia y con la asociaci\u00f3n ASTE de voluntariado universitarios","og_url":"https:\/\/www.inforesidencias.com\/blog\/index.php\/2021\/02\/05\/transparencia-en-la-residencia-mossen-anton-y-el-voluntariado-en-residencias\/","og_site_name":"Blog Inforesidencias.com","article_publisher":"https:\/\/www.facebook.com\/Inforesidencias\/","article_author":"https:\/\/www.facebook.com\/josep.demarti","article_published_time":"2021-02-05T12:48:58+00:00","article_modified_time":"2021-02-05T12:49:01+00:00","og_image":[{"width":400,"height":322,"url":"https:\/\/www.inforesidencias.com\/blog\/wp-content\/uploads\/2021\/02\/voluntariaado-en-residencias.png","type":"image\/png"}],"author":"Josep de Mart\u00ed","twitter_card":"summary_large_image","twitter_creator":"@blog-ir","twitter_site":"@inforesidencias","twitter_misc":{"Escrito por":"Josep de Mart\u00ed","Tiempo de lectura":"3 minutos"},"schema":{"@context":"https:\/\/schema.org","@graph":[{"@type":"WebPage","@id":"https:\/\/www.inforesidencias.com\/blog\/index.php\/2021\/02\/05\/transparencia-en-la-residencia-mossen-anton-y-el-voluntariado-en-residencias\/","url":"https:\/\/www.inforesidencias.com\/blog\/index.php\/2021\/02\/05\/transparencia-en-la-residencia-mossen-anton-y-el-voluntariado-en-residencias\/","name":"Transparencia en la residencia Moss\u00e8n Ant\u00f3n y el voluntariado en residencias - Blog Inforesidencias.com","isPartOf":{"@id":"https:\/\/www.inforesidencias.com\/blog\/#website"},"datePublished":"2021-02-05T12:48:58+00:00","dateModified":"2021-02-05T12:49:01+00:00","author":{"@id":"https:\/\/www.inforesidencias.com\/blog\/#\/schema\/person\/9e146774d1eb3bc1c0316242a3898628"},"description":"Esta semana hemos hablado con la residencia Moss\u00e8n Anton y su apuesta por la transparencia y con la asociaci\u00f3n ASTE de voluntariado universitarios","breadcrumb":{"@id":"https:\/\/www.inforesidencias.com\/blog\/index.php\/2021\/02\/05\/transparencia-en-la-residencia-mossen-anton-y-el-voluntariado-en-residencias\/#breadcrumb"},"inLanguage":"es","potentialAction":[{"@type":"ReadAction","target":["https:\/\/www.inforesidencias.com\/blog\/index.php\/2021\/02\/05\/transparencia-en-la-residencia-mossen-anton-y-el-voluntariado-en-residencias\/"]}]},{"@type":"BreadcrumbList","@id":"https:\/\/www.inforesidencias.com\/blog\/index.php\/2021\/02\/05\/transparencia-en-la-residencia-mossen-anton-y-el-voluntariado-en-residencias\/#breadcrumb","itemListElement":[{"@type":"ListItem","position":1,"name":"Home","item":"https:\/\/www.inforesidencias.com\/blog\/"},{"@type":"ListItem","position":2,"name":"Transparencia en la residencia Moss\u00e8n Ant\u00f3n y el voluntariado en residencias"}]},{"@type":"WebSite","@id":"https:\/\/www.inforesidencias.com\/blog\/#website","url":"https:\/\/www.inforesidencias.com\/blog\/","name":"Blog Inforesidencias.com","description":"El buscador de residencias de la 3\u00aa edad","potentialAction":[{"@type":"SearchAction","target":{"@type":"EntryPoint","urlTemplate":"https:\/\/www.inforesidencias.com\/blog\/?s={search_term_string}"},"query-input":"required name=search_term_string"}],"inLanguage":"es"},{"@type":"Person","@id":"https:\/\/www.inforesidencias.com\/blog\/#\/schema\/person\/9e146774d1eb3bc1c0316242a3898628","name":"Josep de Mart\u00ed","image":{"@type":"ImageObject","inLanguage":"es","@id":"https:\/\/www.inforesidencias.com\/blog\/#\/schema\/person\/image\/","url":"https:\/\/secure.gravatar.com\/avatar\/de0302c4806c00c4cebff396a798c1ff?s=96&d=mm&r=g","contentUrl":"https:\/\/secure.gravatar.com\/avatar\/de0302c4806c00c4cebff396a798c1ff?s=96&d=mm&r=g","caption":"Josep de Mart\u00ed"},"sameAs":["https:\/\/www.inforesidencias.com","https:\/\/www.facebook.com\/josep.demarti","https:\/\/twitter.com\/blog-ir"],"url":"https:\/\/www.inforesidencias.com\/blog\/index.php\/author\/josepdemarti\/"}]}},"_links":{"self":[{"href":"https:\/\/www.inforesidencias.com\/blog\/index.php\/wp-json\/wp\/v2\/posts\/4069"}],"collection":[{"href":"https:\/\/www.inforesidencias.com\/blog\/index.php\/wp-json\/wp\/v2\/posts"}],"about":[{"href":"https:\/\/www.inforesidencias.com\/blog\/index.php\/wp-json\/wp\/v2\/types\/post"}],"author":[{"embeddable":true,"href":"https:\/\/www.inforesidencias.com\/blog\/index.php\/wp-json\/wp\/v2\/users\/2"}],"replies":[{"embeddable":true,"href":"https:\/\/www.inforesidencias.com\/blog\/index.php\/wp-json\/wp\/v2\/comments?post=4069"}],"version-history":[{"count":12,"href":"https:\/\/www.inforesidencias.com\/blog\/index.php\/wp-json\/wp\/v2\/posts\/4069\/revisions"}],"predecessor-version":[{"id":4100,"href":"https:\/\/www.inforesidencias.com\/blog\/index.php\/wp-json\/wp\/v2\/posts\/4069\/revisions\/4100"}],"wp:featuredmedia":[{"embeddable":true,"href":"https:\/\/www.inforesidencias.com\/blog\/index.php\/wp-json\/wp\/v2\/media\/4099"}],"wp:attachment":[{"href":"https:\/\/www.inforesidencias.com\/blog\/index.php\/wp-json\/wp\/v2\/media?parent=4069"}],"wp:term":[{"taxonomy":"category","embeddable":true,"href":"https:\/\/www.inforesidencias.com\/blog\/index.php\/wp-json\/wp\/v2\/categories?post=4069"},{"taxonomy":"post_tag","embeddable":true,"href":"https:\/\/www.inforesidencias.com\/blog\/index.php\/wp-json\/wp\/v2\/tags?post=4069"}],"curies":[{"name":"wp","href":"https:\/\/api.w.org\/{rel}","templated":true}]}}