{"id":4071,"date":"2021-02-04T19:35:15","date_gmt":"2021-02-04T18:35:15","guid":{"rendered":"https:\/\/www.inforesidencias.com\/blog\/?p=4071"},"modified":"2021-02-04T19:36:17","modified_gmt":"2021-02-04T18:36:17","slug":"centros-de-dia-en-navarra","status":"publish","type":"post","link":"https:\/\/www.inforesidencias.com\/blog\/index.php\/2021\/02\/04\/centros-de-dia-en-navarra\/","title":{"rendered":"Centros de d\u00eda en Navarra"},"content":{"rendered":"\n<p><\/p>\n\n\n\n<p><\/p>\n\n\n\n<p><a href=\"https:\/\/www.inforesidencias.com\/centros\/buscador\/directorio\/navarra\">Navarra es una comunidad que ofrece un ampl\u00edo abanico de servicios a las persona<\/a><a href=\"https:\/\/www.inforesidencias.com\/centros\/buscador\/directorio\/navarra\" target=\"_blank\" rel=\"noreferrer noopener\">s mayores<\/a> con diferentes grados de dependencia y algunos de estos servicios se han especializado en demencias. Eso permite a los usuarios la posibilidad de elegir las diferentes opciones a escoger y que cumplan con sus expectativas y necesidades, aunque a veces, son las familias quienes deciden la mejor opci\u00f3n que se adapte a sus necesidades y tiempos. Durante el a\u00f1o pasado por la crisis sanitaria, y ahora los rebrotes por coronavirus que siguen apareciendo en diferentes zonas, los centros de d\u00eda fueron los primeros en tener que cerrar sus puertas por la incidencia de contagios dejando a muchos mayores en sus domicilios. Desafortunadamente este cierre ha provocado retrocesos ya que la rotura de las rutinas diarias no ha sido f\u00e1cil. Las las consecuencias no se han hecho esperar, como por ejemplo<\/p>\n\n\n\n<ul><li>Problemas para conciliar la vida familiar y la vida laboral,<\/li><li>P\u00e9rdida de movilidad.<\/li><li>P\u00e9rdida de rutinas esenciales para la poblaci\u00f3n de la tercera edad.<\/li><li>Posible subida de peso corporal por la p\u00e9rdida de rutinas y por muchas horas frente al televisor.<\/li><li>Posible p\u00e9rdida de apetito por la disminuci\u00f3n de actividades<\/li><li>Malnutrici\u00f3n o desnutrici\u00f3n por una alimentaci\u00f3n mon\u00f3tona y no balanceada,. Se presenta m\u00e1s en ancianos que viven solos en sus domicilios o conviven con otra persona mayor.<\/li><li>Deterioro psicol\u00f3gico, f\u00edsico y emocional m\u00e1s presente en personas dependientes.<\/li><li>La falta de atenci\u00f3n terap\u00e9utica repercute en mantenimiento de la autonom\u00eda y la independencia. En el caso de personas que padecen alguna demencia se puede presentar agresividad, y las familias tienen dificultad para controlar las situaciones. Adem\u00e1s, los retrocesos cognitivos son frecuentes y las familias han tenido que afrontar est\u00e1 situaci\u00f3n en solitario durante los confinamientos.<\/li><\/ul>\n\n\n\n<div class=\"wp-block-image\"><figure class=\"alignleft size-large is-resized\"><img decoding=\"async\" loading=\"lazy\" src=\"https:\/\/www.inforesidencias.com\/blog\/wp-content\/uploads\/2021\/02\/bandera-navarra-2.png\" alt=\"\" class=\"wp-image-4077\" width=\"308\" height=\"186\" srcset=\"https:\/\/www.inforesidencias.com\/blog\/wp-content\/uploads\/2021\/02\/bandera-navarra-2.png 430w, https:\/\/www.inforesidencias.com\/blog\/wp-content\/uploads\/2021\/02\/bandera-navarra-2-300x181.png 300w\" sizes=\"(max-width: 308px) 100vw, 308px\" \/><\/figure><\/div>\n\n\n\n<p>Actualmente muchos centros de d\u00eda han abierto nuevamente y apuestan por los nuevos modelos de atenci\u00f3n centrada en la persona. En la poblaci\u00f3n de Ablitas, en la provincia de Navarra , se abrir\u00e1 un centro de d\u00eda en el cual se trabajar\u00e1 con el modelo de atenci\u00f3n centrado en la persona. Este modelo se basa en la participaci\u00f3n activa de los usuarios y de las familias. El nuevo centro tendr\u00e1 una capacidad para 30 plazas con instalaciones adecuadas a las necesidades de los mayores y con personal capacitado para dar respuesta a las demandas de los usuarios y las familias.<\/p>\n\n\n\n<p><a href=\"https:\/\/www.inforesidencias.com\/centros\/buscador\/centros-de-dia-para-mayores\/navarra\/navarra\">Lo<\/a><a href=\"https:\/\/www.inforesidencias.com\/centros\/buscador\/centros-de-dia-para-mayores\/navarra\/navarra\" target=\"_blank\" rel=\"noreferrer noopener\">s centros de d\u00eda<\/a> son espacios para ancianos que presentan cierto grado de dependencia o dificultades para que les atiendan sus familiares. El cuidado que proporciona el centro de d\u00eda es de rehabilitaci\u00f3n, de integraci\u00f3n a la comunidad, cuidados de enfermer\u00eda y cuidados de prevenci\u00f3n y seguimiento para que sigan viviendo en su entorno familiar. las personas mayores de Ablitas ser\u00e1n los afortunados en asistir a este nuevo centro de d\u00eda que abrir\u00e1 en los  pr\u00f3ximos meses. Otros servicios que ofrece Navarra para sus personas mayores son plazas de residencias geri\u00e1tricas, centros de d\u00eda y servicios de ayuda a domicilio:<\/p>\n\n\n\n<p>Descubre <a href=\"https:\/\/www.inforesidencias.com\/centros\/buscador\/residencias\/navarra\/navarra\">residencias de <\/a><a href=\"https:\/\/www.inforesidencias.com\/centros\/buscador\/residencias\/navarra\/navarra\" target=\"_blank\" rel=\"noreferrer noopener\">mayores en Navarra<\/a><\/p>\n","protected":false},"excerpt":{"rendered":"<p>Navarra es una comunidad que ofrece un ampl\u00edo abanico de servicios a las personas mayores con diferentes grados de dependencia y algunos de estos servicios se han especializado en demencias. Eso permite a los usuarios la posibilidad de elegir las diferentes opciones a escoger y que cumplan con sus expectativas y necesidades, aunque a veces, son las familias quienes deciden la mejor opci\u00f3n que se adapte a sus necesidades y tiempos. Durante el a\u00f1o pasado por la crisis sanitaria, y ahora los rebrotes por coronavirus que siguen apareciendo en diferentes zonas, los centros de d\u00eda fueron los primeros en tener que cerrar sus puertas por la incidencia de contagios dejando a muchos mayores en sus domicilios. Desafortunadamente este cierre ha provocado retrocesos ya que la rotura de las rutinas diarias no ha sido f\u00e1cil. Las las consecuencias no se han hecho esperar, como por ejemplo Problemas para conciliar la vida [&hellip;]<\/p>\n","protected":false},"author":2,"featured_media":4075,"comment_status":"open","ping_status":"open","sticky":false,"template":"","format":"standard","meta":{"footnotes":""},"categories":[1],"tags":[],"yoast_head":"<!-- This site is optimized with the Yoast SEO plugin v21.7 - https:\/\/yoast.com\/wordpress\/plugins\/seo\/ -->\n<title>Centros de d\u00eda en Navarra - Blog Inforesidencias.com<\/title>\n<meta name=\"description\" content=\"El municipio de Ablitas, en la provincia de Navarra, contar\u00e1 con un nuevo centro de d\u00eda para las personas mayores de la zona.\" \/>\n<meta name=\"robots\" content=\"index, follow, max-snippet:-1, max-image-preview:large, max-video-preview:-1\" \/>\n<link rel=\"canonical\" href=\"https:\/\/www.inforesidencias.com\/blog\/index.php\/2021\/02\/04\/centros-de-dia-en-navarra\/\" \/>\n<meta property=\"og:locale\" content=\"es_ES\" \/>\n<meta property=\"og:type\" content=\"article\" \/>\n<meta property=\"og:title\" content=\"Centros de d\u00eda en Navarra - Blog Inforesidencias.com\" \/>\n<meta property=\"og:description\" content=\"El municipio de Ablitas, en la provincia de Navarra, contar\u00e1 con un nuevo centro de d\u00eda para las personas mayores de la zona.\" \/>\n<meta property=\"og:url\" content=\"https:\/\/www.inforesidencias.com\/blog\/index.php\/2021\/02\/04\/centros-de-dia-en-navarra\/\" \/>\n<meta property=\"og:site_name\" content=\"Blog Inforesidencias.com\" \/>\n<meta property=\"article:publisher\" content=\"https:\/\/www.facebook.com\/Inforesidencias\/\" \/>\n<meta property=\"article:author\" content=\"https:\/\/www.facebook.com\/josep.demarti\" \/>\n<meta property=\"article:published_time\" content=\"2021-02-04T18:35:15+00:00\" \/>\n<meta property=\"article:modified_time\" content=\"2021-02-04T18:36:17+00:00\" \/>\n<meta property=\"og:image\" content=\"https:\/\/www.inforesidencias.com\/blog\/wp-content\/uploads\/2021\/02\/bandera-navarra.png\" \/>\n\t<meta property=\"og:image:width\" content=\"430\" \/>\n\t<meta property=\"og:image:height\" content=\"259\" \/>\n\t<meta property=\"og:image:type\" content=\"image\/png\" \/>\n<meta name=\"author\" content=\"Josep de Mart\u00ed\" \/>\n<meta name=\"twitter:card\" content=\"summary_large_image\" \/>\n<meta name=\"twitter:creator\" content=\"@blog-ir\" \/>\n<meta name=\"twitter:site\" content=\"@inforesidencias\" \/>\n<meta name=\"twitter:label1\" content=\"Escrito por\" \/>\n\t<meta name=\"twitter:data1\" content=\"Josep de Mart\u00ed\" \/>\n\t<meta name=\"twitter:label2\" content=\"Tiempo de lectura\" \/>\n\t<meta name=\"twitter:data2\" content=\"3 minutos\" \/>\n<script type=\"application\/ld+json\" class=\"yoast-schema-graph\">{\"@context\":\"https:\/\/schema.org\",\"@graph\":[{\"@type\":\"WebPage\",\"@id\":\"https:\/\/www.inforesidencias.com\/blog\/index.php\/2021\/02\/04\/centros-de-dia-en-navarra\/\",\"url\":\"https:\/\/www.inforesidencias.com\/blog\/index.php\/2021\/02\/04\/centros-de-dia-en-navarra\/\",\"name\":\"Centros de d\u00eda en Navarra - Blog Inforesidencias.com\",\"isPartOf\":{\"@id\":\"https:\/\/www.inforesidencias.com\/blog\/#website\"},\"datePublished\":\"2021-02-04T18:35:15+00:00\",\"dateModified\":\"2021-02-04T18:36:17+00:00\",\"author\":{\"@id\":\"https:\/\/www.inforesidencias.com\/blog\/#\/schema\/person\/9e146774d1eb3bc1c0316242a3898628\"},\"description\":\"El municipio de Ablitas, en la provincia de Navarra, contar\u00e1 con un nuevo centro de d\u00eda para las personas mayores de la zona.\",\"breadcrumb\":{\"@id\":\"https:\/\/www.inforesidencias.com\/blog\/index.php\/2021\/02\/04\/centros-de-dia-en-navarra\/#breadcrumb\"},\"inLanguage\":\"es\",\"potentialAction\":[{\"@type\":\"ReadAction\",\"target\":[\"https:\/\/www.inforesidencias.com\/blog\/index.php\/2021\/02\/04\/centros-de-dia-en-navarra\/\"]}]},{\"@type\":\"BreadcrumbList\",\"@id\":\"https:\/\/www.inforesidencias.com\/blog\/index.php\/2021\/02\/04\/centros-de-dia-en-navarra\/#breadcrumb\",\"itemListElement\":[{\"@type\":\"ListItem\",\"position\":1,\"name\":\"Home\",\"item\":\"https:\/\/www.inforesidencias.com\/blog\/\"},{\"@type\":\"ListItem\",\"position\":2,\"name\":\"Centros de d\u00eda en Navarra\"}]},{\"@type\":\"WebSite\",\"@id\":\"https:\/\/www.inforesidencias.com\/blog\/#website\",\"url\":\"https:\/\/www.inforesidencias.com\/blog\/\",\"name\":\"Blog Inforesidencias.com\",\"description\":\"El buscador de residencias de la 3\u00aa edad\",\"potentialAction\":[{\"@type\":\"SearchAction\",\"target\":{\"@type\":\"EntryPoint\",\"urlTemplate\":\"https:\/\/www.inforesidencias.com\/blog\/?s={search_term_string}\"},\"query-input\":\"required name=search_term_string\"}],\"inLanguage\":\"es\"},{\"@type\":\"Person\",\"@id\":\"https:\/\/www.inforesidencias.com\/blog\/#\/schema\/person\/9e146774d1eb3bc1c0316242a3898628\",\"name\":\"Josep de Mart\u00ed\",\"image\":{\"@type\":\"ImageObject\",\"inLanguage\":\"es\",\"@id\":\"https:\/\/www.inforesidencias.com\/blog\/#\/schema\/person\/image\/\",\"url\":\"https:\/\/secure.gravatar.com\/avatar\/de0302c4806c00c4cebff396a798c1ff?s=96&d=mm&r=g\",\"contentUrl\":\"https:\/\/secure.gravatar.com\/avatar\/de0302c4806c00c4cebff396a798c1ff?s=96&d=mm&r=g\",\"caption\":\"Josep de Mart\u00ed\"},\"sameAs\":[\"https:\/\/www.inforesidencias.com\",\"https:\/\/www.facebook.com\/josep.demarti\",\"https:\/\/twitter.com\/blog-ir\"],\"url\":\"https:\/\/www.inforesidencias.com\/blog\/index.php\/author\/josepdemarti\/\"}]}<\/script>\n<!-- \/ Yoast SEO plugin. -->","yoast_head_json":{"title":"Centros de d\u00eda en Navarra - Blog Inforesidencias.com","description":"El municipio de Ablitas, en la provincia de Navarra, contar\u00e1 con un nuevo centro de d\u00eda para las personas mayores de la zona.","robots":{"index":"index","follow":"follow","max-snippet":"max-snippet:-1","max-image-preview":"max-image-preview:large","max-video-preview":"max-video-preview:-1"},"canonical":"https:\/\/www.inforesidencias.com\/blog\/index.php\/2021\/02\/04\/centros-de-dia-en-navarra\/","og_locale":"es_ES","og_type":"article","og_title":"Centros de d\u00eda en Navarra - Blog Inforesidencias.com","og_description":"El municipio de Ablitas, en la provincia de Navarra, contar\u00e1 con un nuevo centro de d\u00eda para las personas mayores de la zona.","og_url":"https:\/\/www.inforesidencias.com\/blog\/index.php\/2021\/02\/04\/centros-de-dia-en-navarra\/","og_site_name":"Blog Inforesidencias.com","article_publisher":"https:\/\/www.facebook.com\/Inforesidencias\/","article_author":"https:\/\/www.facebook.com\/josep.demarti","article_published_time":"2021-02-04T18:35:15+00:00","article_modified_time":"2021-02-04T18:36:17+00:00","og_image":[{"width":430,"height":259,"url":"https:\/\/www.inforesidencias.com\/blog\/wp-content\/uploads\/2021\/02\/bandera-navarra.png","type":"image\/png"}],"author":"Josep de Mart\u00ed","twitter_card":"summary_large_image","twitter_creator":"@blog-ir","twitter_site":"@inforesidencias","twitter_misc":{"Escrito por":"Josep de Mart\u00ed","Tiempo de lectura":"3 minutos"},"schema":{"@context":"https:\/\/schema.org","@graph":[{"@type":"WebPage","@id":"https:\/\/www.inforesidencias.com\/blog\/index.php\/2021\/02\/04\/centros-de-dia-en-navarra\/","url":"https:\/\/www.inforesidencias.com\/blog\/index.php\/2021\/02\/04\/centros-de-dia-en-navarra\/","name":"Centros de d\u00eda en Navarra - Blog Inforesidencias.com","isPartOf":{"@id":"https:\/\/www.inforesidencias.com\/blog\/#website"},"datePublished":"2021-02-04T18:35:15+00:00","dateModified":"2021-02-04T18:36:17+00:00","author":{"@id":"https:\/\/www.inforesidencias.com\/blog\/#\/schema\/person\/9e146774d1eb3bc1c0316242a3898628"},"description":"El municipio de Ablitas, en la provincia de Navarra, contar\u00e1 con un nuevo centro de d\u00eda para las personas mayores de la zona.","breadcrumb":{"@id":"https:\/\/www.inforesidencias.com\/blog\/index.php\/2021\/02\/04\/centros-de-dia-en-navarra\/#breadcrumb"},"inLanguage":"es","potentialAction":[{"@type":"ReadAction","target":["https:\/\/www.inforesidencias.com\/blog\/index.php\/2021\/02\/04\/centros-de-dia-en-navarra\/"]}]},{"@type":"BreadcrumbList","@id":"https:\/\/www.inforesidencias.com\/blog\/index.php\/2021\/02\/04\/centros-de-dia-en-navarra\/#breadcrumb","itemListElement":[{"@type":"ListItem","position":1,"name":"Home","item":"https:\/\/www.inforesidencias.com\/blog\/"},{"@type":"ListItem","position":2,"name":"Centros de d\u00eda en Navarra"}]},{"@type":"WebSite","@id":"https:\/\/www.inforesidencias.com\/blog\/#website","url":"https:\/\/www.inforesidencias.com\/blog\/","name":"Blog Inforesidencias.com","description":"El buscador de residencias de la 3\u00aa edad","potentialAction":[{"@type":"SearchAction","target":{"@type":"EntryPoint","urlTemplate":"https:\/\/www.inforesidencias.com\/blog\/?s={search_term_string}"},"query-input":"required name=search_term_string"}],"inLanguage":"es"},{"@type":"Person","@id":"https:\/\/www.inforesidencias.com\/blog\/#\/schema\/person\/9e146774d1eb3bc1c0316242a3898628","name":"Josep de Mart\u00ed","image":{"@type":"ImageObject","inLanguage":"es","@id":"https:\/\/www.inforesidencias.com\/blog\/#\/schema\/person\/image\/","url":"https:\/\/secure.gravatar.com\/avatar\/de0302c4806c00c4cebff396a798c1ff?s=96&d=mm&r=g","contentUrl":"https:\/\/secure.gravatar.com\/avatar\/de0302c4806c00c4cebff396a798c1ff?s=96&d=mm&r=g","caption":"Josep de Mart\u00ed"},"sameAs":["https:\/\/www.inforesidencias.com","https:\/\/www.facebook.com\/josep.demarti","https:\/\/twitter.com\/blog-ir"],"url":"https:\/\/www.inforesidencias.com\/blog\/index.php\/author\/josepdemarti\/"}]}},"_links":{"self":[{"href":"https:\/\/www.inforesidencias.com\/blog\/index.php\/wp-json\/wp\/v2\/posts\/4071"}],"collection":[{"href":"https:\/\/www.inforesidencias.com\/blog\/index.php\/wp-json\/wp\/v2\/posts"}],"about":[{"href":"https:\/\/www.inforesidencias.com\/blog\/index.php\/wp-json\/wp\/v2\/types\/post"}],"author":[{"embeddable":true,"href":"https:\/\/www.inforesidencias.com\/blog\/index.php\/wp-json\/wp\/v2\/users\/2"}],"replies":[{"embeddable":true,"href":"https:\/\/www.inforesidencias.com\/blog\/index.php\/wp-json\/wp\/v2\/comments?post=4071"}],"version-history":[{"count":6,"href":"https:\/\/www.inforesidencias.com\/blog\/index.php\/wp-json\/wp\/v2\/posts\/4071\/revisions"}],"predecessor-version":[{"id":4083,"href":"https:\/\/www.inforesidencias.com\/blog\/index.php\/wp-json\/wp\/v2\/posts\/4071\/revisions\/4083"}],"wp:featuredmedia":[{"embeddable":true,"href":"https:\/\/www.inforesidencias.com\/blog\/index.php\/wp-json\/wp\/v2\/media\/4075"}],"wp:attachment":[{"href":"https:\/\/www.inforesidencias.com\/blog\/index.php\/wp-json\/wp\/v2\/media?parent=4071"}],"wp:term":[{"taxonomy":"category","embeddable":true,"href":"https:\/\/www.inforesidencias.com\/blog\/index.php\/wp-json\/wp\/v2\/categories?post=4071"},{"taxonomy":"post_tag","embeddable":true,"href":"https:\/\/www.inforesidencias.com\/blog\/index.php\/wp-json\/wp\/v2\/tags?post=4071"}],"curies":[{"name":"wp","href":"https:\/\/api.w.org\/{rel}","templated":true}]}}