{"id":4114,"date":"2021-02-09T08:54:50","date_gmt":"2021-02-09T07:54:50","guid":{"rendered":"https:\/\/www.inforesidencias.com\/blog\/?p=4114"},"modified":"2021-02-08T17:02:45","modified_gmt":"2021-02-08T16:02:45","slug":"nuevos-servicios-para-los-mayores-en-valencia","status":"publish","type":"post","link":"https:\/\/www.inforesidencias.com\/blog\/index.php\/2021\/02\/09\/nuevos-servicios-para-los-mayores-en-valencia\/","title":{"rendered":"Nuevos servicios para los mayores en Valencia"},"content":{"rendered":"\n<p>Los ayuntamientos contin\u00faan trabajando en diferentes programas para ofrecer m\u00e1s servicios a las personas mayores. Por otro lado, cada vez que se atraviesan fiestas en las localidades se tienen que cancelar para evitar contagios por coronavirus aunque a su vez tambi\u00e9n se tiene que poner en marcha campa\u00f1as para evitar la soledad y aislamiento que esto genera en el colectivo de los mayores. Para muchas personas mayores, los d\u00edas de fiestas del pueblo son motivo de visita de las familias, de reuniones con los vecinos y amistades, de salir a la calle, disfrutar de paseos, pasear a los santos, sacar la ropa tradicional etc.  <\/p>\n\n\n\n<p>Otro ejemplo lo encontramos en el municipio de Quart de Poblet,  en la provincia de Valencia, en el que durante el mes de diciembre y enero se puso en marcha un servicio de asesoramiento y consulta psicol\u00f3gica individualizada. De esta manera, se pretend\u00eda que esa navidad los d\u00edas festivos no dejaran una sensaci\u00f3n de m\u00e1s soledad en los mayores, debido a que no fueron posibles las grandes reuniones familiares con inmensas cenas y comidas ni los abrazos ni los besos.  Por eso, este tipo de servicio ayud\u00f3 a los mayores a a llevar mejor la sensaci\u00f3n de soledad y esos cambios que hace un a\u00f1o no se contemplaban.<\/p>\n\n\n\n<p>Desde el inicio de la pandemia cada mes se han cancelado diferentes fiestas tradicionales y otras actividades sociales. Desde que en el mes de junio-julio ya volvimos a realizar algunas de ellas adapt\u00e1ndolas a la \u00abnueva normalidad\u00bb con sus respectivas medidas de seguridad, distancia social, gel hidroalcoh\u00f3lico, lavado de manos constante, control de la temperatura y mascarilla obligatoria, adem\u00e1s de un aforo reducido a un 50 o 30 %.<\/p>\n\n\n\n<div class=\"wp-block-image\"><figure class=\"alignleft size-large is-resized\"><img decoding=\"async\" loading=\"lazy\" src=\"https:\/\/www.inforesidencias.com\/blog\/wp-content\/uploads\/2021\/02\/comunidad-de-valencia.png\" alt=\"\" class=\"wp-image-4121\" width=\"313\" height=\"316\" srcset=\"https:\/\/www.inforesidencias.com\/blog\/wp-content\/uploads\/2021\/02\/comunidad-de-valencia.png 400w, https:\/\/www.inforesidencias.com\/blog\/wp-content\/uploads\/2021\/02\/comunidad-de-valencia-297x300.png 297w, https:\/\/www.inforesidencias.com\/blog\/wp-content\/uploads\/2021\/02\/comunidad-de-valencia-150x150.png 150w\" sizes=\"(max-width: 313px) 100vw, 313px\" \/><\/figure><\/div>\n\n\n\n<p>As\u00ed es como, sin salir de Quart de Poblet , vemos como se ha reiniciado nuevamente taller de reminiscencia, un taller que ya se hizo a\u00f1os atr\u00e1s en el centro social intergeracional Trenquem Barreres de esta poblaci\u00f3n con el objetivo de asegurar y promocionar el bienestar cognitivo, f\u00edsico, y emocional de los usuarios. Se trata de un curso que ayuda a reafirmar la autoestima cuando las capacidades psicof\u00edsicas y de relaciones comienza a perderse, y que mediante algunos estudios se ha visto que la reminiscencia proporciona beneficios de car\u00e1cter psicol\u00f3gico como: la reducci\u00f3n de la depresi\u00f3n, de los sentimientos de soledad, las emociones negativas y ansiedad, el mantenimiento de la autoestima, autoafirmaci\u00f3n y la mejora del autoconcepto. A su vez, se fortalecen las habilidades de satisfacci\u00f3n con la vida, se mejora en las actividades funcionales y actividades sociales y se acepta la muerta como parte de la vida.<\/p>\n\n\n\n<p>Para m\u00e1s informaci\u00f3n sobe los diversos recursos sociales que que ofrece Valencia y los alrededores haz <a href=\"https:\/\/www.inforesidencias.com\/centros\/buscador\/directorio\/valencia\/valencia-valencia\">c<\/a><a href=\"https:\/\/www.inforesidencias.com\/centros\/buscador\/directorio\/valencia\/valencia-valencia\" target=\"_blank\" rel=\"noreferrer noopener\">lick aqu\u00ed<\/a><\/p>\n\n\n\n<p>La gran mayor\u00eda de los cursos destinados a las personas mayores son para que tengan un proceso de envejecimiento lo m\u00e1s sano posible f\u00edsica y mentalmente. Durante la pandemia uno de los servicios que apoyo de forma directa a los mayores en sus domicilios fue la ayuda a domicilio donde las auxiliares hicieron su labor de ayuda en las actividades b\u00e1sicas de vida diaria pero tambi\u00e9n ofrecieron compa\u00f1\u00eda y escucharon los miedos y preocupaciones de las personas mayores, <\/p>\n\n\n\n<p>Desafortunadamente los centros de d\u00eda por precauci\u00f3n tuvieron que cerrar pero muchos de ellos dieron asesor\u00eda v\u00eda telef\u00f3nica a sus usuarios y otros recursos como las residencias geri\u00e1tricas continuaron su labor de cuidado a los ancianos y realizando actividades para sobrellevar el d\u00eda a d\u00eda con la pandemia y las restricciones a las visitas por por los rebrotes.<\/p>\n\n\n\n<p>Descubre <a href=\"https:\/\/www.inforesidencias.com\/contenidos\/noticias\/valencia\">otra<\/a><a href=\"https:\/\/www.inforesidencias.com\/contenidos\/noticias\/valencia\" target=\"_blank\" rel=\"noreferrer noopener\">s noticias <\/a>de la Comunidad Aut\u00f3noma de Valencia.<\/p>\n","protected":false},"excerpt":{"rendered":"<p>Los ayuntamientos contin\u00faan trabajando en diferentes programas para ofrecer m\u00e1s servicios a las personas mayores. Por otro lado, cada vez que se atraviesan fiestas en las localidades se tienen que cancelar para evitar contagios por coronavirus aunque a su vez tambi\u00e9n se tiene que poner en marcha campa\u00f1as para evitar la soledad y aislamiento que esto genera en el colectivo de los mayores. Para muchas personas mayores, los d\u00edas de fiestas del pueblo son motivo de visita de las familias, de reuniones con los vecinos y amistades, de salir a la calle, disfrutar de paseos, pasear a los santos, sacar la ropa tradicional etc. Otro ejemplo lo encontramos en el municipio de Quart de Poblet, en la provincia de Valencia, en el que durante el mes de diciembre y enero se puso en marcha un servicio de asesoramiento y consulta psicol\u00f3gica individualizada. De esta manera, se pretend\u00eda que esa navidad [&hellip;]<\/p>\n","protected":false},"author":2,"featured_media":4121,"comment_status":"open","ping_status":"open","sticky":false,"template":"","format":"standard","meta":{"footnotes":""},"categories":[1],"tags":[],"yoast_head":"<!-- This site is optimized with the Yoast SEO plugin v21.7 - https:\/\/yoast.com\/wordpress\/plugins\/seo\/ -->\n<title>Nuevos servicios para los mayores en Valencia - Blog Inforesidencias.com<\/title>\n<meta name=\"description\" content=\"En el municipio de Quart de Poblet, en Valencia, iniciaron en Navidad un servicio de soporte psicol\u00f3gico a los mayores durante la pandemia\" \/>\n<meta name=\"robots\" content=\"index, follow, max-snippet:-1, max-image-preview:large, max-video-preview:-1\" \/>\n<link rel=\"canonical\" href=\"https:\/\/www.inforesidencias.com\/blog\/index.php\/2021\/02\/09\/nuevos-servicios-para-los-mayores-en-valencia\/\" \/>\n<meta property=\"og:locale\" content=\"es_ES\" \/>\n<meta property=\"og:type\" content=\"article\" \/>\n<meta property=\"og:title\" content=\"Nuevos servicios para los mayores en Valencia - Blog Inforesidencias.com\" \/>\n<meta property=\"og:description\" content=\"En el municipio de Quart de Poblet, en Valencia, iniciaron en Navidad un servicio de soporte psicol\u00f3gico a los mayores durante la pandemia\" \/>\n<meta property=\"og:url\" content=\"https:\/\/www.inforesidencias.com\/blog\/index.php\/2021\/02\/09\/nuevos-servicios-para-los-mayores-en-valencia\/\" \/>\n<meta property=\"og:site_name\" content=\"Blog Inforesidencias.com\" \/>\n<meta property=\"article:publisher\" content=\"https:\/\/www.facebook.com\/Inforesidencias\/\" \/>\n<meta property=\"article:author\" content=\"https:\/\/www.facebook.com\/josep.demarti\" \/>\n<meta property=\"article:published_time\" content=\"2021-02-09T07:54:50+00:00\" \/>\n<meta property=\"article:modified_time\" content=\"2021-02-08T16:02:45+00:00\" \/>\n<meta property=\"og:image\" content=\"https:\/\/www.inforesidencias.com\/blog\/wp-content\/uploads\/2021\/02\/comunidad-de-valencia.png\" \/>\n\t<meta property=\"og:image:width\" content=\"400\" \/>\n\t<meta property=\"og:image:height\" content=\"404\" \/>\n\t<meta property=\"og:image:type\" content=\"image\/png\" \/>\n<meta name=\"author\" content=\"Josep de Mart\u00ed\" \/>\n<meta name=\"twitter:card\" content=\"summary_large_image\" \/>\n<meta name=\"twitter:creator\" content=\"@blog-ir\" \/>\n<meta name=\"twitter:site\" content=\"@inforesidencias\" \/>\n<meta name=\"twitter:label1\" content=\"Escrito por\" \/>\n\t<meta name=\"twitter:data1\" content=\"Josep de Mart\u00ed\" \/>\n\t<meta name=\"twitter:label2\" content=\"Tiempo de lectura\" \/>\n\t<meta name=\"twitter:data2\" content=\"3 minutos\" \/>\n<script type=\"application\/ld+json\" class=\"yoast-schema-graph\">{\"@context\":\"https:\/\/schema.org\",\"@graph\":[{\"@type\":\"WebPage\",\"@id\":\"https:\/\/www.inforesidencias.com\/blog\/index.php\/2021\/02\/09\/nuevos-servicios-para-los-mayores-en-valencia\/\",\"url\":\"https:\/\/www.inforesidencias.com\/blog\/index.php\/2021\/02\/09\/nuevos-servicios-para-los-mayores-en-valencia\/\",\"name\":\"Nuevos servicios para los mayores en Valencia - Blog Inforesidencias.com\",\"isPartOf\":{\"@id\":\"https:\/\/www.inforesidencias.com\/blog\/#website\"},\"datePublished\":\"2021-02-09T07:54:50+00:00\",\"dateModified\":\"2021-02-08T16:02:45+00:00\",\"author\":{\"@id\":\"https:\/\/www.inforesidencias.com\/blog\/#\/schema\/person\/9e146774d1eb3bc1c0316242a3898628\"},\"description\":\"En el municipio de Quart de Poblet, en Valencia, iniciaron en Navidad un servicio de soporte psicol\u00f3gico a los mayores durante la pandemia\",\"breadcrumb\":{\"@id\":\"https:\/\/www.inforesidencias.com\/blog\/index.php\/2021\/02\/09\/nuevos-servicios-para-los-mayores-en-valencia\/#breadcrumb\"},\"inLanguage\":\"es\",\"potentialAction\":[{\"@type\":\"ReadAction\",\"target\":[\"https:\/\/www.inforesidencias.com\/blog\/index.php\/2021\/02\/09\/nuevos-servicios-para-los-mayores-en-valencia\/\"]}]},{\"@type\":\"BreadcrumbList\",\"@id\":\"https:\/\/www.inforesidencias.com\/blog\/index.php\/2021\/02\/09\/nuevos-servicios-para-los-mayores-en-valencia\/#breadcrumb\",\"itemListElement\":[{\"@type\":\"ListItem\",\"position\":1,\"name\":\"Home\",\"item\":\"https:\/\/www.inforesidencias.com\/blog\/\"},{\"@type\":\"ListItem\",\"position\":2,\"name\":\"Nuevos servicios para los mayores en Valencia\"}]},{\"@type\":\"WebSite\",\"@id\":\"https:\/\/www.inforesidencias.com\/blog\/#website\",\"url\":\"https:\/\/www.inforesidencias.com\/blog\/\",\"name\":\"Blog Inforesidencias.com\",\"description\":\"El buscador de residencias de la 3\u00aa edad\",\"potentialAction\":[{\"@type\":\"SearchAction\",\"target\":{\"@type\":\"EntryPoint\",\"urlTemplate\":\"https:\/\/www.inforesidencias.com\/blog\/?s={search_term_string}\"},\"query-input\":\"required name=search_term_string\"}],\"inLanguage\":\"es\"},{\"@type\":\"Person\",\"@id\":\"https:\/\/www.inforesidencias.com\/blog\/#\/schema\/person\/9e146774d1eb3bc1c0316242a3898628\",\"name\":\"Josep de Mart\u00ed\",\"image\":{\"@type\":\"ImageObject\",\"inLanguage\":\"es\",\"@id\":\"https:\/\/www.inforesidencias.com\/blog\/#\/schema\/person\/image\/\",\"url\":\"https:\/\/secure.gravatar.com\/avatar\/de0302c4806c00c4cebff396a798c1ff?s=96&d=mm&r=g\",\"contentUrl\":\"https:\/\/secure.gravatar.com\/avatar\/de0302c4806c00c4cebff396a798c1ff?s=96&d=mm&r=g\",\"caption\":\"Josep de Mart\u00ed\"},\"sameAs\":[\"https:\/\/www.inforesidencias.com\",\"https:\/\/www.facebook.com\/josep.demarti\",\"https:\/\/twitter.com\/blog-ir\"],\"url\":\"https:\/\/www.inforesidencias.com\/blog\/index.php\/author\/josepdemarti\/\"}]}<\/script>\n<!-- \/ Yoast SEO plugin. -->","yoast_head_json":{"title":"Nuevos servicios para los mayores en Valencia - Blog Inforesidencias.com","description":"En el municipio de Quart de Poblet, en Valencia, iniciaron en Navidad un servicio de soporte psicol\u00f3gico a los mayores durante la pandemia","robots":{"index":"index","follow":"follow","max-snippet":"max-snippet:-1","max-image-preview":"max-image-preview:large","max-video-preview":"max-video-preview:-1"},"canonical":"https:\/\/www.inforesidencias.com\/blog\/index.php\/2021\/02\/09\/nuevos-servicios-para-los-mayores-en-valencia\/","og_locale":"es_ES","og_type":"article","og_title":"Nuevos servicios para los mayores en Valencia - Blog Inforesidencias.com","og_description":"En el municipio de Quart de Poblet, en Valencia, iniciaron en Navidad un servicio de soporte psicol\u00f3gico a los mayores durante la pandemia","og_url":"https:\/\/www.inforesidencias.com\/blog\/index.php\/2021\/02\/09\/nuevos-servicios-para-los-mayores-en-valencia\/","og_site_name":"Blog Inforesidencias.com","article_publisher":"https:\/\/www.facebook.com\/Inforesidencias\/","article_author":"https:\/\/www.facebook.com\/josep.demarti","article_published_time":"2021-02-09T07:54:50+00:00","article_modified_time":"2021-02-08T16:02:45+00:00","og_image":[{"width":400,"height":404,"url":"https:\/\/www.inforesidencias.com\/blog\/wp-content\/uploads\/2021\/02\/comunidad-de-valencia.png","type":"image\/png"}],"author":"Josep de Mart\u00ed","twitter_card":"summary_large_image","twitter_creator":"@blog-ir","twitter_site":"@inforesidencias","twitter_misc":{"Escrito por":"Josep de Mart\u00ed","Tiempo de lectura":"3 minutos"},"schema":{"@context":"https:\/\/schema.org","@graph":[{"@type":"WebPage","@id":"https:\/\/www.inforesidencias.com\/blog\/index.php\/2021\/02\/09\/nuevos-servicios-para-los-mayores-en-valencia\/","url":"https:\/\/www.inforesidencias.com\/blog\/index.php\/2021\/02\/09\/nuevos-servicios-para-los-mayores-en-valencia\/","name":"Nuevos servicios para los mayores en Valencia - Blog Inforesidencias.com","isPartOf":{"@id":"https:\/\/www.inforesidencias.com\/blog\/#website"},"datePublished":"2021-02-09T07:54:50+00:00","dateModified":"2021-02-08T16:02:45+00:00","author":{"@id":"https:\/\/www.inforesidencias.com\/blog\/#\/schema\/person\/9e146774d1eb3bc1c0316242a3898628"},"description":"En el municipio de Quart de Poblet, en Valencia, iniciaron en Navidad un servicio de soporte psicol\u00f3gico a los mayores durante la pandemia","breadcrumb":{"@id":"https:\/\/www.inforesidencias.com\/blog\/index.php\/2021\/02\/09\/nuevos-servicios-para-los-mayores-en-valencia\/#breadcrumb"},"inLanguage":"es","potentialAction":[{"@type":"ReadAction","target":["https:\/\/www.inforesidencias.com\/blog\/index.php\/2021\/02\/09\/nuevos-servicios-para-los-mayores-en-valencia\/"]}]},{"@type":"BreadcrumbList","@id":"https:\/\/www.inforesidencias.com\/blog\/index.php\/2021\/02\/09\/nuevos-servicios-para-los-mayores-en-valencia\/#breadcrumb","itemListElement":[{"@type":"ListItem","position":1,"name":"Home","item":"https:\/\/www.inforesidencias.com\/blog\/"},{"@type":"ListItem","position":2,"name":"Nuevos servicios para los mayores en Valencia"}]},{"@type":"WebSite","@id":"https:\/\/www.inforesidencias.com\/blog\/#website","url":"https:\/\/www.inforesidencias.com\/blog\/","name":"Blog Inforesidencias.com","description":"El buscador de residencias de la 3\u00aa edad","potentialAction":[{"@type":"SearchAction","target":{"@type":"EntryPoint","urlTemplate":"https:\/\/www.inforesidencias.com\/blog\/?s={search_term_string}"},"query-input":"required name=search_term_string"}],"inLanguage":"es"},{"@type":"Person","@id":"https:\/\/www.inforesidencias.com\/blog\/#\/schema\/person\/9e146774d1eb3bc1c0316242a3898628","name":"Josep de Mart\u00ed","image":{"@type":"ImageObject","inLanguage":"es","@id":"https:\/\/www.inforesidencias.com\/blog\/#\/schema\/person\/image\/","url":"https:\/\/secure.gravatar.com\/avatar\/de0302c4806c00c4cebff396a798c1ff?s=96&d=mm&r=g","contentUrl":"https:\/\/secure.gravatar.com\/avatar\/de0302c4806c00c4cebff396a798c1ff?s=96&d=mm&r=g","caption":"Josep de Mart\u00ed"},"sameAs":["https:\/\/www.inforesidencias.com","https:\/\/www.facebook.com\/josep.demarti","https:\/\/twitter.com\/blog-ir"],"url":"https:\/\/www.inforesidencias.com\/blog\/index.php\/author\/josepdemarti\/"}]}},"_links":{"self":[{"href":"https:\/\/www.inforesidencias.com\/blog\/index.php\/wp-json\/wp\/v2\/posts\/4114"}],"collection":[{"href":"https:\/\/www.inforesidencias.com\/blog\/index.php\/wp-json\/wp\/v2\/posts"}],"about":[{"href":"https:\/\/www.inforesidencias.com\/blog\/index.php\/wp-json\/wp\/v2\/types\/post"}],"author":[{"embeddable":true,"href":"https:\/\/www.inforesidencias.com\/blog\/index.php\/wp-json\/wp\/v2\/users\/2"}],"replies":[{"embeddable":true,"href":"https:\/\/www.inforesidencias.com\/blog\/index.php\/wp-json\/wp\/v2\/comments?post=4114"}],"version-history":[{"count":8,"href":"https:\/\/www.inforesidencias.com\/blog\/index.php\/wp-json\/wp\/v2\/posts\/4114\/revisions"}],"predecessor-version":[{"id":4124,"href":"https:\/\/www.inforesidencias.com\/blog\/index.php\/wp-json\/wp\/v2\/posts\/4114\/revisions\/4124"}],"wp:featuredmedia":[{"embeddable":true,"href":"https:\/\/www.inforesidencias.com\/blog\/index.php\/wp-json\/wp\/v2\/media\/4121"}],"wp:attachment":[{"href":"https:\/\/www.inforesidencias.com\/blog\/index.php\/wp-json\/wp\/v2\/media?parent=4114"}],"wp:term":[{"taxonomy":"category","embeddable":true,"href":"https:\/\/www.inforesidencias.com\/blog\/index.php\/wp-json\/wp\/v2\/categories?post=4114"},{"taxonomy":"post_tag","embeddable":true,"href":"https:\/\/www.inforesidencias.com\/blog\/index.php\/wp-json\/wp\/v2\/tags?post=4114"}],"curies":[{"name":"wp","href":"https:\/\/api.w.org\/{rel}","templated":true}]}}