{"id":4162,"date":"2021-02-18T08:02:29","date_gmt":"2021-02-18T07:02:29","guid":{"rendered":"https:\/\/www.inforesidencias.com\/blog\/?p=4162"},"modified":"2021-02-16T13:03:06","modified_gmt":"2021-02-16T12:03:06","slug":"aragon-contra-la-violencia-de-genero-especialmente-en-la-tercera-edad","status":"publish","type":"post","link":"https:\/\/www.inforesidencias.com\/blog\/index.php\/2021\/02\/18\/aragon-contra-la-violencia-de-genero-especialmente-en-la-tercera-edad\/","title":{"rendered":"Arag\u00f3n contra la violencia de g\u00e9nero especialmente en la tercera edad"},"content":{"rendered":"\n<p>Arag\u00f3n es una zona con muchos habitantes de m\u00e1s de 65 a\u00f1os. La violencia de g\u00e9nero ha sido una constate en diferentes los \u00e1mbitos y sigue siendo una de las manifestaciones m\u00e1s claras de la desigualdad en las relaciones de poder de los hombres sobre las mujeres.Las v\u00edctimas pueden ser de cualquier estrato social, cultural, educativo o econ\u00f3mico.  La zona geogr\u00e1fica puede ser un factor determinante ya que es m\u00e1s frecuente la violencia en la zonas rurales que en las zonas urbanas. <\/p>\n\n\n\n<p><a href=\"https:\/\/www.inforesidencias.com\/contenidos\/noticias\/aragon\">\u00bfQu<\/a><a href=\"https:\/\/www.inforesidencias.com\/contenidos\/noticias\/aragon\" target=\"_blank\" rel=\"noreferrer noopener\">ieres leer m\u00e1s not\u00edcias de Arag\u00f3n?<\/a><\/p>\n\n\n\n<p>El Instituto Aragon\u00e9s de la Mujer ha editado un estudio sobre \u201cla violencia de g\u00e9nero contra las mujeres mayores en la poblaci\u00f3n de Arag\u00f3n\u201d con el objetivo de identificar y analizar las caracter\u00edsticas y causas por las que se produce esta violencia de g\u00e9nero conforme la definici\u00f3n de la Ley Org\u00e1nica \u201c\/2004, de 28 de diciembre de Medidas de Protecci\u00f3n integral contra la Violencia de G\u00e9nero y establecer algunas recomendaciones para la intervenci\u00f3n. Los expertos de este estudio, advierten que todas las actuaciones deben partir de escuchar a cada una de las mujeres mayores v\u00edctimas de violencia de g\u00e9nero y ofrecer una acci\u00f3n apropiada para ellas. Tambi\u00e9n se hacen una serie de recomendaciones y propuestas para mejorar las instituciones actuales para proteger a las mujeres mayores.<\/p>\n\n\n\n<div class=\"wp-block-image\"><figure class=\"alignleft size-large\"><img decoding=\"async\" loading=\"lazy\" width=\"350\" height=\"229\" src=\"https:\/\/www.inforesidencias.com\/blog\/wp-content\/uploads\/2021\/02\/Arago\u0301n.png\" alt=\"\" class=\"wp-image-4166\" srcset=\"https:\/\/www.inforesidencias.com\/blog\/wp-content\/uploads\/2021\/02\/Arago\u0301n.png 350w, https:\/\/www.inforesidencias.com\/blog\/wp-content\/uploads\/2021\/02\/Arago\u0301n-300x196.png 300w\" sizes=\"(max-width: 350px) 100vw, 350px\" \/><\/figure><\/div>\n\n\n\n<p>Dentro de las recomendaciones m\u00e1s destacadas se encuentran:<\/p>\n\n\n\n<ul><li>Revisar los protocolos de valoraci\u00f3n del riesgo de las diferentes instituciones involucradas, para que tengan en cuenta cuestiones de tipo bio-psico-social a partir de equipos multidisciplinares\u00bb. <\/li><\/ul>\n\n\n\n<ul><li>Sensibilizaci\u00f3n y formaci\u00f3n en perspectiva de g\u00e9nero a todos los recursos de atenci\u00f3n socio sanitaria.<\/li><\/ul>\n\n\n\n<ul><li>Agilizar y mejorar la eficacia del sistema judicial para evitar la revictimizaci\u00f3n de las mujeres. <\/li><\/ul>\n\n\n\n<ul><li>Promover la educaci\u00f3n a trav\u00e9s de la igualdad y el respeto entre hombres y mujeres en los centros educativos, para prevenir la violencia en las futuras generaciones.<\/li><\/ul>\n\n\n\n<ul><li>Incorporar la perspectiva de g\u00e9nero a todos los recursos de atenci\u00f3n especializada en personas mayores. Es decir, fomentar el trabajo conjunto de especialistas en gerontolog\u00eda y vejez con especialistas en perspectiva de g\u00e9nero y en el trabajo con mujeres maltratadas.<br><\/li><\/ul>\n\n\n\n<p>La comunidad aragonesa ofrece diferentes recursos sociales para atender los diferentes casos de violencia de g\u00e9nero, as\u00ed como talleres y campa\u00f1as sobre el tema. Actualmente existen muchas asociaciones de mujeres donde se puede dar a conocer los diferentes recursos sociales, campa\u00f1as, o bien las instituciones a donde pueden acudir en caso de sufrir violencia de g\u00e9nero. Seg\u00fan esta investigaci\u00f3n, las mujeres mayores de las zonas rurales son m\u00e1s susceptibles de sufrir violencia y tambi\u00e9n tienen mayor dificultad a acceder a los diferentes recursos, por desconocimiento, desconfianza hacia las instituciones, falta de recursos econ\u00f3micos, etc. Esto las pone en una situaci\u00f3n a\u00fan m\u00e1s vulnerable.<br><br>Las necesidades en la poblaci\u00f3n de la tercera edad son m\u00faltiples, y la comunidad busca dar soluci\u00f3n a todas las demandas. Para los mayores en situaci\u00f3n  de vulnerabilidad un servicio adecuado tambi\u00e9n puede ser la ayuda a domicilio, prestada por profesionales formadas y capacitadas para poder atender a los ancianos en sus diferentes situaciones de salud y grados de dependencia. Otras opciones tambi\u00e9n ser\u00edan los <a href=\"https:\/\/www.inforesidencias.com\/centros\/buscador\/centros-de-dia-para-mayores\/aragon\" target=\"_blank\" rel=\"noreferrer noopener\">centros de d\u00eda de la Comunidad de Arag\u00f3n <\/a>o bien las <a href=\"https:\/\/www.inforesidencias.com\/centros\/buscador\/residencias\/aragon\">residenc<\/a><a href=\"https:\/\/www.inforesidencias.com\/centros\/buscador\/residencias\/aragon\" target=\"_blank\" rel=\"noreferrer noopener\">ias geri\u00e1tricas <\/a>que se convierten en los hogares, con instalaciones adecuadas a sus necesidades y personal especializado<\/p>\n","protected":false},"excerpt":{"rendered":"<p>Arag\u00f3n es una zona con muchos habitantes de m\u00e1s de 65 a\u00f1os. La violencia de g\u00e9nero ha sido una constate en diferentes los \u00e1mbitos y sigue siendo una de las manifestaciones m\u00e1s claras de la desigualdad en las relaciones de poder de los hombres sobre las mujeres.Las v\u00edctimas pueden ser de cualquier estrato social, cultural, educativo o econ\u00f3mico. La zona geogr\u00e1fica puede ser un factor determinante ya que es m\u00e1s frecuente la violencia en la zonas rurales que en las zonas urbanas. \u00bfQuieres leer m\u00e1s not\u00edcias de Arag\u00f3n? El Instituto Aragon\u00e9s de la Mujer ha editado un estudio sobre \u201cla violencia de g\u00e9nero contra las mujeres mayores en la poblaci\u00f3n de Arag\u00f3n\u201d con el objetivo de identificar y analizar las caracter\u00edsticas y causas por las que se produce esta violencia de g\u00e9nero conforme la definici\u00f3n de la Ley Org\u00e1nica \u201c\/2004, de 28 de diciembre de Medidas de Protecci\u00f3n integral contra [&hellip;]<\/p>\n","protected":false},"author":2,"featured_media":4166,"comment_status":"open","ping_status":"open","sticky":false,"template":"","format":"standard","meta":{"footnotes":""},"categories":[1],"tags":[],"yoast_head":"<!-- This site is optimized with the Yoast SEO plugin v21.7 - https:\/\/yoast.com\/wordpress\/plugins\/seo\/ -->\n<title>Arag\u00f3n contra la violencia de g\u00e9nero especialmente en la tercera edad - Blog Inforesidencias.com<\/title>\n<meta name=\"description\" content=\"Arag\u00f3n, a trav\u00e9s Instituto Aragon\u00e9s de la Mujer realiz\u00f3 un estudio sobre la violencia de g\u00e9nero en su territorio, dando mucha importancia a la tercera edad\" \/>\n<meta name=\"robots\" content=\"index, follow, max-snippet:-1, max-image-preview:large, max-video-preview:-1\" \/>\n<link rel=\"canonical\" href=\"https:\/\/www.inforesidencias.com\/blog\/index.php\/2021\/02\/18\/aragon-contra-la-violencia-de-genero-especialmente-en-la-tercera-edad\/\" \/>\n<meta property=\"og:locale\" content=\"es_ES\" \/>\n<meta property=\"og:type\" content=\"article\" \/>\n<meta property=\"og:title\" content=\"Arag\u00f3n contra la violencia de g\u00e9nero especialmente en la tercera edad - Blog Inforesidencias.com\" \/>\n<meta property=\"og:description\" content=\"Arag\u00f3n, a trav\u00e9s Instituto Aragon\u00e9s de la Mujer realiz\u00f3 un estudio sobre la violencia de g\u00e9nero en su territorio, dando mucha importancia a la tercera edad\" \/>\n<meta property=\"og:url\" content=\"https:\/\/www.inforesidencias.com\/blog\/index.php\/2021\/02\/18\/aragon-contra-la-violencia-de-genero-especialmente-en-la-tercera-edad\/\" \/>\n<meta property=\"og:site_name\" content=\"Blog Inforesidencias.com\" \/>\n<meta property=\"article:publisher\" content=\"https:\/\/www.facebook.com\/Inforesidencias\/\" \/>\n<meta property=\"article:author\" content=\"https:\/\/www.facebook.com\/josep.demarti\" \/>\n<meta property=\"article:published_time\" content=\"2021-02-18T07:02:29+00:00\" \/>\n<meta property=\"article:modified_time\" content=\"2021-02-16T12:03:06+00:00\" \/>\n<meta property=\"og:image\" content=\"https:\/\/www.inforesidencias.com\/blog\/wp-content\/uploads\/2021\/02\/Arago\u0301n.png\" \/>\n\t<meta property=\"og:image:width\" content=\"350\" \/>\n\t<meta property=\"og:image:height\" content=\"229\" \/>\n\t<meta property=\"og:image:type\" content=\"image\/png\" \/>\n<meta name=\"author\" content=\"Josep de Mart\u00ed\" \/>\n<meta name=\"twitter:card\" content=\"summary_large_image\" \/>\n<meta name=\"twitter:creator\" content=\"@blog-ir\" \/>\n<meta name=\"twitter:site\" content=\"@inforesidencias\" \/>\n<meta name=\"twitter:label1\" content=\"Escrito por\" \/>\n\t<meta name=\"twitter:data1\" content=\"Josep de Mart\u00ed\" \/>\n\t<meta name=\"twitter:label2\" content=\"Tiempo de lectura\" \/>\n\t<meta name=\"twitter:data2\" content=\"3 minutos\" \/>\n<script type=\"application\/ld+json\" class=\"yoast-schema-graph\">{\"@context\":\"https:\/\/schema.org\",\"@graph\":[{\"@type\":\"WebPage\",\"@id\":\"https:\/\/www.inforesidencias.com\/blog\/index.php\/2021\/02\/18\/aragon-contra-la-violencia-de-genero-especialmente-en-la-tercera-edad\/\",\"url\":\"https:\/\/www.inforesidencias.com\/blog\/index.php\/2021\/02\/18\/aragon-contra-la-violencia-de-genero-especialmente-en-la-tercera-edad\/\",\"name\":\"Arag\u00f3n contra la violencia de g\u00e9nero especialmente en la tercera edad - Blog Inforesidencias.com\",\"isPartOf\":{\"@id\":\"https:\/\/www.inforesidencias.com\/blog\/#website\"},\"datePublished\":\"2021-02-18T07:02:29+00:00\",\"dateModified\":\"2021-02-16T12:03:06+00:00\",\"author\":{\"@id\":\"https:\/\/www.inforesidencias.com\/blog\/#\/schema\/person\/9e146774d1eb3bc1c0316242a3898628\"},\"description\":\"Arag\u00f3n, a trav\u00e9s Instituto Aragon\u00e9s de la Mujer realiz\u00f3 un estudio sobre la violencia de g\u00e9nero en su territorio, dando mucha importancia a la tercera edad\",\"breadcrumb\":{\"@id\":\"https:\/\/www.inforesidencias.com\/blog\/index.php\/2021\/02\/18\/aragon-contra-la-violencia-de-genero-especialmente-en-la-tercera-edad\/#breadcrumb\"},\"inLanguage\":\"es\",\"potentialAction\":[{\"@type\":\"ReadAction\",\"target\":[\"https:\/\/www.inforesidencias.com\/blog\/index.php\/2021\/02\/18\/aragon-contra-la-violencia-de-genero-especialmente-en-la-tercera-edad\/\"]}]},{\"@type\":\"BreadcrumbList\",\"@id\":\"https:\/\/www.inforesidencias.com\/blog\/index.php\/2021\/02\/18\/aragon-contra-la-violencia-de-genero-especialmente-en-la-tercera-edad\/#breadcrumb\",\"itemListElement\":[{\"@type\":\"ListItem\",\"position\":1,\"name\":\"Home\",\"item\":\"https:\/\/www.inforesidencias.com\/blog\/\"},{\"@type\":\"ListItem\",\"position\":2,\"name\":\"Arag\u00f3n contra la violencia de g\u00e9nero especialmente en la tercera edad\"}]},{\"@type\":\"WebSite\",\"@id\":\"https:\/\/www.inforesidencias.com\/blog\/#website\",\"url\":\"https:\/\/www.inforesidencias.com\/blog\/\",\"name\":\"Blog Inforesidencias.com\",\"description\":\"El buscador de residencias de la 3\u00aa edad\",\"potentialAction\":[{\"@type\":\"SearchAction\",\"target\":{\"@type\":\"EntryPoint\",\"urlTemplate\":\"https:\/\/www.inforesidencias.com\/blog\/?s={search_term_string}\"},\"query-input\":\"required name=search_term_string\"}],\"inLanguage\":\"es\"},{\"@type\":\"Person\",\"@id\":\"https:\/\/www.inforesidencias.com\/blog\/#\/schema\/person\/9e146774d1eb3bc1c0316242a3898628\",\"name\":\"Josep de Mart\u00ed\",\"image\":{\"@type\":\"ImageObject\",\"inLanguage\":\"es\",\"@id\":\"https:\/\/www.inforesidencias.com\/blog\/#\/schema\/person\/image\/\",\"url\":\"https:\/\/secure.gravatar.com\/avatar\/de0302c4806c00c4cebff396a798c1ff?s=96&d=mm&r=g\",\"contentUrl\":\"https:\/\/secure.gravatar.com\/avatar\/de0302c4806c00c4cebff396a798c1ff?s=96&d=mm&r=g\",\"caption\":\"Josep de Mart\u00ed\"},\"sameAs\":[\"https:\/\/www.inforesidencias.com\",\"https:\/\/www.facebook.com\/josep.demarti\",\"https:\/\/twitter.com\/blog-ir\"],\"url\":\"https:\/\/www.inforesidencias.com\/blog\/index.php\/author\/josepdemarti\/\"}]}<\/script>\n<!-- \/ Yoast SEO plugin. -->","yoast_head_json":{"title":"Arag\u00f3n contra la violencia de g\u00e9nero especialmente en la tercera edad - Blog Inforesidencias.com","description":"Arag\u00f3n, a trav\u00e9s Instituto Aragon\u00e9s de la Mujer realiz\u00f3 un estudio sobre la violencia de g\u00e9nero en su territorio, dando mucha importancia a la tercera edad","robots":{"index":"index","follow":"follow","max-snippet":"max-snippet:-1","max-image-preview":"max-image-preview:large","max-video-preview":"max-video-preview:-1"},"canonical":"https:\/\/www.inforesidencias.com\/blog\/index.php\/2021\/02\/18\/aragon-contra-la-violencia-de-genero-especialmente-en-la-tercera-edad\/","og_locale":"es_ES","og_type":"article","og_title":"Arag\u00f3n contra la violencia de g\u00e9nero especialmente en la tercera edad - Blog Inforesidencias.com","og_description":"Arag\u00f3n, a trav\u00e9s Instituto Aragon\u00e9s de la Mujer realiz\u00f3 un estudio sobre la violencia de g\u00e9nero en su territorio, dando mucha importancia a la tercera edad","og_url":"https:\/\/www.inforesidencias.com\/blog\/index.php\/2021\/02\/18\/aragon-contra-la-violencia-de-genero-especialmente-en-la-tercera-edad\/","og_site_name":"Blog Inforesidencias.com","article_publisher":"https:\/\/www.facebook.com\/Inforesidencias\/","article_author":"https:\/\/www.facebook.com\/josep.demarti","article_published_time":"2021-02-18T07:02:29+00:00","article_modified_time":"2021-02-16T12:03:06+00:00","og_image":[{"width":350,"height":229,"url":"https:\/\/www.inforesidencias.com\/blog\/wp-content\/uploads\/2021\/02\/Arago\u0301n.png","type":"image\/png"}],"author":"Josep de Mart\u00ed","twitter_card":"summary_large_image","twitter_creator":"@blog-ir","twitter_site":"@inforesidencias","twitter_misc":{"Escrito por":"Josep de Mart\u00ed","Tiempo de lectura":"3 minutos"},"schema":{"@context":"https:\/\/schema.org","@graph":[{"@type":"WebPage","@id":"https:\/\/www.inforesidencias.com\/blog\/index.php\/2021\/02\/18\/aragon-contra-la-violencia-de-genero-especialmente-en-la-tercera-edad\/","url":"https:\/\/www.inforesidencias.com\/blog\/index.php\/2021\/02\/18\/aragon-contra-la-violencia-de-genero-especialmente-en-la-tercera-edad\/","name":"Arag\u00f3n contra la violencia de g\u00e9nero especialmente en la tercera edad - Blog Inforesidencias.com","isPartOf":{"@id":"https:\/\/www.inforesidencias.com\/blog\/#website"},"datePublished":"2021-02-18T07:02:29+00:00","dateModified":"2021-02-16T12:03:06+00:00","author":{"@id":"https:\/\/www.inforesidencias.com\/blog\/#\/schema\/person\/9e146774d1eb3bc1c0316242a3898628"},"description":"Arag\u00f3n, a trav\u00e9s Instituto Aragon\u00e9s de la Mujer realiz\u00f3 un estudio sobre la violencia de g\u00e9nero en su territorio, dando mucha importancia a la tercera edad","breadcrumb":{"@id":"https:\/\/www.inforesidencias.com\/blog\/index.php\/2021\/02\/18\/aragon-contra-la-violencia-de-genero-especialmente-en-la-tercera-edad\/#breadcrumb"},"inLanguage":"es","potentialAction":[{"@type":"ReadAction","target":["https:\/\/www.inforesidencias.com\/blog\/index.php\/2021\/02\/18\/aragon-contra-la-violencia-de-genero-especialmente-en-la-tercera-edad\/"]}]},{"@type":"BreadcrumbList","@id":"https:\/\/www.inforesidencias.com\/blog\/index.php\/2021\/02\/18\/aragon-contra-la-violencia-de-genero-especialmente-en-la-tercera-edad\/#breadcrumb","itemListElement":[{"@type":"ListItem","position":1,"name":"Home","item":"https:\/\/www.inforesidencias.com\/blog\/"},{"@type":"ListItem","position":2,"name":"Arag\u00f3n contra la violencia de g\u00e9nero especialmente en la tercera edad"}]},{"@type":"WebSite","@id":"https:\/\/www.inforesidencias.com\/blog\/#website","url":"https:\/\/www.inforesidencias.com\/blog\/","name":"Blog Inforesidencias.com","description":"El buscador de residencias de la 3\u00aa edad","potentialAction":[{"@type":"SearchAction","target":{"@type":"EntryPoint","urlTemplate":"https:\/\/www.inforesidencias.com\/blog\/?s={search_term_string}"},"query-input":"required name=search_term_string"}],"inLanguage":"es"},{"@type":"Person","@id":"https:\/\/www.inforesidencias.com\/blog\/#\/schema\/person\/9e146774d1eb3bc1c0316242a3898628","name":"Josep de Mart\u00ed","image":{"@type":"ImageObject","inLanguage":"es","@id":"https:\/\/www.inforesidencias.com\/blog\/#\/schema\/person\/image\/","url":"https:\/\/secure.gravatar.com\/avatar\/de0302c4806c00c4cebff396a798c1ff?s=96&d=mm&r=g","contentUrl":"https:\/\/secure.gravatar.com\/avatar\/de0302c4806c00c4cebff396a798c1ff?s=96&d=mm&r=g","caption":"Josep de Mart\u00ed"},"sameAs":["https:\/\/www.inforesidencias.com","https:\/\/www.facebook.com\/josep.demarti","https:\/\/twitter.com\/blog-ir"],"url":"https:\/\/www.inforesidencias.com\/blog\/index.php\/author\/josepdemarti\/"}]}},"_links":{"self":[{"href":"https:\/\/www.inforesidencias.com\/blog\/index.php\/wp-json\/wp\/v2\/posts\/4162"}],"collection":[{"href":"https:\/\/www.inforesidencias.com\/blog\/index.php\/wp-json\/wp\/v2\/posts"}],"about":[{"href":"https:\/\/www.inforesidencias.com\/blog\/index.php\/wp-json\/wp\/v2\/types\/post"}],"author":[{"embeddable":true,"href":"https:\/\/www.inforesidencias.com\/blog\/index.php\/wp-json\/wp\/v2\/users\/2"}],"replies":[{"embeddable":true,"href":"https:\/\/www.inforesidencias.com\/blog\/index.php\/wp-json\/wp\/v2\/comments?post=4162"}],"version-history":[{"count":7,"href":"https:\/\/www.inforesidencias.com\/blog\/index.php\/wp-json\/wp\/v2\/posts\/4162\/revisions"}],"predecessor-version":[{"id":4170,"href":"https:\/\/www.inforesidencias.com\/blog\/index.php\/wp-json\/wp\/v2\/posts\/4162\/revisions\/4170"}],"wp:featuredmedia":[{"embeddable":true,"href":"https:\/\/www.inforesidencias.com\/blog\/index.php\/wp-json\/wp\/v2\/media\/4166"}],"wp:attachment":[{"href":"https:\/\/www.inforesidencias.com\/blog\/index.php\/wp-json\/wp\/v2\/media?parent=4162"}],"wp:term":[{"taxonomy":"category","embeddable":true,"href":"https:\/\/www.inforesidencias.com\/blog\/index.php\/wp-json\/wp\/v2\/categories?post=4162"},{"taxonomy":"post_tag","embeddable":true,"href":"https:\/\/www.inforesidencias.com\/blog\/index.php\/wp-json\/wp\/v2\/tags?post=4162"}],"curies":[{"name":"wp","href":"https:\/\/api.w.org\/{rel}","templated":true}]}}