{"id":4184,"date":"2021-02-19T16:01:38","date_gmt":"2021-02-19T15:01:38","guid":{"rendered":"https:\/\/www.inforesidencias.com\/blog\/?p=4184"},"modified":"2021-02-19T16:02:37","modified_gmt":"2021-02-19T15:02:37","slug":"subida-de-sueldo-para-muchos-trabajadores-de-residencias","status":"publish","type":"post","link":"https:\/\/www.inforesidencias.com\/blog\/index.php\/2021\/02\/19\/subida-de-sueldo-para-muchos-trabajadores-de-residencias\/","title":{"rendered":"Subida de sueldo para muchos trabajadores de residencias"},"content":{"rendered":"\n<p><\/p>\n\n\n\n<p><\/p>\n\n\n\n<p>El <a href=\"https:\/\/www.estelfitxers.com\/audio\/20210217-17_00ESGRANSERGRAN.MP3\">programa de<\/a><a rel=\"noreferrer noopener\" href=\"https:\/\/www.estelfitxers.com\/audio\/20210217-17_00ESGRANSERGRAN.MP3\" target=\"_blank\">l mi\u00e9rcoles<\/a><a href=\"https:\/\/www.estelfitxers.com\/audio\/20210217-17_00ESGRANSERGRAN.MP3\"> <\/a>de \u00ab\u00c9s gran ser gran\u00bb lo empez\u00f3 Josep hablando de un nuevo decreto ley que repercutir\u00e1 en las residencias y empleados con m\u00e1s de un 60% de plazas p\u00fablicas. Hablamos de repercutir porque la <a href=\"https:\/\/dependencia.info\/noticia\/4189\/actualidad\/la-generalitat-publica-el-decreto-ley-de-incremento-de-las-tarifas-publicas-en-cataluna.html\">Generalitat de Catalu\u00f1a pagar\u00e1 m\u00e1s por la<\/a><a rel=\"noreferrer noopener\" href=\"https:\/\/dependencia.info\/noticia\/4189\/actualidad\/la-generalitat-publica-el-decreto-ley-de-incremento-de-las-tarifas-publicas-en-cataluna.html\" target=\"_blank\">s plazas p\u00fablicas<\/a> y esa subida en el precio de las plazas repercutir\u00e1 en forma de subida de sueldo para trabajadoras de muchas residencias. Es un hecho muy bueno pero que requiere que sea bien le\u00eddo y explicado para entenderlo bien<\/p>\n\n\n\n<p>En la entrevista del d\u00eda, <a href=\"https:\/\/www.inforesidencias.com\/blog\/index.php\/2021\/02\/12\/el-recer-de-castelldefels-y-la-actividad-fisica-para-vivir-mejor\/\">contamos como la se<\/a><a href=\"https:\/\/www.inforesidencias.com\/blog\/index.php\/2021\/02\/12\/el-recer-de-castelldefels-y-la-actividad-fisica-para-vivir-mejor\/\" target=\"_blank\" rel=\"noreferrer noopener\">mana pasada<\/a> con Josep Maria P\u00e9rez, m\u00e9dico de la residencia el Recer de Castelldefels. Ya han recibido las dos dosis de la vacuna y ahora est\u00e1 todo muy tranquilo. Remarcamos que hoy en d\u00eda de los \u00fanicos sitios en donde todo el mundo est\u00e1 vacunado son las residencias de mayores.<\/p>\n\n\n\n<p>El Recer, dispone actualmente de plazas disponibles y adem\u00e1s tiene algunas  que son p\u00fablicas. As\u00ed pues, toda aquella persona que ya tenga concedido un grado II o III de dependencia puede apuntarse a la lista del Recer y seguro que le llamar\u00e1n en muy pocos meses para decirle que ya puede ir a vivir all\u00ed, al lado del mar.<\/p>\n\n\n\n<p>Seguidamente Josep Maria, nos dijo que hac\u00eda muy poquito que la Generalitat ya permite que los residentes vuelvan a recibir visitas sin que la persona que venga se haga un test de ant\u00edgenos y tambi\u00e9n permite las salidas de menos de tres d\u00edas. Lo que fue glorioso, fue o\u00edr que actualmente cuando alguien va a vivir a una residencia (en este caso al menos en la del Recer) en unas 48h ya habr\u00e1 recibido la vacuna.<\/p>\n\n\n\n<p>En la segunda parte de la entrevista hablamos con la Sra. Concha Martin una persona que vive en <a href=\"https:\/\/www.inforesidencias.com\/centros\/residencia\/4002\/residencia-el-recer-castelldefels\">El R<\/a><a rel=\"noreferrer noopener\" href=\"https:\/\/www.inforesidencias.com\/centros\/residencia\/4002\/residencia-el-recer-castelldefels\" target=\"_blank\">ecer<\/a>, de Castelldefels. El contacto de Concha con la residencia empez\u00f3 hace 5 a\u00f1os cuando su marido por problemas de salud necesit\u00f3 una residencia y ella pasaba el d\u00eda ah\u00ed con \u00e9l haci\u00e9ndole compa\u00f1\u00eda hasta que lleg\u00f3 la pandemia y decidi\u00f3 quedarse a vivir all\u00ed con \u00e9l. Finalmente Concha, que ya era conocedora de las nuevas tecnolog\u00edas de comunicaci\u00f3n cont\u00f3 como a trav\u00e9s de las videollamadas, estuvo \u201cconectada\u201d con sus seres queridos todos los meses de aislamiento.<\/p>\n\n\n\n<div class=\"wp-block-image\"><figure class=\"alignleft size-large is-resized\"><img decoding=\"async\" loading=\"lazy\" src=\"https:\/\/www.inforesidencias.com\/blog\/wp-content\/uploads\/2021\/02\/subida-de-sueldo.png\" alt=\"\" class=\"wp-image-4190\" width=\"250\" height=\"227\" srcset=\"https:\/\/www.inforesidencias.com\/blog\/wp-content\/uploads\/2021\/02\/subida-de-sueldo.png 400w, https:\/\/www.inforesidencias.com\/blog\/wp-content\/uploads\/2021\/02\/subida-de-sueldo-300x273.png 300w\" sizes=\"(max-width: 250px) 100vw, 250px\" \/><\/figure><\/div>\n\n\n\n<p>En la recta final del programa hablamos un poco m\u00e1s de esta subida de sueldo para las personas que trabajen en algunas residencias de Catalu\u00f1a fruto del que ser\u00e1 el primer convenio catal\u00e1n de dependencia.<\/p>\n\n\n\n<p>El <a href=\"https:\/\/www.estelfitxers.com\/audio\/20210218-17_00ESGRANSERGRAN.MP3\">progra<\/a><a href=\"https:\/\/www.estelfitxers.com\/audio\/20210218-17_00ESGRANSERGRAN.MP3\" target=\"_blank\" rel=\"noreferrer noopener\">ma del jueve<\/a><a href=\"https:\/\/www.estelfitxers.com\/audio\/20210218-17_00ESGRANSERGRAN.MP3\">s<\/a> dio inicio haciendo una comparaci\u00f3n y dando datos sobre el envejecimiento mundial. Y es que seg\u00fan un estudio el 99% de la poblaci\u00f3n mundial vive en un pa\u00eds en donde la esperanza de vida es mayor de 60 a\u00f1os.<\/p>\n\n\n\n<p>En los minutos para la entrevista, contamos el con el Dr. Manel Sans, presidente de la s<a href=\"https:\/\/www.comb.cat\/es\/comb\/qui-som\/seccio-metgesseniors\">ec<\/a><a href=\"https:\/\/www.comb.cat\/es\/comb\/qui-som\/seccio-metgesseniors\" target=\"_blank\" rel=\"noreferrer noopener\">ci\u00f3n de m\u00e9dicos Seniors del colegio de m\u00e9dicos de Barcelona<\/a>. Despu\u00e9s de hacer un breve repaso al motivo por el que la nomenclatura de la secci\u00f3n colegial es Senior y no jubilados, hablamos sobre envejecimiento y la necesidad de una buena alimentaci\u00f3n y ejercicio moderado para envejecer con \u00abcalidad\u00bb. Nunca olvidando el ejercicio intelectual que es igual que importante.<\/p>\n\n\n\n<p>Como dijo el premio Nobel Ramon y Cajal \u00abel hombre es el arquitecto de su cerebro\u00bb.<\/p>\n\n\n\n<p>Relacionado con la edad senior y en envejecimiento hablamos sobre los cursos de preparaci\u00f3n par la jubilaci\u00f3n que organizan desde el colegio de m\u00e9dicos para sus asociados.  Unos cursos que han sido de mucha utilidad para los m\u00e9dicos en edad de jubilaci\u00f3n de cara al cambio brusco que supone este hecho, por ejemplo a nivel social y an\u00edmico.<\/p>\n\n\n\n<p>Seguidamente dirigimos la entrevista hacia la tem\u00e1tica de las personas mayores y la Covid19. El dr. Sans dio algunos consejos para las personas mayores reducir el riesgo de contagio.<\/p>\n\n\n\n<p>Para acabar el programa hablamos ,en la bolsa de trabajo,  hablamos de todas aquellas personas que trabajan en residencias de mayores, que en Catalu\u00f1a son unas 25.000 personas y del hecho que muchas de ellas adem\u00e1s se ver\u00e1n beneficiados del que en un futuro ser\u00e1 el convenio catal\u00e1n de dependencia y de la subida de sueldo.<\/p>\n\n\n\n<p>\u00bfQuieres saber que<a href=\"https:\/\/www.inforesidencias.com\/centros\/buscador\/busquedas-predefinidas\/residencies-de-persones-grans-del-maresme\"> residencias de<\/a><a href=\"https:\/\/www.inforesidencias.com\/centros\/buscador\/busquedas-predefinidas\/residencies-de-persones-grans-del-maresme\" target=\"_blank\" rel=\"noreferrer noopener\"> mayores hay en el Maresme<\/a>?<\/p>\n","protected":false},"excerpt":{"rendered":"<p>El programa del mi\u00e9rcoles de \u00ab\u00c9s gran ser gran\u00bb lo empez\u00f3 Josep hablando de un nuevo decreto ley que repercutir\u00e1 en las residencias y empleados con m\u00e1s de un 60% de plazas p\u00fablicas. Hablamos de repercutir porque la Generalitat de Catalu\u00f1a pagar\u00e1 m\u00e1s por las plazas p\u00fablicas y esa subida en el precio de las plazas repercutir\u00e1 en forma de subida de sueldo para trabajadoras de muchas residencias. Es un hecho muy bueno pero que requiere que sea bien le\u00eddo y explicado para entenderlo bien En la entrevista del d\u00eda, contamos como la semana pasada con Josep Maria P\u00e9rez, m\u00e9dico de la residencia el Recer de Castelldefels. Ya han recibido las dos dosis de la vacuna y ahora est\u00e1 todo muy tranquilo. Remarcamos que hoy en d\u00eda de los \u00fanicos sitios en donde todo el mundo est\u00e1 vacunado son las residencias de mayores. El Recer, dispone actualmente de plazas disponibles [&hellip;]<\/p>\n","protected":false},"author":2,"featured_media":4190,"comment_status":"open","ping_status":"open","sticky":false,"template":"","format":"standard","meta":{"footnotes":""},"categories":[1],"tags":[],"yoast_head":"<!-- This site is optimized with the Yoast SEO plugin v21.7 - https:\/\/yoast.com\/wordpress\/plugins\/seo\/ -->\n<title>Subida de sueldo para muchos trabajadores de residencias - Blog Inforesidencias.com<\/title>\n<meta name=\"description\" content=\"Hablamos del futuro convenio catal\u00e1n de dependencia y de la subida de sueldo que esto puede significar, de residencias y consejos de salud\" \/>\n<meta name=\"robots\" content=\"index, follow, max-snippet:-1, max-image-preview:large, max-video-preview:-1\" \/>\n<link rel=\"canonical\" href=\"https:\/\/www.inforesidencias.com\/blog\/index.php\/2021\/02\/19\/subida-de-sueldo-para-muchos-trabajadores-de-residencias\/\" \/>\n<meta property=\"og:locale\" content=\"es_ES\" \/>\n<meta property=\"og:type\" content=\"article\" \/>\n<meta property=\"og:title\" content=\"Subida de sueldo para muchos trabajadores de residencias - Blog Inforesidencias.com\" \/>\n<meta property=\"og:description\" content=\"Hablamos del futuro convenio catal\u00e1n de dependencia y de la subida de sueldo que esto puede significar, de residencias y consejos de salud\" \/>\n<meta property=\"og:url\" content=\"https:\/\/www.inforesidencias.com\/blog\/index.php\/2021\/02\/19\/subida-de-sueldo-para-muchos-trabajadores-de-residencias\/\" \/>\n<meta property=\"og:site_name\" content=\"Blog Inforesidencias.com\" \/>\n<meta property=\"article:publisher\" content=\"https:\/\/www.facebook.com\/Inforesidencias\/\" \/>\n<meta property=\"article:author\" content=\"https:\/\/www.facebook.com\/josep.demarti\" \/>\n<meta property=\"article:published_time\" content=\"2021-02-19T15:01:38+00:00\" \/>\n<meta property=\"article:modified_time\" content=\"2021-02-19T15:02:37+00:00\" \/>\n<meta property=\"og:image\" content=\"https:\/\/www.inforesidencias.com\/blog\/wp-content\/uploads\/2021\/02\/subida-de-sueldo.png\" \/>\n\t<meta property=\"og:image:width\" content=\"400\" \/>\n\t<meta property=\"og:image:height\" content=\"364\" \/>\n\t<meta property=\"og:image:type\" content=\"image\/png\" \/>\n<meta name=\"author\" content=\"Josep de Mart\u00ed\" \/>\n<meta name=\"twitter:card\" content=\"summary_large_image\" \/>\n<meta name=\"twitter:creator\" content=\"@blog-ir\" \/>\n<meta name=\"twitter:site\" content=\"@inforesidencias\" \/>\n<meta name=\"twitter:label1\" content=\"Escrito por\" \/>\n\t<meta name=\"twitter:data1\" content=\"Josep de Mart\u00ed\" \/>\n\t<meta name=\"twitter:label2\" content=\"Tiempo de lectura\" \/>\n\t<meta name=\"twitter:data2\" content=\"4 minutos\" \/>\n<script type=\"application\/ld+json\" class=\"yoast-schema-graph\">{\"@context\":\"https:\/\/schema.org\",\"@graph\":[{\"@type\":\"WebPage\",\"@id\":\"https:\/\/www.inforesidencias.com\/blog\/index.php\/2021\/02\/19\/subida-de-sueldo-para-muchos-trabajadores-de-residencias\/\",\"url\":\"https:\/\/www.inforesidencias.com\/blog\/index.php\/2021\/02\/19\/subida-de-sueldo-para-muchos-trabajadores-de-residencias\/\",\"name\":\"Subida de sueldo para muchos trabajadores de residencias - Blog Inforesidencias.com\",\"isPartOf\":{\"@id\":\"https:\/\/www.inforesidencias.com\/blog\/#website\"},\"datePublished\":\"2021-02-19T15:01:38+00:00\",\"dateModified\":\"2021-02-19T15:02:37+00:00\",\"author\":{\"@id\":\"https:\/\/www.inforesidencias.com\/blog\/#\/schema\/person\/9e146774d1eb3bc1c0316242a3898628\"},\"description\":\"Hablamos del futuro convenio catal\u00e1n de dependencia y de la subida de sueldo que esto puede significar, de residencias y consejos de salud\",\"breadcrumb\":{\"@id\":\"https:\/\/www.inforesidencias.com\/blog\/index.php\/2021\/02\/19\/subida-de-sueldo-para-muchos-trabajadores-de-residencias\/#breadcrumb\"},\"inLanguage\":\"es\",\"potentialAction\":[{\"@type\":\"ReadAction\",\"target\":[\"https:\/\/www.inforesidencias.com\/blog\/index.php\/2021\/02\/19\/subida-de-sueldo-para-muchos-trabajadores-de-residencias\/\"]}]},{\"@type\":\"BreadcrumbList\",\"@id\":\"https:\/\/www.inforesidencias.com\/blog\/index.php\/2021\/02\/19\/subida-de-sueldo-para-muchos-trabajadores-de-residencias\/#breadcrumb\",\"itemListElement\":[{\"@type\":\"ListItem\",\"position\":1,\"name\":\"Home\",\"item\":\"https:\/\/www.inforesidencias.com\/blog\/\"},{\"@type\":\"ListItem\",\"position\":2,\"name\":\"Subida de sueldo para muchos trabajadores de residencias\"}]},{\"@type\":\"WebSite\",\"@id\":\"https:\/\/www.inforesidencias.com\/blog\/#website\",\"url\":\"https:\/\/www.inforesidencias.com\/blog\/\",\"name\":\"Blog Inforesidencias.com\",\"description\":\"El buscador de residencias de la 3\u00aa edad\",\"potentialAction\":[{\"@type\":\"SearchAction\",\"target\":{\"@type\":\"EntryPoint\",\"urlTemplate\":\"https:\/\/www.inforesidencias.com\/blog\/?s={search_term_string}\"},\"query-input\":\"required name=search_term_string\"}],\"inLanguage\":\"es\"},{\"@type\":\"Person\",\"@id\":\"https:\/\/www.inforesidencias.com\/blog\/#\/schema\/person\/9e146774d1eb3bc1c0316242a3898628\",\"name\":\"Josep de Mart\u00ed\",\"image\":{\"@type\":\"ImageObject\",\"inLanguage\":\"es\",\"@id\":\"https:\/\/www.inforesidencias.com\/blog\/#\/schema\/person\/image\/\",\"url\":\"https:\/\/secure.gravatar.com\/avatar\/de0302c4806c00c4cebff396a798c1ff?s=96&d=mm&r=g\",\"contentUrl\":\"https:\/\/secure.gravatar.com\/avatar\/de0302c4806c00c4cebff396a798c1ff?s=96&d=mm&r=g\",\"caption\":\"Josep de Mart\u00ed\"},\"sameAs\":[\"https:\/\/www.inforesidencias.com\",\"https:\/\/www.facebook.com\/josep.demarti\",\"https:\/\/twitter.com\/blog-ir\"],\"url\":\"https:\/\/www.inforesidencias.com\/blog\/index.php\/author\/josepdemarti\/\"}]}<\/script>\n<!-- \/ Yoast SEO plugin. -->","yoast_head_json":{"title":"Subida de sueldo para muchos trabajadores de residencias - Blog Inforesidencias.com","description":"Hablamos del futuro convenio catal\u00e1n de dependencia y de la subida de sueldo que esto puede significar, de residencias y consejos de salud","robots":{"index":"index","follow":"follow","max-snippet":"max-snippet:-1","max-image-preview":"max-image-preview:large","max-video-preview":"max-video-preview:-1"},"canonical":"https:\/\/www.inforesidencias.com\/blog\/index.php\/2021\/02\/19\/subida-de-sueldo-para-muchos-trabajadores-de-residencias\/","og_locale":"es_ES","og_type":"article","og_title":"Subida de sueldo para muchos trabajadores de residencias - Blog Inforesidencias.com","og_description":"Hablamos del futuro convenio catal\u00e1n de dependencia y de la subida de sueldo que esto puede significar, de residencias y consejos de salud","og_url":"https:\/\/www.inforesidencias.com\/blog\/index.php\/2021\/02\/19\/subida-de-sueldo-para-muchos-trabajadores-de-residencias\/","og_site_name":"Blog Inforesidencias.com","article_publisher":"https:\/\/www.facebook.com\/Inforesidencias\/","article_author":"https:\/\/www.facebook.com\/josep.demarti","article_published_time":"2021-02-19T15:01:38+00:00","article_modified_time":"2021-02-19T15:02:37+00:00","og_image":[{"width":400,"height":364,"url":"https:\/\/www.inforesidencias.com\/blog\/wp-content\/uploads\/2021\/02\/subida-de-sueldo.png","type":"image\/png"}],"author":"Josep de Mart\u00ed","twitter_card":"summary_large_image","twitter_creator":"@blog-ir","twitter_site":"@inforesidencias","twitter_misc":{"Escrito por":"Josep de Mart\u00ed","Tiempo de lectura":"4 minutos"},"schema":{"@context":"https:\/\/schema.org","@graph":[{"@type":"WebPage","@id":"https:\/\/www.inforesidencias.com\/blog\/index.php\/2021\/02\/19\/subida-de-sueldo-para-muchos-trabajadores-de-residencias\/","url":"https:\/\/www.inforesidencias.com\/blog\/index.php\/2021\/02\/19\/subida-de-sueldo-para-muchos-trabajadores-de-residencias\/","name":"Subida de sueldo para muchos trabajadores de residencias - Blog Inforesidencias.com","isPartOf":{"@id":"https:\/\/www.inforesidencias.com\/blog\/#website"},"datePublished":"2021-02-19T15:01:38+00:00","dateModified":"2021-02-19T15:02:37+00:00","author":{"@id":"https:\/\/www.inforesidencias.com\/blog\/#\/schema\/person\/9e146774d1eb3bc1c0316242a3898628"},"description":"Hablamos del futuro convenio catal\u00e1n de dependencia y de la subida de sueldo que esto puede significar, de residencias y consejos de salud","breadcrumb":{"@id":"https:\/\/www.inforesidencias.com\/blog\/index.php\/2021\/02\/19\/subida-de-sueldo-para-muchos-trabajadores-de-residencias\/#breadcrumb"},"inLanguage":"es","potentialAction":[{"@type":"ReadAction","target":["https:\/\/www.inforesidencias.com\/blog\/index.php\/2021\/02\/19\/subida-de-sueldo-para-muchos-trabajadores-de-residencias\/"]}]},{"@type":"BreadcrumbList","@id":"https:\/\/www.inforesidencias.com\/blog\/index.php\/2021\/02\/19\/subida-de-sueldo-para-muchos-trabajadores-de-residencias\/#breadcrumb","itemListElement":[{"@type":"ListItem","position":1,"name":"Home","item":"https:\/\/www.inforesidencias.com\/blog\/"},{"@type":"ListItem","position":2,"name":"Subida de sueldo para muchos trabajadores de residencias"}]},{"@type":"WebSite","@id":"https:\/\/www.inforesidencias.com\/blog\/#website","url":"https:\/\/www.inforesidencias.com\/blog\/","name":"Blog Inforesidencias.com","description":"El buscador de residencias de la 3\u00aa edad","potentialAction":[{"@type":"SearchAction","target":{"@type":"EntryPoint","urlTemplate":"https:\/\/www.inforesidencias.com\/blog\/?s={search_term_string}"},"query-input":"required name=search_term_string"}],"inLanguage":"es"},{"@type":"Person","@id":"https:\/\/www.inforesidencias.com\/blog\/#\/schema\/person\/9e146774d1eb3bc1c0316242a3898628","name":"Josep de Mart\u00ed","image":{"@type":"ImageObject","inLanguage":"es","@id":"https:\/\/www.inforesidencias.com\/blog\/#\/schema\/person\/image\/","url":"https:\/\/secure.gravatar.com\/avatar\/de0302c4806c00c4cebff396a798c1ff?s=96&d=mm&r=g","contentUrl":"https:\/\/secure.gravatar.com\/avatar\/de0302c4806c00c4cebff396a798c1ff?s=96&d=mm&r=g","caption":"Josep de Mart\u00ed"},"sameAs":["https:\/\/www.inforesidencias.com","https:\/\/www.facebook.com\/josep.demarti","https:\/\/twitter.com\/blog-ir"],"url":"https:\/\/www.inforesidencias.com\/blog\/index.php\/author\/josepdemarti\/"}]}},"_links":{"self":[{"href":"https:\/\/www.inforesidencias.com\/blog\/index.php\/wp-json\/wp\/v2\/posts\/4184"}],"collection":[{"href":"https:\/\/www.inforesidencias.com\/blog\/index.php\/wp-json\/wp\/v2\/posts"}],"about":[{"href":"https:\/\/www.inforesidencias.com\/blog\/index.php\/wp-json\/wp\/v2\/types\/post"}],"author":[{"embeddable":true,"href":"https:\/\/www.inforesidencias.com\/blog\/index.php\/wp-json\/wp\/v2\/users\/2"}],"replies":[{"embeddable":true,"href":"https:\/\/www.inforesidencias.com\/blog\/index.php\/wp-json\/wp\/v2\/comments?post=4184"}],"version-history":[{"count":12,"href":"https:\/\/www.inforesidencias.com\/blog\/index.php\/wp-json\/wp\/v2\/posts\/4184\/revisions"}],"predecessor-version":[{"id":4198,"href":"https:\/\/www.inforesidencias.com\/blog\/index.php\/wp-json\/wp\/v2\/posts\/4184\/revisions\/4198"}],"wp:featuredmedia":[{"embeddable":true,"href":"https:\/\/www.inforesidencias.com\/blog\/index.php\/wp-json\/wp\/v2\/media\/4190"}],"wp:attachment":[{"href":"https:\/\/www.inforesidencias.com\/blog\/index.php\/wp-json\/wp\/v2\/media?parent=4184"}],"wp:term":[{"taxonomy":"category","embeddable":true,"href":"https:\/\/www.inforesidencias.com\/blog\/index.php\/wp-json\/wp\/v2\/categories?post=4184"},{"taxonomy":"post_tag","embeddable":true,"href":"https:\/\/www.inforesidencias.com\/blog\/index.php\/wp-json\/wp\/v2\/tags?post=4184"}],"curies":[{"name":"wp","href":"https:\/\/api.w.org\/{rel}","templated":true}]}}