{"id":4206,"date":"2021-02-26T09:36:38","date_gmt":"2021-02-26T08:36:38","guid":{"rendered":"https:\/\/www.inforesidencias.com\/blog\/?p=4206"},"modified":"2021-02-26T11:22:05","modified_gmt":"2021-02-26T10:22:05","slug":"proyectos-innovadores-de-dos-residencias-catalanas","status":"publish","type":"post","link":"https:\/\/www.inforesidencias.com\/blog\/index.php\/2021\/02\/26\/proyectos-innovadores-de-dos-residencias-catalanas\/","title":{"rendered":"Proyectos innovadores de dos residencias catalanas"},"content":{"rendered":"\n<p><\/p>\n\n\n\n<p><\/p>\n\n\n\n<p>El <a href=\"https:\/\/www.estelfitxers.com\/audio\/20210224-17_00ESGRANSERGRAN.MP3\">programa del m<\/a><a rel=\"noreferrer noopener\" href=\"https:\/\/www.estelfitxers.com\/audio\/20210224-17_00ESGRANSERGRAN.MP3\" target=\"_blank\">i\u00e9rcoles<\/a><a href=\"https:\/\/www.estelfitxers.com\/audio\/20210224-17_00ESGRANSERGRAN.MP3\"> <\/a>de \u00ab\u00c9s gran ser gran\u00bb, lo empezamos hablado de un art\u00edculo de la Universidad de Harvard en el que se detallan algunos problemas de memoria que son habituales y por los que no tenemos que preocuparnos a no ser que nos ocurran muy muy a menudo y de forma muy grave.<\/p>\n\n\n\n<p>A continuaci\u00f3n, en los minutos para la entrevista hablamos con la directora, la coordinadora de proyectos de vida y un usuario de la <a href=\"https:\/\/www.inforesidencias.com\/centros\/residencia\/4018\/residencia-assistida-i-centre-de-dia-per-a-gent-gran-ciutat-de-sabadell\">residencia Ciutat de Sa<\/a><a rel=\"noreferrer noopener\" href=\"https:\/\/www.inforesidencias.com\/centros\/residencia\/4018\/residencia-assistida-i-centre-de-dia-per-a-gent-gran-ciutat-de-sabadell\" target=\"_blank\">badell <\/a>gestionada por Vima. Primero de todo, charlamos sobre donde est\u00e1 situado el centro, cuando se abri\u00f3 y cuantas plazas tiene con la directora, Griselda Ginesta.<\/p>\n\n\n\n<p>Seguidamente, conversamos con Maria Melgares, que es la coordinadora de proyectos de vida de Ciutat de Sabadell. Como muchas veces en el programa hemos <a href=\"https:\/\/www.inforesidencias.com\/blog\/index.php\/2019\/02\/11\/mas-alla-de-la-acp-cambio-de-cultura-en-la-atencion-a-mayores\/\">hablado de<\/a><a rel=\"noreferrer noopener\" href=\"https:\/\/www.inforesidencias.com\/blog\/index.php\/2019\/02\/11\/mas-alla-de-la-acp-cambio-de-cultura-en-la-atencion-a-mayores\/\" target=\"_blank\"> ACP<\/a> pero nunca hab\u00edamos o\u00eddo hablar sobre la coordinaci\u00f3n de proyectos de vida en una residencia, estuvimos encantados de que nos explicara en qu\u00e9 consiste.  Entendimos que uno de los objetivos principales de los proyectos de vida tiene mucho que ver con el hecho  de que ir a vivir a la residencia no suponga una ruptura total con lo que se hac\u00eda con anterioridad. <\/p>\n\n\n\n<div class=\"wp-block-image\"><figure class=\"alignleft size-large is-resized\"><img decoding=\"async\" loading=\"lazy\" src=\"https:\/\/www.inforesidencias.com\/blog\/wp-content\/uploads\/2021\/02\/voluntariaado-en-residencias.png\" alt=\"\" class=\"wp-image-4099\" width=\"254\" height=\"204\" srcset=\"https:\/\/www.inforesidencias.com\/blog\/wp-content\/uploads\/2021\/02\/voluntariaado-en-residencias.png 400w, https:\/\/www.inforesidencias.com\/blog\/wp-content\/uploads\/2021\/02\/voluntariaado-en-residencias-300x242.png 300w\" sizes=\"(max-width: 254px) 100vw, 254px\" \/><\/figure><\/div>\n\n\n\n<p>Para acabar, acabamos hablando con Jose Frutos, un residente que lleva un tiempo viviendo en la residencia y a quien pudimos detectar que est\u00e1 muy feliz de vivir en esta residencia y como su estado general ha mejorado mucho desde que vive all\u00ed. <\/p>\n\n\n\n<p>Finalmente, en la consulta del trabajador social dimos datos sobre el Covid en las residencias de mayores y explicamos la bajada de casos de Coronavirus en estas semanas que llevamos ya en pleno proceso de vacunaci\u00f3n. Debido a esta mejora, ya se permiten en otra vez en Catalu\u00f1a visitas de familiares sin que tengan que hacer prueba de ant\u00edgenos y salidas de menos de tres d\u00edas.<\/p>\n\n\n\n<p>El <a href=\"https:\/\/www.estelfitxers.com\/audio\/20210225-17_00ESGRANSERGRAN.MP3\">program<\/a><a rel=\"noreferrer noopener\" href=\"https:\/\/www.estelfitxers.com\/audio\/20210225-17_00ESGRANSERGRAN.MP3\" target=\"_blank\">a de el jueves <\/a>lo iniciamos hablando de una iniciativa del ayuntamiento de Barcelona sobre una terapia con un robot el cual lleva durante unos d\u00edas a la casas de personas mayores que viven sola para paliar el aislamiento y monitorizar su estado an\u00edmico y de salud.<\/p>\n\n\n\n<p>En el tiempo de la entrevista contamos con Leila Ribes, directora de la <a href=\"https:\/\/www.inforesidencias.com\/centros\/residencia\/12890\/auro-natura-residencia\">residencia A<\/a><a href=\"https:\/\/www.inforesidencias.com\/centros\/residencia\/12890\/auro-natura-residencia\" target=\"_blank\" rel=\"noreferrer noopener\">ur\u00f3 Natura<\/a> en Tor\u00e0, Lleida. La primera pregunta obligada que le hicimos a la directora fue a cerca que significaba que su residencia siguiera un <a href=\"http:\/\/www.auronatura.org\/instalacionsresidencials\/\">modelo de bio<\/a><a href=\"http:\/\/www.auronatura.org\/instalacionsresidencials\/\" target=\"_blank\" rel=\"noreferrer noopener\">construcci\u00f3n<\/a>, integrada adem\u00e1s en medio de la naturaleza. Descubrimos tambi\u00e9n que, en Aur\u00f3 Natura fundamentan su proyecto siguiendo modelos de trabajo europeos en residencias y construyen todas sus actividades y terapias terap\u00e9uticas en funci\u00f3n de las necesidades de la persona. Una de las facetas m\u00e1s relevantes e innovadoras, y buen ejemplo concreto de ello, son las terapias con animales integradas en la propia residencia. Quieren que las diferencias f\u00edsicas y cognitivas entre las personas no supongan barreras de integraci\u00f3n y trabajan d\u00eda a d\u00eda para que esto sea posible  para m\u00e1s gente.<\/p>\n\n\n\n<p>Para saber un poco m\u00e1s de la residencia, tambi\u00e9n contamos con Merc\u00e8 Claramunt. Debido a que el marido de Merc\u00e8 ahora vive en Aur\u00f3 Natura, ella est\u00e1 muy familiarizada y conoce muy bien la residencia. Ella nos cont\u00f3 como, despu\u00e9s de haber realizado dos estancias temporales, optaron para que finalmente su marido viviera all\u00ed de forma permanente para que estuviera m\u00e1s atendido. Ambos est\u00e1n muy satisfechos con la decisi\u00f3n tomada incluso una vez superadas las reticencias previas.<\/p>\n\n\n\n<p>Para acabar los programas de la semana, despu\u00e9s de la bolsa de empleo, en la consulta del trabajador continuamos con la ya no tan novedad del <a href=\"https:\/\/dependencia.info\/noticia\/4189\/actualidad\/la-generalitat-publica-el-decreto-ley-de-incremento-de-las-tarifas-publicas-en-cataluna.html\">aumento de precio de la<\/a><a rel=\"noreferrer noopener\" href=\"https:\/\/dependencia.info\/noticia\/4189\/actualidad\/la-generalitat-publica-el-decreto-ley-de-incremento-de-las-tarifas-publicas-en-cataluna.html\" target=\"_blank\">s plazas p\u00fablicas de residencia<\/a> en Catalu\u00f1a. No obstante en esta ocasi\u00f3n, lo vimos desde la visi\u00f3n del residente y su familia y explicamos como les afecta a ellos estos cambios .<\/p>\n","protected":false},"excerpt":{"rendered":"<p>El programa del mi\u00e9rcoles de \u00ab\u00c9s gran ser gran\u00bb, lo empezamos hablado de un art\u00edculo de la Universidad de Harvard en el que se detallan algunos problemas de memoria que son habituales y por los que no tenemos que preocuparnos a no ser que nos ocurran muy muy a menudo y de forma muy grave. A continuaci\u00f3n, en los minutos para la entrevista hablamos con la directora, la coordinadora de proyectos de vida y un usuario de la residencia Ciutat de Sabadell gestionada por Vima. Primero de todo, charlamos sobre donde est\u00e1 situado el centro, cuando se abri\u00f3 y cuantas plazas tiene con la directora, Griselda Ginesta. Seguidamente, conversamos con Maria Melgares, que es la coordinadora de proyectos de vida de Ciutat de Sabadell. Como muchas veces en el programa hemos hablado de ACP pero nunca hab\u00edamos o\u00eddo hablar sobre la coordinaci\u00f3n de proyectos de vida en una residencia, estuvimos [&hellip;]<\/p>\n","protected":false},"author":2,"featured_media":4099,"comment_status":"open","ping_status":"open","sticky":false,"template":"","format":"standard","meta":{"footnotes":""},"categories":[1],"tags":[],"yoast_head":"<!-- This site is optimized with the Yoast SEO plugin v21.7 - https:\/\/yoast.com\/wordpress\/plugins\/seo\/ -->\n<title>Proyectos innovadores de dos residencias catalanas - Blog Inforesidencias.com<\/title>\n<meta name=\"description\" content=\"Hablamos con dos residencias de diferentes provincias catalanas y descubrimos proyectos y actividades innovadores que las hacen diferentes.\" \/>\n<meta name=\"robots\" content=\"index, follow, max-snippet:-1, max-image-preview:large, max-video-preview:-1\" \/>\n<link rel=\"canonical\" href=\"https:\/\/www.inforesidencias.com\/blog\/index.php\/2021\/02\/26\/proyectos-innovadores-de-dos-residencias-catalanas\/\" \/>\n<meta property=\"og:locale\" content=\"es_ES\" \/>\n<meta property=\"og:type\" content=\"article\" \/>\n<meta property=\"og:title\" content=\"Proyectos innovadores de dos residencias catalanas - Blog Inforesidencias.com\" \/>\n<meta property=\"og:description\" content=\"Hablamos con dos residencias de diferentes provincias catalanas y descubrimos proyectos y actividades innovadores que las hacen diferentes.\" \/>\n<meta property=\"og:url\" content=\"https:\/\/www.inforesidencias.com\/blog\/index.php\/2021\/02\/26\/proyectos-innovadores-de-dos-residencias-catalanas\/\" \/>\n<meta property=\"og:site_name\" content=\"Blog Inforesidencias.com\" \/>\n<meta property=\"article:publisher\" content=\"https:\/\/www.facebook.com\/Inforesidencias\/\" \/>\n<meta property=\"article:author\" content=\"https:\/\/www.facebook.com\/josep.demarti\" \/>\n<meta property=\"article:published_time\" content=\"2021-02-26T08:36:38+00:00\" \/>\n<meta property=\"article:modified_time\" content=\"2021-02-26T10:22:05+00:00\" \/>\n<meta property=\"og:image\" content=\"https:\/\/www.inforesidencias.com\/blog\/wp-content\/uploads\/2021\/02\/voluntariaado-en-residencias.png\" \/>\n\t<meta property=\"og:image:width\" content=\"400\" \/>\n\t<meta property=\"og:image:height\" content=\"322\" \/>\n\t<meta property=\"og:image:type\" content=\"image\/png\" \/>\n<meta name=\"author\" content=\"Josep de Mart\u00ed\" \/>\n<meta name=\"twitter:card\" content=\"summary_large_image\" \/>\n<meta name=\"twitter:creator\" content=\"@blog-ir\" \/>\n<meta name=\"twitter:site\" content=\"@inforesidencias\" \/>\n<meta name=\"twitter:label1\" content=\"Escrito por\" \/>\n\t<meta name=\"twitter:data1\" content=\"Josep de Mart\u00ed\" \/>\n\t<meta name=\"twitter:label2\" content=\"Tiempo de lectura\" \/>\n\t<meta name=\"twitter:data2\" content=\"3 minutos\" \/>\n<script type=\"application\/ld+json\" class=\"yoast-schema-graph\">{\"@context\":\"https:\/\/schema.org\",\"@graph\":[{\"@type\":\"WebPage\",\"@id\":\"https:\/\/www.inforesidencias.com\/blog\/index.php\/2021\/02\/26\/proyectos-innovadores-de-dos-residencias-catalanas\/\",\"url\":\"https:\/\/www.inforesidencias.com\/blog\/index.php\/2021\/02\/26\/proyectos-innovadores-de-dos-residencias-catalanas\/\",\"name\":\"Proyectos innovadores de dos residencias catalanas - Blog Inforesidencias.com\",\"isPartOf\":{\"@id\":\"https:\/\/www.inforesidencias.com\/blog\/#website\"},\"datePublished\":\"2021-02-26T08:36:38+00:00\",\"dateModified\":\"2021-02-26T10:22:05+00:00\",\"author\":{\"@id\":\"https:\/\/www.inforesidencias.com\/blog\/#\/schema\/person\/9e146774d1eb3bc1c0316242a3898628\"},\"description\":\"Hablamos con dos residencias de diferentes provincias catalanas y descubrimos proyectos y actividades innovadores que las hacen diferentes.\",\"breadcrumb\":{\"@id\":\"https:\/\/www.inforesidencias.com\/blog\/index.php\/2021\/02\/26\/proyectos-innovadores-de-dos-residencias-catalanas\/#breadcrumb\"},\"inLanguage\":\"es\",\"potentialAction\":[{\"@type\":\"ReadAction\",\"target\":[\"https:\/\/www.inforesidencias.com\/blog\/index.php\/2021\/02\/26\/proyectos-innovadores-de-dos-residencias-catalanas\/\"]}]},{\"@type\":\"BreadcrumbList\",\"@id\":\"https:\/\/www.inforesidencias.com\/blog\/index.php\/2021\/02\/26\/proyectos-innovadores-de-dos-residencias-catalanas\/#breadcrumb\",\"itemListElement\":[{\"@type\":\"ListItem\",\"position\":1,\"name\":\"Home\",\"item\":\"https:\/\/www.inforesidencias.com\/blog\/\"},{\"@type\":\"ListItem\",\"position\":2,\"name\":\"Proyectos innovadores de dos residencias catalanas\"}]},{\"@type\":\"WebSite\",\"@id\":\"https:\/\/www.inforesidencias.com\/blog\/#website\",\"url\":\"https:\/\/www.inforesidencias.com\/blog\/\",\"name\":\"Blog Inforesidencias.com\",\"description\":\"El buscador de residencias de la 3\u00aa edad\",\"potentialAction\":[{\"@type\":\"SearchAction\",\"target\":{\"@type\":\"EntryPoint\",\"urlTemplate\":\"https:\/\/www.inforesidencias.com\/blog\/?s={search_term_string}\"},\"query-input\":\"required name=search_term_string\"}],\"inLanguage\":\"es\"},{\"@type\":\"Person\",\"@id\":\"https:\/\/www.inforesidencias.com\/blog\/#\/schema\/person\/9e146774d1eb3bc1c0316242a3898628\",\"name\":\"Josep de Mart\u00ed\",\"image\":{\"@type\":\"ImageObject\",\"inLanguage\":\"es\",\"@id\":\"https:\/\/www.inforesidencias.com\/blog\/#\/schema\/person\/image\/\",\"url\":\"https:\/\/secure.gravatar.com\/avatar\/de0302c4806c00c4cebff396a798c1ff?s=96&d=mm&r=g\",\"contentUrl\":\"https:\/\/secure.gravatar.com\/avatar\/de0302c4806c00c4cebff396a798c1ff?s=96&d=mm&r=g\",\"caption\":\"Josep de Mart\u00ed\"},\"sameAs\":[\"https:\/\/www.inforesidencias.com\",\"https:\/\/www.facebook.com\/josep.demarti\",\"https:\/\/twitter.com\/blog-ir\"],\"url\":\"https:\/\/www.inforesidencias.com\/blog\/index.php\/author\/josepdemarti\/\"}]}<\/script>\n<!-- \/ Yoast SEO plugin. -->","yoast_head_json":{"title":"Proyectos innovadores de dos residencias catalanas - Blog Inforesidencias.com","description":"Hablamos con dos residencias de diferentes provincias catalanas y descubrimos proyectos y actividades innovadores que las hacen diferentes.","robots":{"index":"index","follow":"follow","max-snippet":"max-snippet:-1","max-image-preview":"max-image-preview:large","max-video-preview":"max-video-preview:-1"},"canonical":"https:\/\/www.inforesidencias.com\/blog\/index.php\/2021\/02\/26\/proyectos-innovadores-de-dos-residencias-catalanas\/","og_locale":"es_ES","og_type":"article","og_title":"Proyectos innovadores de dos residencias catalanas - Blog Inforesidencias.com","og_description":"Hablamos con dos residencias de diferentes provincias catalanas y descubrimos proyectos y actividades innovadores que las hacen diferentes.","og_url":"https:\/\/www.inforesidencias.com\/blog\/index.php\/2021\/02\/26\/proyectos-innovadores-de-dos-residencias-catalanas\/","og_site_name":"Blog Inforesidencias.com","article_publisher":"https:\/\/www.facebook.com\/Inforesidencias\/","article_author":"https:\/\/www.facebook.com\/josep.demarti","article_published_time":"2021-02-26T08:36:38+00:00","article_modified_time":"2021-02-26T10:22:05+00:00","og_image":[{"width":400,"height":322,"url":"https:\/\/www.inforesidencias.com\/blog\/wp-content\/uploads\/2021\/02\/voluntariaado-en-residencias.png","type":"image\/png"}],"author":"Josep de Mart\u00ed","twitter_card":"summary_large_image","twitter_creator":"@blog-ir","twitter_site":"@inforesidencias","twitter_misc":{"Escrito por":"Josep de Mart\u00ed","Tiempo de lectura":"3 minutos"},"schema":{"@context":"https:\/\/schema.org","@graph":[{"@type":"WebPage","@id":"https:\/\/www.inforesidencias.com\/blog\/index.php\/2021\/02\/26\/proyectos-innovadores-de-dos-residencias-catalanas\/","url":"https:\/\/www.inforesidencias.com\/blog\/index.php\/2021\/02\/26\/proyectos-innovadores-de-dos-residencias-catalanas\/","name":"Proyectos innovadores de dos residencias catalanas - Blog Inforesidencias.com","isPartOf":{"@id":"https:\/\/www.inforesidencias.com\/blog\/#website"},"datePublished":"2021-02-26T08:36:38+00:00","dateModified":"2021-02-26T10:22:05+00:00","author":{"@id":"https:\/\/www.inforesidencias.com\/blog\/#\/schema\/person\/9e146774d1eb3bc1c0316242a3898628"},"description":"Hablamos con dos residencias de diferentes provincias catalanas y descubrimos proyectos y actividades innovadores que las hacen diferentes.","breadcrumb":{"@id":"https:\/\/www.inforesidencias.com\/blog\/index.php\/2021\/02\/26\/proyectos-innovadores-de-dos-residencias-catalanas\/#breadcrumb"},"inLanguage":"es","potentialAction":[{"@type":"ReadAction","target":["https:\/\/www.inforesidencias.com\/blog\/index.php\/2021\/02\/26\/proyectos-innovadores-de-dos-residencias-catalanas\/"]}]},{"@type":"BreadcrumbList","@id":"https:\/\/www.inforesidencias.com\/blog\/index.php\/2021\/02\/26\/proyectos-innovadores-de-dos-residencias-catalanas\/#breadcrumb","itemListElement":[{"@type":"ListItem","position":1,"name":"Home","item":"https:\/\/www.inforesidencias.com\/blog\/"},{"@type":"ListItem","position":2,"name":"Proyectos innovadores de dos residencias catalanas"}]},{"@type":"WebSite","@id":"https:\/\/www.inforesidencias.com\/blog\/#website","url":"https:\/\/www.inforesidencias.com\/blog\/","name":"Blog Inforesidencias.com","description":"El buscador de residencias de la 3\u00aa edad","potentialAction":[{"@type":"SearchAction","target":{"@type":"EntryPoint","urlTemplate":"https:\/\/www.inforesidencias.com\/blog\/?s={search_term_string}"},"query-input":"required name=search_term_string"}],"inLanguage":"es"},{"@type":"Person","@id":"https:\/\/www.inforesidencias.com\/blog\/#\/schema\/person\/9e146774d1eb3bc1c0316242a3898628","name":"Josep de Mart\u00ed","image":{"@type":"ImageObject","inLanguage":"es","@id":"https:\/\/www.inforesidencias.com\/blog\/#\/schema\/person\/image\/","url":"https:\/\/secure.gravatar.com\/avatar\/de0302c4806c00c4cebff396a798c1ff?s=96&d=mm&r=g","contentUrl":"https:\/\/secure.gravatar.com\/avatar\/de0302c4806c00c4cebff396a798c1ff?s=96&d=mm&r=g","caption":"Josep de Mart\u00ed"},"sameAs":["https:\/\/www.inforesidencias.com","https:\/\/www.facebook.com\/josep.demarti","https:\/\/twitter.com\/blog-ir"],"url":"https:\/\/www.inforesidencias.com\/blog\/index.php\/author\/josepdemarti\/"}]}},"_links":{"self":[{"href":"https:\/\/www.inforesidencias.com\/blog\/index.php\/wp-json\/wp\/v2\/posts\/4206"}],"collection":[{"href":"https:\/\/www.inforesidencias.com\/blog\/index.php\/wp-json\/wp\/v2\/posts"}],"about":[{"href":"https:\/\/www.inforesidencias.com\/blog\/index.php\/wp-json\/wp\/v2\/types\/post"}],"author":[{"embeddable":true,"href":"https:\/\/www.inforesidencias.com\/blog\/index.php\/wp-json\/wp\/v2\/users\/2"}],"replies":[{"embeddable":true,"href":"https:\/\/www.inforesidencias.com\/blog\/index.php\/wp-json\/wp\/v2\/comments?post=4206"}],"version-history":[{"count":10,"href":"https:\/\/www.inforesidencias.com\/blog\/index.php\/wp-json\/wp\/v2\/posts\/4206\/revisions"}],"predecessor-version":[{"id":4216,"href":"https:\/\/www.inforesidencias.com\/blog\/index.php\/wp-json\/wp\/v2\/posts\/4206\/revisions\/4216"}],"wp:featuredmedia":[{"embeddable":true,"href":"https:\/\/www.inforesidencias.com\/blog\/index.php\/wp-json\/wp\/v2\/media\/4099"}],"wp:attachment":[{"href":"https:\/\/www.inforesidencias.com\/blog\/index.php\/wp-json\/wp\/v2\/media?parent=4206"}],"wp:term":[{"taxonomy":"category","embeddable":true,"href":"https:\/\/www.inforesidencias.com\/blog\/index.php\/wp-json\/wp\/v2\/categories?post=4206"},{"taxonomy":"post_tag","embeddable":true,"href":"https:\/\/www.inforesidencias.com\/blog\/index.php\/wp-json\/wp\/v2\/tags?post=4206"}],"curies":[{"name":"wp","href":"https:\/\/api.w.org\/{rel}","templated":true}]}}