{"id":4245,"date":"2021-03-06T09:21:09","date_gmt":"2021-03-06T08:21:09","guid":{"rendered":"https:\/\/www.inforesidencias.com\/blog\/?p=4245"},"modified":"2021-03-06T09:22:58","modified_gmt":"2021-03-06T08:22:58","slug":"exito-de-la-vacunacion-en-residencias","status":"publish","type":"post","link":"https:\/\/www.inforesidencias.com\/blog\/index.php\/2021\/03\/06\/exito-de-la-vacunacion-en-residencias\/","title":{"rendered":"\u00c9xito de la vacunaci\u00f3n en residencias"},"content":{"rendered":"\n<p><\/p>\n\n\n\n<p>El programa de <a href=\"https:\/\/www.estelfitxers.com\/audio\/20210303-17_00ESGRANSERGRAN.MP3\">\u00c9s gran ser gran\u00bb de<\/a><a rel=\"noreferrer noopener\" href=\"https:\/\/www.estelfitxers.com\/audio\/20210303-17_00ESGRANSERGRAN.MP3\" target=\"_blank\">l mi\u00e9rcoles <\/a>lo empezamos hablando de la publicaci\u00f3n de la<a href=\"https:\/\/dependencia.info\/noticia\/4217\/actualidad\/un-ano-despues-el-gobierno-publica-la-primera-cifra-oficial-de-fallecidos-en-residencias-de-mayores.html\"> primera cifra del Gobierno sobre los muertos en residencias de mayores durante la<\/a><a rel=\"noreferrer noopener\" href=\"https:\/\/dependencia.info\/noticia\/4217\/actualidad\/un-ano-despues-el-gobierno-publica-la-primera-cifra-oficial-de-fallecidos-en-residencias-de-mayores.html\" target=\"_blank\"> pandemia<\/a><a href=\"https:\/\/dependencia.info\/noticia\/4217\/actualidad\/un-ano-despues-el-gobierno-publica-la-primera-cifra-oficial-de-fallecidos-en-residencias-de-mayores.html\"> <\/a>y la poca claridad de las cifras. Una noticia que sale a la luz en el final del proceso de vacunaci\u00f3n en las residencias.<\/p>\n\n\n\n<p>En lo que ya podr\u00edamos llamar \u00abla consulta del abogado\u00bb contamos de nuevo con el abogado experto en derecho tributario, herencias y donaciones, <a href=\"https:\/\/ebratabogados.com\/\">Alejand<\/a><a rel=\"noreferrer noopener\" href=\"https:\/\/ebratabogados.com\/\" target=\"_blank\">ro Ebrat.<\/a> Con Alejandro, repasamos brevemente l<a href=\"https:\/\/www.inforesidencias.com\/blog\/index.php\/2020\/11\/04\/que-pasa-cuando-alguien-muere-si-haber-hecho-testamento\/\">a importa<\/a><a href=\"https:\/\/www.inforesidencias.com\/blog\/index.php\/2020\/11\/04\/que-pasa-cuando-alguien-muere-si-haber-hecho-testamento\/\" target=\"_blank\" rel=\"noreferrer noopener\">ncia de hacer testamento<\/a> tanto a nivel econ\u00f3mico como para evitarte muchos conflictos familiares. Y es que incluso en las situaciones en las que pensamos que todo ser\u00e1 muy placido se generan conflictos por la herencia.<\/p>\n\n\n\n<div class=\"wp-block-image\"><figure class=\"alignleft size-large is-resized\"><img decoding=\"async\" loading=\"lazy\" src=\"https:\/\/www.inforesidencias.com\/blog\/wp-content\/uploads\/2016\/08\/Captura-de-pantalla-2016-08-22-a-las-17.16.45.png\" alt=\"Especialista en testamentos, sucesiones e impuestos\" class=\"wp-image-816\" width=\"241\" height=\"213\" \/><figcaption>Ebrat. Abogado especialista en testamentos e impuestos.<\/figcaption><\/figure><\/div>\n\n\n\n<p>Seguimos hablando con el abogado, el Sr Ebrat de testamentos inducidos por terceras personas, a menudo a trav\u00e9s de \u00abmalas artes\u00bb. Este tipo de<a href=\"https:\/\/www.inforesidencias.com\/blog\/index.php\/2020\/11\/06\/testamentos-impugnados-y-la-situacion-real-de-las-residencias\/\"> testamentos se pueden llegar a impu<\/a><a href=\"https:\/\/www.inforesidencias.com\/blog\/index.php\/2020\/11\/06\/testamentos-impugnados-y-la-situacion-real-de-las-residencias\/\" target=\"_blank\" rel=\"noreferrer noopener\">gnar<\/a> si se descubre que por ejemplo nuestro padre o madre deja todo su patrimonio a un cuidador\/a y que hay indicios de captaci\u00f3n de voluntad. Alejandro puso alg\u00fan ejemplo de situaciones de este tipo estas que \u00e9l se ha encontrado<\/p>\n\n\n\n<p>En la consulta del trabajador social, despu\u00e9s de la bolsa de empleo, recordamos, gracias a la consulta de un oyente, la importancia del servicio de ayuda a domicilio. Un servicio que permite a las personas mayores recibir soporte y cuidados para sus actividades b\u00e1sicas del d\u00eda a d\u00eda sin dejar su entorno habitual.<\/p>\n\n\n\n<p>El <a href=\"https:\/\/www.estelfitxers.com\/audio\/20210304-17_00ESGRANSERGRAN.MP3\">programa del j<\/a><a rel=\"noreferrer noopener\" href=\"https:\/\/www.estelfitxers.com\/audio\/20210304-17_00ESGRANSERGRAN.MP3\" target=\"_blank\">ueves<\/a> dio inicio con Josep hablando de las personas que no quisieron vacunarse y de como el \u00edndice de contagios en residencias ha bajado en un 98% y del hecho que ahora los que no quisieron vacunarse, ahora, viendo la efectividad, piden vacunarse.<\/p>\n\n\n\n<div class=\"wp-block-image\"><figure class=\"alignright size-large is-resized\"><img decoding=\"async\" loading=\"lazy\" src=\"https:\/\/www.inforesidencias.com\/blog\/wp-content\/uploads\/2020\/01\/doctor-francisco-perez.jpg\" alt=\"\" class=\"wp-image-2672\" width=\"236\" height=\"176\" \/><\/figure><\/div>\n\n\n\n<p>Continuamos hablando de vacunas con el doctor Francisco P\u00e9rez Rota, m\u00e9dico <a href=\"https:\/\/www.inforesidencias.com\/centros\/buscador\/busquedas-predefinidas\/residencias-de-mayores-en-el-barcelones\">4 residencias de mayores de la zona de Barcel<\/a><a href=\"https:\/\/www.inforesidencias.com\/centros\/buscador\/busquedas-predefinidas\/residencias-de-mayores-en-el-barcelones\" target=\"_blank\" rel=\"noreferrer noopener\">ona,<\/a> entre otros servicios . El doctor, que ya est\u00e1 vacunado, explic\u00f3 largamente su experiencia con el proceso de vacunaci\u00f3n y como funcionan ahora los ingresos en las <a href=\"https:\/\/www.inforesidencias.com\/blog\/index.php\/2020\/09\/01\/un-dia-en-el-trabajo-de-un-medico-en-residencias-de-mayores\/\">residenc<\/a><a href=\"https:\/\/www.inforesidencias.com\/blog\/index.php\/2020\/09\/01\/un-dia-en-el-trabajo-de-un-medico-en-residencias-de-mayores\/\" target=\"_blank\" rel=\"noreferrer noopener\">ias en las que \u00e9l trabaja<\/a>. A continuaci\u00f3n, comentamos la poca importancia que tiene el hecho de que nos vacunas con la de una farmac\u00e9utica u otra.<\/p>\n\n\n\n<p>En los minutos finales de la entrevista, el Dr. P\u00e9rez pidi\u00f3 por favor, que para esta semana santa todo el que pueda no se vaya de vacaciones debido a la posibilidad de iniciar una cuarta ola cuando todav\u00eda estamos saliendo de la tercera. Todo esto teniendo en cuenta que estamos en pleno proceso de vacunaci\u00f3n<\/p>\n\n\n\n<p>En la recta final del programa, en la consulta del trabajador social, hablamos de tecnolog\u00eda. Aunque quiz\u00e1 la palabra m\u00e1s adecuada seria \u00abmodernizaci\u00f3n\u00bb. Todo vino a partir de una consulta realizada por una oyente que ten\u00eda dificultades para encontrar p\u00e1ginas web de algunas residencias. Hablamos sobre este hecho y sobre que, adem\u00e1s del problema detectado por la oyente, otras muchas residencias tienen p\u00e1ginas anticuadas.<\/p>\n\n\n\n<p><\/p>\n\n\n\n<p><\/p>\n","protected":false},"excerpt":{"rendered":"<p>El programa de \u00c9s gran ser gran\u00bb del mi\u00e9rcoles lo empezamos hablando de la publicaci\u00f3n de la primera cifra del Gobierno sobre los muertos en residencias de mayores durante la pandemia y la poca claridad de las cifras. Una noticia que sale a la luz en el final del proceso de vacunaci\u00f3n en las residencias. En lo que ya podr\u00edamos llamar \u00abla consulta del abogado\u00bb contamos de nuevo con el abogado experto en derecho tributario, herencias y donaciones, Alejandro Ebrat. Con Alejandro, repasamos brevemente la importancia de hacer testamento tanto a nivel econ\u00f3mico como para evitarte muchos conflictos familiares. Y es que incluso en las situaciones en las que pensamos que todo ser\u00e1 muy placido se generan conflictos por la herencia. Seguimos hablando con el abogado, el Sr Ebrat de testamentos inducidos por terceras personas, a menudo a trav\u00e9s de \u00abmalas artes\u00bb. Este tipo de testamentos se pueden llegar a [&hellip;]<\/p>\n","protected":false},"author":2,"featured_media":3100,"comment_status":"open","ping_status":"open","sticky":false,"template":"","format":"standard","meta":{"footnotes":""},"categories":[1],"tags":[],"yoast_head":"<!-- This site is optimized with the Yoast SEO plugin v21.7 - https:\/\/yoast.com\/wordpress\/plugins\/seo\/ -->\n<title>\u00c9xito de la vacunaci\u00f3n en residencias - Blog Inforesidencias.com<\/title>\n<meta name=\"description\" content=\"En los programas de esta semana hablamos del \u00e9xito de la vacunaci\u00f3n en las residencias y de captaci\u00f3n de voluntad y testamentos impugnables\" \/>\n<meta name=\"robots\" content=\"index, follow, max-snippet:-1, max-image-preview:large, max-video-preview:-1\" \/>\n<link rel=\"canonical\" href=\"https:\/\/www.inforesidencias.com\/blog\/index.php\/2021\/03\/06\/exito-de-la-vacunacion-en-residencias\/\" \/>\n<meta property=\"og:locale\" content=\"es_ES\" \/>\n<meta property=\"og:type\" content=\"article\" \/>\n<meta property=\"og:title\" content=\"\u00c9xito de la vacunaci\u00f3n en residencias - Blog Inforesidencias.com\" \/>\n<meta property=\"og:description\" content=\"En los programas de esta semana hablamos del \u00e9xito de la vacunaci\u00f3n en las residencias y de captaci\u00f3n de voluntad y testamentos impugnables\" \/>\n<meta property=\"og:url\" content=\"https:\/\/www.inforesidencias.com\/blog\/index.php\/2021\/03\/06\/exito-de-la-vacunacion-en-residencias\/\" \/>\n<meta property=\"og:site_name\" content=\"Blog Inforesidencias.com\" \/>\n<meta property=\"article:publisher\" content=\"https:\/\/www.facebook.com\/Inforesidencias\/\" \/>\n<meta property=\"article:author\" content=\"https:\/\/www.facebook.com\/josep.demarti\" \/>\n<meta property=\"article:published_time\" content=\"2021-03-06T08:21:09+00:00\" \/>\n<meta property=\"article:modified_time\" content=\"2021-03-06T08:22:58+00:00\" \/>\n<meta property=\"og:image\" content=\"https:\/\/www.inforesidencias.com\/blog\/wp-content\/uploads\/2020\/04\/Coronavirus-en-las-residencias-de-mayores1.png\" \/>\n\t<meta property=\"og:image:width\" content=\"400\" \/>\n\t<meta property=\"og:image:height\" content=\"322\" \/>\n\t<meta property=\"og:image:type\" content=\"image\/png\" \/>\n<meta name=\"author\" content=\"Josep de Mart\u00ed\" \/>\n<meta name=\"twitter:card\" content=\"summary_large_image\" \/>\n<meta name=\"twitter:creator\" content=\"@blog-ir\" \/>\n<meta name=\"twitter:site\" content=\"@inforesidencias\" \/>\n<meta name=\"twitter:label1\" content=\"Escrito por\" \/>\n\t<meta name=\"twitter:data1\" content=\"Josep de Mart\u00ed\" \/>\n\t<meta name=\"twitter:label2\" content=\"Tiempo de lectura\" \/>\n\t<meta name=\"twitter:data2\" content=\"3 minutos\" \/>\n<script type=\"application\/ld+json\" class=\"yoast-schema-graph\">{\"@context\":\"https:\/\/schema.org\",\"@graph\":[{\"@type\":\"WebPage\",\"@id\":\"https:\/\/www.inforesidencias.com\/blog\/index.php\/2021\/03\/06\/exito-de-la-vacunacion-en-residencias\/\",\"url\":\"https:\/\/www.inforesidencias.com\/blog\/index.php\/2021\/03\/06\/exito-de-la-vacunacion-en-residencias\/\",\"name\":\"\u00c9xito de la vacunaci\u00f3n en residencias - Blog Inforesidencias.com\",\"isPartOf\":{\"@id\":\"https:\/\/www.inforesidencias.com\/blog\/#website\"},\"datePublished\":\"2021-03-06T08:21:09+00:00\",\"dateModified\":\"2021-03-06T08:22:58+00:00\",\"author\":{\"@id\":\"https:\/\/www.inforesidencias.com\/blog\/#\/schema\/person\/9e146774d1eb3bc1c0316242a3898628\"},\"description\":\"En los programas de esta semana hablamos del \u00e9xito de la vacunaci\u00f3n en las residencias y de captaci\u00f3n de voluntad y testamentos impugnables\",\"breadcrumb\":{\"@id\":\"https:\/\/www.inforesidencias.com\/blog\/index.php\/2021\/03\/06\/exito-de-la-vacunacion-en-residencias\/#breadcrumb\"},\"inLanguage\":\"es\",\"potentialAction\":[{\"@type\":\"ReadAction\",\"target\":[\"https:\/\/www.inforesidencias.com\/blog\/index.php\/2021\/03\/06\/exito-de-la-vacunacion-en-residencias\/\"]}]},{\"@type\":\"BreadcrumbList\",\"@id\":\"https:\/\/www.inforesidencias.com\/blog\/index.php\/2021\/03\/06\/exito-de-la-vacunacion-en-residencias\/#breadcrumb\",\"itemListElement\":[{\"@type\":\"ListItem\",\"position\":1,\"name\":\"Home\",\"item\":\"https:\/\/www.inforesidencias.com\/blog\/\"},{\"@type\":\"ListItem\",\"position\":2,\"name\":\"\u00c9xito de la vacunaci\u00f3n en residencias\"}]},{\"@type\":\"WebSite\",\"@id\":\"https:\/\/www.inforesidencias.com\/blog\/#website\",\"url\":\"https:\/\/www.inforesidencias.com\/blog\/\",\"name\":\"Blog Inforesidencias.com\",\"description\":\"El buscador de residencias de la 3\u00aa edad\",\"potentialAction\":[{\"@type\":\"SearchAction\",\"target\":{\"@type\":\"EntryPoint\",\"urlTemplate\":\"https:\/\/www.inforesidencias.com\/blog\/?s={search_term_string}\"},\"query-input\":\"required name=search_term_string\"}],\"inLanguage\":\"es\"},{\"@type\":\"Person\",\"@id\":\"https:\/\/www.inforesidencias.com\/blog\/#\/schema\/person\/9e146774d1eb3bc1c0316242a3898628\",\"name\":\"Josep de Mart\u00ed\",\"image\":{\"@type\":\"ImageObject\",\"inLanguage\":\"es\",\"@id\":\"https:\/\/www.inforesidencias.com\/blog\/#\/schema\/person\/image\/\",\"url\":\"https:\/\/secure.gravatar.com\/avatar\/de0302c4806c00c4cebff396a798c1ff?s=96&d=mm&r=g\",\"contentUrl\":\"https:\/\/secure.gravatar.com\/avatar\/de0302c4806c00c4cebff396a798c1ff?s=96&d=mm&r=g\",\"caption\":\"Josep de Mart\u00ed\"},\"sameAs\":[\"https:\/\/www.inforesidencias.com\",\"https:\/\/www.facebook.com\/josep.demarti\",\"https:\/\/twitter.com\/blog-ir\"],\"url\":\"https:\/\/www.inforesidencias.com\/blog\/index.php\/author\/josepdemarti\/\"}]}<\/script>\n<!-- \/ Yoast SEO plugin. -->","yoast_head_json":{"title":"\u00c9xito de la vacunaci\u00f3n en residencias - Blog Inforesidencias.com","description":"En los programas de esta semana hablamos del \u00e9xito de la vacunaci\u00f3n en las residencias y de captaci\u00f3n de voluntad y testamentos impugnables","robots":{"index":"index","follow":"follow","max-snippet":"max-snippet:-1","max-image-preview":"max-image-preview:large","max-video-preview":"max-video-preview:-1"},"canonical":"https:\/\/www.inforesidencias.com\/blog\/index.php\/2021\/03\/06\/exito-de-la-vacunacion-en-residencias\/","og_locale":"es_ES","og_type":"article","og_title":"\u00c9xito de la vacunaci\u00f3n en residencias - Blog Inforesidencias.com","og_description":"En los programas de esta semana hablamos del \u00e9xito de la vacunaci\u00f3n en las residencias y de captaci\u00f3n de voluntad y testamentos impugnables","og_url":"https:\/\/www.inforesidencias.com\/blog\/index.php\/2021\/03\/06\/exito-de-la-vacunacion-en-residencias\/","og_site_name":"Blog Inforesidencias.com","article_publisher":"https:\/\/www.facebook.com\/Inforesidencias\/","article_author":"https:\/\/www.facebook.com\/josep.demarti","article_published_time":"2021-03-06T08:21:09+00:00","article_modified_time":"2021-03-06T08:22:58+00:00","og_image":[{"width":400,"height":322,"url":"https:\/\/www.inforesidencias.com\/blog\/wp-content\/uploads\/2020\/04\/Coronavirus-en-las-residencias-de-mayores1.png","type":"image\/png"}],"author":"Josep de Mart\u00ed","twitter_card":"summary_large_image","twitter_creator":"@blog-ir","twitter_site":"@inforesidencias","twitter_misc":{"Escrito por":"Josep de Mart\u00ed","Tiempo de lectura":"3 minutos"},"schema":{"@context":"https:\/\/schema.org","@graph":[{"@type":"WebPage","@id":"https:\/\/www.inforesidencias.com\/blog\/index.php\/2021\/03\/06\/exito-de-la-vacunacion-en-residencias\/","url":"https:\/\/www.inforesidencias.com\/blog\/index.php\/2021\/03\/06\/exito-de-la-vacunacion-en-residencias\/","name":"\u00c9xito de la vacunaci\u00f3n en residencias - Blog Inforesidencias.com","isPartOf":{"@id":"https:\/\/www.inforesidencias.com\/blog\/#website"},"datePublished":"2021-03-06T08:21:09+00:00","dateModified":"2021-03-06T08:22:58+00:00","author":{"@id":"https:\/\/www.inforesidencias.com\/blog\/#\/schema\/person\/9e146774d1eb3bc1c0316242a3898628"},"description":"En los programas de esta semana hablamos del \u00e9xito de la vacunaci\u00f3n en las residencias y de captaci\u00f3n de voluntad y testamentos impugnables","breadcrumb":{"@id":"https:\/\/www.inforesidencias.com\/blog\/index.php\/2021\/03\/06\/exito-de-la-vacunacion-en-residencias\/#breadcrumb"},"inLanguage":"es","potentialAction":[{"@type":"ReadAction","target":["https:\/\/www.inforesidencias.com\/blog\/index.php\/2021\/03\/06\/exito-de-la-vacunacion-en-residencias\/"]}]},{"@type":"BreadcrumbList","@id":"https:\/\/www.inforesidencias.com\/blog\/index.php\/2021\/03\/06\/exito-de-la-vacunacion-en-residencias\/#breadcrumb","itemListElement":[{"@type":"ListItem","position":1,"name":"Home","item":"https:\/\/www.inforesidencias.com\/blog\/"},{"@type":"ListItem","position":2,"name":"\u00c9xito de la vacunaci\u00f3n en residencias"}]},{"@type":"WebSite","@id":"https:\/\/www.inforesidencias.com\/blog\/#website","url":"https:\/\/www.inforesidencias.com\/blog\/","name":"Blog Inforesidencias.com","description":"El buscador de residencias de la 3\u00aa edad","potentialAction":[{"@type":"SearchAction","target":{"@type":"EntryPoint","urlTemplate":"https:\/\/www.inforesidencias.com\/blog\/?s={search_term_string}"},"query-input":"required name=search_term_string"}],"inLanguage":"es"},{"@type":"Person","@id":"https:\/\/www.inforesidencias.com\/blog\/#\/schema\/person\/9e146774d1eb3bc1c0316242a3898628","name":"Josep de Mart\u00ed","image":{"@type":"ImageObject","inLanguage":"es","@id":"https:\/\/www.inforesidencias.com\/blog\/#\/schema\/person\/image\/","url":"https:\/\/secure.gravatar.com\/avatar\/de0302c4806c00c4cebff396a798c1ff?s=96&d=mm&r=g","contentUrl":"https:\/\/secure.gravatar.com\/avatar\/de0302c4806c00c4cebff396a798c1ff?s=96&d=mm&r=g","caption":"Josep de Mart\u00ed"},"sameAs":["https:\/\/www.inforesidencias.com","https:\/\/www.facebook.com\/josep.demarti","https:\/\/twitter.com\/blog-ir"],"url":"https:\/\/www.inforesidencias.com\/blog\/index.php\/author\/josepdemarti\/"}]}},"_links":{"self":[{"href":"https:\/\/www.inforesidencias.com\/blog\/index.php\/wp-json\/wp\/v2\/posts\/4245"}],"collection":[{"href":"https:\/\/www.inforesidencias.com\/blog\/index.php\/wp-json\/wp\/v2\/posts"}],"about":[{"href":"https:\/\/www.inforesidencias.com\/blog\/index.php\/wp-json\/wp\/v2\/types\/post"}],"author":[{"embeddable":true,"href":"https:\/\/www.inforesidencias.com\/blog\/index.php\/wp-json\/wp\/v2\/users\/2"}],"replies":[{"embeddable":true,"href":"https:\/\/www.inforesidencias.com\/blog\/index.php\/wp-json\/wp\/v2\/comments?post=4245"}],"version-history":[{"count":13,"href":"https:\/\/www.inforesidencias.com\/blog\/index.php\/wp-json\/wp\/v2\/posts\/4245\/revisions"}],"predecessor-version":[{"id":4258,"href":"https:\/\/www.inforesidencias.com\/blog\/index.php\/wp-json\/wp\/v2\/posts\/4245\/revisions\/4258"}],"wp:featuredmedia":[{"embeddable":true,"href":"https:\/\/www.inforesidencias.com\/blog\/index.php\/wp-json\/wp\/v2\/media\/3100"}],"wp:attachment":[{"href":"https:\/\/www.inforesidencias.com\/blog\/index.php\/wp-json\/wp\/v2\/media?parent=4245"}],"wp:term":[{"taxonomy":"category","embeddable":true,"href":"https:\/\/www.inforesidencias.com\/blog\/index.php\/wp-json\/wp\/v2\/categories?post=4245"},{"taxonomy":"post_tag","embeddable":true,"href":"https:\/\/www.inforesidencias.com\/blog\/index.php\/wp-json\/wp\/v2\/tags?post=4245"}],"curies":[{"name":"wp","href":"https:\/\/api.w.org\/{rel}","templated":true}]}}