{"id":4275,"date":"2021-03-12T20:41:51","date_gmt":"2021-03-12T19:41:51","guid":{"rendered":"https:\/\/www.inforesidencias.com\/blog\/?p=4275"},"modified":"2021-03-12T20:41:53","modified_gmt":"2021-03-12T19:41:53","slug":"los-mayores-en-finlandia-y-los-centros-rems","status":"publish","type":"post","link":"https:\/\/www.inforesidencias.com\/blog\/index.php\/2021\/03\/12\/los-mayores-en-finlandia-y-los-centros-rems\/","title":{"rendered":"Los mayores en Finlandia y los centros REMS"},"content":{"rendered":"\n<p>El <a href=\"https:\/\/www.estelfitxers.com\/audio\/20210310-17_00ESGRANSERGRAN.MP3\">programa del mi\u00e9rcoles <\/a>de \u00ab\u00c9s gran ser gran\u00bb lo empezamos hablando de las \u00faltimas instrucciones de la Generalitat sobre como hacer ingresos en las residencias de mayores de Catalu\u00f1a y como esto es una buena muestra de como, poco a poco, se van relajando las medidas restrictivas que se tomaron.<\/p>\n\n\n\n<p>Para este mi\u00e9rcoles, ten\u00edamos preparado hacerle una entrevista a Juan Pablo Correa, antrop\u00f3logo, tecn\u00f3logo, y director del portal infoelder.com. Juan Pablo nos encuadr\u00f3 primero de todo, la poblaci\u00f3n y cultura finlandesa para seguir hablando seguidamente, de como es el perfil gen\u00e9ral de las personas mayores en Finlandia.<\/p>\n\n\n\n<p>Josep no pudo evitar preguntarle sobre si ah\u00ed tambi\u00e9n hay problemas para <a href=\"https:\/\/dependencia.info\/noticia\/1179\/opinion\/mi-reino-por-una-enfermera.html\">encontrar personal s<\/a><a href=\"https:\/\/dependencia.info\/noticia\/1179\/opinion\/mi-reino-por-una-enfermera.html\" target=\"_blank\" rel=\"noreferrer noopener\">anitario<\/a>, como por ejemplo graduados en enfermer\u00eda. Juan Pablo hizo una magistral explicaci\u00f3n al explicar que s\u00ed que faltan, pero que tambi\u00e9n la concepci\u00f3n de la falta (o no falta) de profesionales depende tambi\u00e9n de las expectativas de cuidado. Cuanta m\u00e1s altas sean nuestras exigencias y expectativas, m\u00e1s profesionales vamos a necesitar. Una forma de afrontar esa falta de profesionales desde Finlandia fue \u00abel caso filipino\u00bb como explico Juan Pablo<\/p>\n\n\n\n<div class=\"wp-block-image\"><figure class=\"alignright size-large is-resized\"><img decoding=\"async\" loading=\"lazy\" src=\"https:\/\/www.inforesidencias.com\/blog\/wp-content\/uploads\/2021\/02\/voluntariaado-en-residencias.png\" alt=\"\" class=\"wp-image-4099\" width=\"276\" height=\"222\" srcset=\"https:\/\/www.inforesidencias.com\/blog\/wp-content\/uploads\/2021\/02\/voluntariaado-en-residencias.png 400w, https:\/\/www.inforesidencias.com\/blog\/wp-content\/uploads\/2021\/02\/voluntariaado-en-residencias-300x242.png 300w\" sizes=\"(max-width: 276px) 100vw, 276px\" \/><\/figure><\/div>\n\n\n\n<p>Hacia la recta final de la entrevista,  el<a href=\"https:\/\/www.infoelder.com\/\"> director de <\/a><a href=\"https:\/\/www.infoelder.com\/\" target=\"_blank\" rel=\"noreferrer noopener\">infoelder<\/a><a href=\"https:\/\/www.infoelder.com\/\"> <\/a>compar\u00f3 haciendo una valoraci\u00f3n general como son las residencias de la tercera edad en Espa\u00f1a en comparaci\u00f3n con el pa\u00eds n\u00f3rdico.<\/p>\n\n\n\n<p>En la bolsa de trabajo dimos algunos consejos a la hora de afrontar algunas preguntas como \u00bfcuales son tus puntos d\u00e9biles?. Una pregunta que desde hace un tiempo viene siendo habitual en muchas entrevistas de empleo. Para acabar el programa, en la consulta del trabajador social, hablamos sobre la bajada de contagios en las residencias de mayores de todo el pa\u00eds gracias a las vacunas. Una bajada avalada por las cifras de positivos detectados y los ingresos hospitalarios.<\/p>\n\n\n\n<p>El programa de la<a href=\"https:\/\/www.estelfitxers.com\/audio\/20210311-17_00ESGRANSERGRAN.MP3\"> tard<\/a><a href=\"https:\/\/www.estelfitxers.com\/audio\/20210311-17_00ESGRANSERGRAN.MP3\" target=\"_blank\" rel=\"noreferrer noopener\">e del jueves <\/a>dio inicio hablando e las actividades culturales y de recreo que desde muchas residencias se ofrecen a los residentes. Actividades como dar un paseo por la playa, ir la cine, el teatro, tomar un caf\u00e9 etc y as\u00ed seguir promoviendo que sean lugares de libre elecci\u00f3n, y sobretodo, lugares de vida.<\/p>\n\n\n\n<p>La entrevista del d\u00cda se la hicimos a Monica Duaig\u00fces, responsable del <a href=\"https:\/\/www.fundaciocatalunya-lapedrera.com\/es\/programa-rems\">programa<\/a><a href=\"https:\/\/www.fundaciocatalunya-lapedrera.com\/es\/programa-rems\" target=\"_blank\" rel=\"noreferrer noopener\"> REMS<\/a><a href=\"https:\/\/www.fundaciocatalunya-lapedrera.com\/es\/programa-rems\"> <\/a>de la Fundaci\u00f3n Catalunya la Pedrera. Con M\u00f3nica, quien ya ha participado alguna vez en el programa, recordamos que es REMS y a quien va dirigido. Hicimos memoria de todos los beneficios que experimentan aquellas personas que acuden a los centros REMS y de como les afect\u00f3 la pandemia aunque se adaptaron ala situaci\u00f3n haciendo sus sesiones y actividades online.<\/p>\n\n\n\n<p>Una vez ha pasado un tiempo, desde que <a href=\"https:\/\/www.inforesidencias.com\/blog\/index.php\/2020\/10\/26\/tests-rapidos-y-epis-para-las-residencias-y-la-reapertura-de-los-centros-rems\/\">en septiembre pudieron volver a abrir la mayor\u00eda de los centros<\/a><a href=\"https:\/\/www.inforesidencias.com\/blog\/index.php\/2020\/10\/26\/tests-rapidos-y-epis-para-las-residencias-y-la-reapertura-de-los-centros-rems\/\" target=\"_blank\" rel=\"noreferrer noopener\"> REMS<\/a><a href=\"https:\/\/www.inforesidencias.com\/blog\/index.php\/2020\/10\/26\/tests-rapidos-y-epis-para-las-residencias-y-la-reapertura-de-los-centros-rems\/\">,<\/a> han visto de nuevo la mejora cognitiva de las personas que participan en su programa. En los minutos finales de la entrevista hablamos de las novedades que actualmente ofrece REMS. Entre ellas la que m\u00e1s destaca es ofrecer los servicios con los profesionales de REMS pero a domicilio<\/p>\n\n\n\n<p>En la consulta del trabajador social , despu\u00e9s de la bolsa de trabajo, explicamos un caso sobre una persona que quer\u00eda llevarse a su familiar, que sufre alzheimer, por las discrepancias con la direcci\u00f3n del centro y los trabajadores, respecto a lo que puede hacer y lo que no.<\/p>\n\n\n\n<p>Algunas <a href=\"https:\/\/www.inforesidencias.com\/centros\/buscador\/busquedas-predefinidas\/residencias-de-mayores-acreditadas-ley-dependencia\">residencia<\/a><a href=\"https:\/\/www.inforesidencias.com\/centros\/buscador\/busquedas-predefinidas\/residencias-de-mayores-acreditadas-ley-dependencia\" target=\"_blank\" rel=\"noreferrer noopener\">s acreditadas<\/a> para ofrecer plaza a los beneficiarios de la ley de dependencia<\/p>\n","protected":false},"excerpt":{"rendered":"<p>El programa del mi\u00e9rcoles de \u00ab\u00c9s gran ser gran\u00bb lo empezamos hablando de las \u00faltimas instrucciones de la Generalitat sobre como hacer ingresos en las residencias de mayores de Catalu\u00f1a y como esto es una buena muestra de como, poco a poco, se van relajando las medidas restrictivas que se tomaron. Para este mi\u00e9rcoles, ten\u00edamos preparado hacerle una entrevista a Juan Pablo Correa, antrop\u00f3logo, tecn\u00f3logo, y director del portal infoelder.com. Juan Pablo nos encuadr\u00f3 primero de todo, la poblaci\u00f3n y cultura finlandesa para seguir hablando seguidamente, de como es el perfil gen\u00e9ral de las personas mayores en Finlandia. Josep no pudo evitar preguntarle sobre si ah\u00ed tambi\u00e9n hay problemas para encontrar personal sanitario, como por ejemplo graduados en enfermer\u00eda. Juan Pablo hizo una magistral explicaci\u00f3n al explicar que s\u00ed que faltan, pero que tambi\u00e9n la concepci\u00f3n de la falta (o no falta) de profesionales depende tambi\u00e9n de las expectativas de [&hellip;]<\/p>\n","protected":false},"author":2,"featured_media":4099,"comment_status":"open","ping_status":"open","sticky":false,"template":"","format":"standard","meta":{"footnotes":""},"categories":[1],"tags":[],"yoast_head":"<!-- This site is optimized with the Yoast SEO plugin v21.7 - https:\/\/yoast.com\/wordpress\/plugins\/seo\/ -->\n<title>Los mayores en Finlandia y los centros REMS - Blog Inforesidencias.com<\/title>\n<meta name=\"description\" content=\"Hablamos de residencias y personas mayores en Finlandia y del programa REMS para personas que sufren demencias en estado inicial\" \/>\n<meta name=\"robots\" content=\"index, follow, max-snippet:-1, max-image-preview:large, max-video-preview:-1\" \/>\n<link rel=\"canonical\" href=\"https:\/\/www.inforesidencias.com\/blog\/index.php\/2021\/03\/12\/los-mayores-en-finlandia-y-los-centros-rems\/\" \/>\n<meta property=\"og:locale\" content=\"es_ES\" \/>\n<meta property=\"og:type\" content=\"article\" \/>\n<meta property=\"og:title\" content=\"Los mayores en Finlandia y los centros REMS - Blog Inforesidencias.com\" \/>\n<meta property=\"og:description\" content=\"Hablamos de residencias y personas mayores en Finlandia y del programa REMS para personas que sufren demencias en estado inicial\" \/>\n<meta property=\"og:url\" content=\"https:\/\/www.inforesidencias.com\/blog\/index.php\/2021\/03\/12\/los-mayores-en-finlandia-y-los-centros-rems\/\" \/>\n<meta property=\"og:site_name\" content=\"Blog Inforesidencias.com\" \/>\n<meta property=\"article:publisher\" content=\"https:\/\/www.facebook.com\/Inforesidencias\/\" \/>\n<meta property=\"article:author\" content=\"https:\/\/www.facebook.com\/josep.demarti\" \/>\n<meta property=\"article:published_time\" content=\"2021-03-12T19:41:51+00:00\" \/>\n<meta property=\"article:modified_time\" content=\"2021-03-12T19:41:53+00:00\" \/>\n<meta property=\"og:image\" content=\"https:\/\/www.inforesidencias.com\/blog\/wp-content\/uploads\/2021\/02\/voluntariaado-en-residencias.png\" \/>\n\t<meta property=\"og:image:width\" content=\"400\" \/>\n\t<meta property=\"og:image:height\" content=\"322\" \/>\n\t<meta property=\"og:image:type\" content=\"image\/png\" \/>\n<meta name=\"author\" content=\"Josep de Mart\u00ed\" \/>\n<meta name=\"twitter:card\" content=\"summary_large_image\" \/>\n<meta name=\"twitter:creator\" content=\"@blog-ir\" \/>\n<meta name=\"twitter:site\" content=\"@inforesidencias\" \/>\n<meta name=\"twitter:label1\" content=\"Escrito por\" \/>\n\t<meta name=\"twitter:data1\" content=\"Josep de Mart\u00ed\" \/>\n\t<meta name=\"twitter:label2\" content=\"Tiempo de lectura\" \/>\n\t<meta name=\"twitter:data2\" content=\"3 minutos\" \/>\n<script type=\"application\/ld+json\" class=\"yoast-schema-graph\">{\"@context\":\"https:\/\/schema.org\",\"@graph\":[{\"@type\":\"WebPage\",\"@id\":\"https:\/\/www.inforesidencias.com\/blog\/index.php\/2021\/03\/12\/los-mayores-en-finlandia-y-los-centros-rems\/\",\"url\":\"https:\/\/www.inforesidencias.com\/blog\/index.php\/2021\/03\/12\/los-mayores-en-finlandia-y-los-centros-rems\/\",\"name\":\"Los mayores en Finlandia y los centros REMS - Blog Inforesidencias.com\",\"isPartOf\":{\"@id\":\"https:\/\/www.inforesidencias.com\/blog\/#website\"},\"datePublished\":\"2021-03-12T19:41:51+00:00\",\"dateModified\":\"2021-03-12T19:41:53+00:00\",\"author\":{\"@id\":\"https:\/\/www.inforesidencias.com\/blog\/#\/schema\/person\/9e146774d1eb3bc1c0316242a3898628\"},\"description\":\"Hablamos de residencias y personas mayores en Finlandia y del programa REMS para personas que sufren demencias en estado inicial\",\"breadcrumb\":{\"@id\":\"https:\/\/www.inforesidencias.com\/blog\/index.php\/2021\/03\/12\/los-mayores-en-finlandia-y-los-centros-rems\/#breadcrumb\"},\"inLanguage\":\"es\",\"potentialAction\":[{\"@type\":\"ReadAction\",\"target\":[\"https:\/\/www.inforesidencias.com\/blog\/index.php\/2021\/03\/12\/los-mayores-en-finlandia-y-los-centros-rems\/\"]}]},{\"@type\":\"BreadcrumbList\",\"@id\":\"https:\/\/www.inforesidencias.com\/blog\/index.php\/2021\/03\/12\/los-mayores-en-finlandia-y-los-centros-rems\/#breadcrumb\",\"itemListElement\":[{\"@type\":\"ListItem\",\"position\":1,\"name\":\"Home\",\"item\":\"https:\/\/www.inforesidencias.com\/blog\/\"},{\"@type\":\"ListItem\",\"position\":2,\"name\":\"Los mayores en Finlandia y los centros REMS\"}]},{\"@type\":\"WebSite\",\"@id\":\"https:\/\/www.inforesidencias.com\/blog\/#website\",\"url\":\"https:\/\/www.inforesidencias.com\/blog\/\",\"name\":\"Blog Inforesidencias.com\",\"description\":\"El buscador de residencias de la 3\u00aa edad\",\"potentialAction\":[{\"@type\":\"SearchAction\",\"target\":{\"@type\":\"EntryPoint\",\"urlTemplate\":\"https:\/\/www.inforesidencias.com\/blog\/?s={search_term_string}\"},\"query-input\":\"required name=search_term_string\"}],\"inLanguage\":\"es\"},{\"@type\":\"Person\",\"@id\":\"https:\/\/www.inforesidencias.com\/blog\/#\/schema\/person\/9e146774d1eb3bc1c0316242a3898628\",\"name\":\"Josep de Mart\u00ed\",\"image\":{\"@type\":\"ImageObject\",\"inLanguage\":\"es\",\"@id\":\"https:\/\/www.inforesidencias.com\/blog\/#\/schema\/person\/image\/\",\"url\":\"https:\/\/secure.gravatar.com\/avatar\/de0302c4806c00c4cebff396a798c1ff?s=96&d=mm&r=g\",\"contentUrl\":\"https:\/\/secure.gravatar.com\/avatar\/de0302c4806c00c4cebff396a798c1ff?s=96&d=mm&r=g\",\"caption\":\"Josep de Mart\u00ed\"},\"sameAs\":[\"https:\/\/www.inforesidencias.com\",\"https:\/\/www.facebook.com\/josep.demarti\",\"https:\/\/twitter.com\/blog-ir\"],\"url\":\"https:\/\/www.inforesidencias.com\/blog\/index.php\/author\/josepdemarti\/\"}]}<\/script>\n<!-- \/ Yoast SEO plugin. -->","yoast_head_json":{"title":"Los mayores en Finlandia y los centros REMS - Blog Inforesidencias.com","description":"Hablamos de residencias y personas mayores en Finlandia y del programa REMS para personas que sufren demencias en estado inicial","robots":{"index":"index","follow":"follow","max-snippet":"max-snippet:-1","max-image-preview":"max-image-preview:large","max-video-preview":"max-video-preview:-1"},"canonical":"https:\/\/www.inforesidencias.com\/blog\/index.php\/2021\/03\/12\/los-mayores-en-finlandia-y-los-centros-rems\/","og_locale":"es_ES","og_type":"article","og_title":"Los mayores en Finlandia y los centros REMS - Blog Inforesidencias.com","og_description":"Hablamos de residencias y personas mayores en Finlandia y del programa REMS para personas que sufren demencias en estado inicial","og_url":"https:\/\/www.inforesidencias.com\/blog\/index.php\/2021\/03\/12\/los-mayores-en-finlandia-y-los-centros-rems\/","og_site_name":"Blog Inforesidencias.com","article_publisher":"https:\/\/www.facebook.com\/Inforesidencias\/","article_author":"https:\/\/www.facebook.com\/josep.demarti","article_published_time":"2021-03-12T19:41:51+00:00","article_modified_time":"2021-03-12T19:41:53+00:00","og_image":[{"width":400,"height":322,"url":"https:\/\/www.inforesidencias.com\/blog\/wp-content\/uploads\/2021\/02\/voluntariaado-en-residencias.png","type":"image\/png"}],"author":"Josep de Mart\u00ed","twitter_card":"summary_large_image","twitter_creator":"@blog-ir","twitter_site":"@inforesidencias","twitter_misc":{"Escrito por":"Josep de Mart\u00ed","Tiempo de lectura":"3 minutos"},"schema":{"@context":"https:\/\/schema.org","@graph":[{"@type":"WebPage","@id":"https:\/\/www.inforesidencias.com\/blog\/index.php\/2021\/03\/12\/los-mayores-en-finlandia-y-los-centros-rems\/","url":"https:\/\/www.inforesidencias.com\/blog\/index.php\/2021\/03\/12\/los-mayores-en-finlandia-y-los-centros-rems\/","name":"Los mayores en Finlandia y los centros REMS - Blog Inforesidencias.com","isPartOf":{"@id":"https:\/\/www.inforesidencias.com\/blog\/#website"},"datePublished":"2021-03-12T19:41:51+00:00","dateModified":"2021-03-12T19:41:53+00:00","author":{"@id":"https:\/\/www.inforesidencias.com\/blog\/#\/schema\/person\/9e146774d1eb3bc1c0316242a3898628"},"description":"Hablamos de residencias y personas mayores en Finlandia y del programa REMS para personas que sufren demencias en estado inicial","breadcrumb":{"@id":"https:\/\/www.inforesidencias.com\/blog\/index.php\/2021\/03\/12\/los-mayores-en-finlandia-y-los-centros-rems\/#breadcrumb"},"inLanguage":"es","potentialAction":[{"@type":"ReadAction","target":["https:\/\/www.inforesidencias.com\/blog\/index.php\/2021\/03\/12\/los-mayores-en-finlandia-y-los-centros-rems\/"]}]},{"@type":"BreadcrumbList","@id":"https:\/\/www.inforesidencias.com\/blog\/index.php\/2021\/03\/12\/los-mayores-en-finlandia-y-los-centros-rems\/#breadcrumb","itemListElement":[{"@type":"ListItem","position":1,"name":"Home","item":"https:\/\/www.inforesidencias.com\/blog\/"},{"@type":"ListItem","position":2,"name":"Los mayores en Finlandia y los centros REMS"}]},{"@type":"WebSite","@id":"https:\/\/www.inforesidencias.com\/blog\/#website","url":"https:\/\/www.inforesidencias.com\/blog\/","name":"Blog Inforesidencias.com","description":"El buscador de residencias de la 3\u00aa edad","potentialAction":[{"@type":"SearchAction","target":{"@type":"EntryPoint","urlTemplate":"https:\/\/www.inforesidencias.com\/blog\/?s={search_term_string}"},"query-input":"required name=search_term_string"}],"inLanguage":"es"},{"@type":"Person","@id":"https:\/\/www.inforesidencias.com\/blog\/#\/schema\/person\/9e146774d1eb3bc1c0316242a3898628","name":"Josep de Mart\u00ed","image":{"@type":"ImageObject","inLanguage":"es","@id":"https:\/\/www.inforesidencias.com\/blog\/#\/schema\/person\/image\/","url":"https:\/\/secure.gravatar.com\/avatar\/de0302c4806c00c4cebff396a798c1ff?s=96&d=mm&r=g","contentUrl":"https:\/\/secure.gravatar.com\/avatar\/de0302c4806c00c4cebff396a798c1ff?s=96&d=mm&r=g","caption":"Josep de Mart\u00ed"},"sameAs":["https:\/\/www.inforesidencias.com","https:\/\/www.facebook.com\/josep.demarti","https:\/\/twitter.com\/blog-ir"],"url":"https:\/\/www.inforesidencias.com\/blog\/index.php\/author\/josepdemarti\/"}]}},"_links":{"self":[{"href":"https:\/\/www.inforesidencias.com\/blog\/index.php\/wp-json\/wp\/v2\/posts\/4275"}],"collection":[{"href":"https:\/\/www.inforesidencias.com\/blog\/index.php\/wp-json\/wp\/v2\/posts"}],"about":[{"href":"https:\/\/www.inforesidencias.com\/blog\/index.php\/wp-json\/wp\/v2\/types\/post"}],"author":[{"embeddable":true,"href":"https:\/\/www.inforesidencias.com\/blog\/index.php\/wp-json\/wp\/v2\/users\/2"}],"replies":[{"embeddable":true,"href":"https:\/\/www.inforesidencias.com\/blog\/index.php\/wp-json\/wp\/v2\/comments?post=4275"}],"version-history":[{"count":10,"href":"https:\/\/www.inforesidencias.com\/blog\/index.php\/wp-json\/wp\/v2\/posts\/4275\/revisions"}],"predecessor-version":[{"id":4285,"href":"https:\/\/www.inforesidencias.com\/blog\/index.php\/wp-json\/wp\/v2\/posts\/4275\/revisions\/4285"}],"wp:featuredmedia":[{"embeddable":true,"href":"https:\/\/www.inforesidencias.com\/blog\/index.php\/wp-json\/wp\/v2\/media\/4099"}],"wp:attachment":[{"href":"https:\/\/www.inforesidencias.com\/blog\/index.php\/wp-json\/wp\/v2\/media?parent=4275"}],"wp:term":[{"taxonomy":"category","embeddable":true,"href":"https:\/\/www.inforesidencias.com\/blog\/index.php\/wp-json\/wp\/v2\/categories?post=4275"},{"taxonomy":"post_tag","embeddable":true,"href":"https:\/\/www.inforesidencias.com\/blog\/index.php\/wp-json\/wp\/v2\/tags?post=4275"}],"curies":[{"name":"wp","href":"https:\/\/api.w.org\/{rel}","templated":true}]}}