{"id":4286,"date":"2021-03-19T09:04:34","date_gmt":"2021-03-19T08:04:34","guid":{"rendered":"https:\/\/www.inforesidencias.com\/blog\/?p=4286"},"modified":"2021-03-19T09:04:36","modified_gmt":"2021-03-19T08:04:36","slug":"la-residencia-vora-balis-y-porque-instalar-un-salvaescaleras","status":"publish","type":"post","link":"https:\/\/www.inforesidencias.com\/blog\/index.php\/2021\/03\/19\/la-residencia-vora-balis-y-porque-instalar-un-salvaescaleras\/","title":{"rendered":"La residencia Vora Bal\u00eds y porqu\u00e9 instalar un  salvaescaleras"},"content":{"rendered":"\n<p>El<a href=\"https:\/\/www.estelfitxers.com\/audio\/20210317-17_00ESGRANSERGRAN.MP3\"> programa del mi\u00e9rcoles <\/a>de \u201c\u00c9s gran ser gran\u201d lo iniciamos hablando acerca de como la pandemia ha potenciado la modernizaci\u00f3n de la comunicaci\u00f3n entre las residencias y los interesados en vivir en ellas. Hablamos espec\u00edficamente de las visitas virtuales (o tour virtual), una herramienta que ha llegado para quedarse.<\/p>\n\n\n\n<p>Para conocer un poco m\u00e1s una residencia de la zona del Maresme sin necesidad de tour virtual, contamos con la directora de la <a href=\"https:\/\/www.inforesidencias.com\/centros\/residencia\/9117\/residencia-assistida-i-centre-de-dia-per-a-gent-gran-vora-balis\">residencia Vora <\/a><a href=\"https:\/\/www.inforesidencias.com\/centros\/residencia\/9117\/residencia-assistida-i-centre-de-dia-per-a-gent-gran-vora-balis\" target=\"_blank\" rel=\"noreferrer noopener\">Bal\u00eds<\/a>, Marta de Santos. Marta nos explic\u00f3 primero, como llegar a la residencia, situada en Sant Vicen\u00e7 de Montalt, tanto con transporte p\u00fablico como privado. Seguimos hablando sobre como es un d\u00eda en el centro, las actividades que hacen, por ejemplo aprovechando su gran jard\u00edn y los exteriores, y cuantas plazas tienen.<\/p>\n\n\n\n<div class=\"wp-block-image\"><figure class=\"alignleft size-large is-resized\"><img decoding=\"async\" loading=\"lazy\" src=\"https:\/\/www.inforesidencias.com\/blog\/wp-content\/uploads\/2021\/02\/voluntariaado-en-residencias.png\" alt=\"\" class=\"wp-image-4099\" width=\"257\" height=\"206\" srcset=\"https:\/\/www.inforesidencias.com\/blog\/wp-content\/uploads\/2021\/02\/voluntariaado-en-residencias.png 400w, https:\/\/www.inforesidencias.com\/blog\/wp-content\/uploads\/2021\/02\/voluntariaado-en-residencias-300x242.png 300w\" sizes=\"(max-width: 257px) 100vw, 257px\" \/><\/figure><\/div>\n\n\n\n<p>Tambi\u00e9n pudimos hablar unos minutos con un residente, Jaume Timoneda. Con Jaume charlamos acerca de cuanto tiempo llevaba en la residencia, como lleg\u00f3 a Vora Bal\u00eds con su mujer desde otra residencia y como era un d\u00eda (y una semana) en este privilegiado emplazamiento de Sant Vicen\u00e7 de Montalt.<\/p>\n\n\n\n<p>En la consulta del trabajador social, despu\u00e9s de la bolsa de empleo, explicamos un poco, a partir de un art\u00edculo de la fundaci\u00f3n pascual Maragall, que es lo que se conoce como <a href=\"https:\/\/blog.fpmaragall.org\/actividades-diarias-para-aumentar-la-reserva-cognitiva\">reserva cog<\/a><a href=\"https:\/\/blog.fpmaragall.org\/actividades-diarias-para-aumentar-la-reserva-cognitiva\" target=\"_blank\" rel=\"noreferrer noopener\">nitiva<\/a><a href=\"https:\/\/blog.fpmaragall.org\/actividades-diarias-para-aumentar-la-reserva-cognitiva\">.<\/a> Nos centramos tambi\u00e9n en dar consejos para trabajar esa reserva cognitiva,la cual nos \u201char\u00e1 m\u00e1s fuertes\u201d, para luchar contra el alzheimer en el caso que lleguemos a desarrollar esa enfermedad.<\/p>\n\n\n\n<p>El d\u00eda siguiente, en el <a href=\"https:\/\/www.estelfitxers.com\/audio\/20210318-17_00ESGRANSERGRAN.MP3\">programa del jueves por la ta<\/a><a href=\"https:\/\/www.estelfitxers.com\/audio\/20210318-17_00ESGRANSERGRAN.MP3\" target=\"_blank\" rel=\"noreferrer noopener\">rde<\/a>, empezamos hablando sobre las c<a href=\"https:\/\/www.inforesidencias.com\/blog\/index.php\/2019\/07\/14\/las-caidas-en-la-tercera-edad\/\">onsecuencias de c<\/a><a href=\"https:\/\/www.inforesidencias.com\/blog\/index.php\/2019\/07\/14\/las-caidas-en-la-tercera-edad\/\" target=\"_blank\" rel=\"noreferrer noopener\">a\u00eddas<\/a> en las personas mayores. Explicamos que de todos es sabido que cuanto mayores somos, m\u00e1s cuesta recuperarse de las fracturas y los golpes. Por eso dimos algunos consejos como <a href=\"https:\/\/www.inforesidencias.com\/blog\/index.php\/2021\/03\/10\/lesiones-debido-a-las-caidas-en-las-personas-de-mas-de-80-anos\/\">no tener alfombras y evitar nadar<\/a><a href=\"https:\/\/www.inforesidencias.com\/blog\/index.php\/2021\/03\/10\/lesiones-debido-a-las-caidas-en-las-personas-de-mas-de-80-anos\/\" target=\"_blank\" rel=\"noreferrer noopener\"> mucho rato con zapatillas.<\/a><\/p>\n\n\n\n<p>Seguidamente, sin abandonar el tema de las ca\u00eddas y formas de evitarlas, hablamos con Jordi Gracia, director comercial de <a href=\"https:\/\/www.stannah.es\/incisa\/\">Stannah Incisa<\/a>. Jordi nos explic\u00f3 que la empresa Stannah lleva m\u00e1s de 150 a\u00f1os instalando salvaescaleras por muchos pa\u00edses tanto para empresas como para particulares. Empezaron en Reino Unido, donde nacieron, pero fueron creciendo y llevan ya d\u00e9cadas en Espa\u00f1a.<\/p>\n\n\n\n<p>Continuamos hablando sobre el tipo de cliente que tienen. Nos interesaba conocer si las personas les contactan para instalar un salvaescaleras cuando ya han sufrido alguna ca\u00edda o cuando todav\u00eda no han ca\u00eddo y tienen miedo a que esto les pase. Lo que nos qued\u00f3 claro, es que hayamos ca\u00eddo o no, todos hemos tenido una mala experiencia con las escaleras y ese es el momento en el que empezamos a pensar en la necesidad de un salvaescaleras.<\/p>\n\n\n\n<div class=\"wp-block-image\"><figure class=\"alignright size-large is-resized\"><a href=\"https:\/\/www.stannah.es\/sillas-salvaescaleras\/\"><img decoding=\"async\" loading=\"lazy\" src=\"https:\/\/www.inforesidencias.com\/blog\/wp-content\/uploads\/2021\/03\/salvaescaleras.png\" alt=\"\" class=\"wp-image-4291\" width=\"260\" height=\"226\" srcset=\"https:\/\/www.inforesidencias.com\/blog\/wp-content\/uploads\/2021\/03\/salvaescaleras.png 580w, https:\/\/www.inforesidencias.com\/blog\/wp-content\/uploads\/2021\/03\/salvaescaleras-300x260.png 300w\" sizes=\"(max-width: 260px) 100vw, 260px\" \/><\/a><\/figure><\/div>\n\n\n\n<p>Fue importante tambi\u00e9n, dar indicios a los familiares de personas mayores, de que un ser querido tiene miedo a bajar o subir escaleras. De todas las alarmas, la m\u00e1s preocupante es cuando ya la persona sube o baja \u00aba gatas\u00bb.<\/p>\n\n\n\n<p>No pudimos acabar sin hacer \u00e9nfasis en el hecho de que el coste de un salvaescaleras de Stannah, no tiene comparaci\u00f3n con la tranquilidad que nos da el saber que no nos caeremos en las escaleras. Eso sin mencionar que una vez producida la ca\u00edda muy seguramente habr\u00e1 que pagar por una recuperaci\u00f3n en casa una bien una recuperaci\u00f3n en una residencia para personas mayores.<\/p>\n\n\n\n<p>En la recta final del programa, en la consulta del trabajador social hablamos sobre<a href=\"https:\/\/www.inforesidencias.com\/contenidos\/mayores-y-familia\/nacional\/planificacion-legal-en-personas-mayores\"> incapacita<\/a><a href=\"https:\/\/www.inforesidencias.com\/contenidos\/mayores-y-familia\/nacional\/planificacion-legal-en-personas-mayores\" target=\"_blank\" rel=\"noreferrer noopener\">ci\u00f3n,<\/a> tutores legales y guardas de hecho en las residencias. Un tema que es genera mucho papeleo a veces innecesario. No obstante en unas semanas entrevistaremos a una experta sobre este tema<\/p>\n\n\n\n<p>Si has sufrido una ca\u00edda y necesitas una residencia, puedes <a href=\"https:\/\/www.inforesidencias.com\/particulares\/buscamos-por-ti\">rellenar este formulario <\/a>y residencias de mayores de tu zona te contactaran en breve.<\/p>\n\n\n\n<p><\/p>\n","protected":false},"excerpt":{"rendered":"<p>El programa del mi\u00e9rcoles de \u201c\u00c9s gran ser gran\u201d lo iniciamos hablando acerca de como la pandemia ha potenciado la modernizaci\u00f3n de la comunicaci\u00f3n entre las residencias y los interesados en vivir en ellas. Hablamos espec\u00edficamente de las visitas virtuales (o tour virtual), una herramienta que ha llegado para quedarse. Para conocer un poco m\u00e1s una residencia de la zona del Maresme sin necesidad de tour virtual, contamos con la directora de la residencia Vora Bal\u00eds, Marta de Santos. Marta nos explic\u00f3 primero, como llegar a la residencia, situada en Sant Vicen\u00e7 de Montalt, tanto con transporte p\u00fablico como privado. Seguimos hablando sobre como es un d\u00eda en el centro, las actividades que hacen, por ejemplo aprovechando su gran jard\u00edn y los exteriores, y cuantas plazas tienen. Tambi\u00e9n pudimos hablar unos minutos con un residente, Jaume Timoneda. Con Jaume charlamos acerca de cuanto tiempo llevaba en la residencia, como lleg\u00f3 [&hellip;]<\/p>\n","protected":false},"author":2,"featured_media":3100,"comment_status":"open","ping_status":"open","sticky":false,"template":"","format":"standard","meta":{"footnotes":""},"categories":[1],"tags":[],"yoast_head":"<!-- This site is optimized with the Yoast SEO plugin v21.7 - https:\/\/yoast.com\/wordpress\/plugins\/seo\/ -->\n<title>La residencia Vora Bal\u00eds y porqu\u00e9 instalar un salvaescaleras - Blog Inforesidencias.com<\/title>\n<meta name=\"description\" content=\"Entrrevistamos a trajadores y residentes de la residencia Vora Bal\u00eds y hablamos de ca\u00eddas y salvaescaleras con la empresa Stannah\" \/>\n<meta name=\"robots\" content=\"index, follow, max-snippet:-1, max-image-preview:large, max-video-preview:-1\" \/>\n<link rel=\"canonical\" href=\"https:\/\/www.inforesidencias.com\/blog\/index.php\/2021\/03\/19\/la-residencia-vora-balis-y-porque-instalar-un-salvaescaleras\/\" \/>\n<meta property=\"og:locale\" content=\"es_ES\" \/>\n<meta property=\"og:type\" content=\"article\" \/>\n<meta property=\"og:title\" content=\"La residencia Vora Bal\u00eds y porqu\u00e9 instalar un salvaescaleras - Blog Inforesidencias.com\" \/>\n<meta property=\"og:description\" content=\"Entrrevistamos a trajadores y residentes de la residencia Vora Bal\u00eds y hablamos de ca\u00eddas y salvaescaleras con la empresa Stannah\" \/>\n<meta property=\"og:url\" content=\"https:\/\/www.inforesidencias.com\/blog\/index.php\/2021\/03\/19\/la-residencia-vora-balis-y-porque-instalar-un-salvaescaleras\/\" \/>\n<meta property=\"og:site_name\" content=\"Blog Inforesidencias.com\" \/>\n<meta property=\"article:publisher\" content=\"https:\/\/www.facebook.com\/Inforesidencias\/\" \/>\n<meta property=\"article:author\" content=\"https:\/\/www.facebook.com\/josep.demarti\" \/>\n<meta property=\"article:published_time\" content=\"2021-03-19T08:04:34+00:00\" \/>\n<meta property=\"article:modified_time\" content=\"2021-03-19T08:04:36+00:00\" \/>\n<meta property=\"og:image\" content=\"https:\/\/www.inforesidencias.com\/blog\/wp-content\/uploads\/2020\/04\/Coronavirus-en-las-residencias-de-mayores1.png\" \/>\n\t<meta property=\"og:image:width\" content=\"400\" \/>\n\t<meta property=\"og:image:height\" content=\"322\" \/>\n\t<meta property=\"og:image:type\" content=\"image\/png\" \/>\n<meta name=\"author\" content=\"Josep de Mart\u00ed\" \/>\n<meta name=\"twitter:card\" content=\"summary_large_image\" \/>\n<meta name=\"twitter:creator\" content=\"@blog-ir\" \/>\n<meta name=\"twitter:site\" content=\"@inforesidencias\" \/>\n<meta name=\"twitter:label1\" content=\"Escrito por\" \/>\n\t<meta name=\"twitter:data1\" content=\"Josep de Mart\u00ed\" \/>\n\t<meta name=\"twitter:label2\" content=\"Tiempo de lectura\" \/>\n\t<meta name=\"twitter:data2\" content=\"3 minutos\" \/>\n<script type=\"application\/ld+json\" class=\"yoast-schema-graph\">{\"@context\":\"https:\/\/schema.org\",\"@graph\":[{\"@type\":\"WebPage\",\"@id\":\"https:\/\/www.inforesidencias.com\/blog\/index.php\/2021\/03\/19\/la-residencia-vora-balis-y-porque-instalar-un-salvaescaleras\/\",\"url\":\"https:\/\/www.inforesidencias.com\/blog\/index.php\/2021\/03\/19\/la-residencia-vora-balis-y-porque-instalar-un-salvaescaleras\/\",\"name\":\"La residencia Vora Bal\u00eds y porqu\u00e9 instalar un salvaescaleras - Blog Inforesidencias.com\",\"isPartOf\":{\"@id\":\"https:\/\/www.inforesidencias.com\/blog\/#website\"},\"datePublished\":\"2021-03-19T08:04:34+00:00\",\"dateModified\":\"2021-03-19T08:04:36+00:00\",\"author\":{\"@id\":\"https:\/\/www.inforesidencias.com\/blog\/#\/schema\/person\/9e146774d1eb3bc1c0316242a3898628\"},\"description\":\"Entrrevistamos a trajadores y residentes de la residencia Vora Bal\u00eds y hablamos de ca\u00eddas y salvaescaleras con la empresa Stannah\",\"breadcrumb\":{\"@id\":\"https:\/\/www.inforesidencias.com\/blog\/index.php\/2021\/03\/19\/la-residencia-vora-balis-y-porque-instalar-un-salvaescaleras\/#breadcrumb\"},\"inLanguage\":\"es\",\"potentialAction\":[{\"@type\":\"ReadAction\",\"target\":[\"https:\/\/www.inforesidencias.com\/blog\/index.php\/2021\/03\/19\/la-residencia-vora-balis-y-porque-instalar-un-salvaescaleras\/\"]}]},{\"@type\":\"BreadcrumbList\",\"@id\":\"https:\/\/www.inforesidencias.com\/blog\/index.php\/2021\/03\/19\/la-residencia-vora-balis-y-porque-instalar-un-salvaescaleras\/#breadcrumb\",\"itemListElement\":[{\"@type\":\"ListItem\",\"position\":1,\"name\":\"Home\",\"item\":\"https:\/\/www.inforesidencias.com\/blog\/\"},{\"@type\":\"ListItem\",\"position\":2,\"name\":\"La residencia Vora Bal\u00eds y porqu\u00e9 instalar un salvaescaleras\"}]},{\"@type\":\"WebSite\",\"@id\":\"https:\/\/www.inforesidencias.com\/blog\/#website\",\"url\":\"https:\/\/www.inforesidencias.com\/blog\/\",\"name\":\"Blog Inforesidencias.com\",\"description\":\"El buscador de residencias de la 3\u00aa edad\",\"potentialAction\":[{\"@type\":\"SearchAction\",\"target\":{\"@type\":\"EntryPoint\",\"urlTemplate\":\"https:\/\/www.inforesidencias.com\/blog\/?s={search_term_string}\"},\"query-input\":\"required name=search_term_string\"}],\"inLanguage\":\"es\"},{\"@type\":\"Person\",\"@id\":\"https:\/\/www.inforesidencias.com\/blog\/#\/schema\/person\/9e146774d1eb3bc1c0316242a3898628\",\"name\":\"Josep de Mart\u00ed\",\"image\":{\"@type\":\"ImageObject\",\"inLanguage\":\"es\",\"@id\":\"https:\/\/www.inforesidencias.com\/blog\/#\/schema\/person\/image\/\",\"url\":\"https:\/\/secure.gravatar.com\/avatar\/de0302c4806c00c4cebff396a798c1ff?s=96&d=mm&r=g\",\"contentUrl\":\"https:\/\/secure.gravatar.com\/avatar\/de0302c4806c00c4cebff396a798c1ff?s=96&d=mm&r=g\",\"caption\":\"Josep de Mart\u00ed\"},\"sameAs\":[\"https:\/\/www.inforesidencias.com\",\"https:\/\/www.facebook.com\/josep.demarti\",\"https:\/\/twitter.com\/blog-ir\"],\"url\":\"https:\/\/www.inforesidencias.com\/blog\/index.php\/author\/josepdemarti\/\"}]}<\/script>\n<!-- \/ Yoast SEO plugin. -->","yoast_head_json":{"title":"La residencia Vora Bal\u00eds y porqu\u00e9 instalar un salvaescaleras - Blog Inforesidencias.com","description":"Entrrevistamos a trajadores y residentes de la residencia Vora Bal\u00eds y hablamos de ca\u00eddas y salvaescaleras con la empresa Stannah","robots":{"index":"index","follow":"follow","max-snippet":"max-snippet:-1","max-image-preview":"max-image-preview:large","max-video-preview":"max-video-preview:-1"},"canonical":"https:\/\/www.inforesidencias.com\/blog\/index.php\/2021\/03\/19\/la-residencia-vora-balis-y-porque-instalar-un-salvaescaleras\/","og_locale":"es_ES","og_type":"article","og_title":"La residencia Vora Bal\u00eds y porqu\u00e9 instalar un salvaescaleras - Blog Inforesidencias.com","og_description":"Entrrevistamos a trajadores y residentes de la residencia Vora Bal\u00eds y hablamos de ca\u00eddas y salvaescaleras con la empresa Stannah","og_url":"https:\/\/www.inforesidencias.com\/blog\/index.php\/2021\/03\/19\/la-residencia-vora-balis-y-porque-instalar-un-salvaescaleras\/","og_site_name":"Blog Inforesidencias.com","article_publisher":"https:\/\/www.facebook.com\/Inforesidencias\/","article_author":"https:\/\/www.facebook.com\/josep.demarti","article_published_time":"2021-03-19T08:04:34+00:00","article_modified_time":"2021-03-19T08:04:36+00:00","og_image":[{"width":400,"height":322,"url":"https:\/\/www.inforesidencias.com\/blog\/wp-content\/uploads\/2020\/04\/Coronavirus-en-las-residencias-de-mayores1.png","type":"image\/png"}],"author":"Josep de Mart\u00ed","twitter_card":"summary_large_image","twitter_creator":"@blog-ir","twitter_site":"@inforesidencias","twitter_misc":{"Escrito por":"Josep de Mart\u00ed","Tiempo de lectura":"3 minutos"},"schema":{"@context":"https:\/\/schema.org","@graph":[{"@type":"WebPage","@id":"https:\/\/www.inforesidencias.com\/blog\/index.php\/2021\/03\/19\/la-residencia-vora-balis-y-porque-instalar-un-salvaescaleras\/","url":"https:\/\/www.inforesidencias.com\/blog\/index.php\/2021\/03\/19\/la-residencia-vora-balis-y-porque-instalar-un-salvaescaleras\/","name":"La residencia Vora Bal\u00eds y porqu\u00e9 instalar un salvaescaleras - Blog Inforesidencias.com","isPartOf":{"@id":"https:\/\/www.inforesidencias.com\/blog\/#website"},"datePublished":"2021-03-19T08:04:34+00:00","dateModified":"2021-03-19T08:04:36+00:00","author":{"@id":"https:\/\/www.inforesidencias.com\/blog\/#\/schema\/person\/9e146774d1eb3bc1c0316242a3898628"},"description":"Entrrevistamos a trajadores y residentes de la residencia Vora Bal\u00eds y hablamos de ca\u00eddas y salvaescaleras con la empresa Stannah","breadcrumb":{"@id":"https:\/\/www.inforesidencias.com\/blog\/index.php\/2021\/03\/19\/la-residencia-vora-balis-y-porque-instalar-un-salvaescaleras\/#breadcrumb"},"inLanguage":"es","potentialAction":[{"@type":"ReadAction","target":["https:\/\/www.inforesidencias.com\/blog\/index.php\/2021\/03\/19\/la-residencia-vora-balis-y-porque-instalar-un-salvaescaleras\/"]}]},{"@type":"BreadcrumbList","@id":"https:\/\/www.inforesidencias.com\/blog\/index.php\/2021\/03\/19\/la-residencia-vora-balis-y-porque-instalar-un-salvaescaleras\/#breadcrumb","itemListElement":[{"@type":"ListItem","position":1,"name":"Home","item":"https:\/\/www.inforesidencias.com\/blog\/"},{"@type":"ListItem","position":2,"name":"La residencia Vora Bal\u00eds y porqu\u00e9 instalar un salvaescaleras"}]},{"@type":"WebSite","@id":"https:\/\/www.inforesidencias.com\/blog\/#website","url":"https:\/\/www.inforesidencias.com\/blog\/","name":"Blog Inforesidencias.com","description":"El buscador de residencias de la 3\u00aa edad","potentialAction":[{"@type":"SearchAction","target":{"@type":"EntryPoint","urlTemplate":"https:\/\/www.inforesidencias.com\/blog\/?s={search_term_string}"},"query-input":"required name=search_term_string"}],"inLanguage":"es"},{"@type":"Person","@id":"https:\/\/www.inforesidencias.com\/blog\/#\/schema\/person\/9e146774d1eb3bc1c0316242a3898628","name":"Josep de Mart\u00ed","image":{"@type":"ImageObject","inLanguage":"es","@id":"https:\/\/www.inforesidencias.com\/blog\/#\/schema\/person\/image\/","url":"https:\/\/secure.gravatar.com\/avatar\/de0302c4806c00c4cebff396a798c1ff?s=96&d=mm&r=g","contentUrl":"https:\/\/secure.gravatar.com\/avatar\/de0302c4806c00c4cebff396a798c1ff?s=96&d=mm&r=g","caption":"Josep de Mart\u00ed"},"sameAs":["https:\/\/www.inforesidencias.com","https:\/\/www.facebook.com\/josep.demarti","https:\/\/twitter.com\/blog-ir"],"url":"https:\/\/www.inforesidencias.com\/blog\/index.php\/author\/josepdemarti\/"}]}},"_links":{"self":[{"href":"https:\/\/www.inforesidencias.com\/blog\/index.php\/wp-json\/wp\/v2\/posts\/4286"}],"collection":[{"href":"https:\/\/www.inforesidencias.com\/blog\/index.php\/wp-json\/wp\/v2\/posts"}],"about":[{"href":"https:\/\/www.inforesidencias.com\/blog\/index.php\/wp-json\/wp\/v2\/types\/post"}],"author":[{"embeddable":true,"href":"https:\/\/www.inforesidencias.com\/blog\/index.php\/wp-json\/wp\/v2\/users\/2"}],"replies":[{"embeddable":true,"href":"https:\/\/www.inforesidencias.com\/blog\/index.php\/wp-json\/wp\/v2\/comments?post=4286"}],"version-history":[{"count":10,"href":"https:\/\/www.inforesidencias.com\/blog\/index.php\/wp-json\/wp\/v2\/posts\/4286\/revisions"}],"predecessor-version":[{"id":4297,"href":"https:\/\/www.inforesidencias.com\/blog\/index.php\/wp-json\/wp\/v2\/posts\/4286\/revisions\/4297"}],"wp:featuredmedia":[{"embeddable":true,"href":"https:\/\/www.inforesidencias.com\/blog\/index.php\/wp-json\/wp\/v2\/media\/3100"}],"wp:attachment":[{"href":"https:\/\/www.inforesidencias.com\/blog\/index.php\/wp-json\/wp\/v2\/media?parent=4286"}],"wp:term":[{"taxonomy":"category","embeddable":true,"href":"https:\/\/www.inforesidencias.com\/blog\/index.php\/wp-json\/wp\/v2\/categories?post=4286"},{"taxonomy":"post_tag","embeddable":true,"href":"https:\/\/www.inforesidencias.com\/blog\/index.php\/wp-json\/wp\/v2\/tags?post=4286"}],"curies":[{"name":"wp","href":"https:\/\/api.w.org\/{rel}","templated":true}]}}