{"id":43,"date":"2008-01-24T09:55:00","date_gmt":"2008-01-24T09:55:00","guid":{"rendered":"http:\/\/inforesidencias.wordpress.com\/2008\/01\/24\/%c2%bffaltan-inspectores"},"modified":"2008-01-24T09:55:00","modified_gmt":"2008-01-24T09:55:00","slug":"faltan-inspectores","status":"publish","type":"post","link":"https:\/\/www.inforesidencias.com\/blog\/index.php\/2008\/01\/24\/faltan-inspectores\/","title":{"rendered":">\u00bfFALTAN INSPECTORES?"},"content":{"rendered":"<p>&gt;En diciembre le\u00ed una noticia que difund\u00eda Europa Press seg\u00fan la cual un autodeterminado \u201cColectivo Tercera Edad\u201d reclamaba que la comunidad de Madrid tuviese m\u00e1s inspectores de residencias.  Hasta ah\u00ed me pareci\u00f3 interesante, a partir de ese punto se me pusieron los pelos de punta.<br \/>El colectivo denunciaba, seg\u00fan la noticia que la falta de inspectores convert\u00eda a la mayor\u00eda de las residencias de ancianos en centros de especulaci\u00f3n econ\u00f3mica en perjuicio de la salud y calidad de vida de los ancianos que pagan mensualidades de lujo para recibir comida y aseos personales \u00abinmorales, mezquinos y tercer mundistas\u00bb. El art\u00edculo sigue con lindezas como que no se cambian los pa\u00f1ales o que se hace pasar tanto hambre que se causan muertes prematuras.<br \/>La verdad es que mi sorpresa no ven\u00eda de los hechos denunciado.  Llevo diecisiete a\u00f1os en el sector y s\u00e9 que si algo as\u00ed se produce es una excepci\u00f3n lamentable y no la regla. Tambi\u00e9n s\u00e9 que la primera interesada en que se descubran y castiguen los pocos casos en que se producen abusos es esa inmensa mayor\u00eda de empresarios honrados que apuestan por dar un buen servicio.<br \/>Lo que de verdad me estremece es una pregunta \u00bfpor qu\u00e9 Europa Press difunde una denuncia generalizada y sin fundamento contra un sector que da trabajo a tantas personas?  \u00bfHar\u00eda lo mismo si un colectivo denunciase que la mayor\u00eda de las guarder\u00edas matan a los ni\u00f1os, as\u00ed, sin m\u00e1s?.  Creo que no.  En ese caso, o los tratar\u00edan como lun\u00e1ticos o les pedir\u00edan m\u00e1s concreci\u00f3n antes de publicar nada.<br \/>Si ese colectivo conoce alg\u00fan abuso deber\u00eda denunciarlo, si no, deber\u00eda ser consciente del da\u00f1o que sus denuncias huecas pueden hacer a miles de personas que han confiado el cuidado de sus mayores dependientes a un equipo de profesionales en una residencia.  Si a\u00fan conociendo esa consecuencia deciden seguir adelante con su denuncia. \u00bfPodr\u00edamos esperar en el futuro de los medios de comunicaci\u00f3n un comportamiento m\u00e1s cercano a la deontolog\u00eda?<br \/>Volviendo al inicio.  La pregunta sobre si faltan inspectores s\u00ed me parece un tema interesante que deber\u00edamos plantear.  Algunas legislaciones auton\u00f3micas como la madrile\u00f1a o la catalana obligan a inspeccionar todas las residencias una vez al a\u00f1o.  Como cada vez hay m\u00e1s residencias, centros de d\u00eda y servicios a domicilio para inspeccionar las comunidades se ven superadas pero, como la necesidad agudiza el ingenio, ya hay comunidades que sustituyen algunas visitas por una autodeclaraci\u00f3n en la que la propia residencia env\u00eda los datos que precisa la inspecci\u00f3n.  \u00bfIr\u00e1 el futuro hacia unas comprobaciones en papel seguidas por breves visitas de inspecci\u00f3n?.<\/p>\n","protected":false},"excerpt":{"rendered":"<p>&gt;En diciembre le\u00ed una noticia que difund\u00eda Europa Press seg\u00fan la cual un autodeterminado \u201cColectivo Tercera Edad\u201d reclamaba que la comunidad de Madrid tuviese m\u00e1s inspectores de residencias. Hasta ah\u00ed me pareci\u00f3 interesante, a partir de ese punto se me pusieron los pelos de punta.El colectivo denunciaba, seg\u00fan la noticia que la falta de inspectores convert\u00eda a la mayor\u00eda de las residencias de ancianos en centros de especulaci\u00f3n econ\u00f3mica en perjuicio de la salud y calidad de vida de los ancianos que pagan mensualidades de lujo para recibir comida y aseos personales \u00abinmorales, mezquinos y tercer mundistas\u00bb. El art\u00edculo sigue con lindezas como que no se cambian los pa\u00f1ales o que se hace pasar tanto hambre que se causan muertes prematuras.La verdad es que mi sorpresa no ven\u00eda de los hechos denunciado. Llevo diecisiete a\u00f1os en el sector y s\u00e9 que si algo as\u00ed se produce es una excepci\u00f3n lamentable [&hellip;]<\/p>\n","protected":false},"author":2,"featured_media":0,"comment_status":"open","ping_status":"open","sticky":false,"template":"","format":"standard","meta":{"footnotes":""},"categories":[1],"tags":[],"yoast_head":"<!-- This site is optimized with the Yoast SEO plugin v21.7 - https:\/\/yoast.com\/wordpress\/plugins\/seo\/ -->\n<title>&gt;\u00bfFALTAN INSPECTORES? - Blog Inforesidencias.com<\/title>\n<meta name=\"robots\" content=\"index, follow, max-snippet:-1, max-image-preview:large, max-video-preview:-1\" \/>\n<link rel=\"canonical\" href=\"https:\/\/www.inforesidencias.com\/blog\/index.php\/2008\/01\/24\/faltan-inspectores\/\" \/>\n<meta property=\"og:locale\" content=\"es_ES\" \/>\n<meta property=\"og:type\" content=\"article\" \/>\n<meta property=\"og:title\" content=\"&gt;\u00bfFALTAN INSPECTORES? - Blog Inforesidencias.com\" \/>\n<meta property=\"og:description\" content=\"&gt;En diciembre le\u00ed una noticia que difund\u00eda Europa Press seg\u00fan la cual un autodeterminado \u201cColectivo Tercera Edad\u201d reclamaba que la comunidad de Madrid tuviese m\u00e1s inspectores de residencias. Hasta ah\u00ed me pareci\u00f3 interesante, a partir de ese punto se me pusieron los pelos de punta.El colectivo denunciaba, seg\u00fan la noticia que la falta de inspectores convert\u00eda a la mayor\u00eda de las residencias de ancianos en centros de especulaci\u00f3n econ\u00f3mica en perjuicio de la salud y calidad de vida de los ancianos que pagan mensualidades de lujo para recibir comida y aseos personales \u00abinmorales, mezquinos y tercer mundistas\u00bb. El art\u00edculo sigue con lindezas como que no se cambian los pa\u00f1ales o que se hace pasar tanto hambre que se causan muertes prematuras.La verdad es que mi sorpresa no ven\u00eda de los hechos denunciado. Llevo diecisiete a\u00f1os en el sector y s\u00e9 que si algo as\u00ed se produce es una excepci\u00f3n lamentable [&hellip;]\" \/>\n<meta property=\"og:url\" content=\"https:\/\/www.inforesidencias.com\/blog\/index.php\/2008\/01\/24\/faltan-inspectores\/\" \/>\n<meta property=\"og:site_name\" content=\"Blog Inforesidencias.com\" \/>\n<meta property=\"article:publisher\" content=\"https:\/\/www.facebook.com\/Inforesidencias\/\" \/>\n<meta property=\"article:author\" content=\"https:\/\/www.facebook.com\/josep.demarti\" \/>\n<meta property=\"article:published_time\" content=\"2008-01-24T09:55:00+00:00\" \/>\n<meta name=\"author\" content=\"Josep de Mart\u00ed\" \/>\n<meta name=\"twitter:card\" content=\"summary_large_image\" \/>\n<meta name=\"twitter:creator\" content=\"@blog-ir\" \/>\n<meta name=\"twitter:site\" content=\"@inforesidencias\" \/>\n<meta name=\"twitter:label1\" content=\"Escrito por\" \/>\n\t<meta name=\"twitter:data1\" content=\"Josep de Mart\u00ed\" \/>\n\t<meta name=\"twitter:label2\" content=\"Tiempo de lectura\" \/>\n\t<meta name=\"twitter:data2\" content=\"2 minutos\" \/>\n<script type=\"application\/ld+json\" class=\"yoast-schema-graph\">{\"@context\":\"https:\/\/schema.org\",\"@graph\":[{\"@type\":\"WebPage\",\"@id\":\"https:\/\/www.inforesidencias.com\/blog\/index.php\/2008\/01\/24\/faltan-inspectores\/\",\"url\":\"https:\/\/www.inforesidencias.com\/blog\/index.php\/2008\/01\/24\/faltan-inspectores\/\",\"name\":\">\u00bfFALTAN INSPECTORES? - Blog Inforesidencias.com\",\"isPartOf\":{\"@id\":\"https:\/\/www.inforesidencias.com\/blog\/#website\"},\"datePublished\":\"2008-01-24T09:55:00+00:00\",\"dateModified\":\"2008-01-24T09:55:00+00:00\",\"author\":{\"@id\":\"https:\/\/www.inforesidencias.com\/blog\/#\/schema\/person\/9e146774d1eb3bc1c0316242a3898628\"},\"breadcrumb\":{\"@id\":\"https:\/\/www.inforesidencias.com\/blog\/index.php\/2008\/01\/24\/faltan-inspectores\/#breadcrumb\"},\"inLanguage\":\"es\",\"potentialAction\":[{\"@type\":\"ReadAction\",\"target\":[\"https:\/\/www.inforesidencias.com\/blog\/index.php\/2008\/01\/24\/faltan-inspectores\/\"]}]},{\"@type\":\"BreadcrumbList\",\"@id\":\"https:\/\/www.inforesidencias.com\/blog\/index.php\/2008\/01\/24\/faltan-inspectores\/#breadcrumb\",\"itemListElement\":[{\"@type\":\"ListItem\",\"position\":1,\"name\":\"Home\",\"item\":\"https:\/\/www.inforesidencias.com\/blog\/\"},{\"@type\":\"ListItem\",\"position\":2,\"name\":\">\u00bfFALTAN INSPECTORES?\"}]},{\"@type\":\"WebSite\",\"@id\":\"https:\/\/www.inforesidencias.com\/blog\/#website\",\"url\":\"https:\/\/www.inforesidencias.com\/blog\/\",\"name\":\"Blog Inforesidencias.com\",\"description\":\"El buscador de residencias de la 3\u00aa edad\",\"potentialAction\":[{\"@type\":\"SearchAction\",\"target\":{\"@type\":\"EntryPoint\",\"urlTemplate\":\"https:\/\/www.inforesidencias.com\/blog\/?s={search_term_string}\"},\"query-input\":\"required name=search_term_string\"}],\"inLanguage\":\"es\"},{\"@type\":\"Person\",\"@id\":\"https:\/\/www.inforesidencias.com\/blog\/#\/schema\/person\/9e146774d1eb3bc1c0316242a3898628\",\"name\":\"Josep de Mart\u00ed\",\"image\":{\"@type\":\"ImageObject\",\"inLanguage\":\"es\",\"@id\":\"https:\/\/www.inforesidencias.com\/blog\/#\/schema\/person\/image\/\",\"url\":\"https:\/\/secure.gravatar.com\/avatar\/de0302c4806c00c4cebff396a798c1ff?s=96&d=mm&r=g\",\"contentUrl\":\"https:\/\/secure.gravatar.com\/avatar\/de0302c4806c00c4cebff396a798c1ff?s=96&d=mm&r=g\",\"caption\":\"Josep de Mart\u00ed\"},\"sameAs\":[\"https:\/\/www.inforesidencias.com\",\"https:\/\/www.facebook.com\/josep.demarti\",\"https:\/\/twitter.com\/blog-ir\"],\"url\":\"https:\/\/www.inforesidencias.com\/blog\/index.php\/author\/josepdemarti\/\"}]}<\/script>\n<!-- \/ Yoast SEO plugin. -->","yoast_head_json":{"title":">\u00bfFALTAN INSPECTORES? - Blog Inforesidencias.com","robots":{"index":"index","follow":"follow","max-snippet":"max-snippet:-1","max-image-preview":"max-image-preview:large","max-video-preview":"max-video-preview:-1"},"canonical":"https:\/\/www.inforesidencias.com\/blog\/index.php\/2008\/01\/24\/faltan-inspectores\/","og_locale":"es_ES","og_type":"article","og_title":">\u00bfFALTAN INSPECTORES? - Blog Inforesidencias.com","og_description":"&gt;En diciembre le\u00ed una noticia que difund\u00eda Europa Press seg\u00fan la cual un autodeterminado \u201cColectivo Tercera Edad\u201d reclamaba que la comunidad de Madrid tuviese m\u00e1s inspectores de residencias. Hasta ah\u00ed me pareci\u00f3 interesante, a partir de ese punto se me pusieron los pelos de punta.El colectivo denunciaba, seg\u00fan la noticia que la falta de inspectores convert\u00eda a la mayor\u00eda de las residencias de ancianos en centros de especulaci\u00f3n econ\u00f3mica en perjuicio de la salud y calidad de vida de los ancianos que pagan mensualidades de lujo para recibir comida y aseos personales \u00abinmorales, mezquinos y tercer mundistas\u00bb. El art\u00edculo sigue con lindezas como que no se cambian los pa\u00f1ales o que se hace pasar tanto hambre que se causan muertes prematuras.La verdad es que mi sorpresa no ven\u00eda de los hechos denunciado. Llevo diecisiete a\u00f1os en el sector y s\u00e9 que si algo as\u00ed se produce es una excepci\u00f3n lamentable [&hellip;]","og_url":"https:\/\/www.inforesidencias.com\/blog\/index.php\/2008\/01\/24\/faltan-inspectores\/","og_site_name":"Blog Inforesidencias.com","article_publisher":"https:\/\/www.facebook.com\/Inforesidencias\/","article_author":"https:\/\/www.facebook.com\/josep.demarti","article_published_time":"2008-01-24T09:55:00+00:00","author":"Josep de Mart\u00ed","twitter_card":"summary_large_image","twitter_creator":"@blog-ir","twitter_site":"@inforesidencias","twitter_misc":{"Escrito por":"Josep de Mart\u00ed","Tiempo de lectura":"2 minutos"},"schema":{"@context":"https:\/\/schema.org","@graph":[{"@type":"WebPage","@id":"https:\/\/www.inforesidencias.com\/blog\/index.php\/2008\/01\/24\/faltan-inspectores\/","url":"https:\/\/www.inforesidencias.com\/blog\/index.php\/2008\/01\/24\/faltan-inspectores\/","name":">\u00bfFALTAN INSPECTORES? - Blog Inforesidencias.com","isPartOf":{"@id":"https:\/\/www.inforesidencias.com\/blog\/#website"},"datePublished":"2008-01-24T09:55:00+00:00","dateModified":"2008-01-24T09:55:00+00:00","author":{"@id":"https:\/\/www.inforesidencias.com\/blog\/#\/schema\/person\/9e146774d1eb3bc1c0316242a3898628"},"breadcrumb":{"@id":"https:\/\/www.inforesidencias.com\/blog\/index.php\/2008\/01\/24\/faltan-inspectores\/#breadcrumb"},"inLanguage":"es","potentialAction":[{"@type":"ReadAction","target":["https:\/\/www.inforesidencias.com\/blog\/index.php\/2008\/01\/24\/faltan-inspectores\/"]}]},{"@type":"BreadcrumbList","@id":"https:\/\/www.inforesidencias.com\/blog\/index.php\/2008\/01\/24\/faltan-inspectores\/#breadcrumb","itemListElement":[{"@type":"ListItem","position":1,"name":"Home","item":"https:\/\/www.inforesidencias.com\/blog\/"},{"@type":"ListItem","position":2,"name":">\u00bfFALTAN INSPECTORES?"}]},{"@type":"WebSite","@id":"https:\/\/www.inforesidencias.com\/blog\/#website","url":"https:\/\/www.inforesidencias.com\/blog\/","name":"Blog Inforesidencias.com","description":"El buscador de residencias de la 3\u00aa edad","potentialAction":[{"@type":"SearchAction","target":{"@type":"EntryPoint","urlTemplate":"https:\/\/www.inforesidencias.com\/blog\/?s={search_term_string}"},"query-input":"required name=search_term_string"}],"inLanguage":"es"},{"@type":"Person","@id":"https:\/\/www.inforesidencias.com\/blog\/#\/schema\/person\/9e146774d1eb3bc1c0316242a3898628","name":"Josep de Mart\u00ed","image":{"@type":"ImageObject","inLanguage":"es","@id":"https:\/\/www.inforesidencias.com\/blog\/#\/schema\/person\/image\/","url":"https:\/\/secure.gravatar.com\/avatar\/de0302c4806c00c4cebff396a798c1ff?s=96&d=mm&r=g","contentUrl":"https:\/\/secure.gravatar.com\/avatar\/de0302c4806c00c4cebff396a798c1ff?s=96&d=mm&r=g","caption":"Josep de Mart\u00ed"},"sameAs":["https:\/\/www.inforesidencias.com","https:\/\/www.facebook.com\/josep.demarti","https:\/\/twitter.com\/blog-ir"],"url":"https:\/\/www.inforesidencias.com\/blog\/index.php\/author\/josepdemarti\/"}]}},"_links":{"self":[{"href":"https:\/\/www.inforesidencias.com\/blog\/index.php\/wp-json\/wp\/v2\/posts\/43"}],"collection":[{"href":"https:\/\/www.inforesidencias.com\/blog\/index.php\/wp-json\/wp\/v2\/posts"}],"about":[{"href":"https:\/\/www.inforesidencias.com\/blog\/index.php\/wp-json\/wp\/v2\/types\/post"}],"author":[{"embeddable":true,"href":"https:\/\/www.inforesidencias.com\/blog\/index.php\/wp-json\/wp\/v2\/users\/2"}],"replies":[{"embeddable":true,"href":"https:\/\/www.inforesidencias.com\/blog\/index.php\/wp-json\/wp\/v2\/comments?post=43"}],"version-history":[{"count":0,"href":"https:\/\/www.inforesidencias.com\/blog\/index.php\/wp-json\/wp\/v2\/posts\/43\/revisions"}],"wp:attachment":[{"href":"https:\/\/www.inforesidencias.com\/blog\/index.php\/wp-json\/wp\/v2\/media?parent=43"}],"wp:term":[{"taxonomy":"category","embeddable":true,"href":"https:\/\/www.inforesidencias.com\/blog\/index.php\/wp-json\/wp\/v2\/categories?post=43"},{"taxonomy":"post_tag","embeddable":true,"href":"https:\/\/www.inforesidencias.com\/blog\/index.php\/wp-json\/wp\/v2\/tags?post=43"}],"curies":[{"name":"wp","href":"https:\/\/api.w.org\/{rel}","templated":true}]}}